{"id":17514,"date":"2020-12-07T11:18:49","date_gmt":"2020-12-07T14:18:49","guid":{"rendered":"https:\/\/maranhaotv.com.br\/?p=17514"},"modified":"2020-12-07T11:18:49","modified_gmt":"2020-12-07T14:18:49","slug":"supremo-decide-pela-inconstitucionalidade-da-reeleicao-de-maia-e-alcolumbre","status":"publish","type":"post","link":"https:\/\/maranhaotv.com.br\/index.php\/2020\/12\/07\/supremo-decide-pela-inconstitucionalidade-da-reeleicao-de-maia-e-alcolumbre\/","title":{"rendered":"Supremo decide pela inconstitucionalidade da reelei\u00e7\u00e3o de Maia e Alcolumbre"},"content":{"rendered":"<p>O Supremo Tribunal Federal (STF) decidiu, no fim da noite desse domingo (6), durante sess\u00e3o de julgamento em plen\u00e1rio virtual, que os atuais presidentes da C\u00e2mara, Rodrigo Maia (DEM-RJ); e do Senado, Davi Alcolumbre (DEM-AP); n\u00e3o podem disputar a reelei\u00e7\u00e3o na mesma legislatura.<\/p>\n<p>Os \u00faltimos votos foram dos ministros Lu\u00eds Roberto Barroso, Edson Fachin e Luiz Fux. Todos tiveram entendimento contr\u00e1rio ao voto do relator Gilmar Mendes, e decidiram pela inconstitucionalidade da reelei\u00e7\u00e3o de Maia e Alcolumbre.<\/p>\n<p>No entendimento do relator, Maia e Alcolumbre poderiam se reeleger, mas deveria haver uma regra para que fosse permitida apenas uma recondu\u00e7\u00e3o. Ele foi seguido pelos ministros Dias Toffoli, Alexandre de Moraes e Ricardo Lewandowski. Nunes Marques acompanhou o relator, mas em rela\u00e7\u00e3o \u00e0 candidatura de Alcolumbre.<\/p>\n<p>Fachin, Barroso e Fux seguiram os votos das ministras Carmen L\u00facia e Rosa Weber e do ministro Marco Aur\u00e9lio Mello, contr\u00e1rios \u00e0 reelei\u00e7\u00e3o. Ao proferir seu voto, o presidente do STF, ministro Luiz Fux, disse que a norma constitucional \u201cimpede a recondu\u00e7\u00e3o para o mesmo cargo na elei\u00e7\u00e3o imediatamente subsequente a do primeiro ano da legislatura\u201d.<\/p>\n<p>Segundo Fux, \u201cn\u00e3o h\u00e1 como se concluir pela possibilidade de recondu\u00e7\u00e3o em elei\u00e7\u00f5es que ocorram no \u00e2mbito da mesma legislatura sem que se negue vig\u00eancia ao texto constitucional.\u201d<\/p>\n<p>Resultado final<br \/>\nComo o ministro Nunes Marques votou contr\u00e1rio \u00e0 candidatura da reelei\u00e7\u00e3o de Rodrigo Maia, na mesma legislatura, para a presid\u00eancia da C\u00e2mara; e a favor da candidatura de Davi Alcolumbre, para o Senado; o placar final da vota\u00e7\u00e3o, em sess\u00e3o de julgamento no plen\u00e1rio virtual, ficou em 7 votos a 4 contra a Maia e 6 a 5 contra Alcolumbre.<\/p>\n<p>A vota\u00e7\u00e3o foi para decidir sobre A\u00e7\u00e3o Direta de Inconstitucionalidade (ADIn) impetrada pelo PTB. Nela, o partido pedia para que fosse proibida a recondu\u00e7\u00e3o dos presidentes das casas legislativas do Congresso Nacional.<\/p>\n","protected":false},"excerpt":{"rendered":"<p>O Supremo Tribunal Federal (STF) decidiu, no fim da noite desse domingo (6), durante sess\u00e3o de julgamento em plen\u00e1rio virtual,<\/p>\n","protected":false},"author":2,"featured_media":17513,"comment_status":"open","ping_status":"open","sticky":false,"template":"","format":"standard","meta":{"colormag_page_container_layout":"default_layout","colormag_page_sidebar_layout":"default_layout","_jetpack_memberships_contains_paid_content":false,"footnotes":""},"categories":[2,6],"tags":[],"class_list":["post-17514","post","type-post","status-publish","format-standard","has-post-thumbnail","hentry","category-noticias","category-politica"],"magazineBlocksPostFeaturedMedia":{"thumbnail":false,"medium":false,"medium_large":false,"large":false,"1536x1536":false,"2048x2048":false,"colormag-highlighted-post":false,"colormag-featured-post-medium":false,"colormag-featured-post-small":false,"colormag-featured-image":false,"colormag-default-news":false,"colormag-featured-image-large":false},"magazineBlocksPostAuthor":{"name":"maranhaotv","avatar":"https:\/\/secure.gravatar.com\/avatar\/8fadbca458d4cb68b1dd399ae9a40618d747bb1af65ac9fad21c89220a143eb4?s=96&d=mm&r=g"},"magazineBlocksPostCommentsNumber":"0","magazineBlocksPostExcerpt":"O Supremo Tribunal Federal (STF) decidiu, no fim da noite desse domingo (6), durante sess\u00e3o de julgamento em plen\u00e1rio virtual,","magazineBlocksPostCategories":["not\u00edcias","pol\u00edtica"],"magazineBlocksPostViewCount":241,"magazineBlocksPostReadTime":2,"magazine_blocks_featured_image_url":{"full":false,"medium":false,"thumbnail":false},"magazine_blocks_author":{"display_name":"maranhaotv","author_link":"https:\/\/maranhaotv.com.br\/index.php\/author\/maranhaotv\/"},"magazine_blocks_comment":0,"magazine_blocks_author_image":"https:\/\/secure.gravatar.com\/avatar\/8fadbca458d4cb68b1dd399ae9a40618d747bb1af65ac9fad21c89220a143eb4?s=96&d=mm&r=g","magazine_blocks_category":"<a href=\"#\" class=\"category-link category-link-2\">not\u00edcias<\/a> <a href=\"#\" class=\"category-link category-link-6\">pol\u00edtica<\/a>","jetpack_featured_media_url":"","jetpack_sharing_enabled":true,"_links":{"self":[{"href":"https:\/\/maranhaotv.com.br\/index.php\/wp-json\/wp\/v2\/posts\/17514","targetHints":{"allow":["GET"]}}],"collection":[{"href":"https:\/\/maranhaotv.com.br\/index.php\/wp-json\/wp\/v2\/posts"}],"about":[{"href":"https:\/\/maranhaotv.com.br\/index.php\/wp-json\/wp\/v2\/types\/post"}],"author":[{"embeddable":true,"href":"https:\/\/maranhaotv.com.br\/index.php\/wp-json\/wp\/v2\/users\/2"}],"replies":[{"embeddable":true,"href":"https:\/\/maranhaotv.com.br\/index.php\/wp-json\/wp\/v2\/comments?post=17514"}],"version-history":[{"count":0,"href":"https:\/\/maranhaotv.com.br\/index.php\/wp-json\/wp\/v2\/posts\/17514\/revisions"}],"wp:featuredmedia":[{"embeddable":true,"href":"https:\/\/maranhaotv.com.br\/index.php\/wp-json\/"}],"wp:attachment":[{"href":"https:\/\/maranhaotv.com.br\/index.php\/wp-json\/wp\/v2\/media?parent=17514"}],"wp:term":[{"taxonomy":"category","embeddable":true,"href":"https:\/\/maranhaotv.com.br\/index.php\/wp-json\/wp\/v2\/categories?post=17514"},{"taxonomy":"post_tag","embeddable":true,"href":"https:\/\/maranhaotv.com.br\/index.php\/wp-json\/wp\/v2\/tags?post=17514"}],"curies":[{"name":"wp","href":"https:\/\/api.w.org\/{rel}","templated":true}]}}