{"id":17517,"date":"2020-12-07T12:18:43","date_gmt":"2020-12-07T15:18:43","guid":{"rendered":"https:\/\/maranhaotv.com.br\/?p=17517"},"modified":"2020-12-07T12:18:43","modified_gmt":"2020-12-07T15:18:43","slug":"joyna-cristina-a-vianense-vencedora-do-concurso-miss-teen-maranhao","status":"publish","type":"post","link":"https:\/\/maranhaotv.com.br\/index.php\/2020\/12\/07\/joyna-cristina-a-vianense-vencedora-do-concurso-miss-teen-maranhao\/","title":{"rendered":"Joyna Cristina: A vianense vencedora do concurso Miss Teen Maranh\u00e3o"},"content":{"rendered":"<p>Uma estudante natural da cidade de Viana, na Baixada Maranhense, ganhou o concurso de beleza Miss Maranh\u00e3o Teen, que \u00e9 uma das categorias do concurso Miss Maranh\u00e3o 2020. O evento final foi realizado no \u00faltimo s\u00e1bado, 5, no Class Eventos, em S\u00e3o Luis.<\/p>\n<p>Trata-se de Joyna Cristina Oliveira Aires, de 17, que nasceu em Viana. Atualmente ela est\u00e1 cursando o segundo ano do Ensino M\u00e9dio no Instituto Federal do Maranh\u00e3o (IFMA), onde faz o curso t\u00e9cnico de Meio Ambiente. Ela morava na zona urbana de Viana at\u00e9 o ano de 2018, no Bairro da Citel, quando resolveu concluir seus estudos na capital.<\/p>\n<p>Joyna \u00e9 filha dos vianenses Maria Regina Oliveira e Josinaldo de Aquino Aires e desbancou outras 25 jovens de diversas regi\u00f5es do Maranh\u00e3o, atrav\u00e9s de um bancada de j\u00fari formada por especialistas no assunto.<\/p>\n<blockquote><p>\u201cQuero agradecer a Deus, a toda minha fam\u00edlia, aos que torceram por mim e aos que me ajudaram. Estou muito feliz e honrada em ganhar o concurso e representar a minha cidade de Viana\u201d, comentou.<\/p><\/blockquote>\n<p>Sob a coordena\u00e7\u00e3o do Studio M\u00e1rcio Prado desde 2007, Joyna se inscreveu no concurso de Miss Maranh\u00e3o Teen e foi a grande vencedora da categoria, que tamb\u00e9m teve vencedoras nas demais categorias como mini, mirim, pr\u00e9-teen, teen e adulto. Nesta \u00faltima categoria a vencedora foi a representante de Presidente Dutra, Juliana Costa, que representar\u00e1 o Maranh\u00e3o na etapa nacional.<\/p>\n<p><img loading=\"lazy\" decoding=\"async\" class=\"wp-image-17516 alignnone size-full\" src=\"https:\/\/maranhaotv.com.br\/wp-content\/uploads\/2020\/12\/img-20201207-wa0192677803886059489434.jpg\" width=\"854\" height=\"1280\"><\/p>\n<blockquote><p>&#8220;Eu estou imensamente honrada em poder representar o Maranh\u00e3o, quero dedicar essa coroa a todas meninas que sonham, assim como eu&#8221;.<\/p><\/blockquote>\n<blockquote><p>&#8220;Gostaria tamb\u00e9m de agradecer a Deus e Nossa Senhora, e em especial minha fam\u00edlia, todos os meus amigos, parceiros e patrocinadores que me apoiaram nessa jornada incr\u00edvel. Meu muito obrigada!&#8221;, finalizou a Miss Joyna.<\/p><\/blockquote>\n<p><img loading=\"lazy\" decoding=\"async\" class=\"wp-image-17518 alignnone size-full\" src=\"https:\/\/maranhaotv.com.br\/wp-content\/uploads\/2020\/12\/img-20201207-wa02097455763837239741336.jpg\" width=\"854\" height=\"1280\"><\/p>\n<p style=\"text-align:center;\"><em>Joyna acompanhada de sua m\u00e3e<\/em><\/p>\n<p><img loading=\"lazy\" decoding=\"async\" class=\"wp-image-17520 alignnone size-full\" src=\"https:\/\/maranhaotv.com.br\/wp-content\/uploads\/2020\/12\/img-20201207-wa0210235657344274490722.jpg\" width=\"778\" height=\"1280\"><\/p>\n<p><img loading=\"lazy\" decoding=\"async\" class=\"wp-image-17521 alignnone size-full\" src=\"https:\/\/maranhaotv.com.br\/wp-content\/uploads\/2020\/12\/img-20201207-wa01936337500834988808266.jpg\" width=\"854\" height=\"1280\"><\/p>\n<p><img loading=\"lazy\" decoding=\"async\" class=\"wp-image-17522 alignnone size-full\" src=\"https:\/\/maranhaotv.com.br\/wp-content\/uploads\/2020\/12\/img-20201207-wa02083628601326781026208.jpg\" width=\"1280\" height=\"1051\"><\/p>\n<p style=\"text-align:center;\"><em>Joyna ao lado da fam\u00edlia e amigos<\/em><\/p>\n<p>https:\/\/www.instagram.com\/p\/CIftC28h7cm\/?igshid=1uacpr5g9rejm<\/p>\n<p><em>Com informa\u00e7\u00f5es do Blog Jailson Mendes<\/em><\/p>\n","protected":false},"excerpt":{"rendered":"<p>Uma estudante natural da cidade de Viana, na Baixada Maranhense, ganhou o concurso de beleza Miss Maranh\u00e3o Teen, que \u00e9<\/p>\n","protected":false},"author":2,"featured_media":17524,"comment_status":"open","ping_status":"open","sticky":false,"template":"","format":"standard","meta":{"colormag_page_container_layout":"default_layout","colormag_page_sidebar_layout":"default_layout","_jetpack_memberships_contains_paid_content":false,"footnotes":""},"categories":[30,2],"tags":[287,288,5],"class_list":["post-17517","post","type-post","status-publish","format-standard","has-post-thumbnail","hentry","category-cultura","category-noticias","tag-joyna-cristina","tag-miss-maranhao","tag-viana"],"magazineBlocksPostFeaturedMedia":{"thumbnail":false,"medium":false,"medium_large":false,"large":false,"1536x1536":false,"2048x2048":false,"colormag-highlighted-post":false,"colormag-featured-post-medium":false,"colormag-featured-post-small":false,"colormag-featured-image":false,"colormag-default-news":false,"colormag-featured-image-large":false},"magazineBlocksPostAuthor":{"name":"maranhaotv","avatar":"https:\/\/secure.gravatar.com\/avatar\/8fadbca458d4cb68b1dd399ae9a40618d747bb1af65ac9fad21c89220a143eb4?s=96&d=mm&r=g"},"magazineBlocksPostCommentsNumber":"0","magazineBlocksPostExcerpt":"Uma estudante natural da cidade de Viana, na Baixada Maranhense, ganhou o concurso de beleza Miss Maranh\u00e3o Teen, que \u00e9","magazineBlocksPostCategories":["cultura","not\u00edcias"],"magazineBlocksPostViewCount":233,"magazineBlocksPostReadTime":2,"magazine_blocks_featured_image_url":{"full":false,"medium":false,"thumbnail":false},"magazine_blocks_author":{"display_name":"maranhaotv","author_link":"https:\/\/maranhaotv.com.br\/index.php\/author\/maranhaotv\/"},"magazine_blocks_comment":0,"magazine_blocks_author_image":"https:\/\/secure.gravatar.com\/avatar\/8fadbca458d4cb68b1dd399ae9a40618d747bb1af65ac9fad21c89220a143eb4?s=96&d=mm&r=g","magazine_blocks_category":"<a href=\"#\" class=\"category-link category-link-30\">cultura<\/a> <a href=\"#\" class=\"category-link category-link-2\">not\u00edcias<\/a>","jetpack_featured_media_url":"","jetpack_sharing_enabled":true,"_links":{"self":[{"href":"https:\/\/maranhaotv.com.br\/index.php\/wp-json\/wp\/v2\/posts\/17517","targetHints":{"allow":["GET"]}}],"collection":[{"href":"https:\/\/maranhaotv.com.br\/index.php\/wp-json\/wp\/v2\/posts"}],"about":[{"href":"https:\/\/maranhaotv.com.br\/index.php\/wp-json\/wp\/v2\/types\/post"}],"author":[{"embeddable":true,"href":"https:\/\/maranhaotv.com.br\/index.php\/wp-json\/wp\/v2\/users\/2"}],"replies":[{"embeddable":true,"href":"https:\/\/maranhaotv.com.br\/index.php\/wp-json\/wp\/v2\/comments?post=17517"}],"version-history":[{"count":0,"href":"https:\/\/maranhaotv.com.br\/index.php\/wp-json\/wp\/v2\/posts\/17517\/revisions"}],"wp:featuredmedia":[{"embeddable":true,"href":"https:\/\/maranhaotv.com.br\/index.php\/wp-json\/"}],"wp:attachment":[{"href":"https:\/\/maranhaotv.com.br\/index.php\/wp-json\/wp\/v2\/media?parent=17517"}],"wp:term":[{"taxonomy":"category","embeddable":true,"href":"https:\/\/maranhaotv.com.br\/index.php\/wp-json\/wp\/v2\/categories?post=17517"},{"taxonomy":"post_tag","embeddable":true,"href":"https:\/\/maranhaotv.com.br\/index.php\/wp-json\/wp\/v2\/tags?post=17517"}],"curies":[{"name":"wp","href":"https:\/\/api.w.org\/{rel}","templated":true}]}}