{"id":17531,"date":"2020-12-07T17:09:53","date_gmt":"2020-12-07T20:09:53","guid":{"rendered":"https:\/\/maranhaotv.com.br\/?p=17531"},"modified":"2020-12-07T17:09:53","modified_gmt":"2020-12-07T20:09:53","slug":"flavio-dino-quer-retirar-r-74-milhoes-da-seguranca-publica-e-aumentar-o-gasto-com-propaganda-denuncia-wellington-do-curso-sobre-projeto-da-loa-2021","status":"publish","type":"post","link":"https:\/\/maranhaotv.com.br\/index.php\/2020\/12\/07\/flavio-dino-quer-retirar-r-74-milhoes-da-seguranca-publica-e-aumentar-o-gasto-com-propaganda-denuncia-wellington-do-curso-sobre-projeto-da-loa-2021\/","title":{"rendered":"\u201cFl\u00e1vio Dino quer retirar R$ 74 milh\u00f5es da Seguran\u00e7a P\u00fablica e aumentar o gasto com propaganda\u201d, denuncia Wellington do Curso sobre projeto da LOA 2021"},"content":{"rendered":"<p>O deputado estadual Wellington do Curso se pronunciou para tratar sobre o Projeto de Lei Or\u00e7ament\u00e1ria Anual que deve ser executado em 2021. Ocorre que, entre as previs\u00f5es, h\u00e1 a retirada de cerca de R$ 74 milh\u00f5es da Secretaria de Seguran\u00e7a P\u00fablica e implementa\u00e7\u00e3o de mais R$ 12 milh\u00f5es na Secretaria de Comunica\u00e7\u00e3o, pasta respons\u00e1vel pela propaganda exacerbada e t\u00edpica do governador Fl\u00e1vio Dino.<\/p>\n<p>Ao se pronunciar, Wellington questionou as raz\u00f5es que levam Fl\u00e1vio Dino a tirar recursos da Secretaria de Seguran\u00e7a P\u00fablica, exatamente em um ano em que o Maranh\u00e3o teve acr\u00e9scimo de mais de 18% no n\u00famero de homic\u00eddios.<\/p>\n<p>\u201cDe acordo com o Anu\u00e1rio Brasileiro de Seguran\u00e7a P\u00fablica, s\u00f3 nos primeiros meses de 2020, j\u00e1 houve um aumento de 18,5% nos casos de homic\u00eddio no Maranh\u00e3o. A popula\u00e7\u00e3o sofre com a viol\u00eancia presente em todos os locais. Faltam policiais e sobra criminalidade. H\u00e1 soldados formados e que, at\u00e9 hoje, n\u00e3o foram nomeados por Fl\u00e1vio Dino. Enquanto isso, o n\u00famero de crimes s\u00f3 aumenta no Maranh\u00e3o. Nesse cen\u00e1rio, fica o questionamento: por que reduzir recursos da Secretaria de Seguran\u00e7a P\u00fablica? Fl\u00e1vio Dino quer retirar R$74 milh\u00f5es da Seguran\u00e7a P\u00fablica e mandar para propaganda. Com  isso eu jamais irei concordar\u201d, disse Wellington.<\/p>\n<p>Como encaminhamentos, Wellington apresentou emendas de remanejamento, retirando recursos da Secretaria de Comunica\u00e7\u00e3o e destinando a Secretaria de Seguran\u00e7a P\u00fablica, abrangendo, entre outras medidas, a inclus\u00e3o de 2 mil vagas na Pol\u00edcia Militar do Maranh\u00e3o, a fim de nomear os soldados formados pelo \u00faltimo concurso.<\/p>\n<div class=\"jetpack-video-wrapper\"><iframe loading=\"lazy\" title=\"Deputado Wellington do Curso\" width=\"800\" height=\"450\" src=\"https:\/\/www.youtube.com\/embed\/3AHjgkh5Iig?feature=oembed\" frameborder=\"0\" allow=\"accelerometer; autoplay; clipboard-write; encrypted-media; gyroscope; picture-in-picture; web-share\" referrerpolicy=\"strict-origin-when-cross-origin\" allowfullscreen><\/iframe><\/div>\n","protected":false},"excerpt":{"rendered":"<p>O deputado estadual Wellington do Curso se pronunciou para tratar sobre o Projeto de Lei Or\u00e7ament\u00e1ria Anual que deve ser<\/p>\n","protected":false},"author":2,"featured_media":17533,"comment_status":"open","ping_status":"open","sticky":false,"template":"","format":"standard","meta":{"colormag_page_container_layout":"default_layout","colormag_page_sidebar_layout":"default_layout","_jetpack_memberships_contains_paid_content":false,"footnotes":""},"categories":[23,2],"tags":[],"class_list":["post-17531","post","type-post","status-publish","format-standard","has-post-thumbnail","hentry","category-denuncia","category-noticias"],"magazineBlocksPostFeaturedMedia":{"thumbnail":false,"medium":false,"medium_large":false,"large":false,"1536x1536":false,"2048x2048":false,"colormag-highlighted-post":false,"colormag-featured-post-medium":false,"colormag-featured-post-small":false,"colormag-featured-image":false,"colormag-default-news":false,"colormag-featured-image-large":false},"magazineBlocksPostAuthor":{"name":"maranhaotv","avatar":"https:\/\/secure.gravatar.com\/avatar\/8fadbca458d4cb68b1dd399ae9a40618d747bb1af65ac9fad21c89220a143eb4?s=96&d=mm&r=g"},"magazineBlocksPostCommentsNumber":"0","magazineBlocksPostExcerpt":"O deputado estadual Wellington do Curso se pronunciou para tratar sobre o Projeto de Lei Or\u00e7ament\u00e1ria Anual que deve ser","magazineBlocksPostCategories":["den\u00fancia","not\u00edcias"],"magazineBlocksPostViewCount":199,"magazineBlocksPostReadTime":2,"magazine_blocks_featured_image_url":{"full":false,"medium":false,"thumbnail":false},"magazine_blocks_author":{"display_name":"maranhaotv","author_link":"https:\/\/maranhaotv.com.br\/index.php\/author\/maranhaotv\/"},"magazine_blocks_comment":0,"magazine_blocks_author_image":"https:\/\/secure.gravatar.com\/avatar\/8fadbca458d4cb68b1dd399ae9a40618d747bb1af65ac9fad21c89220a143eb4?s=96&d=mm&r=g","magazine_blocks_category":"<a href=\"#\" class=\"category-link category-link-23\">den\u00fancia<\/a> <a href=\"#\" class=\"category-link category-link-2\">not\u00edcias<\/a>","jetpack_featured_media_url":"","jetpack_sharing_enabled":true,"_links":{"self":[{"href":"https:\/\/maranhaotv.com.br\/index.php\/wp-json\/wp\/v2\/posts\/17531","targetHints":{"allow":["GET"]}}],"collection":[{"href":"https:\/\/maranhaotv.com.br\/index.php\/wp-json\/wp\/v2\/posts"}],"about":[{"href":"https:\/\/maranhaotv.com.br\/index.php\/wp-json\/wp\/v2\/types\/post"}],"author":[{"embeddable":true,"href":"https:\/\/maranhaotv.com.br\/index.php\/wp-json\/wp\/v2\/users\/2"}],"replies":[{"embeddable":true,"href":"https:\/\/maranhaotv.com.br\/index.php\/wp-json\/wp\/v2\/comments?post=17531"}],"version-history":[{"count":0,"href":"https:\/\/maranhaotv.com.br\/index.php\/wp-json\/wp\/v2\/posts\/17531\/revisions"}],"wp:featuredmedia":[{"embeddable":true,"href":"https:\/\/maranhaotv.com.br\/index.php\/wp-json\/"}],"wp:attachment":[{"href":"https:\/\/maranhaotv.com.br\/index.php\/wp-json\/wp\/v2\/media?parent=17531"}],"wp:term":[{"taxonomy":"category","embeddable":true,"href":"https:\/\/maranhaotv.com.br\/index.php\/wp-json\/wp\/v2\/categories?post=17531"},{"taxonomy":"post_tag","embeddable":true,"href":"https:\/\/maranhaotv.com.br\/index.php\/wp-json\/wp\/v2\/tags?post=17531"}],"curies":[{"name":"wp","href":"https:\/\/api.w.org\/{rel}","templated":true}]}}