{"id":17546,"date":"2020-12-08T07:51:55","date_gmt":"2020-12-08T10:51:55","guid":{"rendered":"https:\/\/maranhaotv.com.br\/?p=17546"},"modified":"2020-12-08T07:51:55","modified_gmt":"2020-12-08T10:51:55","slug":"prefeito-eleito-deibson-bale-visita-obras-em-trizidela-do-vale-e-reune-com-equipe-do-banco-do-brasil","status":"publish","type":"post","link":"https:\/\/maranhaotv.com.br\/index.php\/2020\/12\/08\/prefeito-eleito-deibson-bale-visita-obras-em-trizidela-do-vale-e-reune-com-equipe-do-banco-do-brasil\/","title":{"rendered":"Prefeito eleito Deibson Bal\u00e9 visita obras em Trizidela do Vale e re\u00fane com equipe do Banco do Brasil"},"content":{"rendered":"<p>Acompanhando de Fred Maia, o Prefeito eleito de Trizidela do Vale, Deibson Bal\u00e9 visitou nesta segunda-feira (7) diversas obras que est\u00e3o sendo finalizadas na atual gest\u00e3o. As visitas integram um conjunto de a\u00e7\u00f5es do per\u00edodo de transi\u00e7\u00e3o de governo. Na avalia\u00e7\u00e3o de Deibson, transcorre com tranquilidade:<\/p>\n<blockquote><p>\u201cA transi\u00e7\u00e3o \u00e9 de extrema import\u00e2ncia para o in\u00edcio de cada gest\u00e3o: a nossa est\u00e1 sendo bem tranquila e muito transparente. Visitei diversas obras que ser\u00e3o finalizadas at\u00e9 o dia 31 de dezembro. As obras, que por algum motivo n\u00e3o forem conclu\u00eddas, n\u00f3s concluiremos. Isso \u00e9 compromisso que temos com a popula\u00e7\u00e3o de nossa cidade. Nossa agenda contempla ainda diversas reuni\u00f5es para que dia primeiro de janeiro comecemos a todo vapor\u201d, explicou Deibson.<\/p><\/blockquote>\n<p>Entre as reuni\u00f5es, est\u00e1 a com a equipe de investimentos de contas de Governo do Banco do Brasil, tamb\u00e9m realizada nesta segunda-feira (7), juntamente com a prefeita eleita de Pedreiras, Vanessa Maia.<\/p>\n<blockquote><p>\u201c\u00c9 importante essa integra\u00e7\u00e3o com o munic\u00edpio vizinho. Temos aqui um fen\u00f4meno nunca visto desde que Trizidela do Vale foi emancipada: dois prefeitos aliados, de um mesmo grupo pol\u00edtico, \u00e0 frente de Trizidela do Vale e Pedreiras. E claro, que \u00e9 importante essa integra\u00e7\u00e3o e troca de ideias. Isso pode resultar em benef\u00edcios para a popula\u00e7\u00e3o. A reuni\u00e3o serviu para que tenhamos ampla ci\u00eancias das contas das duas prefeituras\u201d, finalizou.<\/p><\/blockquote>\n<p><img loading=\"lazy\" decoding=\"async\" class=\"wp-image-17544 alignnone size-full\" src=\"https:\/\/maranhaotv.com.br\/wp-content\/uploads\/2020\/12\/img-20201208-wa00241724752157099656883.jpg\" width=\"1243\" height=\"704\"><\/p>\n<p><img loading=\"lazy\" decoding=\"async\" class=\"wp-image-17545 alignnone size-full\" src=\"https:\/\/maranhaotv.com.br\/wp-content\/uploads\/2020\/12\/img-20201208-wa00232878142856080879800.jpg\" width=\"1280\" height=\"960\"><\/p>\n","protected":false},"excerpt":{"rendered":"<p>Acompanhando de Fred Maia, o Prefeito eleito de Trizidela do Vale, Deibson Bal\u00e9 visitou nesta segunda-feira (7) diversas obras que<\/p>\n","protected":false},"author":2,"featured_media":17548,"comment_status":"open","ping_status":"open","sticky":false,"template":"","format":"standard","meta":{"colormag_page_container_layout":"default_layout","colormag_page_sidebar_layout":"default_layout","_jetpack_memberships_contains_paid_content":false,"footnotes":""},"categories":[2,6],"tags":[289],"class_list":["post-17546","post","type-post","status-publish","format-standard","has-post-thumbnail","hentry","category-noticias","category-politica","tag-deibson-bale"],"magazineBlocksPostFeaturedMedia":{"thumbnail":false,"medium":false,"medium_large":false,"large":false,"1536x1536":false,"2048x2048":false,"colormag-highlighted-post":false,"colormag-featured-post-medium":false,"colormag-featured-post-small":false,"colormag-featured-image":false,"colormag-default-news":false,"colormag-featured-image-large":false},"magazineBlocksPostAuthor":{"name":"maranhaotv","avatar":"https:\/\/secure.gravatar.com\/avatar\/8fadbca458d4cb68b1dd399ae9a40618d747bb1af65ac9fad21c89220a143eb4?s=96&d=mm&r=g"},"magazineBlocksPostCommentsNumber":"0","magazineBlocksPostExcerpt":"Acompanhando de Fred Maia, o Prefeito eleito de Trizidela do Vale, Deibson Bal\u00e9 visitou nesta segunda-feira (7) diversas obras que","magazineBlocksPostCategories":["not\u00edcias","pol\u00edtica"],"magazineBlocksPostViewCount":226,"magazineBlocksPostReadTime":2,"magazine_blocks_featured_image_url":{"full":false,"medium":false,"thumbnail":false},"magazine_blocks_author":{"display_name":"maranhaotv","author_link":"https:\/\/maranhaotv.com.br\/index.php\/author\/maranhaotv\/"},"magazine_blocks_comment":0,"magazine_blocks_author_image":"https:\/\/secure.gravatar.com\/avatar\/8fadbca458d4cb68b1dd399ae9a40618d747bb1af65ac9fad21c89220a143eb4?s=96&d=mm&r=g","magazine_blocks_category":"<a href=\"#\" class=\"category-link category-link-2\">not\u00edcias<\/a> <a href=\"#\" class=\"category-link category-link-6\">pol\u00edtica<\/a>","jetpack_featured_media_url":"","jetpack_sharing_enabled":true,"_links":{"self":[{"href":"https:\/\/maranhaotv.com.br\/index.php\/wp-json\/wp\/v2\/posts\/17546","targetHints":{"allow":["GET"]}}],"collection":[{"href":"https:\/\/maranhaotv.com.br\/index.php\/wp-json\/wp\/v2\/posts"}],"about":[{"href":"https:\/\/maranhaotv.com.br\/index.php\/wp-json\/wp\/v2\/types\/post"}],"author":[{"embeddable":true,"href":"https:\/\/maranhaotv.com.br\/index.php\/wp-json\/wp\/v2\/users\/2"}],"replies":[{"embeddable":true,"href":"https:\/\/maranhaotv.com.br\/index.php\/wp-json\/wp\/v2\/comments?post=17546"}],"version-history":[{"count":0,"href":"https:\/\/maranhaotv.com.br\/index.php\/wp-json\/wp\/v2\/posts\/17546\/revisions"}],"wp:featuredmedia":[{"embeddable":true,"href":"https:\/\/maranhaotv.com.br\/index.php\/wp-json\/"}],"wp:attachment":[{"href":"https:\/\/maranhaotv.com.br\/index.php\/wp-json\/wp\/v2\/media?parent=17546"}],"wp:term":[{"taxonomy":"category","embeddable":true,"href":"https:\/\/maranhaotv.com.br\/index.php\/wp-json\/wp\/v2\/categories?post=17546"},{"taxonomy":"post_tag","embeddable":true,"href":"https:\/\/maranhaotv.com.br\/index.php\/wp-json\/wp\/v2\/tags?post=17546"}],"curies":[{"name":"wp","href":"https:\/\/api.w.org\/{rel}","templated":true}]}}