{"id":17552,"date":"2020-12-08T08:00:49","date_gmt":"2020-12-08T11:00:49","guid":{"rendered":"https:\/\/maranhaotv.com.br\/?p=17552"},"modified":"2020-12-08T08:00:49","modified_gmt":"2020-12-08T11:00:49","slug":"morre-o-ator-eduardo-galvao-vitima-do-coronavirus","status":"publish","type":"post","link":"https:\/\/maranhaotv.com.br\/index.php\/2020\/12\/08\/morre-o-ator-eduardo-galvao-vitima-do-coronavirus\/","title":{"rendered":"Morre o ator Eduardo Galv\u00e3o, v\u00edtima do coronav\u00edrus"},"content":{"rendered":"<p>Ele estava internado desde o fim de novembro por causa da doen\u00e7a<\/p>\n<p>Nas redes sociais, amigos e colegas de trabalho fazem homenagens ao ator de 58 anos. Eduardo foi internado no fim de novembro em um hospital no Rio de Janeiro, onde seguiu para a UTI ap\u00f3s ser diagnosticado com 50% dos pulm\u00f5es comprometidos.<\/p>\n","protected":false},"excerpt":{"rendered":"<p>Ele estava internado desde o fim de novembro por causa da doen\u00e7a Nas redes sociais, amigos e colegas de trabalho<\/p>\n","protected":false},"author":2,"featured_media":17551,"comment_status":"open","ping_status":"open","sticky":false,"template":"","format":"standard","meta":{"colormag_page_container_layout":"default_layout","colormag_page_sidebar_layout":"default_layout","_jetpack_memberships_contains_paid_content":false,"footnotes":""},"categories":[2,54],"tags":[],"class_list":["post-17552","post","type-post","status-publish","format-standard","has-post-thumbnail","hentry","category-noticias","category-saude"],"magazineBlocksPostFeaturedMedia":{"thumbnail":false,"medium":false,"medium_large":false,"large":false,"1536x1536":false,"2048x2048":false,"colormag-highlighted-post":false,"colormag-featured-post-medium":false,"colormag-featured-post-small":false,"colormag-featured-image":false,"colormag-default-news":false,"colormag-featured-image-large":false},"magazineBlocksPostAuthor":{"name":"maranhaotv","avatar":"https:\/\/secure.gravatar.com\/avatar\/8fadbca458d4cb68b1dd399ae9a40618d747bb1af65ac9fad21c89220a143eb4?s=96&d=mm&r=g"},"magazineBlocksPostCommentsNumber":"0","magazineBlocksPostExcerpt":"Ele estava internado desde o fim de novembro por causa da doen\u00e7a Nas redes sociais, amigos e colegas de trabalho","magazineBlocksPostCategories":["not\u00edcias","sa\u00fade"],"magazineBlocksPostViewCount":243,"magazineBlocksPostReadTime":1,"magazine_blocks_featured_image_url":{"full":false,"medium":false,"thumbnail":false},"magazine_blocks_author":{"display_name":"maranhaotv","author_link":"https:\/\/maranhaotv.com.br\/index.php\/author\/maranhaotv\/"},"magazine_blocks_comment":0,"magazine_blocks_author_image":"https:\/\/secure.gravatar.com\/avatar\/8fadbca458d4cb68b1dd399ae9a40618d747bb1af65ac9fad21c89220a143eb4?s=96&d=mm&r=g","magazine_blocks_category":"<a href=\"#\" class=\"category-link category-link-2\">not\u00edcias<\/a> <a href=\"#\" class=\"category-link category-link-54\">sa\u00fade<\/a>","jetpack_featured_media_url":"","jetpack_sharing_enabled":true,"_links":{"self":[{"href":"https:\/\/maranhaotv.com.br\/index.php\/wp-json\/wp\/v2\/posts\/17552","targetHints":{"allow":["GET"]}}],"collection":[{"href":"https:\/\/maranhaotv.com.br\/index.php\/wp-json\/wp\/v2\/posts"}],"about":[{"href":"https:\/\/maranhaotv.com.br\/index.php\/wp-json\/wp\/v2\/types\/post"}],"author":[{"embeddable":true,"href":"https:\/\/maranhaotv.com.br\/index.php\/wp-json\/wp\/v2\/users\/2"}],"replies":[{"embeddable":true,"href":"https:\/\/maranhaotv.com.br\/index.php\/wp-json\/wp\/v2\/comments?post=17552"}],"version-history":[{"count":0,"href":"https:\/\/maranhaotv.com.br\/index.php\/wp-json\/wp\/v2\/posts\/17552\/revisions"}],"wp:featuredmedia":[{"embeddable":true,"href":"https:\/\/maranhaotv.com.br\/index.php\/wp-json\/"}],"wp:attachment":[{"href":"https:\/\/maranhaotv.com.br\/index.php\/wp-json\/wp\/v2\/media?parent=17552"}],"wp:term":[{"taxonomy":"category","embeddable":true,"href":"https:\/\/maranhaotv.com.br\/index.php\/wp-json\/wp\/v2\/categories?post=17552"},{"taxonomy":"post_tag","embeddable":true,"href":"https:\/\/maranhaotv.com.br\/index.php\/wp-json\/wp\/v2\/tags?post=17552"}],"curies":[{"name":"wp","href":"https:\/\/api.w.org\/{rel}","templated":true}]}}