{"id":17561,"date":"2020-12-08T09:46:39","date_gmt":"2020-12-08T12:46:39","guid":{"rendered":"https:\/\/maranhaotv.com.br\/?p=17561"},"modified":"2020-12-08T09:46:39","modified_gmt":"2020-12-08T12:46:39","slug":"diva-silva-atual-prefeita-de-centro-novo-do-maranhao-doa-terreno-publico-de-forma-irregular","status":"publish","type":"post","link":"https:\/\/maranhaotv.com.br\/index.php\/2020\/12\/08\/diva-silva-atual-prefeita-de-centro-novo-do-maranhao-doa-terreno-publico-de-forma-irregular\/","title":{"rendered":"Diva Silva, atual prefeita de Centro Novo do Maranh\u00e3o doa terreno p\u00fablico de forma irregular."},"content":{"rendered":"<p>Cerca de 13 moradores s\u00e3o acusados de invas\u00f5es e ocupa\u00e7\u00f5es irregular em terrenos p\u00fablicos pertencentes ao munic\u00edpio de Centro Novo do Maranh\u00e3o.Fiscais das secretarias de Infraestrutura e Planejamento Urbano, j\u00e1 foram acionados, e esteve no local a equipe de transi\u00e7\u00e3o de governo do grupo J\u00fanior Garimpeiro.Segundo o secret\u00e1rio de Infraestrutura e Planejamento Urbano, Valter Cleiton,<br \/>essa ocupa\u00e7\u00e3o \u00e9 irregular e ser\u00e1 tomada as devidas provid\u00eancias para a desocupa\u00e7\u00e3o. com a retirada das estruturas que foram constru\u00eddas \u201cestrutura de casas\u201d.Ainda de acordo com Valter Cleiton, as habita\u00e7\u00f5es irregulares causam v\u00e1rios transtornos tais como; falta de saneamento b\u00e1sico, falta de fornecimento de \u00e1gua e luz regular. Al\u00e9m disso \u00e9 crime a posse indevida de terrenos p\u00fablicos e sem registro do munic\u00edpio.<img loading=\"lazy\" decoding=\"async\" class=\"wp-image-17560 alignnone size-full\" src=\"https:\/\/maranhaotv.com.br\/wp-content\/uploads\/2020\/12\/img-20201208-wa00943068213327462586991-1.jpg\" width=\"1024\" height=\"682\" \/><img loading=\"lazy\" decoding=\"async\" class=\"wp-image-17558 alignnone size-full\" src=\"https:\/\/maranhaotv.com.br\/wp-content\/uploads\/2020\/12\/img-20201208-wa00978155229310576162489.jpg\" width=\"1024\" height=\"682\" \/><img loading=\"lazy\" decoding=\"async\" class=\"wp-image-17554 alignnone size-full\" src=\"https:\/\/maranhaotv.com.br\/wp-content\/uploads\/2020\/12\/img-20201208-wa00961416439071128055395.jpg\" width=\"1024\" height=\"682\" \/><img loading=\"lazy\" decoding=\"async\" class=\"wp-image-17555 alignnone size-full\" src=\"https:\/\/maranhaotv.com.br\/wp-content\/uploads\/2020\/12\/img-20201208-wa00956497541830709860377.jpg\" width=\"1024\" height=\"682\" \/><img loading=\"lazy\" decoding=\"async\" class=\"wp-image-17559 alignnone size-full\" src=\"https:\/\/maranhaotv.com.br\/wp-content\/uploads\/2020\/12\/img-20201208-wa00989197815133516427854-1.jpg\" width=\"1024\" height=\"682\" \/><img loading=\"lazy\" decoding=\"async\" class=\"alignnone size-full wp-image-17562\" src=\"https:\/\/maranhaotv.com.br\/wp-content\/uploads\/2020\/12\/img-20201208-wa00994746650591285144093.jpg\" width=\"682\" height=\"1024\" \/><\/p>\n","protected":false},"excerpt":{"rendered":"<p>Cerca de 13 moradores s\u00e3o acusados de invas\u00f5es e ocupa\u00e7\u00f5es irregular em terrenos p\u00fablicos pertencentes ao munic\u00edpio de Centro Novo<\/p>\n","protected":false},"author":2,"featured_media":17566,"comment_status":"open","ping_status":"open","sticky":false,"template":"","format":"standard","meta":{"colormag_page_container_layout":"default_layout","colormag_page_sidebar_layout":"default_layout","_jetpack_memberships_contains_paid_content":false,"footnotes":""},"categories":[2],"tags":[260,254],"class_list":["post-17561","post","type-post","status-publish","format-standard","has-post-thumbnail","hentry","category-noticias","tag-centro-novo","tag-diva-silva"],"magazineBlocksPostFeaturedMedia":{"thumbnail":false,"medium":false,"medium_large":false,"large":false,"1536x1536":false,"2048x2048":false,"colormag-highlighted-post":false,"colormag-featured-post-medium":false,"colormag-featured-post-small":false,"colormag-featured-image":false,"colormag-default-news":false,"colormag-featured-image-large":false},"magazineBlocksPostAuthor":{"name":"maranhaotv","avatar":"https:\/\/secure.gravatar.com\/avatar\/8fadbca458d4cb68b1dd399ae9a40618d747bb1af65ac9fad21c89220a143eb4?s=96&d=mm&r=g"},"magazineBlocksPostCommentsNumber":"0","magazineBlocksPostExcerpt":"Cerca de 13 moradores s\u00e3o acusados de invas\u00f5es e ocupa\u00e7\u00f5es irregular em terrenos p\u00fablicos pertencentes ao munic\u00edpio de Centro Novo","magazineBlocksPostCategories":["not\u00edcias"],"magazineBlocksPostViewCount":168,"magazineBlocksPostReadTime":1,"magazine_blocks_featured_image_url":{"full":false,"medium":false,"thumbnail":false},"magazine_blocks_author":{"display_name":"maranhaotv","author_link":"https:\/\/maranhaotv.com.br\/index.php\/author\/maranhaotv\/"},"magazine_blocks_comment":0,"magazine_blocks_author_image":"https:\/\/secure.gravatar.com\/avatar\/8fadbca458d4cb68b1dd399ae9a40618d747bb1af65ac9fad21c89220a143eb4?s=96&d=mm&r=g","magazine_blocks_category":"<a href=\"#\" class=\"category-link category-link-2\">not\u00edcias<\/a>","jetpack_featured_media_url":"","jetpack_sharing_enabled":true,"_links":{"self":[{"href":"https:\/\/maranhaotv.com.br\/index.php\/wp-json\/wp\/v2\/posts\/17561","targetHints":{"allow":["GET"]}}],"collection":[{"href":"https:\/\/maranhaotv.com.br\/index.php\/wp-json\/wp\/v2\/posts"}],"about":[{"href":"https:\/\/maranhaotv.com.br\/index.php\/wp-json\/wp\/v2\/types\/post"}],"author":[{"embeddable":true,"href":"https:\/\/maranhaotv.com.br\/index.php\/wp-json\/wp\/v2\/users\/2"}],"replies":[{"embeddable":true,"href":"https:\/\/maranhaotv.com.br\/index.php\/wp-json\/wp\/v2\/comments?post=17561"}],"version-history":[{"count":0,"href":"https:\/\/maranhaotv.com.br\/index.php\/wp-json\/wp\/v2\/posts\/17561\/revisions"}],"wp:featuredmedia":[{"embeddable":true,"href":"https:\/\/maranhaotv.com.br\/index.php\/wp-json\/"}],"wp:attachment":[{"href":"https:\/\/maranhaotv.com.br\/index.php\/wp-json\/wp\/v2\/media?parent=17561"}],"wp:term":[{"taxonomy":"category","embeddable":true,"href":"https:\/\/maranhaotv.com.br\/index.php\/wp-json\/wp\/v2\/categories?post=17561"},{"taxonomy":"post_tag","embeddable":true,"href":"https:\/\/maranhaotv.com.br\/index.php\/wp-json\/wp\/v2\/tags?post=17561"}],"curies":[{"name":"wp","href":"https:\/\/api.w.org\/{rel}","templated":true}]}}