{"id":17573,"date":"2020-12-08T09:52:42","date_gmt":"2020-12-08T12:52:42","guid":{"rendered":"https:\/\/maranhaotv.com.br\/?p=17573"},"modified":"2020-12-08T09:52:42","modified_gmt":"2020-12-08T12:52:42","slug":"apos-intensa-campanha-eleitoral-flavio-dino-entra-na-justica-para-adquirir-vacina-contra-covid-19","status":"publish","type":"post","link":"https:\/\/maranhaotv.com.br\/index.php\/2020\/12\/08\/apos-intensa-campanha-eleitoral-flavio-dino-entra-na-justica-para-adquirir-vacina-contra-covid-19\/","title":{"rendered":"Ap\u00f3s intensa campanha eleitoral, Fl\u00e1vio Dino entra na justi\u00e7a para adquirir vacina contra COVID 19"},"content":{"rendered":"<p>O governador do Maranh\u00e3o anunciou por meio das suas redes sociais que ingressou com um pedido no Supremo Tribunal Federal para poder adquirir vacina contra o coronavirus produzidas por outros pa\u00edses.<\/p>\n<blockquote><p>&#8220;Ingressei ontem com a\u00e7\u00e3o judicial no Supremo. Objetivo \u00e9 que estados possam adquirir diretamente vacinas contra o coronav\u00edrus autorizadas por Ag\u00eancias sanit\u00e1rias dos Estados Unidos, Uni\u00e3o Europ\u00e9ia, Jap\u00e3o e China. Com isso, estados poder\u00e3o atuar, se governo federal n\u00e3o quiser&#8221;. Disse o governador por meio das redes sociais.<\/p><\/blockquote>\n<p>Em tempo, sabendo da import\u00e2ncia do distanciamento social como a \u00fanica medida para combater a pandemia, Fl\u00e1vio Dino, seu vice governador e seus secret\u00e1rios participaram de uma intensa campanha eleitoral em todo estado, regrada a multid\u00f5es de pessoas e grandes com\u00edcios.<\/p>\n<p><img loading=\"lazy\" decoding=\"async\" class=\"failed alignnone size-full wp-image-17572\" src=\"https:\/\/maranhaotv.com.br\/wp-content\/uploads\/2020\/12\/img-20201208-wa01094202501536561286221-1.jpg\" width=\"720\" height=\"833\"><\/p>\n<p><img loading=\"lazy\" decoding=\"async\" class=\"wp-image-17569 alignnone size-full\" src=\"https:\/\/maranhaotv.com.br\/wp-content\/uploads\/2020\/12\/img-20201208-wa01126534513466681727289.jpg\" width=\"1280\" height=\"853\"><\/p>\n<p><img loading=\"lazy\" decoding=\"async\" class=\"wp-image-17571 alignnone size-full\" src=\"https:\/\/maranhaotv.com.br\/wp-content\/uploads\/2020\/12\/img-20201208-wa01112680279404444886547.jpg\" width=\"1260\" height=\"800\"><\/p>\n<p><img loading=\"lazy\" decoding=\"async\" class=\"wp-image-17570 alignnone size-full\" src=\"https:\/\/maranhaotv.com.br\/wp-content\/uploads\/2020\/12\/img-20201208-wa0110465376908257004344.jpg\" width=\"1260\" height=\"705\"><\/p>\n<blockquote class=\"twitter-tweet\" data-width=\"550\" data-dnt=\"true\">\n<p lang=\"pt\" dir=\"ltr\">Ingressei ontem com a\u00e7\u00e3o judicial no Supremo. Objetivo \u00e9 que estados possam adquirir diretamente vacinas contra o coronav\u00edrus autorizadas por Ag\u00eancias sanit\u00e1rias dos Estados Unidos, Uni\u00e3o Europeia, Jap\u00e3o e China. Com isso, estados poder\u00e3o atuar, se governo federal n\u00e3o quiser.<\/p>\n<p>&mdash; Fl\u00e1vio Dino \ud83c\udde7\ud83c\uddf7 (@FlavioDino) <a href=\"https:\/\/twitter.com\/FlavioDino\/status\/1336265601162031104?ref_src=twsrc%5Etfw\">December 8, 2020<\/a><\/p><\/blockquote>\n<p><script async src=\"https:\/\/platform.twitter.com\/widgets.js\" charset=\"utf-8\"><\/script><\/p>\n","protected":false},"excerpt":{"rendered":"<p>O governador do Maranh\u00e3o anunciou por meio das suas redes sociais que ingressou com um pedido no Supremo Tribunal Federal<\/p>\n","protected":false},"author":2,"featured_media":17574,"comment_status":"open","ping_status":"open","sticky":false,"template":"","format":"standard","meta":{"colormag_page_container_layout":"default_layout","colormag_page_sidebar_layout":"default_layout","_jetpack_memberships_contains_paid_content":false,"footnotes":""},"categories":[2],"tags":[146,52],"class_list":["post-17573","post","type-post","status-publish","format-standard","has-post-thumbnail","hentry","category-noticias","tag-covid-19","tag-flavio-dino"],"magazineBlocksPostFeaturedMedia":{"thumbnail":false,"medium":false,"medium_large":false,"large":false,"1536x1536":false,"2048x2048":false,"colormag-highlighted-post":false,"colormag-featured-post-medium":false,"colormag-featured-post-small":false,"colormag-featured-image":false,"colormag-default-news":false,"colormag-featured-image-large":false},"magazineBlocksPostAuthor":{"name":"maranhaotv","avatar":"https:\/\/secure.gravatar.com\/avatar\/8fadbca458d4cb68b1dd399ae9a40618d747bb1af65ac9fad21c89220a143eb4?s=96&d=mm&r=g"},"magazineBlocksPostCommentsNumber":"0","magazineBlocksPostExcerpt":"O governador do Maranh\u00e3o anunciou por meio das suas redes sociais que ingressou com um pedido no Supremo Tribunal Federal","magazineBlocksPostCategories":["not\u00edcias"],"magazineBlocksPostViewCount":245,"magazineBlocksPostReadTime":1,"magazine_blocks_featured_image_url":{"full":false,"medium":false,"thumbnail":false},"magazine_blocks_author":{"display_name":"maranhaotv","author_link":"https:\/\/maranhaotv.com.br\/index.php\/author\/maranhaotv\/"},"magazine_blocks_comment":0,"magazine_blocks_author_image":"https:\/\/secure.gravatar.com\/avatar\/8fadbca458d4cb68b1dd399ae9a40618d747bb1af65ac9fad21c89220a143eb4?s=96&d=mm&r=g","magazine_blocks_category":"<a href=\"#\" class=\"category-link category-link-2\">not\u00edcias<\/a>","jetpack_featured_media_url":"","jetpack_sharing_enabled":true,"_links":{"self":[{"href":"https:\/\/maranhaotv.com.br\/index.php\/wp-json\/wp\/v2\/posts\/17573","targetHints":{"allow":["GET"]}}],"collection":[{"href":"https:\/\/maranhaotv.com.br\/index.php\/wp-json\/wp\/v2\/posts"}],"about":[{"href":"https:\/\/maranhaotv.com.br\/index.php\/wp-json\/wp\/v2\/types\/post"}],"author":[{"embeddable":true,"href":"https:\/\/maranhaotv.com.br\/index.php\/wp-json\/wp\/v2\/users\/2"}],"replies":[{"embeddable":true,"href":"https:\/\/maranhaotv.com.br\/index.php\/wp-json\/wp\/v2\/comments?post=17573"}],"version-history":[{"count":0,"href":"https:\/\/maranhaotv.com.br\/index.php\/wp-json\/wp\/v2\/posts\/17573\/revisions"}],"wp:featuredmedia":[{"embeddable":true,"href":"https:\/\/maranhaotv.com.br\/index.php\/wp-json\/"}],"wp:attachment":[{"href":"https:\/\/maranhaotv.com.br\/index.php\/wp-json\/wp\/v2\/media?parent=17573"}],"wp:term":[{"taxonomy":"category","embeddable":true,"href":"https:\/\/maranhaotv.com.br\/index.php\/wp-json\/wp\/v2\/categories?post=17573"},{"taxonomy":"post_tag","embeddable":true,"href":"https:\/\/maranhaotv.com.br\/index.php\/wp-json\/wp\/v2\/tags?post=17573"}],"curies":[{"name":"wp","href":"https:\/\/api.w.org\/{rel}","templated":true}]}}