{"id":17578,"date":"2020-12-08T09:55:39","date_gmt":"2020-12-08T12:55:39","guid":{"rendered":"https:\/\/maranhaotv.com.br\/?p=17578"},"modified":"2020-12-08T09:55:39","modified_gmt":"2020-12-08T12:55:39","slug":"eduardo-braide-realiza-visita-de-cortesia-ao-tce-e-mostra-ja-maturidade-para-administrar","status":"publish","type":"post","link":"https:\/\/maranhaotv.com.br\/index.php\/2020\/12\/08\/eduardo-braide-realiza-visita-de-cortesia-ao-tce-e-mostra-ja-maturidade-para-administrar\/","title":{"rendered":"Eduardo Braide realiza visita de cortesia ao TCE e mostra j\u00e1 maturidade para administrar"},"content":{"rendered":"<p>O prefeito eleito de S\u00e3o Lu\u00eds, Eduardo Braide, realizou na manh\u00e3 de hoje, 7, visita de cortesia ao Tribunal de Contas do Estado (TCE-MA).<\/p>\n<p>Eduardo Braide foi recebido pelo presidente do TCE, conselheiro Nonato Lago, que estava acompanhado do secret\u00e1rio-geral, Ambr\u00f3sio Guimar\u00e3es Neto, do secret\u00e1rio de fiscaliza\u00e7\u00e3o, F\u00e1bio Alex de Melo e do auditor de controle externo M\u00e1rcio Rocha, gerente de fiscaliza\u00e7\u00e3o da Secretaria de Fiscaliza\u00e7\u00e3o do TCE.<\/p>\n<p>O conselheiro Nonato Lago parabenizou o futuro prefeito de S\u00e3o Lu\u00eds e desejou que sua administra\u00e7\u00e3o seja exitosa no encaminhamento de solu\u00e7\u00f5es para os problemas enfrentados pela capital maranhense de forma a beneficiar a popula\u00e7\u00e3o.<\/p>\n<p>Ao mesmo tempo, o conselheiro Nonato Lago afirmou que na condi\u00e7\u00e3o de \u00f3rg\u00e3o respons\u00e1vel pelo exerc\u00edcio do controle externo, o TCE est\u00e1 aberto ao di\u00e1logo para orientar e contribuir com a implementa\u00e7\u00e3o de medidas, por parte dos futuros gestores municipais, que venham a resultar na melhoria da qualidade da gest\u00e3o p\u00fablica. \u201cUm dos pilares da atua\u00e7\u00e3o dos tribunais de contas brasileiros \u00e9 a sua dimens\u00e3o pedag\u00f3gica, respons\u00e1vel pela constru\u00e7\u00e3o e a dissemina\u00e7\u00e3o de conhecimentos indispens\u00e1veis \u00e0 boa gest\u00e3o p\u00fablica. O TCE maranhense tem procurado, cada vez mais, estabelecer um v\u00ednculo com os seus fiscalizados que permita, de forma r\u00e1pida e efetiva, a\u00e7\u00f5es coordenadas que resultem num salto de qualidade nas administra\u00e7\u00f5es municipais.\u201d, afirmou Nonato Lago.<\/p>\n<p>O prefeito eleito de S\u00e3o Lu\u00eds, Eduardo Braide, destacou o importante papel exercido pelo TCE no cen\u00e1rio do controle externo maranhense e os avan\u00e7os registrados pelo \u00f3rg\u00e3o nos \u00faltimos anos, ressaltando que em sua gest\u00e3o o di\u00e1logo com a institui\u00e7\u00e3o ser\u00e1 permanente e pautado por princ\u00edpios republicanos.<\/p>\n<p><img loading=\"lazy\" decoding=\"async\" src=\"https:\/\/maranhaotv.com.br\/wp-content\/uploads\/2020\/12\/img_20201208_0852031006667285525179016.jpg\" class=\"wp-image-17577 alignnone size-full\" width=\"1080\" height=\"768\"><\/p>\n","protected":false},"excerpt":{"rendered":"<p>O prefeito eleito de S\u00e3o Lu\u00eds, Eduardo Braide, realizou na manh\u00e3 de hoje, 7, visita de cortesia ao Tribunal de<\/p>\n","protected":false},"author":2,"featured_media":17579,"comment_status":"open","ping_status":"open","sticky":false,"template":"","format":"standard","meta":{"colormag_page_container_layout":"default_layout","colormag_page_sidebar_layout":"default_layout","_jetpack_memberships_contains_paid_content":false,"footnotes":""},"categories":[2],"tags":[77,153],"class_list":["post-17578","post","type-post","status-publish","format-standard","has-post-thumbnail","hentry","category-noticias","tag-eduardo-braide","tag-tce"],"magazineBlocksPostFeaturedMedia":{"thumbnail":false,"medium":false,"medium_large":false,"large":false,"1536x1536":false,"2048x2048":false,"colormag-highlighted-post":false,"colormag-featured-post-medium":false,"colormag-featured-post-small":false,"colormag-featured-image":false,"colormag-default-news":false,"colormag-featured-image-large":false},"magazineBlocksPostAuthor":{"name":"maranhaotv","avatar":"https:\/\/secure.gravatar.com\/avatar\/8fadbca458d4cb68b1dd399ae9a40618d747bb1af65ac9fad21c89220a143eb4?s=96&d=mm&r=g"},"magazineBlocksPostCommentsNumber":"0","magazineBlocksPostExcerpt":"O prefeito eleito de S\u00e3o Lu\u00eds, Eduardo Braide, realizou na manh\u00e3 de hoje, 7, visita de cortesia ao Tribunal de","magazineBlocksPostCategories":["not\u00edcias"],"magazineBlocksPostViewCount":309,"magazineBlocksPostReadTime":2,"magazine_blocks_featured_image_url":{"full":false,"medium":false,"thumbnail":false},"magazine_blocks_author":{"display_name":"maranhaotv","author_link":"https:\/\/maranhaotv.com.br\/index.php\/author\/maranhaotv\/"},"magazine_blocks_comment":0,"magazine_blocks_author_image":"https:\/\/secure.gravatar.com\/avatar\/8fadbca458d4cb68b1dd399ae9a40618d747bb1af65ac9fad21c89220a143eb4?s=96&d=mm&r=g","magazine_blocks_category":"<a href=\"#\" class=\"category-link category-link-2\">not\u00edcias<\/a>","jetpack_featured_media_url":"","jetpack_sharing_enabled":true,"_links":{"self":[{"href":"https:\/\/maranhaotv.com.br\/index.php\/wp-json\/wp\/v2\/posts\/17578","targetHints":{"allow":["GET"]}}],"collection":[{"href":"https:\/\/maranhaotv.com.br\/index.php\/wp-json\/wp\/v2\/posts"}],"about":[{"href":"https:\/\/maranhaotv.com.br\/index.php\/wp-json\/wp\/v2\/types\/post"}],"author":[{"embeddable":true,"href":"https:\/\/maranhaotv.com.br\/index.php\/wp-json\/wp\/v2\/users\/2"}],"replies":[{"embeddable":true,"href":"https:\/\/maranhaotv.com.br\/index.php\/wp-json\/wp\/v2\/comments?post=17578"}],"version-history":[{"count":0,"href":"https:\/\/maranhaotv.com.br\/index.php\/wp-json\/wp\/v2\/posts\/17578\/revisions"}],"wp:featuredmedia":[{"embeddable":true,"href":"https:\/\/maranhaotv.com.br\/index.php\/wp-json\/"}],"wp:attachment":[{"href":"https:\/\/maranhaotv.com.br\/index.php\/wp-json\/wp\/v2\/media?parent=17578"}],"wp:term":[{"taxonomy":"category","embeddable":true,"href":"https:\/\/maranhaotv.com.br\/index.php\/wp-json\/wp\/v2\/categories?post=17578"},{"taxonomy":"post_tag","embeddable":true,"href":"https:\/\/maranhaotv.com.br\/index.php\/wp-json\/wp\/v2\/tags?post=17578"}],"curies":[{"name":"wp","href":"https:\/\/api.w.org\/{rel}","templated":true}]}}