{"id":17587,"date":"2020-12-08T14:01:22","date_gmt":"2020-12-08T17:01:22","guid":{"rendered":"https:\/\/maranhaotv.com.br\/?p=17587"},"modified":"2020-12-08T14:01:22","modified_gmt":"2020-12-08T17:01:22","slug":"padre-william-tem-candidatura-indeferida-e-pode-nao-assumir-prefeitura-de-alcantara","status":"publish","type":"post","link":"https:\/\/maranhaotv.com.br\/index.php\/2020\/12\/08\/padre-william-tem-candidatura-indeferida-e-pode-nao-assumir-prefeitura-de-alcantara\/","title":{"rendered":"Padre William tem candidatura indeferida e pode n\u00e3o assumir prefeitura de Alc\u00e2ntara"},"content":{"rendered":"<p>O Tribunal Regional Eleitoral, na sess\u00e3o plen\u00e1ria realizada na manh\u00e3 desta segunda-feira (7), deu provimento ao recurso ordin\u00e1rio apresentado pela Coliga\u00e7\u00e3o \u201cO Trabalho Vai Continuar\u201d, decidindo, por unanimidade (6 votos a 0), indeferir o pedido de registro de William Guimar\u00e3es da Silva, o \u2018Padre William\u201d, eleito prefeito de Alc\u00e2ntara, por estar ineleg\u00edvel em fun\u00e7\u00e3o de ter suas contas rejeitadas.<\/p>\n<p>Foi reconhecido que o padre est\u00e1 com seus direitos pol\u00edticos suspensos por cinco anos por condena\u00e7\u00e3o em improbidade administrativa com tr\u00e2nsito em julgado em julho de 2018.<br \/>\nDesse modo, deve haver novas elei\u00e7\u00f5es em Alc\u00e2ntara para se determinar quem ser\u00e1 o leg\u00edtimo prefeito da cidade.<br \/>\nO Minist\u00e9rio P\u00fablico Eleitoral manifestou-se pela proced\u00eancia da impugna\u00e7\u00e3o e pelo indeferimento do registro de candidatura. Padre William j\u00e1 tinha sido prefeito de Guimar\u00e3es e Santa Helena e perdeu a condi\u00e7\u00e3o de elegibilidade por conta de conv\u00eanios com a Funasa e julgamento da a\u00e7\u00e3o civil p\u00fablica envolvendo o FNDE.<br \/>\nDe acordo com a resolu\u00e7\u00e3o do TSE N\u00b0 23.611\/19, em seu Art. 220, n\u00e3o poder\u00e1 ser diplomado, nas elei\u00e7\u00f5es majorit\u00e1rias ou proporcionais, o candidato que estiver com o registro indeferido, ainda que sub judice. \u201cNas elei\u00e7\u00f5es majorit\u00e1rias, na data da respectiva posse, se n\u00e3o houver candidato diplomado, caber\u00e1 ao presidente do Poder Legislativo assumir e exercer o cargo at\u00e9 que sobrevenha decis\u00e3o favor\u00e1vel no processo de registro ou haja nova elei\u00e7\u00e3o\u201d.<\/p>\n<p>Ou seja, por conta dessa resolu\u00e7\u00e3o do TSE, Padre William n\u00e3o poder\u00e1 ser diplomado por perda de condi\u00e7\u00e3o de elegibilidade. Ele foi eleito prefeito com um total de 7.874 votos.<br \/>\nAnderson Wilker de Abreu Ara\u00fajo (PCdoB), que disputava reelei\u00e7\u00e3o, que ficou em segundo, com 33,48%, seguido por Jo\u00e3o Francisco Leit\u00e3o (PODE), 5,47%, e Antonio Rosa Cruz Pereira (PSL), 0,76%.<\/p>\n<p><img loading=\"lazy\" decoding=\"async\" src=\"https:\/\/maranhaotv.com.br\/wp-content\/uploads\/2020\/12\/img-20201208-wa02317221156061832603995.jpg\" class=\"wp-image-17586 alignnone size-full\" width=\"274\" height=\"182\"><br \/>\nInforma\u00e7\u00f5es do blog Jhon Cutrim<\/p>\n","protected":false},"excerpt":{"rendered":"<p>O Tribunal Regional Eleitoral, na sess\u00e3o plen\u00e1ria realizada na manh\u00e3 desta segunda-feira (7), deu provimento ao recurso ordin\u00e1rio apresentado pela<\/p>\n","protected":false},"author":2,"featured_media":17588,"comment_status":"open","ping_status":"open","sticky":false,"template":"","format":"standard","meta":{"colormag_page_container_layout":"default_layout","colormag_page_sidebar_layout":"default_layout","_jetpack_memberships_contains_paid_content":false,"footnotes":""},"categories":[2],"tags":[],"class_list":["post-17587","post","type-post","status-publish","format-standard","has-post-thumbnail","hentry","category-noticias"],"magazineBlocksPostFeaturedMedia":{"thumbnail":false,"medium":false,"medium_large":false,"large":false,"1536x1536":false,"2048x2048":false,"colormag-highlighted-post":false,"colormag-featured-post-medium":false,"colormag-featured-post-small":false,"colormag-featured-image":false,"colormag-default-news":false,"colormag-featured-image-large":false},"magazineBlocksPostAuthor":{"name":"maranhaotv","avatar":"https:\/\/secure.gravatar.com\/avatar\/8fadbca458d4cb68b1dd399ae9a40618d747bb1af65ac9fad21c89220a143eb4?s=96&d=mm&r=g"},"magazineBlocksPostCommentsNumber":"0","magazineBlocksPostExcerpt":"O Tribunal Regional Eleitoral, na sess\u00e3o plen\u00e1ria realizada na manh\u00e3 desta segunda-feira (7), deu provimento ao recurso ordin\u00e1rio apresentado pela","magazineBlocksPostCategories":["not\u00edcias"],"magazineBlocksPostViewCount":228,"magazineBlocksPostReadTime":2,"magazine_blocks_featured_image_url":{"full":false,"medium":false,"thumbnail":false},"magazine_blocks_author":{"display_name":"maranhaotv","author_link":"https:\/\/maranhaotv.com.br\/index.php\/author\/maranhaotv\/"},"magazine_blocks_comment":0,"magazine_blocks_author_image":"https:\/\/secure.gravatar.com\/avatar\/8fadbca458d4cb68b1dd399ae9a40618d747bb1af65ac9fad21c89220a143eb4?s=96&d=mm&r=g","magazine_blocks_category":"<a href=\"#\" class=\"category-link category-link-2\">not\u00edcias<\/a>","jetpack_featured_media_url":"","jetpack_sharing_enabled":true,"_links":{"self":[{"href":"https:\/\/maranhaotv.com.br\/index.php\/wp-json\/wp\/v2\/posts\/17587","targetHints":{"allow":["GET"]}}],"collection":[{"href":"https:\/\/maranhaotv.com.br\/index.php\/wp-json\/wp\/v2\/posts"}],"about":[{"href":"https:\/\/maranhaotv.com.br\/index.php\/wp-json\/wp\/v2\/types\/post"}],"author":[{"embeddable":true,"href":"https:\/\/maranhaotv.com.br\/index.php\/wp-json\/wp\/v2\/users\/2"}],"replies":[{"embeddable":true,"href":"https:\/\/maranhaotv.com.br\/index.php\/wp-json\/wp\/v2\/comments?post=17587"}],"version-history":[{"count":0,"href":"https:\/\/maranhaotv.com.br\/index.php\/wp-json\/wp\/v2\/posts\/17587\/revisions"}],"wp:featuredmedia":[{"embeddable":true,"href":"https:\/\/maranhaotv.com.br\/index.php\/wp-json\/"}],"wp:attachment":[{"href":"https:\/\/maranhaotv.com.br\/index.php\/wp-json\/wp\/v2\/media?parent=17587"}],"wp:term":[{"taxonomy":"category","embeddable":true,"href":"https:\/\/maranhaotv.com.br\/index.php\/wp-json\/wp\/v2\/categories?post=17587"},{"taxonomy":"post_tag","embeddable":true,"href":"https:\/\/maranhaotv.com.br\/index.php\/wp-json\/wp\/v2\/tags?post=17587"}],"curies":[{"name":"wp","href":"https:\/\/api.w.org\/{rel}","templated":true}]}}