{"id":17591,"date":"2020-12-08T16:57:56","date_gmt":"2020-12-08T19:57:56","guid":{"rendered":"https:\/\/maranhaotv.com.br\/?p=17591"},"modified":"2020-12-08T16:57:56","modified_gmt":"2020-12-08T19:57:56","slug":"conheca-ribeiro-neto-e-sua-trajetoria-ate-a-camara-municipal-de-sao-luis","status":"publish","type":"post","link":"https:\/\/maranhaotv.com.br\/index.php\/2020\/12\/08\/conheca-ribeiro-neto-e-sua-trajetoria-ate-a-camara-municipal-de-sao-luis\/","title":{"rendered":"Conhe\u00e7a Ribeiro Neto e sua trajet\u00f3ria at\u00e9 a C\u00e2mara Municipal de S\u00e3o Lu\u00eds"},"content":{"rendered":"<p>Vereador eleito para a C\u00e2mara Municipal de S\u00e3o Lu\u00eds pelo PMN, Ribeiro Neto, teve \u00eaxito em sua primeira tentativa como candidato ao legislativo ludovicense. Aires Ribeiro Neto obteve 3310 votos.<\/p>\n<p><strong><u>Quem \u00e9 Ribeiro Neto?<\/u><\/strong><\/p>\n<p>Aires do Esp\u00edrito Santo Ribeiro Neto, nome de f\u00e9, mas conhecido como Ribeiro Neto, ludovicense nato, filho de Dona Elizeth Ara\u00fajo e do Sr. Aires do Esp\u00edrito Santo Ribeiro Filho, nascido e criado nesta terra de gente hospitaleira e acolhedora que \u00e9 a nossa S\u00e3o Lu\u00eds\/MA. Jovem de 29 anos, Bacharel em Direito e Administra\u00e7\u00e3o. Mas que escolheu lutar por sua gente e devolver aquilo que um dia foi lhe proporcionado: paz, esperan\u00e7a e dias melhores.<\/p>\n<p><img loading=\"lazy\" decoding=\"async\" class=\"wp-image-17592 alignnone size-full\" src=\"https:\/\/maranhaotv.com.br\/wp-content\/uploads\/2020\/12\/fb_img_16074571033096445340936104417109.jpg\" width=\"1080\" height=\"755\"><\/p>\n<p>Ribeiro Neto, como gosta de ser chamado, desde cedo esteve engajado nas causas sociais e do lado dos menos favorecidos, e foi partindo deste princ\u00edpio, que iniciou sua trajet\u00f3ria pol\u00edtica no interior do Maranh\u00e3o, no munic\u00edpio de Cachoeira Grande(MA) onde tem ra\u00edzes plantadas, e se tem ra\u00edzes, tem \u00e1rvores e bons frutos. Reconhecido pelo o seu trabalho prestado na regi\u00e3o do Munin, foi convidado em 2016 a disputar a prefeitura de Cachoeira Grande, como candidato a vice prefeito.<\/p>\n<p><img loading=\"lazy\" decoding=\"async\" class=\"wp-image-17590 alignnone size-full\" src=\"https:\/\/maranhaotv.com.br\/wp-content\/uploads\/2020\/12\/fb_img_16074571368222869767424333143649.jpg\" width=\"1080\" height=\"1080\"><\/p>\n<p>A vit\u00f3ria nas urnas n\u00e3o veio, mas a maior vit\u00f3ria, segundo ele, foi saber que estava no caminho certo, e do lado certo, pois o trabalho deste jovem, n\u00e3o p\u00e1ra.<\/p>\n<blockquote><p>&#8220;S\u00e3o 12 anos apoiando projetos sociais em S\u00e3o Lu\u00eds, e como todo jovem sonhador, este \u00e9 o nosso sonho, lutar por uma cidade de oportunidades, e valorizar nossos filhos da terra, da zona rural ao centro, fazendo o progresso acontecer na pr\u00e1tica. E foi com esse mesmo entusiasmo, que recebi 3.310 votos de confian\u00e7a para representar todos os ludovicenses na C\u00e2mara Municipal, a partir do dia 01 de janeiro de 2021. Um grande abra\u00e7o do seu companheiro de luta, Ribeiro Neto! Um feliz Natal, e um pr\u00f3spero ano novo a voc\u00ea e sua fam\u00edlia!&#8221;<\/p><\/blockquote>\n<p>Conhe\u00e7a algumas das propostas e projetos de Ribeiro Neto que o levaram a C\u00e2mara de S\u00e3o Lu\u00eds:<\/p>\n<p>MAIS EMPREGOS<\/p>\n<p>Votar a favor de incentivos fiscais para as empresas que se comprometerem em capacitar nossos estudantes e jovens atrav\u00e9s de cursos t\u00e9cnicos a fim de valorizar os profissionais da nossa terra.<\/p>\n<p>MAIS AGRICULTURA<\/p>\n<p>Defender o fortalecimento da agricultura familiar atrav\u00e9s da indica\u00e7\u00e3o para a melhoria das estradas da zona rural, melhorias no abastecimento de \u00e1gua pot\u00e1vel em locais deficit\u00e1rios e leis que fomentem a venda de produtos locais.<\/p>\n<p>MAIS MEIO AMBIENTE<\/p>\n<p>Criar e aprovar a pol\u00edtica municipal de educa\u00e7\u00e3o ambiental como um processo interdisciplinar de educa\u00e7\u00e3o que ultrapasse os muros das escolas e chegue aos bairros atrav\u00e9s das associa\u00e7\u00f5es, igrejas e demais entidades de mobiliza\u00e7\u00e3o de pessoas.<\/p>\n<p>MAIS SANEAMENTO<\/p>\n<p>Criar e aprovar o projeto MAIS SANEAMENTO com o Plano de combate \u00e0 polui\u00e7\u00e3o dos rios e do mar atrav\u00e9s da melhoria da coleta de lixo e amplia\u00e7\u00e3o da rede, coleta<\/p>\n<p>Criar e votar o Plano de arboriza\u00e7\u00e3o urbana planejada para S\u00e3o Lu\u00eds.<\/p>\n<p>MAIS SA\u00daDE<\/p>\n<p>Lutar pela reestrutura\u00e7\u00e3o da rede b\u00e1sica de sa\u00fade de S\u00e3o Lu\u00eds, que sofre com a falta de equipamentos e com a desvaloriza\u00e7\u00e3o profissional.<\/p>\n<p>Uma de nossas bandeiras de luta tamb\u00e9m ser\u00e1 a indica\u00e7\u00e3o para cria\u00e7\u00e3o de um centro de recebimento de animais de rua, com servi\u00e7os de castra\u00e7\u00e3o e cuidados para uma pr\u00e9-ado\u00e7\u00e3o. Como tamb\u00e9m dar um maior suporte para as institui\u00e7\u00f5es que j\u00e1 fazem um papel brilhante com esses animais,<\/p>\n<p>ESPORTE E LAZER<\/p>\n<p>Incentivar o esporte atrav\u00e9s de ajuda de custo permanente para os atletas de alto rendimento; Direcionar recursos para a revitaliza\u00e7\u00e3o das quadras de esportes e espa\u00e7os p\u00fablicos da nossa cidade; Fomentar a cria\u00e7\u00e3o de Escolinhas de Futebol Mistas nas comunidades, diminuindo assim, a situa\u00e7\u00e3o de vulnerabilidade das crian\u00e7as e adolescentes.<\/p>\n<p>MAIS EDUCA\u00c7\u00c3O<\/p>\n<p>S\u00e3o Luis, a Atenas brasileira, vem sofrendo ha d\u00e9cadas devido ao descaso com a educa\u00e7\u00e3o p\u00fablica municipal. A Educa\u00e7\u00e3o ser\u00e1 uma das nossas principais bandeiras de luta, como: -Constru\u00e7\u00e3o de novas escolas e creches comunit\u00e1rias de tempo integral<\/p>\n<p>Valoriza\u00e7\u00e3o do profissional da educa\u00e7\u00e3o; Garantia de fardamento para todos os alunos.<\/p>\n<p>Propor a vota\u00e7\u00e3o do projeto EU FA\u00c7O PARTE DESTA HIST\u00d3RIA, de difus\u00e3o de conhecimento da hist\u00f3ria de S\u00e3o Lu\u00eds e do Maranh\u00e3o e sua import\u00e2ncia para o Brasil e para o mundo.<\/p>\n<p>Iniciativas Culturais<\/p>\n<p>A cultura de uma sociedade \u00e9 um dos fortes pilares para o desenvolvimento. Por esse motivo, apoiamos mais de 30 iniciativas culturais, conhe\u00e7a um pouco mais sobre elas!<\/p>\n<p>Esporte<\/p>\n<p>O esporte tem papel fundamental na vida de crian\u00e7as, jovens e adultos, pois \u00e9 por meio dele que muitas fam\u00edlias garantem um novo sonho. O esporte \u00e9 resgate de uma dignidade e futuro, e s\u00f3 por meio de um esporte forte faremos o futuro \u00e9 agora! Conhe\u00e7a mais.<\/p>\n<p>Miss\u00e3o Calebe<\/p>\n<p>O maior projeto Evangel\u00edstico do mundo tamb\u00e9m est\u00e1 em S\u00e3o Lu\u00eds, e por meio do nosso apoio tem alcan\u00e7ado mais bairros e regi\u00f5es de S\u00e3o Lu\u00eds, um trabalho amplo e junto com a juventude!<\/p>\n<p>Projeto sou de cristo<\/p>\n<p>Atendendo a mais de 100 crian\u00e7as em diversas comunidades da zona rural de S\u00e3o Lu\u00eds, esse projeto ligado \u00e0 Assembleia de Deus d\u00e1 nova perspectiva para crian\u00e7as e adolescentes, evitando que caiam no submundo do tr\u00e1fico e do crime organizado. \u00c9 o resgate da dignidade e o amparar de uma inf\u00e2ncia com mais sonhos e esperan\u00e7a!<\/p>\n<p><img loading=\"lazy\" decoding=\"async\" class=\"wp-image-17593 alignnone size-full\" src=\"https:\/\/maranhaotv.com.br\/wp-content\/uploads\/2020\/12\/fb_img_16074571285815879401405430986492.jpg\" width=\"1080\" height=\"1080\"><\/p>\n<p><img loading=\"lazy\" decoding=\"async\" class=\"alignnone size-full wp-image-17594\" src=\"https:\/\/maranhaotv.com.br\/wp-content\/uploads\/2020\/12\/fb_img_16074571882964521569159728117287.jpg\" width=\"1081\" height=\"720\"><\/p>\n<p><em>Ribeiro Neto em campanha ao lado da esposa<\/em><\/p>\n","protected":false},"excerpt":{"rendered":"<p>Vereador eleito para a C\u00e2mara Municipal de S\u00e3o Lu\u00eds pelo PMN, Ribeiro Neto, teve \u00eaxito em sua primeira tentativa como<\/p>\n","protected":false},"author":2,"featured_media":17596,"comment_status":"open","ping_status":"open","sticky":false,"template":"","format":"standard","meta":{"colormag_page_container_layout":"default_layout","colormag_page_sidebar_layout":"default_layout","_jetpack_memberships_contains_paid_content":false,"footnotes":""},"categories":[2],"tags":[290,16,291],"class_list":["post-17591","post","type-post","status-publish","format-standard","has-post-thumbnail","hentry","category-noticias","tag-camara-municipal-de-sao-luis","tag-eleicoes-2020","tag-ribeiro-neto"],"magazineBlocksPostFeaturedMedia":{"thumbnail":false,"medium":false,"medium_large":false,"large":false,"1536x1536":false,"2048x2048":false,"colormag-highlighted-post":false,"colormag-featured-post-medium":false,"colormag-featured-post-small":false,"colormag-featured-image":false,"colormag-default-news":false,"colormag-featured-image-large":false},"magazineBlocksPostAuthor":{"name":"maranhaotv","avatar":"https:\/\/secure.gravatar.com\/avatar\/8fadbca458d4cb68b1dd399ae9a40618d747bb1af65ac9fad21c89220a143eb4?s=96&d=mm&r=g"},"magazineBlocksPostCommentsNumber":"0","magazineBlocksPostExcerpt":"Vereador eleito para a C\u00e2mara Municipal de S\u00e3o Lu\u00eds pelo PMN, Ribeiro Neto, teve \u00eaxito em sua primeira tentativa como","magazineBlocksPostCategories":["not\u00edcias"],"magazineBlocksPostViewCount":429,"magazineBlocksPostReadTime":5,"magazine_blocks_featured_image_url":{"full":false,"medium":false,"thumbnail":false},"magazine_blocks_author":{"display_name":"maranhaotv","author_link":"https:\/\/maranhaotv.com.br\/index.php\/author\/maranhaotv\/"},"magazine_blocks_comment":0,"magazine_blocks_author_image":"https:\/\/secure.gravatar.com\/avatar\/8fadbca458d4cb68b1dd399ae9a40618d747bb1af65ac9fad21c89220a143eb4?s=96&d=mm&r=g","magazine_blocks_category":"<a href=\"#\" class=\"category-link category-link-2\">not\u00edcias<\/a>","jetpack_featured_media_url":"","jetpack_sharing_enabled":true,"_links":{"self":[{"href":"https:\/\/maranhaotv.com.br\/index.php\/wp-json\/wp\/v2\/posts\/17591","targetHints":{"allow":["GET"]}}],"collection":[{"href":"https:\/\/maranhaotv.com.br\/index.php\/wp-json\/wp\/v2\/posts"}],"about":[{"href":"https:\/\/maranhaotv.com.br\/index.php\/wp-json\/wp\/v2\/types\/post"}],"author":[{"embeddable":true,"href":"https:\/\/maranhaotv.com.br\/index.php\/wp-json\/wp\/v2\/users\/2"}],"replies":[{"embeddable":true,"href":"https:\/\/maranhaotv.com.br\/index.php\/wp-json\/wp\/v2\/comments?post=17591"}],"version-history":[{"count":0,"href":"https:\/\/maranhaotv.com.br\/index.php\/wp-json\/wp\/v2\/posts\/17591\/revisions"}],"wp:featuredmedia":[{"embeddable":true,"href":"https:\/\/maranhaotv.com.br\/index.php\/wp-json\/"}],"wp:attachment":[{"href":"https:\/\/maranhaotv.com.br\/index.php\/wp-json\/wp\/v2\/media?parent=17591"}],"wp:term":[{"taxonomy":"category","embeddable":true,"href":"https:\/\/maranhaotv.com.br\/index.php\/wp-json\/wp\/v2\/categories?post=17591"},{"taxonomy":"post_tag","embeddable":true,"href":"https:\/\/maranhaotv.com.br\/index.php\/wp-json\/wp\/v2\/tags?post=17591"}],"curies":[{"name":"wp","href":"https:\/\/api.w.org\/{rel}","templated":true}]}}