{"id":17605,"date":"2020-12-09T08:31:07","date_gmt":"2020-12-09T11:31:07","guid":{"rendered":"https:\/\/maranhaotv.com.br\/index.php\/2020\/12\/09\/policia-federal-deflagra-operacao-que-investiga-venda-de-emendas-parlamentares-no-maranhao\/"},"modified":"2020-12-09T08:31:07","modified_gmt":"2020-12-09T11:31:07","slug":"policia-federal-deflagra-operacao-que-investiga-venda-de-emendas-parlamentares-no-maranhao","status":"publish","type":"post","link":"https:\/\/maranhaotv.com.br\/index.php\/2020\/12\/09\/policia-federal-deflagra-operacao-que-investiga-venda-de-emendas-parlamentares-no-maranhao\/","title":{"rendered":"Pol\u00edcia Federal deflagra opera\u00e7\u00e3o que investiga venda de emendas parlamentares no Maranh\u00e3o"},"content":{"rendered":"\n<p>A Pol\u00edcia Federal deflagrou, nesta quarta-feira (9), a Opera\u00e7\u00e3o Descalabro, que apura suposto esquema criminoso no Maranh\u00e3o voltado ao desvio de recursos p\u00fablicos, da \u00e1rea da sa\u00fade, por meio do direcionamento de licita\u00e7\u00f5es. Estima-se que a fraude pode ter gerado preju\u00edzo de R$ 15 milh\u00f5es aos cofres p\u00fablicos.<br><br>Segundo a PF, um Deputado Federal do Estado do Maranh\u00e3o teria desviado dinheiro de suas emendas parlamentares \u00e0 \u00e1rea da sa\u00fade, de abril a dezembro de 2020.<br><br>Segundo apurado pela Pol\u00edcia Federal, o Deputado destinou emendas parlamentares, no montante R$ 15 milh\u00f5es, para os munic\u00edpios do interior do Estado do Maranh\u00e3o, seu reduto eleitoral. Os Fundos Municipais de Sa\u00fade, ao receberam os recursos, firmaram contratos fict\u00edcios com empresas \u201cde fachada\u201d, pertencentes ao Deputado, que est\u00e3o em nome de interpostas pessoas, desviando, assim, o dinheiro p\u00fablico. Posteriormente essas empresas efetuaram saques em esp\u00e9cie e o dinheiro era entregue ao Deputado, no seu escrit\u00f3rio regional parlamentar em S\u00e3o Lu\u00eds.<br><br>Em uma investiga\u00e7\u00e3o iniciada pela Pol\u00edcia Federal, quatro meses atr\u00e1s, conseguiu-se n\u00e3o apenas constatar os desvios, como tamb\u00e9m acompanhar os saques e realizar o registro de \u00e1udio e v\u00eddeo da distribui\u00e7\u00e3o dos valores no escrit\u00f3rio regional do parlamentar.<br><br>A investiga\u00e7\u00e3o corre em sigilo perante o Supremo Tribunal Federal.<br><br>O Ministro Ricardo Lewandowski autorizou o cumprimento de 27 de mandados de busca e apreens\u00e3o na cidade de S\u00e3o Lu\u00eds e no interior do Maranh\u00e3o, determinando o bloqueio de mais de R$ 6 milh\u00f5es em patrim\u00f4nio do parlamentar federal, entre outras medidas diversas da pris\u00e3o.<br><br>O trabalho conta com a participa\u00e7\u00e3o de 98 policiais federais. As penas se somadas podem chegar a 34 anos.<br><br>O nome da opera\u00e7\u00e3o foi dado em raz\u00e3o do preju\u00edzo causado aos cofres p\u00fablicos em plena \u00e9poca de pandemia.<\/p>\n","protected":false},"excerpt":{"rendered":"<p>A Pol\u00edcia Federal deflagrou, nesta quarta-feira (9), a Opera\u00e7\u00e3o Descalabro, que apura suposto esquema criminoso no Maranh\u00e3o voltado ao desvio<\/p>\n","protected":false},"author":2,"featured_media":17606,"comment_status":"open","ping_status":"open","sticky":false,"template":"","format":"standard","meta":{"colormag_page_container_layout":"default_layout","colormag_page_sidebar_layout":"default_layout","_jetpack_memberships_contains_paid_content":false,"footnotes":""},"categories":[2,3],"tags":[],"class_list":["post-17605","post","type-post","status-publish","format-standard","has-post-thumbnail","hentry","category-noticias","category-policial"],"magazineBlocksPostFeaturedMedia":{"thumbnail":false,"medium":false,"medium_large":false,"large":false,"1536x1536":false,"2048x2048":false,"colormag-highlighted-post":false,"colormag-featured-post-medium":false,"colormag-featured-post-small":false,"colormag-featured-image":false,"colormag-default-news":false,"colormag-featured-image-large":false},"magazineBlocksPostAuthor":{"name":"maranhaotv","avatar":"https:\/\/secure.gravatar.com\/avatar\/8fadbca458d4cb68b1dd399ae9a40618d747bb1af65ac9fad21c89220a143eb4?s=96&d=mm&r=g"},"magazineBlocksPostCommentsNumber":"0","magazineBlocksPostExcerpt":"A Pol\u00edcia Federal deflagrou, nesta quarta-feira (9), a Opera\u00e7\u00e3o Descalabro, que apura suposto esquema criminoso no Maranh\u00e3o voltado ao desvio","magazineBlocksPostCategories":["not\u00edcias","policial"],"magazineBlocksPostViewCount":187,"magazineBlocksPostReadTime":2,"magazine_blocks_featured_image_url":{"full":false,"medium":false,"thumbnail":false},"magazine_blocks_author":{"display_name":"maranhaotv","author_link":"https:\/\/maranhaotv.com.br\/index.php\/author\/maranhaotv\/"},"magazine_blocks_comment":0,"magazine_blocks_author_image":"https:\/\/secure.gravatar.com\/avatar\/8fadbca458d4cb68b1dd399ae9a40618d747bb1af65ac9fad21c89220a143eb4?s=96&d=mm&r=g","magazine_blocks_category":"<a href=\"#\" class=\"category-link category-link-2\">not\u00edcias<\/a> <a href=\"#\" class=\"category-link category-link-3\">policial<\/a>","jetpack_featured_media_url":"","jetpack_sharing_enabled":true,"_links":{"self":[{"href":"https:\/\/maranhaotv.com.br\/index.php\/wp-json\/wp\/v2\/posts\/17605","targetHints":{"allow":["GET"]}}],"collection":[{"href":"https:\/\/maranhaotv.com.br\/index.php\/wp-json\/wp\/v2\/posts"}],"about":[{"href":"https:\/\/maranhaotv.com.br\/index.php\/wp-json\/wp\/v2\/types\/post"}],"author":[{"embeddable":true,"href":"https:\/\/maranhaotv.com.br\/index.php\/wp-json\/wp\/v2\/users\/2"}],"replies":[{"embeddable":true,"href":"https:\/\/maranhaotv.com.br\/index.php\/wp-json\/wp\/v2\/comments?post=17605"}],"version-history":[{"count":0,"href":"https:\/\/maranhaotv.com.br\/index.php\/wp-json\/wp\/v2\/posts\/17605\/revisions"}],"wp:featuredmedia":[{"embeddable":true,"href":"https:\/\/maranhaotv.com.br\/index.php\/wp-json\/"}],"wp:attachment":[{"href":"https:\/\/maranhaotv.com.br\/index.php\/wp-json\/wp\/v2\/media?parent=17605"}],"wp:term":[{"taxonomy":"category","embeddable":true,"href":"https:\/\/maranhaotv.com.br\/index.php\/wp-json\/wp\/v2\/categories?post=17605"},{"taxonomy":"post_tag","embeddable":true,"href":"https:\/\/maranhaotv.com.br\/index.php\/wp-json\/wp\/v2\/tags?post=17605"}],"curies":[{"name":"wp","href":"https:\/\/api.w.org\/{rel}","templated":true}]}}