{"id":17622,"date":"2020-12-09T17:31:06","date_gmt":"2020-12-09T20:31:06","guid":{"rendered":"https:\/\/maranhaotv.com.br\/?p=17622"},"modified":"2020-12-09T17:31:06","modified_gmt":"2020-12-09T20:31:06","slug":"ministro-da-saude-declara-que-vacinacao-pode-comecar-neste-mes-se-laboratorio-adiantar-entrega-de-vacina-contra-covid-19","status":"publish","type":"post","link":"https:\/\/maranhaotv.com.br\/index.php\/2020\/12\/09\/ministro-da-saude-declara-que-vacinacao-pode-comecar-neste-mes-se-laboratorio-adiantar-entrega-de-vacina-contra-covid-19\/","title":{"rendered":"Ministro da Sa\u00fade declara que vacina\u00e7\u00e3o pode come\u00e7ar neste m\u00eas se laborat\u00f3rio adiantar entrega de vacina contra Covid-19"},"content":{"rendered":"<p>O ministro da Sa\u00fade, Eduardo Pazuello, afirmou em entrevista \u00e0 CNN Brasil transmitida nesta quarta-feira, 9, que o uso emergencial de uma vacina contra a covid-19 poderia acontecer ainda em dezembro se o governo federal fechar um contrato desse tipo com a Pfizer. \u201cSe a Pfizer conseguir autoriza\u00e7\u00e3o emergencial e nos adiantar alguma entrega, isso pode acontecer em janeiro, final de dezembro, em janeiro\u2026 Isso em quantidades pequenas, que s\u00e3o de uso emergencial\u201d, comentou. \u201cN\u00e3o \u00e9 uma campanha de vacina\u00e7\u00e3o.\u201d<\/p>\n<p>Segundo ele, \u00e9 \u201cbem prov\u00e1vel\u201d que, entre janeiro e fevereiro, o governo federal esteja vacinando a popula\u00e7\u00e3o do Pa\u00eds contra a covid-19.<\/p>\n<p>A declara\u00e7\u00e3o ocorreu 24 horas ap\u00f3s uma reuni\u00e3o do ministro com governadores, em que havia prometido come\u00e7ar a imuniza\u00e7\u00e3o no Brasil no fim de fevereiro.<\/p>\n<p>Em uma profus\u00e3o de condicionais, Pazuello explicou que, se a Pfizer, a AstraZeneca e o Instituto Butant\u00e3 conclu\u00edrem a fase 3 de testes ainda em dezembro e a Ag\u00eancia Nacional de Vigil\u00e2ncia Sanit\u00e1ria (Anvisa) der aval ao registro dos imunizantes em janeiro, o minist\u00e9rio ter\u00e1 recebido nesse m\u00eas 500 mil doses da primeira e 15 milh\u00f5es da segunda fabricante.<\/p>\n<p>\u201cSe observarmos isso, \u00e9 bem prov\u00e1vel que, entre janeiro e fevereiro, n\u00f3s estejamos vacinando a popula\u00e7\u00e3o brasileira\u201d, completou o ministro, que disse n\u00e3o saber o n\u00famero de doses da Coronavac que o Instituto Butant\u00e3 e a farmac\u00eautica chinesa Sinovac poderiam disponibilizar no primeiro m\u00eas do ano.<\/p>\n<p>Na ter\u00e7a-feira, 8, contudo, o presidente da Pfizer no Brasil, Carlos Murillo, disse que a empresa ser\u00e1 capaz de entregar, no primeiro trimestre de 2021, uma quantidade de vacinas contra covid-19 suficiente para imunizar somente 2 milh\u00f5es de brasileiros \u2013 o equivalente a 4 milh\u00f5es de doses, j\u00e1 que o produto \u00e9 administrado em duas doses.<\/p>\n<p>A informa\u00e7\u00e3o foi dada pelo executivo em uma reuni\u00e3o da comiss\u00e3o externa da C\u00e2mara que discute as a\u00e7\u00f5es de enfrentamento \u00e0 covid-19.<\/p>\n<p>Portal MA10<\/p>\n","protected":false},"excerpt":{"rendered":"<p>O ministro da Sa\u00fade, Eduardo Pazuello, afirmou em entrevista \u00e0 CNN Brasil transmitida nesta quarta-feira, 9, que o uso emergencial<\/p>\n","protected":false},"author":2,"featured_media":17621,"comment_status":"open","ping_status":"open","sticky":false,"template":"","format":"standard","meta":{"colormag_page_container_layout":"default_layout","colormag_page_sidebar_layout":"default_layout","_jetpack_memberships_contains_paid_content":false,"footnotes":""},"categories":[54],"tags":[],"class_list":["post-17622","post","type-post","status-publish","format-standard","has-post-thumbnail","hentry","category-saude"],"magazineBlocksPostFeaturedMedia":{"thumbnail":false,"medium":false,"medium_large":false,"large":false,"1536x1536":false,"2048x2048":false,"colormag-highlighted-post":false,"colormag-featured-post-medium":false,"colormag-featured-post-small":false,"colormag-featured-image":false,"colormag-default-news":false,"colormag-featured-image-large":false},"magazineBlocksPostAuthor":{"name":"maranhaotv","avatar":"https:\/\/secure.gravatar.com\/avatar\/8fadbca458d4cb68b1dd399ae9a40618d747bb1af65ac9fad21c89220a143eb4?s=96&d=mm&r=g"},"magazineBlocksPostCommentsNumber":"0","magazineBlocksPostExcerpt":"O ministro da Sa\u00fade, Eduardo Pazuello, afirmou em entrevista \u00e0 CNN Brasil transmitida nesta quarta-feira, 9, que o uso emergencial","magazineBlocksPostCategories":["sa\u00fade"],"magazineBlocksPostViewCount":203,"magazineBlocksPostReadTime":2,"magazine_blocks_featured_image_url":{"full":false,"medium":false,"thumbnail":false},"magazine_blocks_author":{"display_name":"maranhaotv","author_link":"https:\/\/maranhaotv.com.br\/index.php\/author\/maranhaotv\/"},"magazine_blocks_comment":0,"magazine_blocks_author_image":"https:\/\/secure.gravatar.com\/avatar\/8fadbca458d4cb68b1dd399ae9a40618d747bb1af65ac9fad21c89220a143eb4?s=96&d=mm&r=g","magazine_blocks_category":"<a href=\"#\" class=\"category-link category-link-54\">sa\u00fade<\/a>","jetpack_featured_media_url":"","jetpack_sharing_enabled":true,"_links":{"self":[{"href":"https:\/\/maranhaotv.com.br\/index.php\/wp-json\/wp\/v2\/posts\/17622","targetHints":{"allow":["GET"]}}],"collection":[{"href":"https:\/\/maranhaotv.com.br\/index.php\/wp-json\/wp\/v2\/posts"}],"about":[{"href":"https:\/\/maranhaotv.com.br\/index.php\/wp-json\/wp\/v2\/types\/post"}],"author":[{"embeddable":true,"href":"https:\/\/maranhaotv.com.br\/index.php\/wp-json\/wp\/v2\/users\/2"}],"replies":[{"embeddable":true,"href":"https:\/\/maranhaotv.com.br\/index.php\/wp-json\/wp\/v2\/comments?post=17622"}],"version-history":[{"count":0,"href":"https:\/\/maranhaotv.com.br\/index.php\/wp-json\/wp\/v2\/posts\/17622\/revisions"}],"wp:featuredmedia":[{"embeddable":true,"href":"https:\/\/maranhaotv.com.br\/index.php\/wp-json\/"}],"wp:attachment":[{"href":"https:\/\/maranhaotv.com.br\/index.php\/wp-json\/wp\/v2\/media?parent=17622"}],"wp:term":[{"taxonomy":"category","embeddable":true,"href":"https:\/\/maranhaotv.com.br\/index.php\/wp-json\/wp\/v2\/categories?post=17622"},{"taxonomy":"post_tag","embeddable":true,"href":"https:\/\/maranhaotv.com.br\/index.php\/wp-json\/wp\/v2\/tags?post=17622"}],"curies":[{"name":"wp","href":"https:\/\/api.w.org\/{rel}","templated":true}]}}