{"id":17646,"date":"2020-12-11T17:37:43","date_gmt":"2020-12-11T20:37:43","guid":{"rendered":"https:\/\/maranhaotv.com.br\/?p=17646"},"modified":"2020-12-11T17:37:43","modified_gmt":"2020-12-11T20:37:43","slug":"olinda-nova-do-ma-justica-suspende-concurso-publico-a-pedido-do-mpma","status":"publish","type":"post","link":"https:\/\/maranhaotv.com.br\/index.php\/2020\/12\/11\/olinda-nova-do-ma-justica-suspende-concurso-publico-a-pedido-do-mpma\/","title":{"rendered":"OLINDA NOVA DO MA &#8211; Justi\u00e7a suspende concurso p\u00fablico a pedido do MPMA"},"content":{"rendered":"<p>Em atendimento a pedido do Minist\u00e9rio P\u00fablico do Estado do Maranh\u00e3o, a Justi\u00e7a concedeu liminar, nesta quinta-feira, 10, para suspender a realiza\u00e7\u00e3o da prova objetiva do concurso p\u00fablico do Munic\u00edpio de Olinda Nova do Maranh\u00e3o, marcada para o domingo, dia 13. A medida foi motivada em virtude da pandemia da Covid-19 e o consequente risco de contamina\u00e7\u00e3o e dissemina\u00e7\u00e3o do v\u00edrus.<\/p>\n<p>A A\u00e7\u00e3o Civil P\u00fablica do MPMA foi formulada pela promotora de justi\u00e7a Nat\u00e1lia Luna Tavares. A decis\u00e3o judicial foi estabelecida pelo juiz titular da comarca de Olinda Nova do Maranh\u00e3o, Huggo Alves Albarelli Ferreira.<\/p>\n<p>A suspens\u00e3o do concurso, destinado ao provimento de vagas para os cargos p\u00fablicos efetivos de n\u00edveis fundamental, m\u00e9dio, m\u00e9dio t\u00e9cnico e superior, ficou estabelecida pelo prazo de seis meses ou at\u00e9 enquanto durar a pandemia. Em caso de descumprimento, poder\u00e1 ser aplicada multa no valor de R$ 100 mil contra o Munic\u00edpio e o prefeito de Olinda Nova do Maranh\u00e3o, Edson Barros Costa J\u00fanior.<\/p>\n<p>Ao justificar o requerimento, a representante do Minist\u00e9rio P\u00fablico afirmou que \u201c\u00e9 temer\u00e1ria a realiza\u00e7\u00e3o do certame p\u00fablico, que contar\u00e1 com imenso n\u00famero de participantes, advindos de v\u00e1rias regi\u00f5es do estado do Maranh\u00e3o, em meio \u00e0 atual circunst\u00e2ncia de calamidade p\u00fablica, especialmente tendo em vista que o pa\u00eds est\u00e1 a enfrentar uma segunda onda de contamina\u00e7\u00f5es\u201d.<\/p>\n<p>Para amparar juridicamente o pedido de suspens\u00e3o do concurso, foram citadas diversas normas de conten\u00e7\u00e3o e enfrentamento da Covid-19, nos \u00e2mbitos federal, estadual e municipal. A Lei Complementar n\u00ba 103, de 27 de maio de 2020, por exemplo, estabeleceu que a Uni\u00e3o, os Estados, o Distrito Federal e os Munic\u00edpios afetados pela calamidade p\u00fablica decorrente da pandemia da Covid\u201319 ficam proibidos, at\u00e9 31 de dezembro de 2021, de realizar concurso p\u00fablico, exceto para as reposi\u00e7\u00f5es de vac\u00e2ncia de cargos efetivos ou vital\u00edcios.<\/p>\n","protected":false},"excerpt":{"rendered":"<p>Em atendimento a pedido do Minist\u00e9rio P\u00fablico do Estado do Maranh\u00e3o, a Justi\u00e7a concedeu liminar, nesta quinta-feira, 10, para suspender<\/p>\n","protected":false},"author":2,"featured_media":17647,"comment_status":"open","ping_status":"open","sticky":false,"template":"","format":"standard","meta":{"colormag_page_container_layout":"default_layout","colormag_page_sidebar_layout":"default_layout","_jetpack_memberships_contains_paid_content":false,"footnotes":""},"categories":[2,8],"tags":[292,293],"class_list":["post-17646","post","type-post","status-publish","format-standard","has-post-thumbnail","hentry","category-noticias","category-servicos","tag-olinda-nova","tag-prefeito-costinha"],"magazineBlocksPostFeaturedMedia":{"thumbnail":false,"medium":false,"medium_large":false,"large":false,"1536x1536":false,"2048x2048":false,"colormag-highlighted-post":false,"colormag-featured-post-medium":false,"colormag-featured-post-small":false,"colormag-featured-image":false,"colormag-default-news":false,"colormag-featured-image-large":false},"magazineBlocksPostAuthor":{"name":"maranhaotv","avatar":"https:\/\/secure.gravatar.com\/avatar\/8fadbca458d4cb68b1dd399ae9a40618d747bb1af65ac9fad21c89220a143eb4?s=96&d=mm&r=g"},"magazineBlocksPostCommentsNumber":"0","magazineBlocksPostExcerpt":"Em atendimento a pedido do Minist\u00e9rio P\u00fablico do Estado do Maranh\u00e3o, a Justi\u00e7a concedeu liminar, nesta quinta-feira, 10, para suspender","magazineBlocksPostCategories":["not\u00edcias","servi\u00e7os"],"magazineBlocksPostViewCount":313,"magazineBlocksPostReadTime":2,"magazine_blocks_featured_image_url":{"full":false,"medium":false,"thumbnail":false},"magazine_blocks_author":{"display_name":"maranhaotv","author_link":"https:\/\/maranhaotv.com.br\/index.php\/author\/maranhaotv\/"},"magazine_blocks_comment":0,"magazine_blocks_author_image":"https:\/\/secure.gravatar.com\/avatar\/8fadbca458d4cb68b1dd399ae9a40618d747bb1af65ac9fad21c89220a143eb4?s=96&d=mm&r=g","magazine_blocks_category":"<a href=\"#\" class=\"category-link category-link-2\">not\u00edcias<\/a> <a href=\"#\" class=\"category-link category-link-8\">servi\u00e7os<\/a>","jetpack_featured_media_url":"","jetpack_sharing_enabled":true,"_links":{"self":[{"href":"https:\/\/maranhaotv.com.br\/index.php\/wp-json\/wp\/v2\/posts\/17646","targetHints":{"allow":["GET"]}}],"collection":[{"href":"https:\/\/maranhaotv.com.br\/index.php\/wp-json\/wp\/v2\/posts"}],"about":[{"href":"https:\/\/maranhaotv.com.br\/index.php\/wp-json\/wp\/v2\/types\/post"}],"author":[{"embeddable":true,"href":"https:\/\/maranhaotv.com.br\/index.php\/wp-json\/wp\/v2\/users\/2"}],"replies":[{"embeddable":true,"href":"https:\/\/maranhaotv.com.br\/index.php\/wp-json\/wp\/v2\/comments?post=17646"}],"version-history":[{"count":0,"href":"https:\/\/maranhaotv.com.br\/index.php\/wp-json\/wp\/v2\/posts\/17646\/revisions"}],"wp:featuredmedia":[{"embeddable":true,"href":"https:\/\/maranhaotv.com.br\/index.php\/wp-json\/"}],"wp:attachment":[{"href":"https:\/\/maranhaotv.com.br\/index.php\/wp-json\/wp\/v2\/media?parent=17646"}],"wp:term":[{"taxonomy":"category","embeddable":true,"href":"https:\/\/maranhaotv.com.br\/index.php\/wp-json\/wp\/v2\/categories?post=17646"},{"taxonomy":"post_tag","embeddable":true,"href":"https:\/\/maranhaotv.com.br\/index.php\/wp-json\/wp\/v2\/tags?post=17646"}],"curies":[{"name":"wp","href":"https:\/\/api.w.org\/{rel}","templated":true}]}}