{"id":18560,"date":"2021-01-16T08:34:43","date_gmt":"2021-01-16T11:34:43","guid":{"rendered":"https:\/\/maranhaotv.com.br\/?p=18560"},"modified":"2021-01-16T08:34:43","modified_gmt":"2021-01-16T11:34:43","slug":"crise-de-manaus-comove-brasil-e-panelaco-ressurge-forte-contra-bolsonaro","status":"publish","type":"post","link":"https:\/\/maranhaotv.com.br\/index.php\/2021\/01\/16\/crise-de-manaus-comove-brasil-e-panelaco-ressurge-forte-contra-bolsonaro\/","title":{"rendered":"Crise de Manaus comove Brasil e panela\u00e7o ressurge forte contra Bolsonaro"},"content":{"rendered":"<h4>A crise sem precedentes no Amazonas reacendeu uma pr\u00e1tica que se popularizou no come\u00e7o da pandemia<\/h4>\n<p>A crise sem precedentes no Amazonas reacendeu uma pr\u00e1tica que se popularizou no come\u00e7o da pandemia, os panela\u00e7os contra o Governo Bolsonaro. Marcado para \u00e0s 20h30 desta sexta-feira, o protesto come\u00e7ou minutos mais cedo em algumas regi\u00f5es da cidade de S\u00e3o Paulo, como o Centro e o bairro de Santa Cec\u00edlia e Perdizes. Tamb\u00e9m houve manifesta\u00e7\u00e3o em Bras\u00edlia, no Rio e em Fortaleza.<\/p>\n<p>Durante a sexta-feira, houve mobiliza\u00e7\u00e3o nas redes sociais para chamar para a manifesta\u00e7\u00e3o, com participa\u00e7\u00e3o at\u00e9 de nomes menos \u00f3bvios, como o apresentador da TV Globo e aspirante a candidato presidencial, Luciano Huck.<\/p>\n<p>A nova onda do barulho de panelas expressa tanto a indigna\u00e7\u00e3o pela gest\u00e3o de Jair Bolsonaro na pandemia como a busca de caminhos pela oposi\u00e7\u00e3o e parte da sociedade civil para fazer o Governo respons\u00e1vel pela situa\u00e7\u00e3o ca\u00f3tica sanit\u00e1ria do pa\u00eds. A sa\u00edda pol\u00edtica para punir o Planalto, o impeachment, segue bloqueada no Congresso. Apesar do recente tom belicoso do presidente da C\u00e2mara, Rodrigo Maia, contra Bolsonaro, o pol\u00edtico do DEM se recusou a levar adiante qualquer pedido de impeachment contra o ex-capit\u00e3o do Ex\u00e9rcito e seu mandato termina em fevereiro.<\/p>\n<p>Pesquisas de opini\u00e3o apontam que Governo ainda tem apoio de cerca de um ter\u00e7o da popula\u00e7\u00e3o, as o ano come\u00e7a sob tens\u00e3o, com a expectativa do aprofundamento da crise econ\u00f4mica com o fim do pagamento do aux\u00edlio emergencial.<\/p>\n","protected":false},"excerpt":{"rendered":"<p>A crise sem precedentes no Amazonas reacendeu uma pr\u00e1tica que se popularizou no come\u00e7o da pandemia A crise sem precedentes<\/p>\n","protected":false},"author":2,"featured_media":18559,"comment_status":"open","ping_status":"open","sticky":false,"template":"","format":"standard","meta":{"colormag_page_container_layout":"default_layout","colormag_page_sidebar_layout":"default_layout","_jetpack_memberships_contains_paid_content":false,"footnotes":""},"categories":[2,6],"tags":[],"class_list":["post-18560","post","type-post","status-publish","format-standard","has-post-thumbnail","hentry","category-noticias","category-politica"],"magazineBlocksPostFeaturedMedia":{"thumbnail":false,"medium":false,"medium_large":false,"large":false,"1536x1536":false,"2048x2048":false,"colormag-highlighted-post":false,"colormag-featured-post-medium":false,"colormag-featured-post-small":false,"colormag-featured-image":false,"colormag-default-news":false,"colormag-featured-image-large":false},"magazineBlocksPostAuthor":{"name":"maranhaotv","avatar":"https:\/\/secure.gravatar.com\/avatar\/8fadbca458d4cb68b1dd399ae9a40618d747bb1af65ac9fad21c89220a143eb4?s=96&d=mm&r=g"},"magazineBlocksPostCommentsNumber":"0","magazineBlocksPostExcerpt":"A crise sem precedentes no Amazonas reacendeu uma pr\u00e1tica que se popularizou no come\u00e7o da pandemia A crise sem precedentes","magazineBlocksPostCategories":["not\u00edcias","pol\u00edtica"],"magazineBlocksPostViewCount":238,"magazineBlocksPostReadTime":2,"magazine_blocks_featured_image_url":{"full":false,"medium":false,"thumbnail":false},"magazine_blocks_author":{"display_name":"maranhaotv","author_link":"https:\/\/maranhaotv.com.br\/index.php\/author\/maranhaotv\/"},"magazine_blocks_comment":0,"magazine_blocks_author_image":"https:\/\/secure.gravatar.com\/avatar\/8fadbca458d4cb68b1dd399ae9a40618d747bb1af65ac9fad21c89220a143eb4?s=96&d=mm&r=g","magazine_blocks_category":"<a href=\"#\" class=\"category-link category-link-2\">not\u00edcias<\/a> <a href=\"#\" class=\"category-link category-link-6\">pol\u00edtica<\/a>","jetpack_featured_media_url":"","jetpack_sharing_enabled":true,"_links":{"self":[{"href":"https:\/\/maranhaotv.com.br\/index.php\/wp-json\/wp\/v2\/posts\/18560","targetHints":{"allow":["GET"]}}],"collection":[{"href":"https:\/\/maranhaotv.com.br\/index.php\/wp-json\/wp\/v2\/posts"}],"about":[{"href":"https:\/\/maranhaotv.com.br\/index.php\/wp-json\/wp\/v2\/types\/post"}],"author":[{"embeddable":true,"href":"https:\/\/maranhaotv.com.br\/index.php\/wp-json\/wp\/v2\/users\/2"}],"replies":[{"embeddable":true,"href":"https:\/\/maranhaotv.com.br\/index.php\/wp-json\/wp\/v2\/comments?post=18560"}],"version-history":[{"count":0,"href":"https:\/\/maranhaotv.com.br\/index.php\/wp-json\/wp\/v2\/posts\/18560\/revisions"}],"wp:featuredmedia":[{"embeddable":true,"href":"https:\/\/maranhaotv.com.br\/index.php\/wp-json\/"}],"wp:attachment":[{"href":"https:\/\/maranhaotv.com.br\/index.php\/wp-json\/wp\/v2\/media?parent=18560"}],"wp:term":[{"taxonomy":"category","embeddable":true,"href":"https:\/\/maranhaotv.com.br\/index.php\/wp-json\/wp\/v2\/categories?post=18560"},{"taxonomy":"post_tag","embeddable":true,"href":"https:\/\/maranhaotv.com.br\/index.php\/wp-json\/wp\/v2\/tags?post=18560"}],"curies":[{"name":"wp","href":"https:\/\/api.w.org\/{rel}","templated":true}]}}