{"id":18655,"date":"2021-01-20T21:41:14","date_gmt":"2021-01-21T00:41:14","guid":{"rendered":"https:\/\/maranhaotv.com.br\/?p=18655"},"modified":"2021-01-20T21:41:14","modified_gmt":"2021-01-21T00:41:14","slug":"vereador-ribeiro-neto-visita-centro-municipal-de-vacinacao-contra-covid-19","status":"publish","type":"post","link":"https:\/\/maranhaotv.com.br\/index.php\/2021\/01\/20\/vereador-ribeiro-neto-visita-centro-municipal-de-vacinacao-contra-covid-19\/","title":{"rendered":"Vereador Ribeiro Neto visita Centro Municipal de Vacina\u00e7\u00e3o contra Covid-19"},"content":{"rendered":"<p>A vacina\u00e7\u00e3o contra a Covid-19 come\u00e7ou em S\u00e3o Lu\u00eds e nesta quarta-feira (20), o vereador Ribeiro Neto (PMN) acompanhou a aplica\u00e7\u00e3o das doses da vacina no Centro Municipal de Vacina\u00e7\u00e3o, localizado no Multicenter Sebrae.<\/p>\n<p>As 26.572 unidades dos imunizantes entregues no munic\u00edpio ser\u00e3o aplicadas nesse momento em profissionais de sa\u00fade e idosos que residem em abrigos.<\/p>\n<p>Ribeiro Neto parabenizou o secret\u00e1rio municipal de sa\u00fade, Dr\u00b0 Joel Nunes, devido a organiza\u00e7\u00e3o do local disponibilizado para acolher os cidad\u00e3os, e destacou tamb\u00e9m o profissionalismo de toda a equipe de sa\u00fade empenhada nesse processo t\u00e3o importante para a sociedade.<\/p>\n<p>&#8220;Hoje visitei o centro municipal de vacina\u00e7\u00e3o contra a COVID-19.<br \/>\nNa presen\u00e7a do secret\u00e1rio de sa\u00fade, Dr\u00b0 Joel Nunes, a quem parabenizo de antem\u00e3o, pude constatar a organiza\u00e7\u00e3o e o profissionalismo com os quais a equipe vem conduzindo esse processo t\u00e3o importante para S\u00e3o Lu\u00eds!<br \/>\nAp\u00f3s os nossos profissionais da sa\u00fade serem vacinados, iniciaremos a etapa de imuniza\u00e7\u00e3o da popula\u00e7\u00e3o. Durante esse per\u00edodo, minhas redes sociais estar\u00e3o dedicadas principalmente para a ampla informa\u00e7\u00e3o do cidad\u00e3o quanto a esse momento t\u00e3o importante em defesa da vida.&#8221;<\/p>\n<p>O centro foi inaugurado nesta \u00faltima ter\u00e7a-feira (19) pelo prefeito Eduardo Braide, o local pode vacinar at\u00e9 200 pessoas por hora e at\u00e9 atender at\u00e9 2 mil por dia.<\/p>\n<p><img loading=\"lazy\" decoding=\"async\" src=\"https:\/\/maranhaotv.com.br\/wp-content\/uploads\/2021\/01\/img-20210120-wa04212635702281451762784.jpg\" class=\"wp-image-18654 failed alignnone size-full\" width=\"1280\" height=\"958\"><\/p>\n<p><img loading=\"lazy\" decoding=\"async\" src=\"https:\/\/maranhaotv.com.br\/wp-content\/uploads\/2021\/01\/img-20210120-wa04208683493405052921649.jpg\" class=\"alignnone size-full wp-image-18651\" width=\"1280\" height=\"853\"><\/p>\n<p><img loading=\"lazy\" decoding=\"async\" src=\"https:\/\/maranhaotv.com.br\/wp-content\/uploads\/2021\/01\/img-20210120-wa03525170757679498508729.jpg\" class=\"failed wp-image-18653 alignnone size-full\" width=\"1280\" height=\"958\"><\/p>\n<p><img loading=\"lazy\" decoding=\"async\" src=\"https:\/\/maranhaotv.com.br\/wp-content\/uploads\/2021\/01\/img-20210120-wa0349345513099578922126.jpg\" class=\"wp-image-18652 alignnone size-full\" width=\"1280\" height=\"958\"><\/p>\n","protected":false},"excerpt":{"rendered":"<p>A vacina\u00e7\u00e3o contra a Covid-19 come\u00e7ou em S\u00e3o Lu\u00eds e nesta quarta-feira (20), o vereador Ribeiro Neto (PMN) acompanhou a<\/p>\n","protected":false},"author":2,"featured_media":18656,"comment_status":"open","ping_status":"open","sticky":false,"template":"","format":"standard","meta":{"colormag_page_container_layout":"default_layout","colormag_page_sidebar_layout":"default_layout","_jetpack_memberships_contains_paid_content":false,"footnotes":""},"categories":[2],"tags":[],"class_list":["post-18655","post","type-post","status-publish","format-standard","has-post-thumbnail","hentry","category-noticias"],"magazineBlocksPostFeaturedMedia":{"thumbnail":false,"medium":false,"medium_large":false,"large":false,"1536x1536":false,"2048x2048":false,"colormag-highlighted-post":false,"colormag-featured-post-medium":false,"colormag-featured-post-small":false,"colormag-featured-image":false,"colormag-default-news":false,"colormag-featured-image-large":false},"magazineBlocksPostAuthor":{"name":"maranhaotv","avatar":"https:\/\/secure.gravatar.com\/avatar\/8fadbca458d4cb68b1dd399ae9a40618d747bb1af65ac9fad21c89220a143eb4?s=96&d=mm&r=g"},"magazineBlocksPostCommentsNumber":"0","magazineBlocksPostExcerpt":"A vacina\u00e7\u00e3o contra a Covid-19 come\u00e7ou em S\u00e3o Lu\u00eds e nesta quarta-feira (20), o vereador Ribeiro Neto (PMN) acompanhou a","magazineBlocksPostCategories":["not\u00edcias"],"magazineBlocksPostViewCount":217,"magazineBlocksPostReadTime":2,"magazine_blocks_featured_image_url":{"full":false,"medium":false,"thumbnail":false},"magazine_blocks_author":{"display_name":"maranhaotv","author_link":"https:\/\/maranhaotv.com.br\/index.php\/author\/maranhaotv\/"},"magazine_blocks_comment":0,"magazine_blocks_author_image":"https:\/\/secure.gravatar.com\/avatar\/8fadbca458d4cb68b1dd399ae9a40618d747bb1af65ac9fad21c89220a143eb4?s=96&d=mm&r=g","magazine_blocks_category":"<a href=\"#\" class=\"category-link category-link-2\">not\u00edcias<\/a>","jetpack_featured_media_url":"","jetpack_sharing_enabled":true,"_links":{"self":[{"href":"https:\/\/maranhaotv.com.br\/index.php\/wp-json\/wp\/v2\/posts\/18655","targetHints":{"allow":["GET"]}}],"collection":[{"href":"https:\/\/maranhaotv.com.br\/index.php\/wp-json\/wp\/v2\/posts"}],"about":[{"href":"https:\/\/maranhaotv.com.br\/index.php\/wp-json\/wp\/v2\/types\/post"}],"author":[{"embeddable":true,"href":"https:\/\/maranhaotv.com.br\/index.php\/wp-json\/wp\/v2\/users\/2"}],"replies":[{"embeddable":true,"href":"https:\/\/maranhaotv.com.br\/index.php\/wp-json\/wp\/v2\/comments?post=18655"}],"version-history":[{"count":0,"href":"https:\/\/maranhaotv.com.br\/index.php\/wp-json\/wp\/v2\/posts\/18655\/revisions"}],"wp:featuredmedia":[{"embeddable":true,"href":"https:\/\/maranhaotv.com.br\/index.php\/wp-json\/"}],"wp:attachment":[{"href":"https:\/\/maranhaotv.com.br\/index.php\/wp-json\/wp\/v2\/media?parent=18655"}],"wp:term":[{"taxonomy":"category","embeddable":true,"href":"https:\/\/maranhaotv.com.br\/index.php\/wp-json\/wp\/v2\/categories?post=18655"},{"taxonomy":"post_tag","embeddable":true,"href":"https:\/\/maranhaotv.com.br\/index.php\/wp-json\/wp\/v2\/tags?post=18655"}],"curies":[{"name":"wp","href":"https:\/\/api.w.org\/{rel}","templated":true}]}}