{"id":18664,"date":"2021-01-21T14:10:57","date_gmt":"2021-01-21T17:10:57","guid":{"rendered":"https:\/\/maranhaotv.com.br\/?p=18664"},"modified":"2021-01-21T14:10:57","modified_gmt":"2021-01-21T17:10:57","slug":"deputado-wellington-se-reune-com-moradores-e-donos-de-bares-prejudicados-com-o-atraso-na-obra-da-litoranea","status":"publish","type":"post","link":"https:\/\/maranhaotv.com.br\/index.php\/2021\/01\/21\/deputado-wellington-se-reune-com-moradores-e-donos-de-bares-prejudicados-com-o-atraso-na-obra-da-litoranea\/","title":{"rendered":"Deputado Wellington se re\u00fane com moradores e donos de bares prejudicados com o atraso na obra da Litor\u00e2nea"},"content":{"rendered":"<p>O deputado estadual Wellington do Curso se reuniu com moradores e, tamb\u00e9m, donos de bares e restaurantes do Olho d\u2019\u00c1gua, que foram prejudicados com a obra e consequentemente com atraso no prazo de entrega do prolongamento da Avenida Litor\u00e2nea. A obra, que j\u00e1 deveria ter sido finalizada desde 2019, tem implicado em consequ\u00eancias negativas \u00e0s pessoas, que sofrem com a poeira e com o impedimento de realizar suas atividades em ambiente de trabalho.<\/p>\n<p>Na reuni\u00e3o, o deputado Wellington do Curso ouviu os relatos de moradores e est\u00e1 agendando por meio da AssembleiaLegislativa, uma Audi\u00eancia P\u00fablica com o participa\u00e7\u00e3o da Ag\u00eancia Estadual de Mobilidade Urbana e Servi\u00e7os P\u00fablicos, Defensoria P\u00fablica, Minist\u00e9rio P\u00fablico e com o Superintendente de Patrim\u00f4nio da Uni\u00e3o para discutir sobre a obra e problemas que afetam a situa\u00e7\u00e3o dos moradores, que aguardam uma solu\u00e7\u00e3o desde dezembro de 2019.<\/p>\n<blockquote><p>\u201cRealizamos, mais  uma reunia\u0303o com moradores, donos de bares e restaurantes do Olho d&#8217;A\u0301gua que foram afetados negativamente com as obras de ampliac\u0327a\u0303o da Avenida Litora\u0302nea e consequentemente com o atraso no prazo de entrega da obra. Na\u0303o somos contra o desenvolvimento e muito menos contra a ampliac\u0327a\u0303o (prolongamento) da Avenida Litor\u00e2nea. No entanto, essa obra, que deveria ter sido finalizada em 2019, agora se arrasta e quem sofre com a poeira ou paralisa\u00e7\u00e3o dos seus pontos de trabalho \u00e9 a popula\u00e7\u00e3o. E agora com<br \/>\nO per\u00edodo de chu\u00e7a a tendencia \u00e9 agravar ainda mais os problemas. Esse \u00e9 s\u00f3 mais um descaso da gest\u00e3o do governador Fl\u00e1vio Dino, que n\u00e3o tem transpar\u00eancia e mentiu v\u00e1rias vezes para os moradores do Olho dagua. Realizaremos uma audi\u00eancia p\u00fablica para discutir os impactos dessa obra. Como deputado estadual, o que podemos fazer \u00e9 fiscalizar! Estamos apenas cumprindo com nossa atribui\u00e7\u00e3o\u201d, disse o deputado Wellington.<\/p><\/blockquote>\n<div class=\"jetpack-video-wrapper\"><iframe loading=\"lazy\" title=\"Deputado Wellington em a\u00e7\u00e3o\" width=\"800\" height=\"450\" src=\"https:\/\/www.youtube.com\/embed\/djgi-1uUXL8?feature=oembed\" frameborder=\"0\" allow=\"accelerometer; autoplay; clipboard-write; encrypted-media; gyroscope; picture-in-picture; web-share\" referrerpolicy=\"strict-origin-when-cross-origin\" allowfullscreen><\/iframe><\/div>\n","protected":false},"excerpt":{"rendered":"<p>O deputado estadual Wellington do Curso se reuniu com moradores e, tamb\u00e9m, donos de bares e restaurantes do Olho d\u2019\u00c1gua,<\/p>\n","protected":false},"author":2,"featured_media":18666,"comment_status":"open","ping_status":"open","sticky":false,"template":"","format":"standard","meta":{"colormag_page_container_layout":"default_layout","colormag_page_sidebar_layout":"default_layout","_jetpack_memberships_contains_paid_content":false,"footnotes":""},"categories":[6],"tags":[22],"class_list":["post-18664","post","type-post","status-publish","format-standard","has-post-thumbnail","hentry","category-politica","tag-wellington-do-curso"],"magazineBlocksPostFeaturedMedia":{"thumbnail":false,"medium":false,"medium_large":false,"large":false,"1536x1536":false,"2048x2048":false,"colormag-highlighted-post":false,"colormag-featured-post-medium":false,"colormag-featured-post-small":false,"colormag-featured-image":false,"colormag-default-news":false,"colormag-featured-image-large":false},"magazineBlocksPostAuthor":{"name":"maranhaotv","avatar":"https:\/\/secure.gravatar.com\/avatar\/8fadbca458d4cb68b1dd399ae9a40618d747bb1af65ac9fad21c89220a143eb4?s=96&d=mm&r=g"},"magazineBlocksPostCommentsNumber":"0","magazineBlocksPostExcerpt":"O deputado estadual Wellington do Curso se reuniu com moradores e, tamb\u00e9m, donos de bares e restaurantes do Olho d\u2019\u00c1gua,","magazineBlocksPostCategories":["pol\u00edtica"],"magazineBlocksPostViewCount":168,"magazineBlocksPostReadTime":2,"magazine_blocks_featured_image_url":{"full":false,"medium":false,"thumbnail":false},"magazine_blocks_author":{"display_name":"maranhaotv","author_link":"https:\/\/maranhaotv.com.br\/index.php\/author\/maranhaotv\/"},"magazine_blocks_comment":0,"magazine_blocks_author_image":"https:\/\/secure.gravatar.com\/avatar\/8fadbca458d4cb68b1dd399ae9a40618d747bb1af65ac9fad21c89220a143eb4?s=96&d=mm&r=g","magazine_blocks_category":"<a href=\"#\" class=\"category-link category-link-6\">pol\u00edtica<\/a>","jetpack_featured_media_url":"","jetpack_sharing_enabled":true,"_links":{"self":[{"href":"https:\/\/maranhaotv.com.br\/index.php\/wp-json\/wp\/v2\/posts\/18664","targetHints":{"allow":["GET"]}}],"collection":[{"href":"https:\/\/maranhaotv.com.br\/index.php\/wp-json\/wp\/v2\/posts"}],"about":[{"href":"https:\/\/maranhaotv.com.br\/index.php\/wp-json\/wp\/v2\/types\/post"}],"author":[{"embeddable":true,"href":"https:\/\/maranhaotv.com.br\/index.php\/wp-json\/wp\/v2\/users\/2"}],"replies":[{"embeddable":true,"href":"https:\/\/maranhaotv.com.br\/index.php\/wp-json\/wp\/v2\/comments?post=18664"}],"version-history":[{"count":0,"href":"https:\/\/maranhaotv.com.br\/index.php\/wp-json\/wp\/v2\/posts\/18664\/revisions"}],"wp:featuredmedia":[{"embeddable":true,"href":"https:\/\/maranhaotv.com.br\/index.php\/wp-json\/"}],"wp:attachment":[{"href":"https:\/\/maranhaotv.com.br\/index.php\/wp-json\/wp\/v2\/media?parent=18664"}],"wp:term":[{"taxonomy":"category","embeddable":true,"href":"https:\/\/maranhaotv.com.br\/index.php\/wp-json\/wp\/v2\/categories?post=18664"},{"taxonomy":"post_tag","embeddable":true,"href":"https:\/\/maranhaotv.com.br\/index.php\/wp-json\/wp\/v2\/tags?post=18664"}],"curies":[{"name":"wp","href":"https:\/\/api.w.org\/{rel}","templated":true}]}}