{"id":19463,"date":"2021-03-01T19:39:40","date_gmt":"2021-03-01T22:39:40","guid":{"rendered":"https:\/\/maranhaotv.com.br\/?p=19463"},"modified":"2021-03-01T19:39:40","modified_gmt":"2021-03-01T22:39:40","slug":"ribeiro-neto-e-umbelino-jr-lancam-pre-candidaturas-a-deputado-estadual-e-deputado-federal","status":"publish","type":"post","link":"https:\/\/maranhaotv.com.br\/index.php\/2021\/03\/01\/ribeiro-neto-e-umbelino-jr-lancam-pre-candidaturas-a-deputado-estadual-e-deputado-federal\/","title":{"rendered":"Ribeiro Neto e Umbelino Jr lan\u00e7am pr\u00e9-candidaturas a deputado estadual e deputado federal"},"content":{"rendered":"<p>Os vereadores Umbelino J\u00fanior (PRTB) e Ribeiro Neto (PMN), da capital S\u00e3o Lu\u00eds, lan\u00e7aram publicamente suas pr\u00e9-candidaturas a deputado federal e deputado estadual, respectivamente.<\/p>\n<p>O evento, realizado ontem, na verdade teve como foco principal o projeto de Umbelino, que mira, a partir de agora, na C\u00e2mara Federal.<\/p>\n<p>Na oportunidade, o parlamentar aproveitou para anunciar uma esp\u00e9cie de dobradinha com Ribeiro Neto, que tentar\u00e1 chegar na Assembleia Legislativa ano que vem. Ribeiro que teve vota\u00e7\u00e3o expressiva e se elegeu na primeira tentativa, j\u00e1 vem se destacando na C\u00e2mara de Vereadores.<\/p>\n<p>No Parlamento de S\u00e3o Lu\u00eds, outros nomes tamb\u00e9m j\u00e1 se movimentam em rela\u00e7\u00e3o ao pleito proporcional de 2022.<\/p>\n<p>O presidente da Casa, vereador Osmar Filho (PDT), \u00e9 pr\u00e9-candidato a deputado estadual e considerado um dos nomes fortes para carimbar uma das 42 vagas.<\/p>\n<p>Outro que tamb\u00e9m surge com for\u00e7a \u00e9 o vereador Marcial Lima (Podemos), hoje l\u00edder do governo Eduardo Braide e que, al\u00e9m de S\u00e3o Lu\u00eds, possui consider\u00e1vel penetra\u00e7\u00e3o em Graja\u00fa e cidades vizinhas.<\/p>\n<p><img loading=\"lazy\" decoding=\"async\" src=\"https:\/\/maranhaotv.com.br\/wp-content\/uploads\/2021\/03\/cc90b661-ba3e-4920-a94c-5cce5abbfb3d-768x512-11145096621052077049.jpg\" class=\"wp-image-19458 alignnone size-full\" width=\"768\" height=\"512\" data-temp-aztec-id=\"9cc96680-7237-48db-a0f7-3ba9b99c17c1\"><\/p>\n<p>Umbelino Jr e Ribeiro Neto, numa dobradinha em 2022<\/p>\n<p><img loading=\"lazy\" decoding=\"async\" src=\"https:\/\/maranhaotv.com.br\/wp-content\/uploads\/2021\/03\/fb_img_16146380762891532697080234573633.jpg\" class=\"wp-image-19459 alignnone size-full\" width=\"853\" height=\"568\"><\/p>\n<p><img loading=\"lazy\" decoding=\"async\" src=\"https:\/\/maranhaotv.com.br\/wp-content\/uploads\/2021\/03\/fb_img_16146380815401317401976720768538.jpg\" class=\"wp-image-19460 alignnone size-full\" width=\"853\" height=\"568\"><\/p>\n<p><img loading=\"lazy\" decoding=\"async\" src=\"https:\/\/maranhaotv.com.br\/wp-content\/uploads\/2021\/03\/fb_img_16146380673246460649463510399069.jpg\" class=\"wp-image-19461 alignnone size-full\" width=\"853\" height=\"568\"><\/p>\n","protected":false},"excerpt":{"rendered":"<p>Os vereadores Umbelino J\u00fanior (PRTB) e Ribeiro Neto (PMN), da capital S\u00e3o Lu\u00eds, lan\u00e7aram publicamente suas pr\u00e9-candidaturas a deputado federal<\/p>\n","protected":false},"author":2,"featured_media":19462,"comment_status":"open","ping_status":"open","sticky":false,"template":"","format":"standard","meta":{"colormag_page_container_layout":"default_layout","colormag_page_sidebar_layout":"default_layout","_jetpack_memberships_contains_paid_content":false,"footnotes":""},"categories":[6],"tags":[291,322],"class_list":["post-19463","post","type-post","status-publish","format-standard","has-post-thumbnail","hentry","category-politica","tag-ribeiro-neto","tag-umbelino-jr"],"magazineBlocksPostFeaturedMedia":{"thumbnail":false,"medium":false,"medium_large":false,"large":false,"1536x1536":false,"2048x2048":false,"colormag-highlighted-post":false,"colormag-featured-post-medium":false,"colormag-featured-post-small":false,"colormag-featured-image":false,"colormag-default-news":false,"colormag-featured-image-large":false},"magazineBlocksPostAuthor":{"name":"maranhaotv","avatar":"https:\/\/secure.gravatar.com\/avatar\/8fadbca458d4cb68b1dd399ae9a40618d747bb1af65ac9fad21c89220a143eb4?s=96&d=mm&r=g"},"magazineBlocksPostCommentsNumber":"0","magazineBlocksPostExcerpt":"Os vereadores Umbelino J\u00fanior (PRTB) e Ribeiro Neto (PMN), da capital S\u00e3o Lu\u00eds, lan\u00e7aram publicamente suas pr\u00e9-candidaturas a deputado federal","magazineBlocksPostCategories":["pol\u00edtica"],"magazineBlocksPostViewCount":248,"magazineBlocksPostReadTime":1,"magazine_blocks_featured_image_url":{"full":false,"medium":false,"thumbnail":false},"magazine_blocks_author":{"display_name":"maranhaotv","author_link":"https:\/\/maranhaotv.com.br\/index.php\/author\/maranhaotv\/"},"magazine_blocks_comment":0,"magazine_blocks_author_image":"https:\/\/secure.gravatar.com\/avatar\/8fadbca458d4cb68b1dd399ae9a40618d747bb1af65ac9fad21c89220a143eb4?s=96&d=mm&r=g","magazine_blocks_category":"<a href=\"#\" class=\"category-link category-link-6\">pol\u00edtica<\/a>","yoast_head":"<!-- This site is optimized with the Yoast SEO plugin v27.4 - https:\/\/yoast.com\/product\/yoast-seo-wordpress\/ -->\n<title>Ribeiro Neto e Umbelino Jr lan\u00e7am pr\u00e9-candidaturas a deputado estadual e deputado federal - NOT\u00cdCIAS EM TEMPO REAL<\/title>\n<meta name=\"robots\" content=\"index, follow, max-snippet:-1, max-image-preview:large, max-video-preview:-1\" \/>\n<link rel=\"canonical\" href=\"https:\/\/maranhaotv.com.br\/index.php\/2021\/03\/01\/ribeiro-neto-e-umbelino-jr-lancam-pre-candidaturas-a-deputado-estadual-e-deputado-federal\/\" \/>\n<meta property=\"og:locale\" content=\"pt_BR\" \/>\n<meta property=\"og:type\" content=\"article\" \/>\n<meta property=\"og:title\" content=\"Ribeiro Neto e Umbelino Jr lan\u00e7am pr\u00e9-candidaturas a deputado estadual e deputado federal - NOT\u00cdCIAS EM TEMPO REAL\" \/>\n<meta property=\"og:description\" content=\"Os vereadores Umbelino J\u00fanior (PRTB) e Ribeiro Neto (PMN), da capital S\u00e3o Lu\u00eds, lan\u00e7aram publicamente suas pr\u00e9-candidaturas a deputado federal\" \/>\n<meta property=\"og:url\" content=\"https:\/\/maranhaotv.com.br\/index.php\/2021\/03\/01\/ribeiro-neto-e-umbelino-jr-lancam-pre-candidaturas-a-deputado-estadual-e-deputado-federal\/\" \/>\n<meta property=\"og:site_name\" content=\"NOT\u00cdCIAS EM TEMPO REAL\" \/>\n<meta property=\"article:publisher\" content=\"https:\/\/www.facebook.com\/maiobaotv\" \/>\n<meta property=\"article:published_time\" content=\"2021-03-01T22:39:40+00:00\" \/>\n<meta name=\"author\" content=\"maranhaotv\" \/>\n<meta name=\"twitter:card\" content=\"summary_large_image\" \/>\n<meta name=\"twitter:creator\" content=\"@sitemaranhaotv\" \/>\n<meta name=\"twitter:site\" content=\"@sitemaranhaotv\" \/>\n<meta name=\"twitter:label1\" content=\"Escrito por\" \/>\n\t<meta name=\"twitter:data1\" content=\"maranhaotv\" \/>\n\t<meta name=\"twitter:label2\" content=\"Est. tempo de leitura\" \/>\n\t<meta name=\"twitter:data2\" content=\"1 minuto\" \/>\n<script type=\"application\/ld+json\" class=\"yoast-schema-graph\">{\"@context\":\"https:\\\/\\\/schema.org\",\"@graph\":[{\"@type\":\"Article\",\"@id\":\"https:\\\/\\\/maranhaotv.com.br\\\/index.php\\\/2021\\\/03\\\/01\\\/ribeiro-neto-e-umbelino-jr-lancam-pre-candidaturas-a-deputado-estadual-e-deputado-federal\\\/#article\",\"isPartOf\":{\"@id\":\"https:\\\/\\\/maranhaotv.com.br\\\/index.php\\\/2021\\\/03\\\/01\\\/ribeiro-neto-e-umbelino-jr-lancam-pre-candidaturas-a-deputado-estadual-e-deputado-federal\\\/\"},\"author\":{\"name\":\"maranhaotv\",\"@id\":\"https:\\\/\\\/maranhaotv.com.br\\\/#\\\/schema\\\/person\\\/3d54238e86b20bb5c89ab2fdb8f8829a\"},\"headline\":\"Ribeiro Neto e Umbelino Jr lan\u00e7am pr\u00e9-candidaturas a deputado estadual e deputado federal\",\"datePublished\":\"2021-03-01T22:39:40+00:00\",\"mainEntityOfPage\":{\"@id\":\"https:\\\/\\\/maranhaotv.com.br\\\/index.php\\\/2021\\\/03\\\/01\\\/ribeiro-neto-e-umbelino-jr-lancam-pre-candidaturas-a-deputado-estadual-e-deputado-federal\\\/\"},\"wordCount\":205,\"commentCount\":0,\"publisher\":{\"@id\":\"https:\\\/\\\/maranhaotv.com.br\\\/#organization\"},\"image\":{\"@id\":\"https:\\\/\\\/maranhaotv.com.br\\\/index.php\\\/2021\\\/03\\\/01\\\/ribeiro-neto-e-umbelino-jr-lancam-pre-candidaturas-a-deputado-estadual-e-deputado-federal\\\/#primaryimage\"},\"thumbnailUrl\":\"\",\"keywords\":[\"Ribeiro Neto\",\"Umbelino Jr\"],\"articleSection\":[\"pol\u00edtica\"],\"inLanguage\":\"pt-BR\",\"potentialAction\":[{\"@type\":\"CommentAction\",\"name\":\"Comment\",\"target\":[\"https:\\\/\\\/maranhaotv.com.br\\\/index.php\\\/2021\\\/03\\\/01\\\/ribeiro-neto-e-umbelino-jr-lancam-pre-candidaturas-a-deputado-estadual-e-deputado-federal\\\/#respond\"]}]},{\"@type\":\"WebPage\",\"@id\":\"https:\\\/\\\/maranhaotv.com.br\\\/index.php\\\/2021\\\/03\\\/01\\\/ribeiro-neto-e-umbelino-jr-lancam-pre-candidaturas-a-deputado-estadual-e-deputado-federal\\\/\",\"url\":\"https:\\\/\\\/maranhaotv.com.br\\\/index.php\\\/2021\\\/03\\\/01\\\/ribeiro-neto-e-umbelino-jr-lancam-pre-candidaturas-a-deputado-estadual-e-deputado-federal\\\/\",\"name\":\"Ribeiro Neto e Umbelino Jr lan\u00e7am pr\u00e9-candidaturas a deputado estadual e deputado federal - NOT\u00cdCIAS EM TEMPO REAL\",\"isPartOf\":{\"@id\":\"https:\\\/\\\/maranhaotv.com.br\\\/#website\"},\"primaryImageOfPage\":{\"@id\":\"https:\\\/\\\/maranhaotv.com.br\\\/index.php\\\/2021\\\/03\\\/01\\\/ribeiro-neto-e-umbelino-jr-lancam-pre-candidaturas-a-deputado-estadual-e-deputado-federal\\\/#primaryimage\"},\"image\":{\"@id\":\"https:\\\/\\\/maranhaotv.com.br\\\/index.php\\\/2021\\\/03\\\/01\\\/ribeiro-neto-e-umbelino-jr-lancam-pre-candidaturas-a-deputado-estadual-e-deputado-federal\\\/#primaryimage\"},\"thumbnailUrl\":\"\",\"datePublished\":\"2021-03-01T22:39:40+00:00\",\"breadcrumb\":{\"@id\":\"https:\\\/\\\/maranhaotv.com.br\\\/index.php\\\/2021\\\/03\\\/01\\\/ribeiro-neto-e-umbelino-jr-lancam-pre-candidaturas-a-deputado-estadual-e-deputado-federal\\\/#breadcrumb\"},\"inLanguage\":\"pt-BR\",\"potentialAction\":[{\"@type\":\"ReadAction\",\"target\":[\"https:\\\/\\\/maranhaotv.com.br\\\/index.php\\\/2021\\\/03\\\/01\\\/ribeiro-neto-e-umbelino-jr-lancam-pre-candidaturas-a-deputado-estadual-e-deputado-federal\\\/\"]}]},{\"@type\":\"ImageObject\",\"inLanguage\":\"pt-BR\",\"@id\":\"https:\\\/\\\/maranhaotv.com.br\\\/index.php\\\/2021\\\/03\\\/01\\\/ribeiro-neto-e-umbelino-jr-lancam-pre-candidaturas-a-deputado-estadual-e-deputado-federal\\\/#primaryimage\",\"url\":\"\",\"contentUrl\":\"\"},{\"@type\":\"BreadcrumbList\",\"@id\":\"https:\\\/\\\/maranhaotv.com.br\\\/index.php\\\/2021\\\/03\\\/01\\\/ribeiro-neto-e-umbelino-jr-lancam-pre-candidaturas-a-deputado-estadual-e-deputado-federal\\\/#breadcrumb\",\"itemListElement\":[{\"@type\":\"ListItem\",\"position\":1,\"name\":\"In\u00edcio\",\"item\":\"https:\\\/\\\/maranhaotv.com.br\\\/\"},{\"@type\":\"ListItem\",\"position\":2,\"name\":\"Ribeiro Neto e Umbelino Jr lan\u00e7am pr\u00e9-candidaturas a deputado estadual e deputado federal\"}]},{\"@type\":\"WebSite\",\"@id\":\"https:\\\/\\\/maranhaotv.com.br\\\/#website\",\"url\":\"https:\\\/\\\/maranhaotv.com.br\\\/\",\"name\":\"Maranh\u00e3oTV\",\"description\":\"\",\"publisher\":{\"@id\":\"https:\\\/\\\/maranhaotv.com.br\\\/#organization\"},\"potentialAction\":[{\"@type\":\"SearchAction\",\"target\":{\"@type\":\"EntryPoint\",\"urlTemplate\":\"https:\\\/\\\/maranhaotv.com.br\\\/?s={search_term_string}\"},\"query-input\":{\"@type\":\"PropertyValueSpecification\",\"valueRequired\":true,\"valueName\":\"search_term_string\"}}],\"inLanguage\":\"pt-BR\"},{\"@type\":\"Organization\",\"@id\":\"https:\\\/\\\/maranhaotv.com.br\\\/#organization\",\"name\":\"Portal de Not\u00edcias\",\"url\":\"https:\\\/\\\/maranhaotv.com.br\\\/\",\"logo\":{\"@type\":\"ImageObject\",\"inLanguage\":\"pt-BR\",\"@id\":\"https:\\\/\\\/maranhaotv.com.br\\\/#\\\/schema\\\/logo\\\/image\\\/\",\"url\":\"https:\\\/\\\/maranhaotv.com.br\\\/wp-content\\\/uploads\\\/2024\\\/05\\\/cropped-cropped-avatar-1.png\",\"contentUrl\":\"https:\\\/\\\/maranhaotv.com.br\\\/wp-content\\\/uploads\\\/2024\\\/05\\\/cropped-cropped-avatar-1.png\",\"width\":792,\"height\":428,\"caption\":\"Portal de Not\u00edcias\"},\"image\":{\"@id\":\"https:\\\/\\\/maranhaotv.com.br\\\/#\\\/schema\\\/logo\\\/image\\\/\"},\"sameAs\":[\"https:\\\/\\\/www.facebook.com\\\/maiobaotv\",\"https:\\\/\\\/x.com\\\/sitemaranhaotv\",\"https:\\\/\\\/www.instagram.com\\\/maranhao.tv\",\"https:\\\/\\\/www.threads.net\\\/@maranhao.tv\"]},{\"@type\":\"Person\",\"@id\":\"https:\\\/\\\/maranhaotv.com.br\\\/#\\\/schema\\\/person\\\/3d54238e86b20bb5c89ab2fdb8f8829a\",\"name\":\"maranhaotv\",\"image\":{\"@type\":\"ImageObject\",\"inLanguage\":\"pt-BR\",\"@id\":\"https:\\\/\\\/secure.gravatar.com\\\/avatar\\\/8fadbca458d4cb68b1dd399ae9a40618d747bb1af65ac9fad21c89220a143eb4?s=96&d=mm&r=g\",\"url\":\"https:\\\/\\\/secure.gravatar.com\\\/avatar\\\/8fadbca458d4cb68b1dd399ae9a40618d747bb1af65ac9fad21c89220a143eb4?s=96&d=mm&r=g\",\"contentUrl\":\"https:\\\/\\\/secure.gravatar.com\\\/avatar\\\/8fadbca458d4cb68b1dd399ae9a40618d747bb1af65ac9fad21c89220a143eb4?s=96&d=mm&r=g\",\"caption\":\"maranhaotv\"},\"sameAs\":[\"https:\\\/\\\/maranhaotv.com.br\\\/\"],\"url\":\"https:\\\/\\\/maranhaotv.com.br\\\/index.php\\\/author\\\/maranhaotv\\\/\"}]}<\/script>\n<!-- \/ Yoast SEO plugin. -->","yoast_head_json":{"title":"Ribeiro Neto e Umbelino Jr lan\u00e7am pr\u00e9-candidaturas a deputado estadual e deputado federal - NOT\u00cdCIAS EM TEMPO REAL","robots":{"index":"index","follow":"follow","max-snippet":"max-snippet:-1","max-image-preview":"max-image-preview:large","max-video-preview":"max-video-preview:-1"},"canonical":"https:\/\/maranhaotv.com.br\/index.php\/2021\/03\/01\/ribeiro-neto-e-umbelino-jr-lancam-pre-candidaturas-a-deputado-estadual-e-deputado-federal\/","og_locale":"pt_BR","og_type":"article","og_title":"Ribeiro Neto e Umbelino Jr lan\u00e7am pr\u00e9-candidaturas a deputado estadual e deputado federal - NOT\u00cdCIAS EM TEMPO REAL","og_description":"Os vereadores Umbelino J\u00fanior (PRTB) e Ribeiro Neto (PMN), da capital S\u00e3o Lu\u00eds, lan\u00e7aram publicamente suas pr\u00e9-candidaturas a deputado federal","og_url":"https:\/\/maranhaotv.com.br\/index.php\/2021\/03\/01\/ribeiro-neto-e-umbelino-jr-lancam-pre-candidaturas-a-deputado-estadual-e-deputado-federal\/","og_site_name":"NOT\u00cdCIAS EM TEMPO REAL","article_publisher":"https:\/\/www.facebook.com\/maiobaotv","article_published_time":"2021-03-01T22:39:40+00:00","author":"maranhaotv","twitter_card":"summary_large_image","twitter_creator":"@sitemaranhaotv","twitter_site":"@sitemaranhaotv","twitter_misc":{"Escrito por":"maranhaotv","Est. tempo de leitura":"1 minuto"},"schema":{"@context":"https:\/\/schema.org","@graph":[{"@type":"Article","@id":"https:\/\/maranhaotv.com.br\/index.php\/2021\/03\/01\/ribeiro-neto-e-umbelino-jr-lancam-pre-candidaturas-a-deputado-estadual-e-deputado-federal\/#article","isPartOf":{"@id":"https:\/\/maranhaotv.com.br\/index.php\/2021\/03\/01\/ribeiro-neto-e-umbelino-jr-lancam-pre-candidaturas-a-deputado-estadual-e-deputado-federal\/"},"author":{"name":"maranhaotv","@id":"https:\/\/maranhaotv.com.br\/#\/schema\/person\/3d54238e86b20bb5c89ab2fdb8f8829a"},"headline":"Ribeiro Neto e Umbelino Jr lan\u00e7am pr\u00e9-candidaturas a deputado estadual e deputado federal","datePublished":"2021-03-01T22:39:40+00:00","mainEntityOfPage":{"@id":"https:\/\/maranhaotv.com.br\/index.php\/2021\/03\/01\/ribeiro-neto-e-umbelino-jr-lancam-pre-candidaturas-a-deputado-estadual-e-deputado-federal\/"},"wordCount":205,"commentCount":0,"publisher":{"@id":"https:\/\/maranhaotv.com.br\/#organization"},"image":{"@id":"https:\/\/maranhaotv.com.br\/index.php\/2021\/03\/01\/ribeiro-neto-e-umbelino-jr-lancam-pre-candidaturas-a-deputado-estadual-e-deputado-federal\/#primaryimage"},"thumbnailUrl":"","keywords":["Ribeiro Neto","Umbelino Jr"],"articleSection":["pol\u00edtica"],"inLanguage":"pt-BR","potentialAction":[{"@type":"CommentAction","name":"Comment","target":["https:\/\/maranhaotv.com.br\/index.php\/2021\/03\/01\/ribeiro-neto-e-umbelino-jr-lancam-pre-candidaturas-a-deputado-estadual-e-deputado-federal\/#respond"]}]},{"@type":"WebPage","@id":"https:\/\/maranhaotv.com.br\/index.php\/2021\/03\/01\/ribeiro-neto-e-umbelino-jr-lancam-pre-candidaturas-a-deputado-estadual-e-deputado-federal\/","url":"https:\/\/maranhaotv.com.br\/index.php\/2021\/03\/01\/ribeiro-neto-e-umbelino-jr-lancam-pre-candidaturas-a-deputado-estadual-e-deputado-federal\/","name":"Ribeiro Neto e Umbelino Jr lan\u00e7am pr\u00e9-candidaturas a deputado estadual e deputado federal - NOT\u00cdCIAS EM TEMPO REAL","isPartOf":{"@id":"https:\/\/maranhaotv.com.br\/#website"},"primaryImageOfPage":{"@id":"https:\/\/maranhaotv.com.br\/index.php\/2021\/03\/01\/ribeiro-neto-e-umbelino-jr-lancam-pre-candidaturas-a-deputado-estadual-e-deputado-federal\/#primaryimage"},"image":{"@id":"https:\/\/maranhaotv.com.br\/index.php\/2021\/03\/01\/ribeiro-neto-e-umbelino-jr-lancam-pre-candidaturas-a-deputado-estadual-e-deputado-federal\/#primaryimage"},"thumbnailUrl":"","datePublished":"2021-03-01T22:39:40+00:00","breadcrumb":{"@id":"https:\/\/maranhaotv.com.br\/index.php\/2021\/03\/01\/ribeiro-neto-e-umbelino-jr-lancam-pre-candidaturas-a-deputado-estadual-e-deputado-federal\/#breadcrumb"},"inLanguage":"pt-BR","potentialAction":[{"@type":"ReadAction","target":["https:\/\/maranhaotv.com.br\/index.php\/2021\/03\/01\/ribeiro-neto-e-umbelino-jr-lancam-pre-candidaturas-a-deputado-estadual-e-deputado-federal\/"]}]},{"@type":"ImageObject","inLanguage":"pt-BR","@id":"https:\/\/maranhaotv.com.br\/index.php\/2021\/03\/01\/ribeiro-neto-e-umbelino-jr-lancam-pre-candidaturas-a-deputado-estadual-e-deputado-federal\/#primaryimage","url":"","contentUrl":""},{"@type":"BreadcrumbList","@id":"https:\/\/maranhaotv.com.br\/index.php\/2021\/03\/01\/ribeiro-neto-e-umbelino-jr-lancam-pre-candidaturas-a-deputado-estadual-e-deputado-federal\/#breadcrumb","itemListElement":[{"@type":"ListItem","position":1,"name":"In\u00edcio","item":"https:\/\/maranhaotv.com.br\/"},{"@type":"ListItem","position":2,"name":"Ribeiro Neto e Umbelino Jr lan\u00e7am pr\u00e9-candidaturas a deputado estadual e deputado federal"}]},{"@type":"WebSite","@id":"https:\/\/maranhaotv.com.br\/#website","url":"https:\/\/maranhaotv.com.br\/","name":"Maranh\u00e3oTV","description":"","publisher":{"@id":"https:\/\/maranhaotv.com.br\/#organization"},"potentialAction":[{"@type":"SearchAction","target":{"@type":"EntryPoint","urlTemplate":"https:\/\/maranhaotv.com.br\/?s={search_term_string}"},"query-input":{"@type":"PropertyValueSpecification","valueRequired":true,"valueName":"search_term_string"}}],"inLanguage":"pt-BR"},{"@type":"Organization","@id":"https:\/\/maranhaotv.com.br\/#organization","name":"Portal de Not\u00edcias","url":"https:\/\/maranhaotv.com.br\/","logo":{"@type":"ImageObject","inLanguage":"pt-BR","@id":"https:\/\/maranhaotv.com.br\/#\/schema\/logo\/image\/","url":"https:\/\/maranhaotv.com.br\/wp-content\/uploads\/2024\/05\/cropped-cropped-avatar-1.png","contentUrl":"https:\/\/maranhaotv.com.br\/wp-content\/uploads\/2024\/05\/cropped-cropped-avatar-1.png","width":792,"height":428,"caption":"Portal de Not\u00edcias"},"image":{"@id":"https:\/\/maranhaotv.com.br\/#\/schema\/logo\/image\/"},"sameAs":["https:\/\/www.facebook.com\/maiobaotv","https:\/\/x.com\/sitemaranhaotv","https:\/\/www.instagram.com\/maranhao.tv","https:\/\/www.threads.net\/@maranhao.tv"]},{"@type":"Person","@id":"https:\/\/maranhaotv.com.br\/#\/schema\/person\/3d54238e86b20bb5c89ab2fdb8f8829a","name":"maranhaotv","image":{"@type":"ImageObject","inLanguage":"pt-BR","@id":"https:\/\/secure.gravatar.com\/avatar\/8fadbca458d4cb68b1dd399ae9a40618d747bb1af65ac9fad21c89220a143eb4?s=96&d=mm&r=g","url":"https:\/\/secure.gravatar.com\/avatar\/8fadbca458d4cb68b1dd399ae9a40618d747bb1af65ac9fad21c89220a143eb4?s=96&d=mm&r=g","contentUrl":"https:\/\/secure.gravatar.com\/avatar\/8fadbca458d4cb68b1dd399ae9a40618d747bb1af65ac9fad21c89220a143eb4?s=96&d=mm&r=g","caption":"maranhaotv"},"sameAs":["https:\/\/maranhaotv.com.br\/"],"url":"https:\/\/maranhaotv.com.br\/index.php\/author\/maranhaotv\/"}]}},"jetpack_featured_media_url":"","jetpack_sharing_enabled":true,"_links":{"self":[{"href":"https:\/\/maranhaotv.com.br\/index.php\/wp-json\/wp\/v2\/posts\/19463","targetHints":{"allow":["GET"]}}],"collection":[{"href":"https:\/\/maranhaotv.com.br\/index.php\/wp-json\/wp\/v2\/posts"}],"about":[{"href":"https:\/\/maranhaotv.com.br\/index.php\/wp-json\/wp\/v2\/types\/post"}],"author":[{"embeddable":true,"href":"https:\/\/maranhaotv.com.br\/index.php\/wp-json\/wp\/v2\/users\/2"}],"replies":[{"embeddable":true,"href":"https:\/\/maranhaotv.com.br\/index.php\/wp-json\/wp\/v2\/comments?post=19463"}],"version-history":[{"count":0,"href":"https:\/\/maranhaotv.com.br\/index.php\/wp-json\/wp\/v2\/posts\/19463\/revisions"}],"wp:featuredmedia":[{"embeddable":true,"href":"https:\/\/maranhaotv.com.br\/index.php\/wp-json\/"}],"wp:attachment":[{"href":"https:\/\/maranhaotv.com.br\/index.php\/wp-json\/wp\/v2\/media?parent=19463"}],"wp:term":[{"taxonomy":"category","embeddable":true,"href":"https:\/\/maranhaotv.com.br\/index.php\/wp-json\/wp\/v2\/categories?post=19463"},{"taxonomy":"post_tag","embeddable":true,"href":"https:\/\/maranhaotv.com.br\/index.php\/wp-json\/wp\/v2\/tags?post=19463"}],"curies":[{"name":"wp","href":"https:\/\/api.w.org\/{rel}","templated":true}]}}