{"id":19474,"date":"2021-03-02T09:21:57","date_gmt":"2021-03-02T12:21:57","guid":{"rendered":"https:\/\/maranhaotv.com.br\/?p=19474"},"modified":"2021-03-02T09:21:57","modified_gmt":"2021-03-02T12:21:57","slug":"a-casa-caiu-luciano-genesio-e-alvo-de-operacao-da-policia-federal","status":"publish","type":"post","link":"https:\/\/maranhaotv.com.br\/index.php\/2021\/03\/02\/a-casa-caiu-luciano-genesio-e-alvo-de-operacao-da-policia-federal\/","title":{"rendered":"A casa caiu! Luciano Gen\u00e9sio \u00e9 alvo de opera\u00e7\u00e3o da Pol\u00edcia Federal"},"content":{"rendered":"<h5>PF deflagra opera\u00e7\u00e3o em Pinheiro contra fraudes nos recursos da Covid-19<\/h5>\n<p>A Pol\u00edcia Federal, com o apoio da Controladoria-Geral da Uni\u00e3o,<br \/>\ndeflagrou, na manh\u00e3 desta ter\u00e7a-feira, 02\/03\/2021, nas cidades de Teresina\/PI<br \/>\ne Pinheiro\/MA, a Opera\u00e7\u00e3o Estoque Zero, com a finalidade de desarticular<br \/>\ngrupo criminoso estruturado para promover fraudes licitat\u00f3rias e irregularidade contratuais no \u00e2mbito do Munic\u00edpio de Pinheiro\/MA, envolvendo recursos<br \/>\np\u00fablicos federais que seriam utilizados no combate \u00e0 pandemia da COVID-19.<\/p>\n<p>A investiga\u00e7\u00e3o se concentra no Processo n\u00ba 2.653\/2020 da Secretaria Municipal de Sa\u00fade e Saneamento de Pinheiro\/MA, instru\u00eddo para a aquisi\u00e7\u00e3o de 6.000 testes r\u00e1pidos para o diagn\u00f3stico da COVID-19, no valor total de R$ 960.000,00.<\/p>\n<p>Os elementos colhidos pela equipe policial revelaram que funcion\u00e1rios da<br \/>\nSecretaria de Sa\u00fade e Saneamento de Pinheiro\/MA, em conluio com empres\u00e1rios de Teresina\/PI, simularam a compra e venda de testes r\u00e1pidos, por<br \/>\nmeio da contrata\u00e7\u00e3o de empresa de fachada que n\u00e3o forneceu o objeto<br \/>\npactuado.<\/p>\n<p>A Pol\u00edcia Federal cumpriu 5 (cinco) Mandados de Busca e Apreens\u00e3o, 04<br \/>\n(quatro) Mandados de Constri\u00e7\u00e3o Patrimonial e 01 (um) Mandado de Suspens\u00e3o do Exerc\u00edcio de Fun\u00e7\u00e3o P\u00fablica.<\/p>\n<p>Ao todo 30 (trinta) policiais federais cumpriram as determina\u00e7\u00f5es judiciais<br \/>\nexpedidas pela 1\u00aa Vara Federal de S\u00e3o Lu\u00eds\/MA, que decorreram de uma<br \/>\nrepresenta\u00e7\u00e3o elaborada pela Pol\u00edcia Federal.<\/p>\n<p>Se confirmadas as suspeitas, os investigados poder\u00e3o responder por fraude \u00e0 licita\u00e7\u00e3o (Art. 96, inciso I, Lei 8.666\/93), peculato (Art. 312, C\u00f3digo Penal), lavagem de capitais (Art. 1\u00ba, caput, Lei 9.613\/84) e associa\u00e7\u00e3o criminosa (Art.288, C\u00f3digo Penal).<\/p>\n<p>A denomina\u00e7\u00e3o \u201cEstoque Zero\u201d faz refer\u00eancia \u00e0 inexist\u00eancia da mercadoria objeto do contrato, tendo em vista que a empresa n\u00e3o possu\u00eda sequer uma \u00fanica unidade de teste r\u00e1pido em seu estoque na \u00e9poca da suposta venda.<\/p>\n<p><img loading=\"lazy\" decoding=\"async\" class=\"wp-image-19473 alignnone size-full\" src=\"https:\/\/maranhaotv.com.br\/wp-content\/uploads\/2021\/03\/img-20210302-wa00774986742218215460312.jpg\" width=\"1280\" height=\"958\"><\/p>\n<p><img loading=\"lazy\" decoding=\"async\" class=\"alignnone size-full wp-image-19475\" src=\"https:\/\/maranhaotv.com.br\/wp-content\/uploads\/2021\/03\/img-20210302-wa00806271014626144160375.jpg\" width=\"1280\" height=\"960\"><\/p>\n<p><img loading=\"lazy\" decoding=\"async\" class=\"wp-image-19478 alignnone size-full\" src=\"https:\/\/maranhaotv.com.br\/wp-content\/uploads\/2021\/03\/img-20210302-wa00768725866121827994367.jpg\" width=\"1280\" height=\"958\"><\/p>\n<p><img loading=\"lazy\" decoding=\"async\" class=\"wp-image-19479 alignnone size-full\" src=\"https:\/\/maranhaotv.com.br\/wp-content\/uploads\/2021\/03\/img-20210302-wa00798965790356103738675.jpg\" width=\"1280\" height=\"958\"><\/p>\n<p><img loading=\"lazy\" decoding=\"async\" src=\"https:\/\/maranhaotv.com.br\/wp-content\/uploads\/2021\/03\/img-20210302-wa00877126626896017879080.jpg\" class=\"wp-image-19483 alignnone size-full\" width=\"720\" height=\"640\"><\/p>\n<p>Perfil ostentador do prefeito Luciano Genesio sempre surpreendeu a todos no meio da pol\u00edtica<\/p>\n","protected":false},"excerpt":{"rendered":"<p>PF deflagra opera\u00e7\u00e3o em Pinheiro contra fraudes nos recursos da Covid-19 A Pol\u00edcia Federal, com o apoio da Controladoria-Geral da<\/p>\n","protected":false},"author":2,"featured_media":19481,"comment_status":"open","ping_status":"open","sticky":false,"template":"","format":"standard","meta":{"colormag_page_container_layout":"default_layout","colormag_page_sidebar_layout":"default_layout","_jetpack_memberships_contains_paid_content":false,"footnotes":""},"categories":[2,3],"tags":[],"class_list":["post-19474","post","type-post","status-publish","format-standard","has-post-thumbnail","hentry","category-noticias","category-policial"],"magazineBlocksPostFeaturedMedia":{"thumbnail":false,"medium":false,"medium_large":false,"large":false,"1536x1536":false,"2048x2048":false,"colormag-highlighted-post":false,"colormag-featured-post-medium":false,"colormag-featured-post-small":false,"colormag-featured-image":false,"colormag-default-news":false,"colormag-featured-image-large":false},"magazineBlocksPostAuthor":{"name":"maranhaotv","avatar":"https:\/\/secure.gravatar.com\/avatar\/8fadbca458d4cb68b1dd399ae9a40618d747bb1af65ac9fad21c89220a143eb4?s=96&d=mm&r=g"},"magazineBlocksPostCommentsNumber":"0","magazineBlocksPostExcerpt":"PF deflagra opera\u00e7\u00e3o em Pinheiro contra fraudes nos recursos da Covid-19 A Pol\u00edcia Federal, com o apoio da Controladoria-Geral da","magazineBlocksPostCategories":["not\u00edcias","policial"],"magazineBlocksPostViewCount":323,"magazineBlocksPostReadTime":2,"magazine_blocks_featured_image_url":{"full":false,"medium":false,"thumbnail":false},"magazine_blocks_author":{"display_name":"maranhaotv","author_link":"https:\/\/maranhaotv.com.br\/index.php\/author\/maranhaotv\/"},"magazine_blocks_comment":0,"magazine_blocks_author_image":"https:\/\/secure.gravatar.com\/avatar\/8fadbca458d4cb68b1dd399ae9a40618d747bb1af65ac9fad21c89220a143eb4?s=96&d=mm&r=g","magazine_blocks_category":"<a href=\"#\" class=\"category-link category-link-2\">not\u00edcias<\/a> <a href=\"#\" class=\"category-link category-link-3\">policial<\/a>","yoast_head":"<!-- This site is optimized with the Yoast SEO plugin v27.4 - https:\/\/yoast.com\/product\/yoast-seo-wordpress\/ -->\n<title>A casa caiu! Luciano Gen\u00e9sio \u00e9 alvo de opera\u00e7\u00e3o da Pol\u00edcia Federal - NOT\u00cdCIAS EM TEMPO REAL<\/title>\n<meta name=\"robots\" content=\"index, follow, max-snippet:-1, max-image-preview:large, max-video-preview:-1\" \/>\n<link rel=\"canonical\" href=\"https:\/\/maranhaotv.com.br\/index.php\/2021\/03\/02\/a-casa-caiu-luciano-genesio-e-alvo-de-operacao-da-policia-federal\/\" \/>\n<meta property=\"og:locale\" content=\"pt_BR\" \/>\n<meta property=\"og:type\" content=\"article\" \/>\n<meta property=\"og:title\" content=\"A casa caiu! Luciano Gen\u00e9sio \u00e9 alvo de opera\u00e7\u00e3o da Pol\u00edcia Federal - NOT\u00cdCIAS EM TEMPO REAL\" \/>\n<meta property=\"og:description\" content=\"PF deflagra opera\u00e7\u00e3o em Pinheiro contra fraudes nos recursos da Covid-19 A Pol\u00edcia Federal, com o apoio da Controladoria-Geral da\" \/>\n<meta property=\"og:url\" content=\"https:\/\/maranhaotv.com.br\/index.php\/2021\/03\/02\/a-casa-caiu-luciano-genesio-e-alvo-de-operacao-da-policia-federal\/\" \/>\n<meta property=\"og:site_name\" content=\"NOT\u00cdCIAS EM TEMPO REAL\" \/>\n<meta property=\"article:publisher\" content=\"https:\/\/www.facebook.com\/maiobaotv\" \/>\n<meta property=\"article:published_time\" content=\"2021-03-02T12:21:57+00:00\" \/>\n<meta name=\"author\" content=\"maranhaotv\" \/>\n<meta name=\"twitter:card\" content=\"summary_large_image\" \/>\n<meta name=\"twitter:creator\" content=\"@sitemaranhaotv\" \/>\n<meta name=\"twitter:site\" content=\"@sitemaranhaotv\" \/>\n<meta name=\"twitter:label1\" content=\"Escrito por\" \/>\n\t<meta name=\"twitter:data1\" content=\"maranhaotv\" \/>\n\t<meta name=\"twitter:label2\" content=\"Est. tempo de leitura\" \/>\n\t<meta name=\"twitter:data2\" content=\"2 minutos\" \/>\n<script type=\"application\/ld+json\" class=\"yoast-schema-graph\">{\"@context\":\"https:\\\/\\\/schema.org\",\"@graph\":[{\"@type\":\"Article\",\"@id\":\"https:\\\/\\\/maranhaotv.com.br\\\/index.php\\\/2021\\\/03\\\/02\\\/a-casa-caiu-luciano-genesio-e-alvo-de-operacao-da-policia-federal\\\/#article\",\"isPartOf\":{\"@id\":\"https:\\\/\\\/maranhaotv.com.br\\\/index.php\\\/2021\\\/03\\\/02\\\/a-casa-caiu-luciano-genesio-e-alvo-de-operacao-da-policia-federal\\\/\"},\"author\":{\"name\":\"maranhaotv\",\"@id\":\"https:\\\/\\\/maranhaotv.com.br\\\/#\\\/schema\\\/person\\\/3d54238e86b20bb5c89ab2fdb8f8829a\"},\"headline\":\"A casa caiu! Luciano Gen\u00e9sio \u00e9 alvo de opera\u00e7\u00e3o da Pol\u00edcia Federal\",\"datePublished\":\"2021-03-02T12:21:57+00:00\",\"mainEntityOfPage\":{\"@id\":\"https:\\\/\\\/maranhaotv.com.br\\\/index.php\\\/2021\\\/03\\\/02\\\/a-casa-caiu-luciano-genesio-e-alvo-de-operacao-da-policia-federal\\\/\"},\"wordCount\":342,\"commentCount\":0,\"publisher\":{\"@id\":\"https:\\\/\\\/maranhaotv.com.br\\\/#organization\"},\"image\":{\"@id\":\"https:\\\/\\\/maranhaotv.com.br\\\/index.php\\\/2021\\\/03\\\/02\\\/a-casa-caiu-luciano-genesio-e-alvo-de-operacao-da-policia-federal\\\/#primaryimage\"},\"thumbnailUrl\":\"\",\"articleSection\":[\"not\u00edcias\",\"policial\"],\"inLanguage\":\"pt-BR\",\"potentialAction\":[{\"@type\":\"CommentAction\",\"name\":\"Comment\",\"target\":[\"https:\\\/\\\/maranhaotv.com.br\\\/index.php\\\/2021\\\/03\\\/02\\\/a-casa-caiu-luciano-genesio-e-alvo-de-operacao-da-policia-federal\\\/#respond\"]}]},{\"@type\":\"WebPage\",\"@id\":\"https:\\\/\\\/maranhaotv.com.br\\\/index.php\\\/2021\\\/03\\\/02\\\/a-casa-caiu-luciano-genesio-e-alvo-de-operacao-da-policia-federal\\\/\",\"url\":\"https:\\\/\\\/maranhaotv.com.br\\\/index.php\\\/2021\\\/03\\\/02\\\/a-casa-caiu-luciano-genesio-e-alvo-de-operacao-da-policia-federal\\\/\",\"name\":\"A casa caiu! Luciano Gen\u00e9sio \u00e9 alvo de opera\u00e7\u00e3o da Pol\u00edcia Federal - NOT\u00cdCIAS EM TEMPO REAL\",\"isPartOf\":{\"@id\":\"https:\\\/\\\/maranhaotv.com.br\\\/#website\"},\"primaryImageOfPage\":{\"@id\":\"https:\\\/\\\/maranhaotv.com.br\\\/index.php\\\/2021\\\/03\\\/02\\\/a-casa-caiu-luciano-genesio-e-alvo-de-operacao-da-policia-federal\\\/#primaryimage\"},\"image\":{\"@id\":\"https:\\\/\\\/maranhaotv.com.br\\\/index.php\\\/2021\\\/03\\\/02\\\/a-casa-caiu-luciano-genesio-e-alvo-de-operacao-da-policia-federal\\\/#primaryimage\"},\"thumbnailUrl\":\"\",\"datePublished\":\"2021-03-02T12:21:57+00:00\",\"breadcrumb\":{\"@id\":\"https:\\\/\\\/maranhaotv.com.br\\\/index.php\\\/2021\\\/03\\\/02\\\/a-casa-caiu-luciano-genesio-e-alvo-de-operacao-da-policia-federal\\\/#breadcrumb\"},\"inLanguage\":\"pt-BR\",\"potentialAction\":[{\"@type\":\"ReadAction\",\"target\":[\"https:\\\/\\\/maranhaotv.com.br\\\/index.php\\\/2021\\\/03\\\/02\\\/a-casa-caiu-luciano-genesio-e-alvo-de-operacao-da-policia-federal\\\/\"]}]},{\"@type\":\"ImageObject\",\"inLanguage\":\"pt-BR\",\"@id\":\"https:\\\/\\\/maranhaotv.com.br\\\/index.php\\\/2021\\\/03\\\/02\\\/a-casa-caiu-luciano-genesio-e-alvo-de-operacao-da-policia-federal\\\/#primaryimage\",\"url\":\"\",\"contentUrl\":\"\"},{\"@type\":\"BreadcrumbList\",\"@id\":\"https:\\\/\\\/maranhaotv.com.br\\\/index.php\\\/2021\\\/03\\\/02\\\/a-casa-caiu-luciano-genesio-e-alvo-de-operacao-da-policia-federal\\\/#breadcrumb\",\"itemListElement\":[{\"@type\":\"ListItem\",\"position\":1,\"name\":\"In\u00edcio\",\"item\":\"https:\\\/\\\/maranhaotv.com.br\\\/\"},{\"@type\":\"ListItem\",\"position\":2,\"name\":\"A casa caiu! Luciano Gen\u00e9sio \u00e9 alvo de opera\u00e7\u00e3o da Pol\u00edcia Federal\"}]},{\"@type\":\"WebSite\",\"@id\":\"https:\\\/\\\/maranhaotv.com.br\\\/#website\",\"url\":\"https:\\\/\\\/maranhaotv.com.br\\\/\",\"name\":\"Maranh\u00e3oTV\",\"description\":\"\",\"publisher\":{\"@id\":\"https:\\\/\\\/maranhaotv.com.br\\\/#organization\"},\"potentialAction\":[{\"@type\":\"SearchAction\",\"target\":{\"@type\":\"EntryPoint\",\"urlTemplate\":\"https:\\\/\\\/maranhaotv.com.br\\\/?s={search_term_string}\"},\"query-input\":{\"@type\":\"PropertyValueSpecification\",\"valueRequired\":true,\"valueName\":\"search_term_string\"}}],\"inLanguage\":\"pt-BR\"},{\"@type\":\"Organization\",\"@id\":\"https:\\\/\\\/maranhaotv.com.br\\\/#organization\",\"name\":\"Portal de Not\u00edcias\",\"url\":\"https:\\\/\\\/maranhaotv.com.br\\\/\",\"logo\":{\"@type\":\"ImageObject\",\"inLanguage\":\"pt-BR\",\"@id\":\"https:\\\/\\\/maranhaotv.com.br\\\/#\\\/schema\\\/logo\\\/image\\\/\",\"url\":\"https:\\\/\\\/maranhaotv.com.br\\\/wp-content\\\/uploads\\\/2024\\\/05\\\/cropped-cropped-avatar-1.png\",\"contentUrl\":\"https:\\\/\\\/maranhaotv.com.br\\\/wp-content\\\/uploads\\\/2024\\\/05\\\/cropped-cropped-avatar-1.png\",\"width\":792,\"height\":428,\"caption\":\"Portal de Not\u00edcias\"},\"image\":{\"@id\":\"https:\\\/\\\/maranhaotv.com.br\\\/#\\\/schema\\\/logo\\\/image\\\/\"},\"sameAs\":[\"https:\\\/\\\/www.facebook.com\\\/maiobaotv\",\"https:\\\/\\\/x.com\\\/sitemaranhaotv\",\"https:\\\/\\\/www.instagram.com\\\/maranhao.tv\",\"https:\\\/\\\/www.threads.net\\\/@maranhao.tv\"]},{\"@type\":\"Person\",\"@id\":\"https:\\\/\\\/maranhaotv.com.br\\\/#\\\/schema\\\/person\\\/3d54238e86b20bb5c89ab2fdb8f8829a\",\"name\":\"maranhaotv\",\"image\":{\"@type\":\"ImageObject\",\"inLanguage\":\"pt-BR\",\"@id\":\"https:\\\/\\\/secure.gravatar.com\\\/avatar\\\/8fadbca458d4cb68b1dd399ae9a40618d747bb1af65ac9fad21c89220a143eb4?s=96&d=mm&r=g\",\"url\":\"https:\\\/\\\/secure.gravatar.com\\\/avatar\\\/8fadbca458d4cb68b1dd399ae9a40618d747bb1af65ac9fad21c89220a143eb4?s=96&d=mm&r=g\",\"contentUrl\":\"https:\\\/\\\/secure.gravatar.com\\\/avatar\\\/8fadbca458d4cb68b1dd399ae9a40618d747bb1af65ac9fad21c89220a143eb4?s=96&d=mm&r=g\",\"caption\":\"maranhaotv\"},\"sameAs\":[\"https:\\\/\\\/maranhaotv.com.br\\\/\"],\"url\":\"https:\\\/\\\/maranhaotv.com.br\\\/index.php\\\/author\\\/maranhaotv\\\/\"}]}<\/script>\n<!-- \/ Yoast SEO plugin. -->","yoast_head_json":{"title":"A casa caiu! Luciano Gen\u00e9sio \u00e9 alvo de opera\u00e7\u00e3o da Pol\u00edcia Federal - NOT\u00cdCIAS EM TEMPO REAL","robots":{"index":"index","follow":"follow","max-snippet":"max-snippet:-1","max-image-preview":"max-image-preview:large","max-video-preview":"max-video-preview:-1"},"canonical":"https:\/\/maranhaotv.com.br\/index.php\/2021\/03\/02\/a-casa-caiu-luciano-genesio-e-alvo-de-operacao-da-policia-federal\/","og_locale":"pt_BR","og_type":"article","og_title":"A casa caiu! Luciano Gen\u00e9sio \u00e9 alvo de opera\u00e7\u00e3o da Pol\u00edcia Federal - NOT\u00cdCIAS EM TEMPO REAL","og_description":"PF deflagra opera\u00e7\u00e3o em Pinheiro contra fraudes nos recursos da Covid-19 A Pol\u00edcia Federal, com o apoio da Controladoria-Geral da","og_url":"https:\/\/maranhaotv.com.br\/index.php\/2021\/03\/02\/a-casa-caiu-luciano-genesio-e-alvo-de-operacao-da-policia-federal\/","og_site_name":"NOT\u00cdCIAS EM TEMPO REAL","article_publisher":"https:\/\/www.facebook.com\/maiobaotv","article_published_time":"2021-03-02T12:21:57+00:00","author":"maranhaotv","twitter_card":"summary_large_image","twitter_creator":"@sitemaranhaotv","twitter_site":"@sitemaranhaotv","twitter_misc":{"Escrito por":"maranhaotv","Est. tempo de leitura":"2 minutos"},"schema":{"@context":"https:\/\/schema.org","@graph":[{"@type":"Article","@id":"https:\/\/maranhaotv.com.br\/index.php\/2021\/03\/02\/a-casa-caiu-luciano-genesio-e-alvo-de-operacao-da-policia-federal\/#article","isPartOf":{"@id":"https:\/\/maranhaotv.com.br\/index.php\/2021\/03\/02\/a-casa-caiu-luciano-genesio-e-alvo-de-operacao-da-policia-federal\/"},"author":{"name":"maranhaotv","@id":"https:\/\/maranhaotv.com.br\/#\/schema\/person\/3d54238e86b20bb5c89ab2fdb8f8829a"},"headline":"A casa caiu! Luciano Gen\u00e9sio \u00e9 alvo de opera\u00e7\u00e3o da Pol\u00edcia Federal","datePublished":"2021-03-02T12:21:57+00:00","mainEntityOfPage":{"@id":"https:\/\/maranhaotv.com.br\/index.php\/2021\/03\/02\/a-casa-caiu-luciano-genesio-e-alvo-de-operacao-da-policia-federal\/"},"wordCount":342,"commentCount":0,"publisher":{"@id":"https:\/\/maranhaotv.com.br\/#organization"},"image":{"@id":"https:\/\/maranhaotv.com.br\/index.php\/2021\/03\/02\/a-casa-caiu-luciano-genesio-e-alvo-de-operacao-da-policia-federal\/#primaryimage"},"thumbnailUrl":"","articleSection":["not\u00edcias","policial"],"inLanguage":"pt-BR","potentialAction":[{"@type":"CommentAction","name":"Comment","target":["https:\/\/maranhaotv.com.br\/index.php\/2021\/03\/02\/a-casa-caiu-luciano-genesio-e-alvo-de-operacao-da-policia-federal\/#respond"]}]},{"@type":"WebPage","@id":"https:\/\/maranhaotv.com.br\/index.php\/2021\/03\/02\/a-casa-caiu-luciano-genesio-e-alvo-de-operacao-da-policia-federal\/","url":"https:\/\/maranhaotv.com.br\/index.php\/2021\/03\/02\/a-casa-caiu-luciano-genesio-e-alvo-de-operacao-da-policia-federal\/","name":"A casa caiu! Luciano Gen\u00e9sio \u00e9 alvo de opera\u00e7\u00e3o da Pol\u00edcia Federal - NOT\u00cdCIAS EM TEMPO REAL","isPartOf":{"@id":"https:\/\/maranhaotv.com.br\/#website"},"primaryImageOfPage":{"@id":"https:\/\/maranhaotv.com.br\/index.php\/2021\/03\/02\/a-casa-caiu-luciano-genesio-e-alvo-de-operacao-da-policia-federal\/#primaryimage"},"image":{"@id":"https:\/\/maranhaotv.com.br\/index.php\/2021\/03\/02\/a-casa-caiu-luciano-genesio-e-alvo-de-operacao-da-policia-federal\/#primaryimage"},"thumbnailUrl":"","datePublished":"2021-03-02T12:21:57+00:00","breadcrumb":{"@id":"https:\/\/maranhaotv.com.br\/index.php\/2021\/03\/02\/a-casa-caiu-luciano-genesio-e-alvo-de-operacao-da-policia-federal\/#breadcrumb"},"inLanguage":"pt-BR","potentialAction":[{"@type":"ReadAction","target":["https:\/\/maranhaotv.com.br\/index.php\/2021\/03\/02\/a-casa-caiu-luciano-genesio-e-alvo-de-operacao-da-policia-federal\/"]}]},{"@type":"ImageObject","inLanguage":"pt-BR","@id":"https:\/\/maranhaotv.com.br\/index.php\/2021\/03\/02\/a-casa-caiu-luciano-genesio-e-alvo-de-operacao-da-policia-federal\/#primaryimage","url":"","contentUrl":""},{"@type":"BreadcrumbList","@id":"https:\/\/maranhaotv.com.br\/index.php\/2021\/03\/02\/a-casa-caiu-luciano-genesio-e-alvo-de-operacao-da-policia-federal\/#breadcrumb","itemListElement":[{"@type":"ListItem","position":1,"name":"In\u00edcio","item":"https:\/\/maranhaotv.com.br\/"},{"@type":"ListItem","position":2,"name":"A casa caiu! Luciano Gen\u00e9sio \u00e9 alvo de opera\u00e7\u00e3o da Pol\u00edcia Federal"}]},{"@type":"WebSite","@id":"https:\/\/maranhaotv.com.br\/#website","url":"https:\/\/maranhaotv.com.br\/","name":"Maranh\u00e3oTV","description":"","publisher":{"@id":"https:\/\/maranhaotv.com.br\/#organization"},"potentialAction":[{"@type":"SearchAction","target":{"@type":"EntryPoint","urlTemplate":"https:\/\/maranhaotv.com.br\/?s={search_term_string}"},"query-input":{"@type":"PropertyValueSpecification","valueRequired":true,"valueName":"search_term_string"}}],"inLanguage":"pt-BR"},{"@type":"Organization","@id":"https:\/\/maranhaotv.com.br\/#organization","name":"Portal de Not\u00edcias","url":"https:\/\/maranhaotv.com.br\/","logo":{"@type":"ImageObject","inLanguage":"pt-BR","@id":"https:\/\/maranhaotv.com.br\/#\/schema\/logo\/image\/","url":"https:\/\/maranhaotv.com.br\/wp-content\/uploads\/2024\/05\/cropped-cropped-avatar-1.png","contentUrl":"https:\/\/maranhaotv.com.br\/wp-content\/uploads\/2024\/05\/cropped-cropped-avatar-1.png","width":792,"height":428,"caption":"Portal de Not\u00edcias"},"image":{"@id":"https:\/\/maranhaotv.com.br\/#\/schema\/logo\/image\/"},"sameAs":["https:\/\/www.facebook.com\/maiobaotv","https:\/\/x.com\/sitemaranhaotv","https:\/\/www.instagram.com\/maranhao.tv","https:\/\/www.threads.net\/@maranhao.tv"]},{"@type":"Person","@id":"https:\/\/maranhaotv.com.br\/#\/schema\/person\/3d54238e86b20bb5c89ab2fdb8f8829a","name":"maranhaotv","image":{"@type":"ImageObject","inLanguage":"pt-BR","@id":"https:\/\/secure.gravatar.com\/avatar\/8fadbca458d4cb68b1dd399ae9a40618d747bb1af65ac9fad21c89220a143eb4?s=96&d=mm&r=g","url":"https:\/\/secure.gravatar.com\/avatar\/8fadbca458d4cb68b1dd399ae9a40618d747bb1af65ac9fad21c89220a143eb4?s=96&d=mm&r=g","contentUrl":"https:\/\/secure.gravatar.com\/avatar\/8fadbca458d4cb68b1dd399ae9a40618d747bb1af65ac9fad21c89220a143eb4?s=96&d=mm&r=g","caption":"maranhaotv"},"sameAs":["https:\/\/maranhaotv.com.br\/"],"url":"https:\/\/maranhaotv.com.br\/index.php\/author\/maranhaotv\/"}]}},"jetpack_featured_media_url":"","jetpack_sharing_enabled":true,"_links":{"self":[{"href":"https:\/\/maranhaotv.com.br\/index.php\/wp-json\/wp\/v2\/posts\/19474","targetHints":{"allow":["GET"]}}],"collection":[{"href":"https:\/\/maranhaotv.com.br\/index.php\/wp-json\/wp\/v2\/posts"}],"about":[{"href":"https:\/\/maranhaotv.com.br\/index.php\/wp-json\/wp\/v2\/types\/post"}],"author":[{"embeddable":true,"href":"https:\/\/maranhaotv.com.br\/index.php\/wp-json\/wp\/v2\/users\/2"}],"replies":[{"embeddable":true,"href":"https:\/\/maranhaotv.com.br\/index.php\/wp-json\/wp\/v2\/comments?post=19474"}],"version-history":[{"count":0,"href":"https:\/\/maranhaotv.com.br\/index.php\/wp-json\/wp\/v2\/posts\/19474\/revisions"}],"wp:featuredmedia":[{"embeddable":true,"href":"https:\/\/maranhaotv.com.br\/index.php\/wp-json\/"}],"wp:attachment":[{"href":"https:\/\/maranhaotv.com.br\/index.php\/wp-json\/wp\/v2\/media?parent=19474"}],"wp:term":[{"taxonomy":"category","embeddable":true,"href":"https:\/\/maranhaotv.com.br\/index.php\/wp-json\/wp\/v2\/categories?post=19474"},{"taxonomy":"post_tag","embeddable":true,"href":"https:\/\/maranhaotv.com.br\/index.php\/wp-json\/wp\/v2\/tags?post=19474"}],"curies":[{"name":"wp","href":"https:\/\/api.w.org\/{rel}","templated":true}]}}