{"id":19495,"date":"2021-03-02T14:03:36","date_gmt":"2021-03-02T17:03:36","guid":{"rendered":"https:\/\/maranhaotv.com.br\/?p=19495"},"modified":"2021-03-02T14:03:36","modified_gmt":"2021-03-02T17:03:36","slug":"filho-de-bolsonaro-compra-mansao-de-r-6-milhoes-em-area-nobre-do-df","status":"publish","type":"post","link":"https:\/\/maranhaotv.com.br\/index.php\/2021\/03\/02\/filho-de-bolsonaro-compra-mansao-de-r-6-milhoes-em-area-nobre-do-df\/","title":{"rendered":"Filho de Bolsonaro compra mans\u00e3o de R$ 6 milh\u00f5es\u00a0 em \u00e1rea nobre do DF"},"content":{"rendered":"<h5>Nas Elei\u00e7\u00f5es de 2018, Fl\u00e1vio Bolsonaro declarou um total de bens de R$ 1,74 milh\u00e3o, patrim\u00f4nio quadruplicou em apenas dois anos<\/h5>\n<p>Denunciado por peculato, lavagem de dinheiro e organiza\u00e7\u00e3o criminosa, o senador Fl\u00e1vio Bolsonaro (Republicanos-RJ) e sua mulher, a dentista Fernanda Antunes Bolsonaro, compraram por cerca de R$ 6 milh\u00f5es uma casa em Bras\u00edlia. A aquisi\u00e7\u00e3o do im\u00f3vel, pr\u00f3ximo do Lago Parano\u00e1, foi revelada pelo site O Antagonista e confirmada pelo Estad\u00e3o. Fl\u00e1vio e a mulher vivem sob o regime da comunh\u00e3o parcial de bens.<\/p>\n<p>Conforme registrado no 1.\u00ba Of\u00edcio de Registro de Im\u00f3veis do Distrito Federal, em 2 de fevereiro, o im\u00f3vel foi comprado por R$ 5,97 milh\u00f5es. A nova casa do filho do presidente Jair Bolsonaro fica localizada no setor de Mans\u00f5es Dom Bosco, no Lago Sul, bairro nobre da capital federal, e foi vendida em an\u00fancio como \u201ca melhor vista de Bras\u00edlia da su\u00edte master\u201d. A casa tem 1,1 mil m\u00b2, com quatro su\u00edtes, academia, piscina e spa com aquecimento solar.<\/p>\n<p>O sal\u00e1rio bruto de um senador \u00e9 de R$ 33.763, que, ap\u00f3s descontos, cai para R$ 24,9 mil. O valor do novo im\u00f3vel \u00e9 mais que o triplo do total de bens declarados por Fl\u00e1vio \u00e0 Justi\u00e7a Eleitoral em 2018, quando disputou uma vaga no Senado. Naquela ocasi\u00e3o, Fl\u00e1vio declarou um total de bens de R$ 1,74 milh\u00e3o, incluindo um apartamento residencial na Barra da Tijuca, no Rio (R$ 917 mil), uma sala comercial no mesmo bairro (R$ 150 mil), 50% de participa\u00e7\u00e3o da empresa Bolsotini Chocolates (uma franquia da Kopenhagen, de R$ 50 mil), um ve\u00edculo Volvo XC (R$ 66,5 mil) e aplica\u00e7\u00f5es e investimentos que somavam R$ 558,2 mil.<\/p>\n","protected":false},"excerpt":{"rendered":"<p>Nas Elei\u00e7\u00f5es de 2018, Fl\u00e1vio Bolsonaro declarou um total de bens de R$ 1,74 milh\u00e3o, patrim\u00f4nio quadruplicou em apenas dois<\/p>\n","protected":false},"author":2,"featured_media":19494,"comment_status":"open","ping_status":"open","sticky":false,"template":"","format":"standard","meta":{"colormag_page_container_layout":"default_layout","colormag_page_sidebar_layout":"default_layout","_jetpack_memberships_contains_paid_content":false,"footnotes":""},"categories":[23],"tags":[],"class_list":["post-19495","post","type-post","status-publish","format-standard","has-post-thumbnail","hentry","category-denuncia"],"magazineBlocksPostFeaturedMedia":{"thumbnail":false,"medium":false,"medium_large":false,"large":false,"1536x1536":false,"2048x2048":false,"colormag-highlighted-post":false,"colormag-featured-post-medium":false,"colormag-featured-post-small":false,"colormag-featured-image":false,"colormag-default-news":false,"colormag-featured-image-large":false},"magazineBlocksPostAuthor":{"name":"maranhaotv","avatar":"https:\/\/secure.gravatar.com\/avatar\/8fadbca458d4cb68b1dd399ae9a40618d747bb1af65ac9fad21c89220a143eb4?s=96&d=mm&r=g"},"magazineBlocksPostCommentsNumber":"0","magazineBlocksPostExcerpt":"Nas Elei\u00e7\u00f5es de 2018, Fl\u00e1vio Bolsonaro declarou um total de bens de R$ 1,74 milh\u00e3o, patrim\u00f4nio quadruplicou em apenas dois","magazineBlocksPostCategories":["den\u00fancia"],"magazineBlocksPostViewCount":272,"magazineBlocksPostReadTime":2,"magazine_blocks_featured_image_url":{"full":false,"medium":false,"thumbnail":false},"magazine_blocks_author":{"display_name":"maranhaotv","author_link":"https:\/\/maranhaotv.com.br\/index.php\/author\/maranhaotv\/"},"magazine_blocks_comment":0,"magazine_blocks_author_image":"https:\/\/secure.gravatar.com\/avatar\/8fadbca458d4cb68b1dd399ae9a40618d747bb1af65ac9fad21c89220a143eb4?s=96&d=mm&r=g","magazine_blocks_category":"<a href=\"#\" class=\"category-link category-link-23\">den\u00fancia<\/a>","yoast_head":"<!-- This site is optimized with the Yoast SEO plugin v27.4 - https:\/\/yoast.com\/product\/yoast-seo-wordpress\/ -->\n<title>Filho de Bolsonaro compra mans\u00e3o de R$ 6 milh\u00f5es\u00a0 em \u00e1rea nobre do DF - NOT\u00cdCIAS EM TEMPO REAL<\/title>\n<meta name=\"robots\" content=\"index, follow, max-snippet:-1, max-image-preview:large, max-video-preview:-1\" \/>\n<link rel=\"canonical\" href=\"https:\/\/maranhaotv.com.br\/index.php\/2021\/03\/02\/filho-de-bolsonaro-compra-mansao-de-r-6-milhoes-em-area-nobre-do-df\/\" \/>\n<meta property=\"og:locale\" content=\"pt_BR\" \/>\n<meta property=\"og:type\" content=\"article\" \/>\n<meta property=\"og:title\" content=\"Filho de Bolsonaro compra mans\u00e3o de R$ 6 milh\u00f5es\u00a0 em \u00e1rea nobre do DF - NOT\u00cdCIAS EM TEMPO REAL\" \/>\n<meta property=\"og:description\" content=\"Nas Elei\u00e7\u00f5es de 2018, Fl\u00e1vio Bolsonaro declarou um total de bens de R$ 1,74 milh\u00e3o, patrim\u00f4nio quadruplicou em apenas dois\" \/>\n<meta property=\"og:url\" content=\"https:\/\/maranhaotv.com.br\/index.php\/2021\/03\/02\/filho-de-bolsonaro-compra-mansao-de-r-6-milhoes-em-area-nobre-do-df\/\" \/>\n<meta property=\"og:site_name\" content=\"NOT\u00cdCIAS EM TEMPO REAL\" \/>\n<meta property=\"article:publisher\" content=\"https:\/\/www.facebook.com\/maiobaotv\" \/>\n<meta property=\"article:published_time\" content=\"2021-03-02T17:03:36+00:00\" \/>\n<meta name=\"author\" content=\"maranhaotv\" \/>\n<meta name=\"twitter:card\" content=\"summary_large_image\" \/>\n<meta name=\"twitter:creator\" content=\"@sitemaranhaotv\" \/>\n<meta name=\"twitter:site\" content=\"@sitemaranhaotv\" \/>\n<meta name=\"twitter:label1\" content=\"Escrito por\" \/>\n\t<meta name=\"twitter:data1\" content=\"maranhaotv\" \/>\n\t<meta name=\"twitter:label2\" content=\"Est. tempo de leitura\" \/>\n\t<meta name=\"twitter:data2\" content=\"1 minuto\" \/>\n<script type=\"application\/ld+json\" class=\"yoast-schema-graph\">{\"@context\":\"https:\\\/\\\/schema.org\",\"@graph\":[{\"@type\":\"Article\",\"@id\":\"https:\\\/\\\/maranhaotv.com.br\\\/index.php\\\/2021\\\/03\\\/02\\\/filho-de-bolsonaro-compra-mansao-de-r-6-milhoes-em-area-nobre-do-df\\\/#article\",\"isPartOf\":{\"@id\":\"https:\\\/\\\/maranhaotv.com.br\\\/index.php\\\/2021\\\/03\\\/02\\\/filho-de-bolsonaro-compra-mansao-de-r-6-milhoes-em-area-nobre-do-df\\\/\"},\"author\":{\"name\":\"maranhaotv\",\"@id\":\"https:\\\/\\\/maranhaotv.com.br\\\/#\\\/schema\\\/person\\\/3d54238e86b20bb5c89ab2fdb8f8829a\"},\"headline\":\"Filho de Bolsonaro compra mans\u00e3o de R$ 6 milh\u00f5es\u00a0 em \u00e1rea nobre do DF\",\"datePublished\":\"2021-03-02T17:03:36+00:00\",\"mainEntityOfPage\":{\"@id\":\"https:\\\/\\\/maranhaotv.com.br\\\/index.php\\\/2021\\\/03\\\/02\\\/filho-de-bolsonaro-compra-mansao-de-r-6-milhoes-em-area-nobre-do-df\\\/\"},\"wordCount\":304,\"commentCount\":0,\"publisher\":{\"@id\":\"https:\\\/\\\/maranhaotv.com.br\\\/#organization\"},\"image\":{\"@id\":\"https:\\\/\\\/maranhaotv.com.br\\\/index.php\\\/2021\\\/03\\\/02\\\/filho-de-bolsonaro-compra-mansao-de-r-6-milhoes-em-area-nobre-do-df\\\/#primaryimage\"},\"thumbnailUrl\":\"\",\"articleSection\":[\"den\u00fancia\"],\"inLanguage\":\"pt-BR\",\"potentialAction\":[{\"@type\":\"CommentAction\",\"name\":\"Comment\",\"target\":[\"https:\\\/\\\/maranhaotv.com.br\\\/index.php\\\/2021\\\/03\\\/02\\\/filho-de-bolsonaro-compra-mansao-de-r-6-milhoes-em-area-nobre-do-df\\\/#respond\"]}]},{\"@type\":\"WebPage\",\"@id\":\"https:\\\/\\\/maranhaotv.com.br\\\/index.php\\\/2021\\\/03\\\/02\\\/filho-de-bolsonaro-compra-mansao-de-r-6-milhoes-em-area-nobre-do-df\\\/\",\"url\":\"https:\\\/\\\/maranhaotv.com.br\\\/index.php\\\/2021\\\/03\\\/02\\\/filho-de-bolsonaro-compra-mansao-de-r-6-milhoes-em-area-nobre-do-df\\\/\",\"name\":\"Filho de Bolsonaro compra mans\u00e3o de R$ 6 milh\u00f5es\u00a0 em \u00e1rea nobre do DF - NOT\u00cdCIAS EM TEMPO REAL\",\"isPartOf\":{\"@id\":\"https:\\\/\\\/maranhaotv.com.br\\\/#website\"},\"primaryImageOfPage\":{\"@id\":\"https:\\\/\\\/maranhaotv.com.br\\\/index.php\\\/2021\\\/03\\\/02\\\/filho-de-bolsonaro-compra-mansao-de-r-6-milhoes-em-area-nobre-do-df\\\/#primaryimage\"},\"image\":{\"@id\":\"https:\\\/\\\/maranhaotv.com.br\\\/index.php\\\/2021\\\/03\\\/02\\\/filho-de-bolsonaro-compra-mansao-de-r-6-milhoes-em-area-nobre-do-df\\\/#primaryimage\"},\"thumbnailUrl\":\"\",\"datePublished\":\"2021-03-02T17:03:36+00:00\",\"breadcrumb\":{\"@id\":\"https:\\\/\\\/maranhaotv.com.br\\\/index.php\\\/2021\\\/03\\\/02\\\/filho-de-bolsonaro-compra-mansao-de-r-6-milhoes-em-area-nobre-do-df\\\/#breadcrumb\"},\"inLanguage\":\"pt-BR\",\"potentialAction\":[{\"@type\":\"ReadAction\",\"target\":[\"https:\\\/\\\/maranhaotv.com.br\\\/index.php\\\/2021\\\/03\\\/02\\\/filho-de-bolsonaro-compra-mansao-de-r-6-milhoes-em-area-nobre-do-df\\\/\"]}]},{\"@type\":\"ImageObject\",\"inLanguage\":\"pt-BR\",\"@id\":\"https:\\\/\\\/maranhaotv.com.br\\\/index.php\\\/2021\\\/03\\\/02\\\/filho-de-bolsonaro-compra-mansao-de-r-6-milhoes-em-area-nobre-do-df\\\/#primaryimage\",\"url\":\"\",\"contentUrl\":\"\"},{\"@type\":\"BreadcrumbList\",\"@id\":\"https:\\\/\\\/maranhaotv.com.br\\\/index.php\\\/2021\\\/03\\\/02\\\/filho-de-bolsonaro-compra-mansao-de-r-6-milhoes-em-area-nobre-do-df\\\/#breadcrumb\",\"itemListElement\":[{\"@type\":\"ListItem\",\"position\":1,\"name\":\"In\u00edcio\",\"item\":\"https:\\\/\\\/maranhaotv.com.br\\\/\"},{\"@type\":\"ListItem\",\"position\":2,\"name\":\"Filho de Bolsonaro compra mans\u00e3o de R$ 6 milh\u00f5es\u00a0 em \u00e1rea nobre do DF\"}]},{\"@type\":\"WebSite\",\"@id\":\"https:\\\/\\\/maranhaotv.com.br\\\/#website\",\"url\":\"https:\\\/\\\/maranhaotv.com.br\\\/\",\"name\":\"Maranh\u00e3oTV\",\"description\":\"\",\"publisher\":{\"@id\":\"https:\\\/\\\/maranhaotv.com.br\\\/#organization\"},\"potentialAction\":[{\"@type\":\"SearchAction\",\"target\":{\"@type\":\"EntryPoint\",\"urlTemplate\":\"https:\\\/\\\/maranhaotv.com.br\\\/?s={search_term_string}\"},\"query-input\":{\"@type\":\"PropertyValueSpecification\",\"valueRequired\":true,\"valueName\":\"search_term_string\"}}],\"inLanguage\":\"pt-BR\"},{\"@type\":\"Organization\",\"@id\":\"https:\\\/\\\/maranhaotv.com.br\\\/#organization\",\"name\":\"Portal de Not\u00edcias\",\"url\":\"https:\\\/\\\/maranhaotv.com.br\\\/\",\"logo\":{\"@type\":\"ImageObject\",\"inLanguage\":\"pt-BR\",\"@id\":\"https:\\\/\\\/maranhaotv.com.br\\\/#\\\/schema\\\/logo\\\/image\\\/\",\"url\":\"https:\\\/\\\/maranhaotv.com.br\\\/wp-content\\\/uploads\\\/2024\\\/05\\\/cropped-cropped-avatar-1.png\",\"contentUrl\":\"https:\\\/\\\/maranhaotv.com.br\\\/wp-content\\\/uploads\\\/2024\\\/05\\\/cropped-cropped-avatar-1.png\",\"width\":792,\"height\":428,\"caption\":\"Portal de Not\u00edcias\"},\"image\":{\"@id\":\"https:\\\/\\\/maranhaotv.com.br\\\/#\\\/schema\\\/logo\\\/image\\\/\"},\"sameAs\":[\"https:\\\/\\\/www.facebook.com\\\/maiobaotv\",\"https:\\\/\\\/x.com\\\/sitemaranhaotv\",\"https:\\\/\\\/www.instagram.com\\\/maranhao.tv\",\"https:\\\/\\\/www.threads.net\\\/@maranhao.tv\"]},{\"@type\":\"Person\",\"@id\":\"https:\\\/\\\/maranhaotv.com.br\\\/#\\\/schema\\\/person\\\/3d54238e86b20bb5c89ab2fdb8f8829a\",\"name\":\"maranhaotv\",\"image\":{\"@type\":\"ImageObject\",\"inLanguage\":\"pt-BR\",\"@id\":\"https:\\\/\\\/secure.gravatar.com\\\/avatar\\\/8fadbca458d4cb68b1dd399ae9a40618d747bb1af65ac9fad21c89220a143eb4?s=96&d=mm&r=g\",\"url\":\"https:\\\/\\\/secure.gravatar.com\\\/avatar\\\/8fadbca458d4cb68b1dd399ae9a40618d747bb1af65ac9fad21c89220a143eb4?s=96&d=mm&r=g\",\"contentUrl\":\"https:\\\/\\\/secure.gravatar.com\\\/avatar\\\/8fadbca458d4cb68b1dd399ae9a40618d747bb1af65ac9fad21c89220a143eb4?s=96&d=mm&r=g\",\"caption\":\"maranhaotv\"},\"sameAs\":[\"https:\\\/\\\/maranhaotv.com.br\\\/\"],\"url\":\"https:\\\/\\\/maranhaotv.com.br\\\/index.php\\\/author\\\/maranhaotv\\\/\"}]}<\/script>\n<!-- \/ Yoast SEO plugin. -->","yoast_head_json":{"title":"Filho de Bolsonaro compra mans\u00e3o de R$ 6 milh\u00f5es\u00a0 em \u00e1rea nobre do DF - NOT\u00cdCIAS EM TEMPO REAL","robots":{"index":"index","follow":"follow","max-snippet":"max-snippet:-1","max-image-preview":"max-image-preview:large","max-video-preview":"max-video-preview:-1"},"canonical":"https:\/\/maranhaotv.com.br\/index.php\/2021\/03\/02\/filho-de-bolsonaro-compra-mansao-de-r-6-milhoes-em-area-nobre-do-df\/","og_locale":"pt_BR","og_type":"article","og_title":"Filho de Bolsonaro compra mans\u00e3o de R$ 6 milh\u00f5es\u00a0 em \u00e1rea nobre do DF - NOT\u00cdCIAS EM TEMPO REAL","og_description":"Nas Elei\u00e7\u00f5es de 2018, Fl\u00e1vio Bolsonaro declarou um total de bens de R$ 1,74 milh\u00e3o, patrim\u00f4nio quadruplicou em apenas dois","og_url":"https:\/\/maranhaotv.com.br\/index.php\/2021\/03\/02\/filho-de-bolsonaro-compra-mansao-de-r-6-milhoes-em-area-nobre-do-df\/","og_site_name":"NOT\u00cdCIAS EM TEMPO REAL","article_publisher":"https:\/\/www.facebook.com\/maiobaotv","article_published_time":"2021-03-02T17:03:36+00:00","author":"maranhaotv","twitter_card":"summary_large_image","twitter_creator":"@sitemaranhaotv","twitter_site":"@sitemaranhaotv","twitter_misc":{"Escrito por":"maranhaotv","Est. tempo de leitura":"1 minuto"},"schema":{"@context":"https:\/\/schema.org","@graph":[{"@type":"Article","@id":"https:\/\/maranhaotv.com.br\/index.php\/2021\/03\/02\/filho-de-bolsonaro-compra-mansao-de-r-6-milhoes-em-area-nobre-do-df\/#article","isPartOf":{"@id":"https:\/\/maranhaotv.com.br\/index.php\/2021\/03\/02\/filho-de-bolsonaro-compra-mansao-de-r-6-milhoes-em-area-nobre-do-df\/"},"author":{"name":"maranhaotv","@id":"https:\/\/maranhaotv.com.br\/#\/schema\/person\/3d54238e86b20bb5c89ab2fdb8f8829a"},"headline":"Filho de Bolsonaro compra mans\u00e3o de R$ 6 milh\u00f5es\u00a0 em \u00e1rea nobre do DF","datePublished":"2021-03-02T17:03:36+00:00","mainEntityOfPage":{"@id":"https:\/\/maranhaotv.com.br\/index.php\/2021\/03\/02\/filho-de-bolsonaro-compra-mansao-de-r-6-milhoes-em-area-nobre-do-df\/"},"wordCount":304,"commentCount":0,"publisher":{"@id":"https:\/\/maranhaotv.com.br\/#organization"},"image":{"@id":"https:\/\/maranhaotv.com.br\/index.php\/2021\/03\/02\/filho-de-bolsonaro-compra-mansao-de-r-6-milhoes-em-area-nobre-do-df\/#primaryimage"},"thumbnailUrl":"","articleSection":["den\u00fancia"],"inLanguage":"pt-BR","potentialAction":[{"@type":"CommentAction","name":"Comment","target":["https:\/\/maranhaotv.com.br\/index.php\/2021\/03\/02\/filho-de-bolsonaro-compra-mansao-de-r-6-milhoes-em-area-nobre-do-df\/#respond"]}]},{"@type":"WebPage","@id":"https:\/\/maranhaotv.com.br\/index.php\/2021\/03\/02\/filho-de-bolsonaro-compra-mansao-de-r-6-milhoes-em-area-nobre-do-df\/","url":"https:\/\/maranhaotv.com.br\/index.php\/2021\/03\/02\/filho-de-bolsonaro-compra-mansao-de-r-6-milhoes-em-area-nobre-do-df\/","name":"Filho de Bolsonaro compra mans\u00e3o de R$ 6 milh\u00f5es\u00a0 em \u00e1rea nobre do DF - NOT\u00cdCIAS EM TEMPO REAL","isPartOf":{"@id":"https:\/\/maranhaotv.com.br\/#website"},"primaryImageOfPage":{"@id":"https:\/\/maranhaotv.com.br\/index.php\/2021\/03\/02\/filho-de-bolsonaro-compra-mansao-de-r-6-milhoes-em-area-nobre-do-df\/#primaryimage"},"image":{"@id":"https:\/\/maranhaotv.com.br\/index.php\/2021\/03\/02\/filho-de-bolsonaro-compra-mansao-de-r-6-milhoes-em-area-nobre-do-df\/#primaryimage"},"thumbnailUrl":"","datePublished":"2021-03-02T17:03:36+00:00","breadcrumb":{"@id":"https:\/\/maranhaotv.com.br\/index.php\/2021\/03\/02\/filho-de-bolsonaro-compra-mansao-de-r-6-milhoes-em-area-nobre-do-df\/#breadcrumb"},"inLanguage":"pt-BR","potentialAction":[{"@type":"ReadAction","target":["https:\/\/maranhaotv.com.br\/index.php\/2021\/03\/02\/filho-de-bolsonaro-compra-mansao-de-r-6-milhoes-em-area-nobre-do-df\/"]}]},{"@type":"ImageObject","inLanguage":"pt-BR","@id":"https:\/\/maranhaotv.com.br\/index.php\/2021\/03\/02\/filho-de-bolsonaro-compra-mansao-de-r-6-milhoes-em-area-nobre-do-df\/#primaryimage","url":"","contentUrl":""},{"@type":"BreadcrumbList","@id":"https:\/\/maranhaotv.com.br\/index.php\/2021\/03\/02\/filho-de-bolsonaro-compra-mansao-de-r-6-milhoes-em-area-nobre-do-df\/#breadcrumb","itemListElement":[{"@type":"ListItem","position":1,"name":"In\u00edcio","item":"https:\/\/maranhaotv.com.br\/"},{"@type":"ListItem","position":2,"name":"Filho de Bolsonaro compra mans\u00e3o de R$ 6 milh\u00f5es\u00a0 em \u00e1rea nobre do DF"}]},{"@type":"WebSite","@id":"https:\/\/maranhaotv.com.br\/#website","url":"https:\/\/maranhaotv.com.br\/","name":"Maranh\u00e3oTV","description":"","publisher":{"@id":"https:\/\/maranhaotv.com.br\/#organization"},"potentialAction":[{"@type":"SearchAction","target":{"@type":"EntryPoint","urlTemplate":"https:\/\/maranhaotv.com.br\/?s={search_term_string}"},"query-input":{"@type":"PropertyValueSpecification","valueRequired":true,"valueName":"search_term_string"}}],"inLanguage":"pt-BR"},{"@type":"Organization","@id":"https:\/\/maranhaotv.com.br\/#organization","name":"Portal de Not\u00edcias","url":"https:\/\/maranhaotv.com.br\/","logo":{"@type":"ImageObject","inLanguage":"pt-BR","@id":"https:\/\/maranhaotv.com.br\/#\/schema\/logo\/image\/","url":"https:\/\/maranhaotv.com.br\/wp-content\/uploads\/2024\/05\/cropped-cropped-avatar-1.png","contentUrl":"https:\/\/maranhaotv.com.br\/wp-content\/uploads\/2024\/05\/cropped-cropped-avatar-1.png","width":792,"height":428,"caption":"Portal de Not\u00edcias"},"image":{"@id":"https:\/\/maranhaotv.com.br\/#\/schema\/logo\/image\/"},"sameAs":["https:\/\/www.facebook.com\/maiobaotv","https:\/\/x.com\/sitemaranhaotv","https:\/\/www.instagram.com\/maranhao.tv","https:\/\/www.threads.net\/@maranhao.tv"]},{"@type":"Person","@id":"https:\/\/maranhaotv.com.br\/#\/schema\/person\/3d54238e86b20bb5c89ab2fdb8f8829a","name":"maranhaotv","image":{"@type":"ImageObject","inLanguage":"pt-BR","@id":"https:\/\/secure.gravatar.com\/avatar\/8fadbca458d4cb68b1dd399ae9a40618d747bb1af65ac9fad21c89220a143eb4?s=96&d=mm&r=g","url":"https:\/\/secure.gravatar.com\/avatar\/8fadbca458d4cb68b1dd399ae9a40618d747bb1af65ac9fad21c89220a143eb4?s=96&d=mm&r=g","contentUrl":"https:\/\/secure.gravatar.com\/avatar\/8fadbca458d4cb68b1dd399ae9a40618d747bb1af65ac9fad21c89220a143eb4?s=96&d=mm&r=g","caption":"maranhaotv"},"sameAs":["https:\/\/maranhaotv.com.br\/"],"url":"https:\/\/maranhaotv.com.br\/index.php\/author\/maranhaotv\/"}]}},"jetpack_featured_media_url":"","jetpack_sharing_enabled":true,"_links":{"self":[{"href":"https:\/\/maranhaotv.com.br\/index.php\/wp-json\/wp\/v2\/posts\/19495","targetHints":{"allow":["GET"]}}],"collection":[{"href":"https:\/\/maranhaotv.com.br\/index.php\/wp-json\/wp\/v2\/posts"}],"about":[{"href":"https:\/\/maranhaotv.com.br\/index.php\/wp-json\/wp\/v2\/types\/post"}],"author":[{"embeddable":true,"href":"https:\/\/maranhaotv.com.br\/index.php\/wp-json\/wp\/v2\/users\/2"}],"replies":[{"embeddable":true,"href":"https:\/\/maranhaotv.com.br\/index.php\/wp-json\/wp\/v2\/comments?post=19495"}],"version-history":[{"count":0,"href":"https:\/\/maranhaotv.com.br\/index.php\/wp-json\/wp\/v2\/posts\/19495\/revisions"}],"wp:featuredmedia":[{"embeddable":true,"href":"https:\/\/maranhaotv.com.br\/index.php\/wp-json\/"}],"wp:attachment":[{"href":"https:\/\/maranhaotv.com.br\/index.php\/wp-json\/wp\/v2\/media?parent=19495"}],"wp:term":[{"taxonomy":"category","embeddable":true,"href":"https:\/\/maranhaotv.com.br\/index.php\/wp-json\/wp\/v2\/categories?post=19495"},{"taxonomy":"post_tag","embeddable":true,"href":"https:\/\/maranhaotv.com.br\/index.php\/wp-json\/wp\/v2\/tags?post=19495"}],"curies":[{"name":"wp","href":"https:\/\/api.w.org\/{rel}","templated":true}]}}