{"id":19498,"date":"2021-03-02T16:52:23","date_gmt":"2021-03-02T19:52:23","guid":{"rendered":"https:\/\/maranhaotv.com.br\/?p=19498"},"modified":"2021-03-02T16:52:23","modified_gmt":"2021-03-02T19:52:23","slug":"absurdo-maioria-dos-vereadores-de-paco-do-lumiar-decidem-nao-fiscalizar-governo-de-paula-da-pindoba","status":"publish","type":"post","link":"https:\/\/maranhaotv.com.br\/index.php\/2021\/03\/02\/absurdo-maioria-dos-vereadores-de-paco-do-lumiar-decidem-nao-fiscalizar-governo-de-paula-da-pindoba\/","title":{"rendered":"Absurdo: Maioria dos vereadores de Pa\u00e7o do Lumiar decidem n\u00e3o fiscalizar governo de Paula da Pindoba"},"content":{"rendered":"<p>Maioria da C\u00e2mara \u00e9 base do governo e preferem se eximir do papel de fiscalizadores para serem bajuladores da prefeita, os edis decidiram pela segunda vez em votar contra requerimento que iria fiscalizar gastos da prefeitura com a sa\u00fade do munic\u00edpio.<\/p>\n<p>Nas \u00faltimas sess\u00f5es parlamentares da C\u00e2mara de Pa\u00e7o do Lumiar o clima de prote\u00e7\u00e3o ao governo da prefeita Paula da Pindoba tem sido evidenciado pela maioria dos representantes do povo luminense. Houveram alguns pedidos de informa\u00e7\u00f5es sobre diversas \u00e1reas que inclu\u00edam de recursos financeiros a contratos estabelecidos principalmente com a Secret\u00e1ria de Sa\u00fade, que por sinal bem apropriado no momento, devido acerca da maior crise da sa\u00fade que a cidade passa. Os pedidos foram feitos atrav\u00e9s das vereadoras Ana L\u00facia e Alexissandra Garcia e foi negado por maioria dos vereadores presentes na sess\u00e3o.<\/p>\n<p>O fato \u00e9 curioso e intrigante, embora todos saibam que o papel principal de um vereador \u00e9 fiscalizar o executivo, os vereadores de Pa\u00e7o preferem se omitir de certa atribui\u00e7\u00e3o. Qual o motivo de n\u00e3o investigar e estar por dentro do que acontece com os recursos da sa\u00fade na cidade? A quem interessa tal manobra?<br \/>\nEm tempo a uma pandemia que massacra nossa popula\u00e7\u00e3o, a cidade de Pa\u00e7o do Lumiar, 5\u00aa maior do Maranh\u00e3o se encontra sem Servi\u00e7o de Atendimento M\u00f3vel de Urg\u00eancia \u2013 SAMU, e \u00e9 uma das que mais morrem pessoas em decorr\u00eancia da COVID 19 do estado.<\/p>\n<p><img loading=\"lazy\" decoding=\"async\" class=\"wp-image-19500 alignnone size-full\" src=\"https:\/\/maranhaotv.com.br\/wp-content\/uploads\/2021\/03\/img-20210302-wa02587221609373773565796.jpg\" width=\"960\" height=\"640\"><\/p>\n<p><strong>Vereadores que votaram a favor da fiscaliza\u00e7\u00e3o: <\/strong><\/p>\n<p>Ana Lucia, Alexisandra Garcia, Fernando Feitosa e Mi\u00e9rcio Martins.<\/p>\n<p><strong>Vereadores que votaram contra a fiscaliza\u00e7\u00e3o:<\/strong><\/p>\n<p>Mary Moj\u00f3, Wellington Sousa, Rafael Neves, Driele pindoba , In\u00e1cio Ferreira, Major Roberto, Mauro multibancos, Fernandinho e Jorge Maru<br \/>\nVereadores ausentes:<br \/>\nBianca Mendes, Miau Oliveira, Orlete Mafra, Vanusa Neves e Paulo Henrique<\/p>\n<p><img loading=\"lazy\" decoding=\"async\" class=\"wp-image-19499 alignnone size-full\" src=\"https:\/\/maranhaotv.com.br\/wp-content\/uploads\/2021\/03\/img-20210302-wa02574708730014232307694.jpg\" width=\"960\" height=\"684\"><\/p>\n<p>Veja os requerimentos:<\/p>\n<p><img loading=\"lazy\" decoding=\"async\" class=\"alignnone size-full wp-image-19497\" src=\"https:\/\/maranhaotv.com.br\/wp-content\/uploads\/2021\/03\/img-20210302-wa008911332650720210652.jpg\" width=\"1080\" height=\"1237\"><\/p>\n","protected":false},"excerpt":{"rendered":"<p>Maioria da C\u00e2mara \u00e9 base do governo e preferem se eximir do papel de fiscalizadores para serem bajuladores da prefeita,<\/p>\n","protected":false},"author":2,"featured_media":19502,"comment_status":"open","ping_status":"open","sticky":false,"template":"","format":"standard","meta":{"colormag_page_container_layout":"default_layout","colormag_page_sidebar_layout":"default_layout","_jetpack_memberships_contains_paid_content":false,"footnotes":""},"categories":[2],"tags":[],"class_list":["post-19498","post","type-post","status-publish","format-standard","has-post-thumbnail","hentry","category-noticias"],"magazineBlocksPostFeaturedMedia":{"thumbnail":false,"medium":false,"medium_large":false,"large":false,"1536x1536":false,"2048x2048":false,"colormag-highlighted-post":false,"colormag-featured-post-medium":false,"colormag-featured-post-small":false,"colormag-featured-image":false,"colormag-default-news":false,"colormag-featured-image-large":false},"magazineBlocksPostAuthor":{"name":"maranhaotv","avatar":"https:\/\/secure.gravatar.com\/avatar\/8fadbca458d4cb68b1dd399ae9a40618d747bb1af65ac9fad21c89220a143eb4?s=96&d=mm&r=g"},"magazineBlocksPostCommentsNumber":"0","magazineBlocksPostExcerpt":"Maioria da C\u00e2mara \u00e9 base do governo e preferem se eximir do papel de fiscalizadores para serem bajuladores da prefeita,","magazineBlocksPostCategories":["not\u00edcias"],"magazineBlocksPostViewCount":270,"magazineBlocksPostReadTime":2,"magazine_blocks_featured_image_url":{"full":false,"medium":false,"thumbnail":false},"magazine_blocks_author":{"display_name":"maranhaotv","author_link":"https:\/\/maranhaotv.com.br\/index.php\/author\/maranhaotv\/"},"magazine_blocks_comment":1,"magazine_blocks_author_image":"https:\/\/secure.gravatar.com\/avatar\/8fadbca458d4cb68b1dd399ae9a40618d747bb1af65ac9fad21c89220a143eb4?s=96&d=mm&r=g","magazine_blocks_category":"<a href=\"#\" class=\"category-link category-link-2\">not\u00edcias<\/a>","yoast_head":"<!-- This site is optimized with the Yoast SEO plugin v27.4 - https:\/\/yoast.com\/product\/yoast-seo-wordpress\/ -->\n<title>Absurdo: Maioria dos vereadores de Pa\u00e7o do Lumiar decidem n\u00e3o fiscalizar governo de Paula da Pindoba - NOT\u00cdCIAS EM TEMPO REAL<\/title>\n<meta name=\"robots\" content=\"index, follow, max-snippet:-1, max-image-preview:large, max-video-preview:-1\" \/>\n<link rel=\"canonical\" href=\"https:\/\/maranhaotv.com.br\/index.php\/2021\/03\/02\/absurdo-maioria-dos-vereadores-de-paco-do-lumiar-decidem-nao-fiscalizar-governo-de-paula-da-pindoba\/\" \/>\n<meta property=\"og:locale\" content=\"pt_BR\" \/>\n<meta property=\"og:type\" content=\"article\" \/>\n<meta property=\"og:title\" content=\"Absurdo: Maioria dos vereadores de Pa\u00e7o do Lumiar decidem n\u00e3o fiscalizar governo de Paula da Pindoba - NOT\u00cdCIAS EM TEMPO REAL\" \/>\n<meta property=\"og:description\" content=\"Maioria da C\u00e2mara \u00e9 base do governo e preferem se eximir do papel de fiscalizadores para serem bajuladores da prefeita,\" \/>\n<meta property=\"og:url\" content=\"https:\/\/maranhaotv.com.br\/index.php\/2021\/03\/02\/absurdo-maioria-dos-vereadores-de-paco-do-lumiar-decidem-nao-fiscalizar-governo-de-paula-da-pindoba\/\" \/>\n<meta property=\"og:site_name\" content=\"NOT\u00cdCIAS EM TEMPO REAL\" \/>\n<meta property=\"article:publisher\" content=\"https:\/\/www.facebook.com\/maiobaotv\" \/>\n<meta property=\"article:published_time\" content=\"2021-03-02T19:52:23+00:00\" \/>\n<meta name=\"author\" content=\"maranhaotv\" \/>\n<meta name=\"twitter:card\" content=\"summary_large_image\" \/>\n<meta name=\"twitter:creator\" content=\"@sitemaranhaotv\" \/>\n<meta name=\"twitter:site\" content=\"@sitemaranhaotv\" \/>\n<meta name=\"twitter:label1\" content=\"Escrito por\" \/>\n\t<meta name=\"twitter:data1\" content=\"maranhaotv\" \/>\n\t<meta name=\"twitter:label2\" content=\"Est. tempo de leitura\" \/>\n\t<meta name=\"twitter:data2\" content=\"2 minutos\" \/>\n<script type=\"application\/ld+json\" class=\"yoast-schema-graph\">{\"@context\":\"https:\\\/\\\/schema.org\",\"@graph\":[{\"@type\":\"Article\",\"@id\":\"https:\\\/\\\/maranhaotv.com.br\\\/index.php\\\/2021\\\/03\\\/02\\\/absurdo-maioria-dos-vereadores-de-paco-do-lumiar-decidem-nao-fiscalizar-governo-de-paula-da-pindoba\\\/#article\",\"isPartOf\":{\"@id\":\"https:\\\/\\\/maranhaotv.com.br\\\/index.php\\\/2021\\\/03\\\/02\\\/absurdo-maioria-dos-vereadores-de-paco-do-lumiar-decidem-nao-fiscalizar-governo-de-paula-da-pindoba\\\/\"},\"author\":{\"name\":\"maranhaotv\",\"@id\":\"https:\\\/\\\/maranhaotv.com.br\\\/#\\\/schema\\\/person\\\/3d54238e86b20bb5c89ab2fdb8f8829a\"},\"headline\":\"Absurdo: Maioria dos vereadores de Pa\u00e7o do Lumiar decidem n\u00e3o fiscalizar governo de Paula da Pindoba\",\"datePublished\":\"2021-03-02T19:52:23+00:00\",\"mainEntityOfPage\":{\"@id\":\"https:\\\/\\\/maranhaotv.com.br\\\/index.php\\\/2021\\\/03\\\/02\\\/absurdo-maioria-dos-vereadores-de-paco-do-lumiar-decidem-nao-fiscalizar-governo-de-paula-da-pindoba\\\/\"},\"wordCount\":331,\"commentCount\":0,\"publisher\":{\"@id\":\"https:\\\/\\\/maranhaotv.com.br\\\/#organization\"},\"image\":{\"@id\":\"https:\\\/\\\/maranhaotv.com.br\\\/index.php\\\/2021\\\/03\\\/02\\\/absurdo-maioria-dos-vereadores-de-paco-do-lumiar-decidem-nao-fiscalizar-governo-de-paula-da-pindoba\\\/#primaryimage\"},\"thumbnailUrl\":\"\",\"articleSection\":[\"not\u00edcias\"],\"inLanguage\":\"pt-BR\",\"potentialAction\":[{\"@type\":\"CommentAction\",\"name\":\"Comment\",\"target\":[\"https:\\\/\\\/maranhaotv.com.br\\\/index.php\\\/2021\\\/03\\\/02\\\/absurdo-maioria-dos-vereadores-de-paco-do-lumiar-decidem-nao-fiscalizar-governo-de-paula-da-pindoba\\\/#respond\"]}]},{\"@type\":\"WebPage\",\"@id\":\"https:\\\/\\\/maranhaotv.com.br\\\/index.php\\\/2021\\\/03\\\/02\\\/absurdo-maioria-dos-vereadores-de-paco-do-lumiar-decidem-nao-fiscalizar-governo-de-paula-da-pindoba\\\/\",\"url\":\"https:\\\/\\\/maranhaotv.com.br\\\/index.php\\\/2021\\\/03\\\/02\\\/absurdo-maioria-dos-vereadores-de-paco-do-lumiar-decidem-nao-fiscalizar-governo-de-paula-da-pindoba\\\/\",\"name\":\"Absurdo: Maioria dos vereadores de Pa\u00e7o do Lumiar decidem n\u00e3o fiscalizar governo de Paula da Pindoba - NOT\u00cdCIAS EM TEMPO REAL\",\"isPartOf\":{\"@id\":\"https:\\\/\\\/maranhaotv.com.br\\\/#website\"},\"primaryImageOfPage\":{\"@id\":\"https:\\\/\\\/maranhaotv.com.br\\\/index.php\\\/2021\\\/03\\\/02\\\/absurdo-maioria-dos-vereadores-de-paco-do-lumiar-decidem-nao-fiscalizar-governo-de-paula-da-pindoba\\\/#primaryimage\"},\"image\":{\"@id\":\"https:\\\/\\\/maranhaotv.com.br\\\/index.php\\\/2021\\\/03\\\/02\\\/absurdo-maioria-dos-vereadores-de-paco-do-lumiar-decidem-nao-fiscalizar-governo-de-paula-da-pindoba\\\/#primaryimage\"},\"thumbnailUrl\":\"\",\"datePublished\":\"2021-03-02T19:52:23+00:00\",\"breadcrumb\":{\"@id\":\"https:\\\/\\\/maranhaotv.com.br\\\/index.php\\\/2021\\\/03\\\/02\\\/absurdo-maioria-dos-vereadores-de-paco-do-lumiar-decidem-nao-fiscalizar-governo-de-paula-da-pindoba\\\/#breadcrumb\"},\"inLanguage\":\"pt-BR\",\"potentialAction\":[{\"@type\":\"ReadAction\",\"target\":[\"https:\\\/\\\/maranhaotv.com.br\\\/index.php\\\/2021\\\/03\\\/02\\\/absurdo-maioria-dos-vereadores-de-paco-do-lumiar-decidem-nao-fiscalizar-governo-de-paula-da-pindoba\\\/\"]}]},{\"@type\":\"ImageObject\",\"inLanguage\":\"pt-BR\",\"@id\":\"https:\\\/\\\/maranhaotv.com.br\\\/index.php\\\/2021\\\/03\\\/02\\\/absurdo-maioria-dos-vereadores-de-paco-do-lumiar-decidem-nao-fiscalizar-governo-de-paula-da-pindoba\\\/#primaryimage\",\"url\":\"\",\"contentUrl\":\"\"},{\"@type\":\"BreadcrumbList\",\"@id\":\"https:\\\/\\\/maranhaotv.com.br\\\/index.php\\\/2021\\\/03\\\/02\\\/absurdo-maioria-dos-vereadores-de-paco-do-lumiar-decidem-nao-fiscalizar-governo-de-paula-da-pindoba\\\/#breadcrumb\",\"itemListElement\":[{\"@type\":\"ListItem\",\"position\":1,\"name\":\"In\u00edcio\",\"item\":\"https:\\\/\\\/maranhaotv.com.br\\\/\"},{\"@type\":\"ListItem\",\"position\":2,\"name\":\"Absurdo: Maioria dos vereadores de Pa\u00e7o do Lumiar decidem n\u00e3o fiscalizar governo de Paula da Pindoba\"}]},{\"@type\":\"WebSite\",\"@id\":\"https:\\\/\\\/maranhaotv.com.br\\\/#website\",\"url\":\"https:\\\/\\\/maranhaotv.com.br\\\/\",\"name\":\"Maranh\u00e3oTV\",\"description\":\"\",\"publisher\":{\"@id\":\"https:\\\/\\\/maranhaotv.com.br\\\/#organization\"},\"potentialAction\":[{\"@type\":\"SearchAction\",\"target\":{\"@type\":\"EntryPoint\",\"urlTemplate\":\"https:\\\/\\\/maranhaotv.com.br\\\/?s={search_term_string}\"},\"query-input\":{\"@type\":\"PropertyValueSpecification\",\"valueRequired\":true,\"valueName\":\"search_term_string\"}}],\"inLanguage\":\"pt-BR\"},{\"@type\":\"Organization\",\"@id\":\"https:\\\/\\\/maranhaotv.com.br\\\/#organization\",\"name\":\"Portal de Not\u00edcias\",\"url\":\"https:\\\/\\\/maranhaotv.com.br\\\/\",\"logo\":{\"@type\":\"ImageObject\",\"inLanguage\":\"pt-BR\",\"@id\":\"https:\\\/\\\/maranhaotv.com.br\\\/#\\\/schema\\\/logo\\\/image\\\/\",\"url\":\"https:\\\/\\\/maranhaotv.com.br\\\/wp-content\\\/uploads\\\/2024\\\/05\\\/cropped-cropped-avatar-1.png\",\"contentUrl\":\"https:\\\/\\\/maranhaotv.com.br\\\/wp-content\\\/uploads\\\/2024\\\/05\\\/cropped-cropped-avatar-1.png\",\"width\":792,\"height\":428,\"caption\":\"Portal de Not\u00edcias\"},\"image\":{\"@id\":\"https:\\\/\\\/maranhaotv.com.br\\\/#\\\/schema\\\/logo\\\/image\\\/\"},\"sameAs\":[\"https:\\\/\\\/www.facebook.com\\\/maiobaotv\",\"https:\\\/\\\/x.com\\\/sitemaranhaotv\",\"https:\\\/\\\/www.instagram.com\\\/maranhao.tv\",\"https:\\\/\\\/www.threads.net\\\/@maranhao.tv\"]},{\"@type\":\"Person\",\"@id\":\"https:\\\/\\\/maranhaotv.com.br\\\/#\\\/schema\\\/person\\\/3d54238e86b20bb5c89ab2fdb8f8829a\",\"name\":\"maranhaotv\",\"image\":{\"@type\":\"ImageObject\",\"inLanguage\":\"pt-BR\",\"@id\":\"https:\\\/\\\/secure.gravatar.com\\\/avatar\\\/8fadbca458d4cb68b1dd399ae9a40618d747bb1af65ac9fad21c89220a143eb4?s=96&d=mm&r=g\",\"url\":\"https:\\\/\\\/secure.gravatar.com\\\/avatar\\\/8fadbca458d4cb68b1dd399ae9a40618d747bb1af65ac9fad21c89220a143eb4?s=96&d=mm&r=g\",\"contentUrl\":\"https:\\\/\\\/secure.gravatar.com\\\/avatar\\\/8fadbca458d4cb68b1dd399ae9a40618d747bb1af65ac9fad21c89220a143eb4?s=96&d=mm&r=g\",\"caption\":\"maranhaotv\"},\"sameAs\":[\"https:\\\/\\\/maranhaotv.com.br\\\/\"],\"url\":\"https:\\\/\\\/maranhaotv.com.br\\\/index.php\\\/author\\\/maranhaotv\\\/\"}]}<\/script>\n<!-- \/ Yoast SEO plugin. -->","yoast_head_json":{"title":"Absurdo: Maioria dos vereadores de Pa\u00e7o do Lumiar decidem n\u00e3o fiscalizar governo de Paula da Pindoba - NOT\u00cdCIAS EM TEMPO REAL","robots":{"index":"index","follow":"follow","max-snippet":"max-snippet:-1","max-image-preview":"max-image-preview:large","max-video-preview":"max-video-preview:-1"},"canonical":"https:\/\/maranhaotv.com.br\/index.php\/2021\/03\/02\/absurdo-maioria-dos-vereadores-de-paco-do-lumiar-decidem-nao-fiscalizar-governo-de-paula-da-pindoba\/","og_locale":"pt_BR","og_type":"article","og_title":"Absurdo: Maioria dos vereadores de Pa\u00e7o do Lumiar decidem n\u00e3o fiscalizar governo de Paula da Pindoba - NOT\u00cdCIAS EM TEMPO REAL","og_description":"Maioria da C\u00e2mara \u00e9 base do governo e preferem se eximir do papel de fiscalizadores para serem bajuladores da prefeita,","og_url":"https:\/\/maranhaotv.com.br\/index.php\/2021\/03\/02\/absurdo-maioria-dos-vereadores-de-paco-do-lumiar-decidem-nao-fiscalizar-governo-de-paula-da-pindoba\/","og_site_name":"NOT\u00cdCIAS EM TEMPO REAL","article_publisher":"https:\/\/www.facebook.com\/maiobaotv","article_published_time":"2021-03-02T19:52:23+00:00","author":"maranhaotv","twitter_card":"summary_large_image","twitter_creator":"@sitemaranhaotv","twitter_site":"@sitemaranhaotv","twitter_misc":{"Escrito por":"maranhaotv","Est. tempo de leitura":"2 minutos"},"schema":{"@context":"https:\/\/schema.org","@graph":[{"@type":"Article","@id":"https:\/\/maranhaotv.com.br\/index.php\/2021\/03\/02\/absurdo-maioria-dos-vereadores-de-paco-do-lumiar-decidem-nao-fiscalizar-governo-de-paula-da-pindoba\/#article","isPartOf":{"@id":"https:\/\/maranhaotv.com.br\/index.php\/2021\/03\/02\/absurdo-maioria-dos-vereadores-de-paco-do-lumiar-decidem-nao-fiscalizar-governo-de-paula-da-pindoba\/"},"author":{"name":"maranhaotv","@id":"https:\/\/maranhaotv.com.br\/#\/schema\/person\/3d54238e86b20bb5c89ab2fdb8f8829a"},"headline":"Absurdo: Maioria dos vereadores de Pa\u00e7o do Lumiar decidem n\u00e3o fiscalizar governo de Paula da Pindoba","datePublished":"2021-03-02T19:52:23+00:00","mainEntityOfPage":{"@id":"https:\/\/maranhaotv.com.br\/index.php\/2021\/03\/02\/absurdo-maioria-dos-vereadores-de-paco-do-lumiar-decidem-nao-fiscalizar-governo-de-paula-da-pindoba\/"},"wordCount":331,"commentCount":0,"publisher":{"@id":"https:\/\/maranhaotv.com.br\/#organization"},"image":{"@id":"https:\/\/maranhaotv.com.br\/index.php\/2021\/03\/02\/absurdo-maioria-dos-vereadores-de-paco-do-lumiar-decidem-nao-fiscalizar-governo-de-paula-da-pindoba\/#primaryimage"},"thumbnailUrl":"","articleSection":["not\u00edcias"],"inLanguage":"pt-BR","potentialAction":[{"@type":"CommentAction","name":"Comment","target":["https:\/\/maranhaotv.com.br\/index.php\/2021\/03\/02\/absurdo-maioria-dos-vereadores-de-paco-do-lumiar-decidem-nao-fiscalizar-governo-de-paula-da-pindoba\/#respond"]}]},{"@type":"WebPage","@id":"https:\/\/maranhaotv.com.br\/index.php\/2021\/03\/02\/absurdo-maioria-dos-vereadores-de-paco-do-lumiar-decidem-nao-fiscalizar-governo-de-paula-da-pindoba\/","url":"https:\/\/maranhaotv.com.br\/index.php\/2021\/03\/02\/absurdo-maioria-dos-vereadores-de-paco-do-lumiar-decidem-nao-fiscalizar-governo-de-paula-da-pindoba\/","name":"Absurdo: Maioria dos vereadores de Pa\u00e7o do Lumiar decidem n\u00e3o fiscalizar governo de Paula da Pindoba - NOT\u00cdCIAS EM TEMPO REAL","isPartOf":{"@id":"https:\/\/maranhaotv.com.br\/#website"},"primaryImageOfPage":{"@id":"https:\/\/maranhaotv.com.br\/index.php\/2021\/03\/02\/absurdo-maioria-dos-vereadores-de-paco-do-lumiar-decidem-nao-fiscalizar-governo-de-paula-da-pindoba\/#primaryimage"},"image":{"@id":"https:\/\/maranhaotv.com.br\/index.php\/2021\/03\/02\/absurdo-maioria-dos-vereadores-de-paco-do-lumiar-decidem-nao-fiscalizar-governo-de-paula-da-pindoba\/#primaryimage"},"thumbnailUrl":"","datePublished":"2021-03-02T19:52:23+00:00","breadcrumb":{"@id":"https:\/\/maranhaotv.com.br\/index.php\/2021\/03\/02\/absurdo-maioria-dos-vereadores-de-paco-do-lumiar-decidem-nao-fiscalizar-governo-de-paula-da-pindoba\/#breadcrumb"},"inLanguage":"pt-BR","potentialAction":[{"@type":"ReadAction","target":["https:\/\/maranhaotv.com.br\/index.php\/2021\/03\/02\/absurdo-maioria-dos-vereadores-de-paco-do-lumiar-decidem-nao-fiscalizar-governo-de-paula-da-pindoba\/"]}]},{"@type":"ImageObject","inLanguage":"pt-BR","@id":"https:\/\/maranhaotv.com.br\/index.php\/2021\/03\/02\/absurdo-maioria-dos-vereadores-de-paco-do-lumiar-decidem-nao-fiscalizar-governo-de-paula-da-pindoba\/#primaryimage","url":"","contentUrl":""},{"@type":"BreadcrumbList","@id":"https:\/\/maranhaotv.com.br\/index.php\/2021\/03\/02\/absurdo-maioria-dos-vereadores-de-paco-do-lumiar-decidem-nao-fiscalizar-governo-de-paula-da-pindoba\/#breadcrumb","itemListElement":[{"@type":"ListItem","position":1,"name":"In\u00edcio","item":"https:\/\/maranhaotv.com.br\/"},{"@type":"ListItem","position":2,"name":"Absurdo: Maioria dos vereadores de Pa\u00e7o do Lumiar decidem n\u00e3o fiscalizar governo de Paula da Pindoba"}]},{"@type":"WebSite","@id":"https:\/\/maranhaotv.com.br\/#website","url":"https:\/\/maranhaotv.com.br\/","name":"Maranh\u00e3oTV","description":"","publisher":{"@id":"https:\/\/maranhaotv.com.br\/#organization"},"potentialAction":[{"@type":"SearchAction","target":{"@type":"EntryPoint","urlTemplate":"https:\/\/maranhaotv.com.br\/?s={search_term_string}"},"query-input":{"@type":"PropertyValueSpecification","valueRequired":true,"valueName":"search_term_string"}}],"inLanguage":"pt-BR"},{"@type":"Organization","@id":"https:\/\/maranhaotv.com.br\/#organization","name":"Portal de Not\u00edcias","url":"https:\/\/maranhaotv.com.br\/","logo":{"@type":"ImageObject","inLanguage":"pt-BR","@id":"https:\/\/maranhaotv.com.br\/#\/schema\/logo\/image\/","url":"https:\/\/maranhaotv.com.br\/wp-content\/uploads\/2024\/05\/cropped-cropped-avatar-1.png","contentUrl":"https:\/\/maranhaotv.com.br\/wp-content\/uploads\/2024\/05\/cropped-cropped-avatar-1.png","width":792,"height":428,"caption":"Portal de Not\u00edcias"},"image":{"@id":"https:\/\/maranhaotv.com.br\/#\/schema\/logo\/image\/"},"sameAs":["https:\/\/www.facebook.com\/maiobaotv","https:\/\/x.com\/sitemaranhaotv","https:\/\/www.instagram.com\/maranhao.tv","https:\/\/www.threads.net\/@maranhao.tv"]},{"@type":"Person","@id":"https:\/\/maranhaotv.com.br\/#\/schema\/person\/3d54238e86b20bb5c89ab2fdb8f8829a","name":"maranhaotv","image":{"@type":"ImageObject","inLanguage":"pt-BR","@id":"https:\/\/secure.gravatar.com\/avatar\/8fadbca458d4cb68b1dd399ae9a40618d747bb1af65ac9fad21c89220a143eb4?s=96&d=mm&r=g","url":"https:\/\/secure.gravatar.com\/avatar\/8fadbca458d4cb68b1dd399ae9a40618d747bb1af65ac9fad21c89220a143eb4?s=96&d=mm&r=g","contentUrl":"https:\/\/secure.gravatar.com\/avatar\/8fadbca458d4cb68b1dd399ae9a40618d747bb1af65ac9fad21c89220a143eb4?s=96&d=mm&r=g","caption":"maranhaotv"},"sameAs":["https:\/\/maranhaotv.com.br\/"],"url":"https:\/\/maranhaotv.com.br\/index.php\/author\/maranhaotv\/"}]}},"jetpack_featured_media_url":"","jetpack_sharing_enabled":true,"_links":{"self":[{"href":"https:\/\/maranhaotv.com.br\/index.php\/wp-json\/wp\/v2\/posts\/19498","targetHints":{"allow":["GET"]}}],"collection":[{"href":"https:\/\/maranhaotv.com.br\/index.php\/wp-json\/wp\/v2\/posts"}],"about":[{"href":"https:\/\/maranhaotv.com.br\/index.php\/wp-json\/wp\/v2\/types\/post"}],"author":[{"embeddable":true,"href":"https:\/\/maranhaotv.com.br\/index.php\/wp-json\/wp\/v2\/users\/2"}],"replies":[{"embeddable":true,"href":"https:\/\/maranhaotv.com.br\/index.php\/wp-json\/wp\/v2\/comments?post=19498"}],"version-history":[{"count":0,"href":"https:\/\/maranhaotv.com.br\/index.php\/wp-json\/wp\/v2\/posts\/19498\/revisions"}],"wp:featuredmedia":[{"embeddable":true,"href":"https:\/\/maranhaotv.com.br\/index.php\/wp-json\/"}],"wp:attachment":[{"href":"https:\/\/maranhaotv.com.br\/index.php\/wp-json\/wp\/v2\/media?parent=19498"}],"wp:term":[{"taxonomy":"category","embeddable":true,"href":"https:\/\/maranhaotv.com.br\/index.php\/wp-json\/wp\/v2\/categories?post=19498"},{"taxonomy":"post_tag","embeddable":true,"href":"https:\/\/maranhaotv.com.br\/index.php\/wp-json\/wp\/v2\/tags?post=19498"}],"curies":[{"name":"wp","href":"https:\/\/api.w.org\/{rel}","templated":true}]}}