{"id":19509,"date":"2021-03-03T08:42:01","date_gmt":"2021-03-03T11:42:01","guid":{"rendered":"https:\/\/maranhaotv.com.br\/?p=19509"},"modified":"2021-03-03T08:42:01","modified_gmt":"2021-03-03T11:42:01","slug":"prefeitura-trizidela-do-vale-se-antecipa-a-cheia-e-comeca-remocao-de-familias-das-areas-de-alagamentos","status":"publish","type":"post","link":"https:\/\/maranhaotv.com.br\/index.php\/2021\/03\/03\/prefeitura-trizidela-do-vale-se-antecipa-a-cheia-e-comeca-remocao-de-familias-das-areas-de-alagamentos\/","title":{"rendered":"Prefeitura Trizidela do Vale se antecipa \u00e0 cheia e come\u00e7a remo\u00e7\u00e3o de fam\u00edlias das \u00e1reas de alagamentos"},"content":{"rendered":"<p>Quando tudo ainda era uma possibilidade, a Prefeitura de Trizidela do Vale, sob a gest\u00e3o do Prefeito Deibson Bal\u00e9, se antecipou as demais e lan\u00e7ou o plano de conting\u00eancia com procedimentos a serem seguidos em caso de cheia do Rio Mearim. O momento chegou, o plano foi acionado antecipadamente, e as primeiras fam\u00edlias come\u00e7aram a serem retiradas de suas casas e alojadas em locais organizados pela Prefeitura de Trizidela do Vale. A remo\u00e7\u00e3o iniciou no dia primeiro de mar\u00e7o com a primeira fam\u00edlia, de cinco pessoas, da Rua Santa Luzia.<\/p>\n<p>No dia seguinte, Prefeitura acionou todas as secretarias para que se mobilizassem dentro do Plano de Conting\u00eancia. Uma Central para o Atendimento aos desabrigados foi montada na Quadra do Bairro Aeroporto, com equipes apostas durante 24 horas. Na quadra da Par\u00f3quia, Santo Ant\u00f4nio de P\u00e1dua, equipes da Defesa Civil, Corpo de Bombeiros, secret\u00e1rios, volunt\u00e1rios, entre outros \u00f3rg\u00e3os e institui\u00e7\u00f5es come\u00e7aram a montagem de barracas\/casas.<\/p>\n<p>Outros locais tamb\u00e9m foram organizados para o recebimento de desabrigados, s\u00e3o eles: O\u00e1sis, Igreja Santa Clara de Assis, bairro Aeroporto e o Parque Marat\u00e1. Tudo isso com o acompanhamento in loco do prefeito Deibson Bal\u00e9, que inclusive ajudou na montagem das barracas\/casas, orientou a popula\u00e7\u00e3o e visitou locais atingidos pela cheia.<\/p>\n<p><img loading=\"lazy\" decoding=\"async\" src=\"https:\/\/maranhaotv.com.br\/wp-content\/uploads\/2021\/03\/img-20210303-wa00398777028754433895318.jpg\" class=\"wp-image-19511 alignnone size-full\" width=\"1280\" height=\"853\"><\/p>\n<p><img loading=\"lazy\" decoding=\"async\" src=\"https:\/\/maranhaotv.com.br\/wp-content\/uploads\/2021\/03\/img-20210303-wa00381302593067920407147.jpg\" class=\"wp-image-19512 alignnone size-full\" width=\"1280\" height=\"853\"><\/p>\n<p><img loading=\"lazy\" decoding=\"async\" src=\"https:\/\/maranhaotv.com.br\/wp-content\/uploads\/2021\/03\/img-20210303-wa00376410319641377524345.jpg\" class=\"wp-image-19513 alignnone size-full\" width=\"1280\" height=\"853\"><\/p>\n<p><img loading=\"lazy\" decoding=\"async\" src=\"https:\/\/maranhaotv.com.br\/wp-content\/uploads\/2021\/03\/img-20210303-wa00369092577085320124352.jpg\" class=\"wp-image-19514 alignnone size-full\" width=\"1280\" height=\"853\"><\/p>\n","protected":false},"excerpt":{"rendered":"<p>Quando tudo ainda era uma possibilidade, a Prefeitura de Trizidela do Vale, sob a gest\u00e3o do Prefeito Deibson Bal\u00e9, se<\/p>\n","protected":false},"author":2,"featured_media":19508,"comment_status":"open","ping_status":"open","sticky":false,"template":"","format":"standard","meta":{"colormag_page_container_layout":"default_layout","colormag_page_sidebar_layout":"default_layout","_jetpack_memberships_contains_paid_content":false,"footnotes":""},"categories":[2],"tags":[289,82],"class_list":["post-19509","post","type-post","status-publish","format-standard","has-post-thumbnail","hentry","category-noticias","tag-deibson-bale","tag-trizidela-do-vale"],"magazineBlocksPostFeaturedMedia":{"thumbnail":false,"medium":false,"medium_large":false,"large":false,"1536x1536":false,"2048x2048":false,"colormag-highlighted-post":false,"colormag-featured-post-medium":false,"colormag-featured-post-small":false,"colormag-featured-image":false,"colormag-default-news":false,"colormag-featured-image-large":false},"magazineBlocksPostAuthor":{"name":"maranhaotv","avatar":"https:\/\/secure.gravatar.com\/avatar\/8fadbca458d4cb68b1dd399ae9a40618d747bb1af65ac9fad21c89220a143eb4?s=96&d=mm&r=g"},"magazineBlocksPostCommentsNumber":"0","magazineBlocksPostExcerpt":"Quando tudo ainda era uma possibilidade, a Prefeitura de Trizidela do Vale, sob a gest\u00e3o do Prefeito Deibson Bal\u00e9, se","magazineBlocksPostCategories":["not\u00edcias"],"magazineBlocksPostViewCount":299,"magazineBlocksPostReadTime":2,"magazine_blocks_featured_image_url":{"full":false,"medium":false,"thumbnail":false},"magazine_blocks_author":{"display_name":"maranhaotv","author_link":"https:\/\/maranhaotv.com.br\/index.php\/author\/maranhaotv\/"},"magazine_blocks_comment":0,"magazine_blocks_author_image":"https:\/\/secure.gravatar.com\/avatar\/8fadbca458d4cb68b1dd399ae9a40618d747bb1af65ac9fad21c89220a143eb4?s=96&d=mm&r=g","magazine_blocks_category":"<a href=\"#\" class=\"category-link category-link-2\">not\u00edcias<\/a>","yoast_head":"<!-- This site is optimized with the Yoast SEO plugin v27.4 - https:\/\/yoast.com\/product\/yoast-seo-wordpress\/ -->\n<title>Prefeitura Trizidela do Vale se antecipa \u00e0 cheia e come\u00e7a remo\u00e7\u00e3o de fam\u00edlias das \u00e1reas de alagamentos - NOT\u00cdCIAS EM TEMPO REAL<\/title>\n<meta name=\"robots\" content=\"index, follow, max-snippet:-1, max-image-preview:large, max-video-preview:-1\" \/>\n<link rel=\"canonical\" href=\"https:\/\/maranhaotv.com.br\/index.php\/2021\/03\/03\/prefeitura-trizidela-do-vale-se-antecipa-a-cheia-e-comeca-remocao-de-familias-das-areas-de-alagamentos\/\" \/>\n<meta property=\"og:locale\" content=\"pt_BR\" \/>\n<meta property=\"og:type\" content=\"article\" \/>\n<meta property=\"og:title\" content=\"Prefeitura Trizidela do Vale se antecipa \u00e0 cheia e come\u00e7a remo\u00e7\u00e3o de fam\u00edlias das \u00e1reas de alagamentos - NOT\u00cdCIAS EM TEMPO REAL\" \/>\n<meta property=\"og:description\" content=\"Quando tudo ainda era uma possibilidade, a Prefeitura de Trizidela do Vale, sob a gest\u00e3o do Prefeito Deibson Bal\u00e9, se\" \/>\n<meta property=\"og:url\" content=\"https:\/\/maranhaotv.com.br\/index.php\/2021\/03\/03\/prefeitura-trizidela-do-vale-se-antecipa-a-cheia-e-comeca-remocao-de-familias-das-areas-de-alagamentos\/\" \/>\n<meta property=\"og:site_name\" content=\"NOT\u00cdCIAS EM TEMPO REAL\" \/>\n<meta property=\"article:publisher\" content=\"https:\/\/www.facebook.com\/maiobaotv\" \/>\n<meta property=\"article:published_time\" content=\"2021-03-03T11:42:01+00:00\" \/>\n<meta name=\"author\" content=\"maranhaotv\" \/>\n<meta name=\"twitter:card\" content=\"summary_large_image\" \/>\n<meta name=\"twitter:creator\" content=\"@sitemaranhaotv\" \/>\n<meta name=\"twitter:site\" content=\"@sitemaranhaotv\" \/>\n<meta name=\"twitter:label1\" content=\"Escrito por\" \/>\n\t<meta name=\"twitter:data1\" content=\"maranhaotv\" \/>\n\t<meta name=\"twitter:label2\" content=\"Est. tempo de leitura\" \/>\n\t<meta name=\"twitter:data2\" content=\"1 minuto\" \/>\n<script type=\"application\/ld+json\" class=\"yoast-schema-graph\">{\"@context\":\"https:\\\/\\\/schema.org\",\"@graph\":[{\"@type\":\"Article\",\"@id\":\"https:\\\/\\\/maranhaotv.com.br\\\/index.php\\\/2021\\\/03\\\/03\\\/prefeitura-trizidela-do-vale-se-antecipa-a-cheia-e-comeca-remocao-de-familias-das-areas-de-alagamentos\\\/#article\",\"isPartOf\":{\"@id\":\"https:\\\/\\\/maranhaotv.com.br\\\/index.php\\\/2021\\\/03\\\/03\\\/prefeitura-trizidela-do-vale-se-antecipa-a-cheia-e-comeca-remocao-de-familias-das-areas-de-alagamentos\\\/\"},\"author\":{\"name\":\"maranhaotv\",\"@id\":\"https:\\\/\\\/maranhaotv.com.br\\\/#\\\/schema\\\/person\\\/3d54238e86b20bb5c89ab2fdb8f8829a\"},\"headline\":\"Prefeitura Trizidela do Vale se antecipa \u00e0 cheia e come\u00e7a remo\u00e7\u00e3o de fam\u00edlias das \u00e1reas de alagamentos\",\"datePublished\":\"2021-03-03T11:42:01+00:00\",\"mainEntityOfPage\":{\"@id\":\"https:\\\/\\\/maranhaotv.com.br\\\/index.php\\\/2021\\\/03\\\/03\\\/prefeitura-trizidela-do-vale-se-antecipa-a-cheia-e-comeca-remocao-de-familias-das-areas-de-alagamentos\\\/\"},\"wordCount\":246,\"commentCount\":0,\"publisher\":{\"@id\":\"https:\\\/\\\/maranhaotv.com.br\\\/#organization\"},\"image\":{\"@id\":\"https:\\\/\\\/maranhaotv.com.br\\\/index.php\\\/2021\\\/03\\\/03\\\/prefeitura-trizidela-do-vale-se-antecipa-a-cheia-e-comeca-remocao-de-familias-das-areas-de-alagamentos\\\/#primaryimage\"},\"thumbnailUrl\":\"\",\"keywords\":[\"Deibson Bal\u00e9\",\"Trizidela do Vale\"],\"articleSection\":[\"not\u00edcias\"],\"inLanguage\":\"pt-BR\",\"potentialAction\":[{\"@type\":\"CommentAction\",\"name\":\"Comment\",\"target\":[\"https:\\\/\\\/maranhaotv.com.br\\\/index.php\\\/2021\\\/03\\\/03\\\/prefeitura-trizidela-do-vale-se-antecipa-a-cheia-e-comeca-remocao-de-familias-das-areas-de-alagamentos\\\/#respond\"]}]},{\"@type\":\"WebPage\",\"@id\":\"https:\\\/\\\/maranhaotv.com.br\\\/index.php\\\/2021\\\/03\\\/03\\\/prefeitura-trizidela-do-vale-se-antecipa-a-cheia-e-comeca-remocao-de-familias-das-areas-de-alagamentos\\\/\",\"url\":\"https:\\\/\\\/maranhaotv.com.br\\\/index.php\\\/2021\\\/03\\\/03\\\/prefeitura-trizidela-do-vale-se-antecipa-a-cheia-e-comeca-remocao-de-familias-das-areas-de-alagamentos\\\/\",\"name\":\"Prefeitura Trizidela do Vale se antecipa \u00e0 cheia e come\u00e7a remo\u00e7\u00e3o de fam\u00edlias das \u00e1reas de alagamentos - NOT\u00cdCIAS EM TEMPO REAL\",\"isPartOf\":{\"@id\":\"https:\\\/\\\/maranhaotv.com.br\\\/#website\"},\"primaryImageOfPage\":{\"@id\":\"https:\\\/\\\/maranhaotv.com.br\\\/index.php\\\/2021\\\/03\\\/03\\\/prefeitura-trizidela-do-vale-se-antecipa-a-cheia-e-comeca-remocao-de-familias-das-areas-de-alagamentos\\\/#primaryimage\"},\"image\":{\"@id\":\"https:\\\/\\\/maranhaotv.com.br\\\/index.php\\\/2021\\\/03\\\/03\\\/prefeitura-trizidela-do-vale-se-antecipa-a-cheia-e-comeca-remocao-de-familias-das-areas-de-alagamentos\\\/#primaryimage\"},\"thumbnailUrl\":\"\",\"datePublished\":\"2021-03-03T11:42:01+00:00\",\"breadcrumb\":{\"@id\":\"https:\\\/\\\/maranhaotv.com.br\\\/index.php\\\/2021\\\/03\\\/03\\\/prefeitura-trizidela-do-vale-se-antecipa-a-cheia-e-comeca-remocao-de-familias-das-areas-de-alagamentos\\\/#breadcrumb\"},\"inLanguage\":\"pt-BR\",\"potentialAction\":[{\"@type\":\"ReadAction\",\"target\":[\"https:\\\/\\\/maranhaotv.com.br\\\/index.php\\\/2021\\\/03\\\/03\\\/prefeitura-trizidela-do-vale-se-antecipa-a-cheia-e-comeca-remocao-de-familias-das-areas-de-alagamentos\\\/\"]}]},{\"@type\":\"ImageObject\",\"inLanguage\":\"pt-BR\",\"@id\":\"https:\\\/\\\/maranhaotv.com.br\\\/index.php\\\/2021\\\/03\\\/03\\\/prefeitura-trizidela-do-vale-se-antecipa-a-cheia-e-comeca-remocao-de-familias-das-areas-de-alagamentos\\\/#primaryimage\",\"url\":\"\",\"contentUrl\":\"\"},{\"@type\":\"BreadcrumbList\",\"@id\":\"https:\\\/\\\/maranhaotv.com.br\\\/index.php\\\/2021\\\/03\\\/03\\\/prefeitura-trizidela-do-vale-se-antecipa-a-cheia-e-comeca-remocao-de-familias-das-areas-de-alagamentos\\\/#breadcrumb\",\"itemListElement\":[{\"@type\":\"ListItem\",\"position\":1,\"name\":\"In\u00edcio\",\"item\":\"https:\\\/\\\/maranhaotv.com.br\\\/\"},{\"@type\":\"ListItem\",\"position\":2,\"name\":\"Prefeitura Trizidela do Vale se antecipa \u00e0 cheia e come\u00e7a remo\u00e7\u00e3o de fam\u00edlias das \u00e1reas de alagamentos\"}]},{\"@type\":\"WebSite\",\"@id\":\"https:\\\/\\\/maranhaotv.com.br\\\/#website\",\"url\":\"https:\\\/\\\/maranhaotv.com.br\\\/\",\"name\":\"Maranh\u00e3oTV\",\"description\":\"\",\"publisher\":{\"@id\":\"https:\\\/\\\/maranhaotv.com.br\\\/#organization\"},\"potentialAction\":[{\"@type\":\"SearchAction\",\"target\":{\"@type\":\"EntryPoint\",\"urlTemplate\":\"https:\\\/\\\/maranhaotv.com.br\\\/?s={search_term_string}\"},\"query-input\":{\"@type\":\"PropertyValueSpecification\",\"valueRequired\":true,\"valueName\":\"search_term_string\"}}],\"inLanguage\":\"pt-BR\"},{\"@type\":\"Organization\",\"@id\":\"https:\\\/\\\/maranhaotv.com.br\\\/#organization\",\"name\":\"Portal de Not\u00edcias\",\"url\":\"https:\\\/\\\/maranhaotv.com.br\\\/\",\"logo\":{\"@type\":\"ImageObject\",\"inLanguage\":\"pt-BR\",\"@id\":\"https:\\\/\\\/maranhaotv.com.br\\\/#\\\/schema\\\/logo\\\/image\\\/\",\"url\":\"https:\\\/\\\/maranhaotv.com.br\\\/wp-content\\\/uploads\\\/2024\\\/05\\\/cropped-cropped-avatar-1.png\",\"contentUrl\":\"https:\\\/\\\/maranhaotv.com.br\\\/wp-content\\\/uploads\\\/2024\\\/05\\\/cropped-cropped-avatar-1.png\",\"width\":792,\"height\":428,\"caption\":\"Portal de Not\u00edcias\"},\"image\":{\"@id\":\"https:\\\/\\\/maranhaotv.com.br\\\/#\\\/schema\\\/logo\\\/image\\\/\"},\"sameAs\":[\"https:\\\/\\\/www.facebook.com\\\/maiobaotv\",\"https:\\\/\\\/x.com\\\/sitemaranhaotv\",\"https:\\\/\\\/www.instagram.com\\\/maranhao.tv\",\"https:\\\/\\\/www.threads.net\\\/@maranhao.tv\"]},{\"@type\":\"Person\",\"@id\":\"https:\\\/\\\/maranhaotv.com.br\\\/#\\\/schema\\\/person\\\/3d54238e86b20bb5c89ab2fdb8f8829a\",\"name\":\"maranhaotv\",\"image\":{\"@type\":\"ImageObject\",\"inLanguage\":\"pt-BR\",\"@id\":\"https:\\\/\\\/secure.gravatar.com\\\/avatar\\\/8fadbca458d4cb68b1dd399ae9a40618d747bb1af65ac9fad21c89220a143eb4?s=96&d=mm&r=g\",\"url\":\"https:\\\/\\\/secure.gravatar.com\\\/avatar\\\/8fadbca458d4cb68b1dd399ae9a40618d747bb1af65ac9fad21c89220a143eb4?s=96&d=mm&r=g\",\"contentUrl\":\"https:\\\/\\\/secure.gravatar.com\\\/avatar\\\/8fadbca458d4cb68b1dd399ae9a40618d747bb1af65ac9fad21c89220a143eb4?s=96&d=mm&r=g\",\"caption\":\"maranhaotv\"},\"sameAs\":[\"https:\\\/\\\/maranhaotv.com.br\\\/\"],\"url\":\"https:\\\/\\\/maranhaotv.com.br\\\/index.php\\\/author\\\/maranhaotv\\\/\"}]}<\/script>\n<!-- \/ Yoast SEO plugin. -->","yoast_head_json":{"title":"Prefeitura Trizidela do Vale se antecipa \u00e0 cheia e come\u00e7a remo\u00e7\u00e3o de fam\u00edlias das \u00e1reas de alagamentos - NOT\u00cdCIAS EM TEMPO REAL","robots":{"index":"index","follow":"follow","max-snippet":"max-snippet:-1","max-image-preview":"max-image-preview:large","max-video-preview":"max-video-preview:-1"},"canonical":"https:\/\/maranhaotv.com.br\/index.php\/2021\/03\/03\/prefeitura-trizidela-do-vale-se-antecipa-a-cheia-e-comeca-remocao-de-familias-das-areas-de-alagamentos\/","og_locale":"pt_BR","og_type":"article","og_title":"Prefeitura Trizidela do Vale se antecipa \u00e0 cheia e come\u00e7a remo\u00e7\u00e3o de fam\u00edlias das \u00e1reas de alagamentos - NOT\u00cdCIAS EM TEMPO REAL","og_description":"Quando tudo ainda era uma possibilidade, a Prefeitura de Trizidela do Vale, sob a gest\u00e3o do Prefeito Deibson Bal\u00e9, se","og_url":"https:\/\/maranhaotv.com.br\/index.php\/2021\/03\/03\/prefeitura-trizidela-do-vale-se-antecipa-a-cheia-e-comeca-remocao-de-familias-das-areas-de-alagamentos\/","og_site_name":"NOT\u00cdCIAS EM TEMPO REAL","article_publisher":"https:\/\/www.facebook.com\/maiobaotv","article_published_time":"2021-03-03T11:42:01+00:00","author":"maranhaotv","twitter_card":"summary_large_image","twitter_creator":"@sitemaranhaotv","twitter_site":"@sitemaranhaotv","twitter_misc":{"Escrito por":"maranhaotv","Est. tempo de leitura":"1 minuto"},"schema":{"@context":"https:\/\/schema.org","@graph":[{"@type":"Article","@id":"https:\/\/maranhaotv.com.br\/index.php\/2021\/03\/03\/prefeitura-trizidela-do-vale-se-antecipa-a-cheia-e-comeca-remocao-de-familias-das-areas-de-alagamentos\/#article","isPartOf":{"@id":"https:\/\/maranhaotv.com.br\/index.php\/2021\/03\/03\/prefeitura-trizidela-do-vale-se-antecipa-a-cheia-e-comeca-remocao-de-familias-das-areas-de-alagamentos\/"},"author":{"name":"maranhaotv","@id":"https:\/\/maranhaotv.com.br\/#\/schema\/person\/3d54238e86b20bb5c89ab2fdb8f8829a"},"headline":"Prefeitura Trizidela do Vale se antecipa \u00e0 cheia e come\u00e7a remo\u00e7\u00e3o de fam\u00edlias das \u00e1reas de alagamentos","datePublished":"2021-03-03T11:42:01+00:00","mainEntityOfPage":{"@id":"https:\/\/maranhaotv.com.br\/index.php\/2021\/03\/03\/prefeitura-trizidela-do-vale-se-antecipa-a-cheia-e-comeca-remocao-de-familias-das-areas-de-alagamentos\/"},"wordCount":246,"commentCount":0,"publisher":{"@id":"https:\/\/maranhaotv.com.br\/#organization"},"image":{"@id":"https:\/\/maranhaotv.com.br\/index.php\/2021\/03\/03\/prefeitura-trizidela-do-vale-se-antecipa-a-cheia-e-comeca-remocao-de-familias-das-areas-de-alagamentos\/#primaryimage"},"thumbnailUrl":"","keywords":["Deibson Bal\u00e9","Trizidela do Vale"],"articleSection":["not\u00edcias"],"inLanguage":"pt-BR","potentialAction":[{"@type":"CommentAction","name":"Comment","target":["https:\/\/maranhaotv.com.br\/index.php\/2021\/03\/03\/prefeitura-trizidela-do-vale-se-antecipa-a-cheia-e-comeca-remocao-de-familias-das-areas-de-alagamentos\/#respond"]}]},{"@type":"WebPage","@id":"https:\/\/maranhaotv.com.br\/index.php\/2021\/03\/03\/prefeitura-trizidela-do-vale-se-antecipa-a-cheia-e-comeca-remocao-de-familias-das-areas-de-alagamentos\/","url":"https:\/\/maranhaotv.com.br\/index.php\/2021\/03\/03\/prefeitura-trizidela-do-vale-se-antecipa-a-cheia-e-comeca-remocao-de-familias-das-areas-de-alagamentos\/","name":"Prefeitura Trizidela do Vale se antecipa \u00e0 cheia e come\u00e7a remo\u00e7\u00e3o de fam\u00edlias das \u00e1reas de alagamentos - NOT\u00cdCIAS EM TEMPO REAL","isPartOf":{"@id":"https:\/\/maranhaotv.com.br\/#website"},"primaryImageOfPage":{"@id":"https:\/\/maranhaotv.com.br\/index.php\/2021\/03\/03\/prefeitura-trizidela-do-vale-se-antecipa-a-cheia-e-comeca-remocao-de-familias-das-areas-de-alagamentos\/#primaryimage"},"image":{"@id":"https:\/\/maranhaotv.com.br\/index.php\/2021\/03\/03\/prefeitura-trizidela-do-vale-se-antecipa-a-cheia-e-comeca-remocao-de-familias-das-areas-de-alagamentos\/#primaryimage"},"thumbnailUrl":"","datePublished":"2021-03-03T11:42:01+00:00","breadcrumb":{"@id":"https:\/\/maranhaotv.com.br\/index.php\/2021\/03\/03\/prefeitura-trizidela-do-vale-se-antecipa-a-cheia-e-comeca-remocao-de-familias-das-areas-de-alagamentos\/#breadcrumb"},"inLanguage":"pt-BR","potentialAction":[{"@type":"ReadAction","target":["https:\/\/maranhaotv.com.br\/index.php\/2021\/03\/03\/prefeitura-trizidela-do-vale-se-antecipa-a-cheia-e-comeca-remocao-de-familias-das-areas-de-alagamentos\/"]}]},{"@type":"ImageObject","inLanguage":"pt-BR","@id":"https:\/\/maranhaotv.com.br\/index.php\/2021\/03\/03\/prefeitura-trizidela-do-vale-se-antecipa-a-cheia-e-comeca-remocao-de-familias-das-areas-de-alagamentos\/#primaryimage","url":"","contentUrl":""},{"@type":"BreadcrumbList","@id":"https:\/\/maranhaotv.com.br\/index.php\/2021\/03\/03\/prefeitura-trizidela-do-vale-se-antecipa-a-cheia-e-comeca-remocao-de-familias-das-areas-de-alagamentos\/#breadcrumb","itemListElement":[{"@type":"ListItem","position":1,"name":"In\u00edcio","item":"https:\/\/maranhaotv.com.br\/"},{"@type":"ListItem","position":2,"name":"Prefeitura Trizidela do Vale se antecipa \u00e0 cheia e come\u00e7a remo\u00e7\u00e3o de fam\u00edlias das \u00e1reas de alagamentos"}]},{"@type":"WebSite","@id":"https:\/\/maranhaotv.com.br\/#website","url":"https:\/\/maranhaotv.com.br\/","name":"Maranh\u00e3oTV","description":"","publisher":{"@id":"https:\/\/maranhaotv.com.br\/#organization"},"potentialAction":[{"@type":"SearchAction","target":{"@type":"EntryPoint","urlTemplate":"https:\/\/maranhaotv.com.br\/?s={search_term_string}"},"query-input":{"@type":"PropertyValueSpecification","valueRequired":true,"valueName":"search_term_string"}}],"inLanguage":"pt-BR"},{"@type":"Organization","@id":"https:\/\/maranhaotv.com.br\/#organization","name":"Portal de Not\u00edcias","url":"https:\/\/maranhaotv.com.br\/","logo":{"@type":"ImageObject","inLanguage":"pt-BR","@id":"https:\/\/maranhaotv.com.br\/#\/schema\/logo\/image\/","url":"https:\/\/maranhaotv.com.br\/wp-content\/uploads\/2024\/05\/cropped-cropped-avatar-1.png","contentUrl":"https:\/\/maranhaotv.com.br\/wp-content\/uploads\/2024\/05\/cropped-cropped-avatar-1.png","width":792,"height":428,"caption":"Portal de Not\u00edcias"},"image":{"@id":"https:\/\/maranhaotv.com.br\/#\/schema\/logo\/image\/"},"sameAs":["https:\/\/www.facebook.com\/maiobaotv","https:\/\/x.com\/sitemaranhaotv","https:\/\/www.instagram.com\/maranhao.tv","https:\/\/www.threads.net\/@maranhao.tv"]},{"@type":"Person","@id":"https:\/\/maranhaotv.com.br\/#\/schema\/person\/3d54238e86b20bb5c89ab2fdb8f8829a","name":"maranhaotv","image":{"@type":"ImageObject","inLanguage":"pt-BR","@id":"https:\/\/secure.gravatar.com\/avatar\/8fadbca458d4cb68b1dd399ae9a40618d747bb1af65ac9fad21c89220a143eb4?s=96&d=mm&r=g","url":"https:\/\/secure.gravatar.com\/avatar\/8fadbca458d4cb68b1dd399ae9a40618d747bb1af65ac9fad21c89220a143eb4?s=96&d=mm&r=g","contentUrl":"https:\/\/secure.gravatar.com\/avatar\/8fadbca458d4cb68b1dd399ae9a40618d747bb1af65ac9fad21c89220a143eb4?s=96&d=mm&r=g","caption":"maranhaotv"},"sameAs":["https:\/\/maranhaotv.com.br\/"],"url":"https:\/\/maranhaotv.com.br\/index.php\/author\/maranhaotv\/"}]}},"jetpack_featured_media_url":"","jetpack_sharing_enabled":true,"_links":{"self":[{"href":"https:\/\/maranhaotv.com.br\/index.php\/wp-json\/wp\/v2\/posts\/19509","targetHints":{"allow":["GET"]}}],"collection":[{"href":"https:\/\/maranhaotv.com.br\/index.php\/wp-json\/wp\/v2\/posts"}],"about":[{"href":"https:\/\/maranhaotv.com.br\/index.php\/wp-json\/wp\/v2\/types\/post"}],"author":[{"embeddable":true,"href":"https:\/\/maranhaotv.com.br\/index.php\/wp-json\/wp\/v2\/users\/2"}],"replies":[{"embeddable":true,"href":"https:\/\/maranhaotv.com.br\/index.php\/wp-json\/wp\/v2\/comments?post=19509"}],"version-history":[{"count":0,"href":"https:\/\/maranhaotv.com.br\/index.php\/wp-json\/wp\/v2\/posts\/19509\/revisions"}],"wp:featuredmedia":[{"embeddable":true,"href":"https:\/\/maranhaotv.com.br\/index.php\/wp-json\/"}],"wp:attachment":[{"href":"https:\/\/maranhaotv.com.br\/index.php\/wp-json\/wp\/v2\/media?parent=19509"}],"wp:term":[{"taxonomy":"category","embeddable":true,"href":"https:\/\/maranhaotv.com.br\/index.php\/wp-json\/wp\/v2\/categories?post=19509"},{"taxonomy":"post_tag","embeddable":true,"href":"https:\/\/maranhaotv.com.br\/index.php\/wp-json\/wp\/v2\/tags?post=19509"}],"curies":[{"name":"wp","href":"https:\/\/api.w.org\/{rel}","templated":true}]}}