{"id":19561,"date":"2021-03-04T09:47:36","date_gmt":"2021-03-04T12:47:36","guid":{"rendered":"https:\/\/maranhaotv.com.br\/?p=19561"},"modified":"2021-03-04T09:47:36","modified_gmt":"2021-03-04T12:47:36","slug":"gestao-maura-jorge-promove-dia-d-de-combate-a-covid-19-em-lago-da-pedra","status":"publish","type":"post","link":"https:\/\/maranhaotv.com.br\/index.php\/2021\/03\/04\/gestao-maura-jorge-promove-dia-d-de-combate-a-covid-19-em-lago-da-pedra\/","title":{"rendered":"Gest\u00e3o Maura Jorge promove Dia D de combate a Covid-19 em Lago da Pedra"},"content":{"rendered":"<p>O dia &#8220;D&#8221; de Combate \u00e0 COVID-19 no munic\u00edpio foi marcado por diversas a\u00e7\u00f5es da prefeitura por meio da Secretaria Municipal de Sa\u00fade com o apoio de todos os setores da gest\u00e3o.<\/p>\n<p>As a\u00e7\u00f5es foram realizadas na sede e zona rural do munic\u00edpio simultaneamente, desinfec\u00e7\u00e3o de espa\u00e7os p\u00fablicos, blitz sanit\u00e1rias na entrada e nas ruas da cidade, distribui\u00e7\u00e3o de informativos, renova\u00e7\u00e3o da sinaliza\u00e7\u00e3o de combate \u00e0 pandemia, reestrutura\u00e7\u00e3o do Hospital Municipal para receber novos pacientes e vacina\u00e7\u00e3o.<\/p>\n<p>&#8220;Enquanto gestora, tenho feito tudo que est\u00e1 ao meu alcance para vencermos esta doen\u00e7a. Acreditamos que com o esfor\u00e7o da popula\u00e7\u00e3o, esse objetivo ser\u00e1 alcan\u00e7ado&#8221;. Disse a prefeita Maura Jorge<\/p>\n","protected":false},"excerpt":{"rendered":"<p>O dia &#8220;D&#8221; de Combate \u00e0 COVID-19 no munic\u00edpio foi marcado por diversas a\u00e7\u00f5es da prefeitura por meio da Secretaria<\/p>\n","protected":false},"author":2,"featured_media":19562,"comment_status":"open","ping_status":"open","sticky":false,"template":"","format":"standard","meta":{"colormag_page_container_layout":"default_layout","colormag_page_sidebar_layout":"default_layout","_jetpack_memberships_contains_paid_content":false,"footnotes":""},"categories":[2],"tags":[],"class_list":["post-19561","post","type-post","status-publish","format-standard","has-post-thumbnail","hentry","category-noticias"],"magazineBlocksPostFeaturedMedia":{"thumbnail":false,"medium":false,"medium_large":false,"large":false,"1536x1536":false,"2048x2048":false,"colormag-highlighted-post":false,"colormag-featured-post-medium":false,"colormag-featured-post-small":false,"colormag-featured-image":false,"colormag-default-news":false,"colormag-featured-image-large":false},"magazineBlocksPostAuthor":{"name":"maranhaotv","avatar":"https:\/\/secure.gravatar.com\/avatar\/8fadbca458d4cb68b1dd399ae9a40618d747bb1af65ac9fad21c89220a143eb4?s=96&d=mm&r=g"},"magazineBlocksPostCommentsNumber":"0","magazineBlocksPostExcerpt":"O dia &#8220;D&#8221; de Combate \u00e0 COVID-19 no munic\u00edpio foi marcado por diversas a\u00e7\u00f5es da prefeitura por meio da Secretaria","magazineBlocksPostCategories":["not\u00edcias"],"magazineBlocksPostViewCount":199,"magazineBlocksPostReadTime":1,"magazine_blocks_featured_image_url":{"full":false,"medium":false,"thumbnail":false},"magazine_blocks_author":{"display_name":"maranhaotv","author_link":"https:\/\/maranhaotv.com.br\/index.php\/author\/maranhaotv\/"},"magazine_blocks_comment":0,"magazine_blocks_author_image":"https:\/\/secure.gravatar.com\/avatar\/8fadbca458d4cb68b1dd399ae9a40618d747bb1af65ac9fad21c89220a143eb4?s=96&d=mm&r=g","magazine_blocks_category":"<a href=\"#\" class=\"category-link category-link-2\">not\u00edcias<\/a>","jetpack_featured_media_url":"","jetpack_sharing_enabled":true,"_links":{"self":[{"href":"https:\/\/maranhaotv.com.br\/index.php\/wp-json\/wp\/v2\/posts\/19561","targetHints":{"allow":["GET"]}}],"collection":[{"href":"https:\/\/maranhaotv.com.br\/index.php\/wp-json\/wp\/v2\/posts"}],"about":[{"href":"https:\/\/maranhaotv.com.br\/index.php\/wp-json\/wp\/v2\/types\/post"}],"author":[{"embeddable":true,"href":"https:\/\/maranhaotv.com.br\/index.php\/wp-json\/wp\/v2\/users\/2"}],"replies":[{"embeddable":true,"href":"https:\/\/maranhaotv.com.br\/index.php\/wp-json\/wp\/v2\/comments?post=19561"}],"version-history":[{"count":0,"href":"https:\/\/maranhaotv.com.br\/index.php\/wp-json\/wp\/v2\/posts\/19561\/revisions"}],"wp:featuredmedia":[{"embeddable":true,"href":"https:\/\/maranhaotv.com.br\/index.php\/wp-json\/"}],"wp:attachment":[{"href":"https:\/\/maranhaotv.com.br\/index.php\/wp-json\/wp\/v2\/media?parent=19561"}],"wp:term":[{"taxonomy":"category","embeddable":true,"href":"https:\/\/maranhaotv.com.br\/index.php\/wp-json\/wp\/v2\/categories?post=19561"},{"taxonomy":"post_tag","embeddable":true,"href":"https:\/\/maranhaotv.com.br\/index.php\/wp-json\/wp\/v2\/tags?post=19561"}],"curies":[{"name":"wp","href":"https:\/\/api.w.org\/{rel}","templated":true}]}}