{"id":19768,"date":"2021-03-15T09:24:12","date_gmt":"2021-03-15T12:24:12","guid":{"rendered":"https:\/\/maranhaotv.com.br\/?p=19768"},"modified":"2021-03-15T09:24:12","modified_gmt":"2021-03-15T12:24:12","slug":"cururupu-gestao-aldo-lopes-vai-inaugurar-centro-municipal-de-atendimento-a-covid-19","status":"publish","type":"post","link":"https:\/\/maranhaotv.com.br\/index.php\/2021\/03\/15\/cururupu-gestao-aldo-lopes-vai-inaugurar-centro-municipal-de-atendimento-a-covid-19\/","title":{"rendered":"Cururupu: Gest\u00e3o Aldo Lopes vai inaugurar Centro Municipal de Atendimento a Covid-19"},"content":{"rendered":"<p>Com o objetivo de garantir um atendimento ainda mais direcionado a Covid-19, a Prefeitura Municipal de Cururupu, atrav\u00e9s da Secretaria de Sa\u00fade, ir\u00e1 inaugurar o primeiro Centro Municipal de Atendimento e Combate a Covid-19. O Local escolhido para acomodar o Centro ser\u00e1 o pr\u00e9dio onde na gest\u00e3o da ex-prefeita professora Rosinha funcionou o Centro de Testagem, desativado ainda em 2020 pela ex-prefeita logo ap\u00f3s perder as elei\u00e7\u00f5es.<\/p>\n<p>O Centro de Atendimento e Combate a Covid-19 ir\u00e1 prestar diversos tipos de servi\u00e7os e contar\u00e1 com equipe m\u00e9dica para realizar os primeiros atendimentos, realiza\u00e7\u00e3o de Teste de COVID, de acordo com a necessidade, encaminhamento para demais exames complementares, prescri\u00e7\u00e3o de receitu\u00e1rio para tratamento domiciliar e encaminhamento para interna\u00e7\u00e3o.<\/p>\n<p>O prefeito Aldo Lopes, destacou a import\u00e2ncia desse servi\u00e7o, principalmente num momento em que os casos est\u00e3o avan\u00e7ando na regi\u00e3o, para o prefeito, \u00e9 necess\u00e1rio que todos nesse momento fa\u00e7am sua parte, sejam solid\u00e1rios e principalmente, sigam as recomenda\u00e7\u00f5es das autoridades sanit\u00e1rias.<\/p>\n<blockquote><p>\u201cVamos entregar j\u00e1 na pr\u00f3xima semana se Deus quiser este Centro que ir\u00e1 atender nossa popula\u00e7\u00e3o e \u00e9 totalmente voltado ao atendimento a pacientes com suspeita ou diagn\u00f3stico de coronav\u00edrus, ser\u00e1 mais uma importante ferramenta de nosso munic\u00edpio na luta contra este v\u00edrus. Al\u00e9m de reduzir a circula\u00e7\u00e3o de pessoas com sintomas leves em outros servi\u00e7os de sa\u00fade, a implanta\u00e7\u00e3o do Centro de Atendimento, busca minimizar os impactos decorrentes da pandemia e permitir que os demais servi\u00e7os de sa\u00fade do munic\u00edpio continuem atuando em suas atividades essenciais, como acompanhamento das pessoas com doen\u00e7as cr\u00f4nicas, pr\u00e9-natal, imuniza\u00e7\u00e3o, entre outras. \u00c9 fundamental garantir a continuidade do cuidado \u00e0s pessoas que s\u00e3o acompanhadas periodicamente pelas equipes de Sa\u00fade da Fam\u00edlia (eSF), e demais servi\u00e7os de sa\u00fade do munic\u00edpio\u201d, destacou o prefeito.<\/p><\/blockquote>\n<p>Quem tamb\u00e9m destacou a import\u00e2ncia da implanta\u00e7\u00e3o do primeiro Centro Municipal de Atendimento exclusivo para paciente com a Covid-19 foi a Secret\u00e1ria Municipal de S\u00e1ude Luciana Set\u00fabal Lopes.<\/p>\n<p>O Centro ser\u00e1 cadastrado junto ao Cadastro Nacional de Estabelecimentos de Sa\u00fade (CNES), em car\u00e1ter excepcional e tempor\u00e1rio, considerando o cen\u00e1rio emergencial de sa\u00fade p\u00fablica de import\u00e2ncia nacional e internacional decorrente do coronav\u00edrus. Luciana aproveitou para destacar algumas a\u00e7\u00f5es que j\u00e1 est\u00e3o em pr\u00e1tica e outras que ser\u00e3o implementadas, entre as quais ela citou por exemplo a Blitz Educativa, que neste primeiro momento ter\u00e1 como principal foco a consciencializa\u00e7\u00e3o da popula\u00e7\u00e3o referente aos perigos em estarem em locais com aglomera\u00e7\u00f5es descumprindo as orienta\u00e7\u00f5es sanit\u00e1rias e a n\u00e3o utiliza\u00e7\u00e3o de m\u00e1scara em locais p\u00fablicos, bem como a distribui\u00e7\u00e3o de panfletos com informa\u00e7\u00f5es sobre preven\u00e7\u00e3o.<\/p>\n<p>Haver\u00e1 tamb\u00e9m a implanta\u00e7\u00e3o de cabines de higieniza\u00e7\u00e3o em locais de maior circula\u00e7\u00e3o de pessoas, segundo ela, brevemente a popula\u00e7\u00e3o contar\u00e1 com a implanta\u00e7\u00e3o de mais esse item de seguran\u00e7a para impedir o avan\u00e7o do v\u00edrus.<\/p>\n<p>A Secret\u00e1ria lembra ainda que, embora o munic\u00edpio possua tr\u00eas ambul\u00e2ncias, infelizmente a atual gest\u00e3o recebeu apenas uma funcionando e ainda sim, de forma prec\u00e1ria e as outras duas sem a<br \/>\nm\u00ednima condi\u00e7\u00f5es de realizar o transporte, inviabilizando totalmente o processo de transfer\u00eancia de pacientes nesse momento dif\u00edcil, mas garante que o munic\u00edpio est\u00e1 trabalhando para recuperar essas ambul\u00e2ncias e colocar \u00e0 disposi\u00e7\u00e3o da popula\u00e7\u00e3o.<\/p>\n<p>Sobre a testagem no munic\u00edpio, Luciana garante que todas as Unidade B\u00e1sicas de Sa\u00fade possuem o Teste R\u00e1pido para COVID19 que s\u00e3o realizados pelos enfermeiros conforme solicita\u00e7\u00e3o m\u00e9dica. Destacou ainda que foi criado O DISKCOVID-19 para facilitar o acesso da popula\u00e7\u00e3o a equipe<br \/>\nm\u00e9dica municipal cujo o n\u00famero \u00e9 98 98411-1648.<\/p>\n<blockquote><p>\u201cEstamos intensificando a vacina\u00e7\u00e3o, inclusive com vacina\u00e7\u00e3o domiciliar para pacientes acamados ou com dificuldades de locomo\u00e7\u00e3o. Todas as a\u00e7\u00f5es est\u00e3o sendo divulgadas nas redes sociais da Prefeitura Municipal de Cururupu, assim como no portal da transpar\u00eancia, ser\u00e1 realizado um relat\u00f3rio e encaminhado ao Minist\u00e9rio P\u00fabico para que se estabele\u00e7a a transpar\u00eancia dos fatos\u201d, disse a Secret\u00e1ria.<\/p><\/blockquote>\n<p>Para finalizar, Luciana afirma que, diariamente o munic\u00edpio est\u00e1 buscando novas solu\u00e7\u00f5es para conter a pandemia e fez um apelo a popula\u00e7\u00e3o para se manterem em casa caso seja poss\u00edvel e que nesse momento todos precisam agir com responsabilidade, pois o munic\u00edpio n\u00e3o tem recebido recurso para conten\u00e7\u00e3o e tratamento da COVID-19, este fato deixa extremamente preocupada a gest\u00e3o municipal, pois com a escassez de recurso tudo se torna mais dif\u00edcil.<\/p>\n","protected":false},"excerpt":{"rendered":"<p>Com o objetivo de garantir um atendimento ainda mais direcionado a Covid-19, a Prefeitura Municipal de Cururupu, atrav\u00e9s da Secretaria<\/p>\n","protected":false},"author":2,"featured_media":19767,"comment_status":"open","ping_status":"open","sticky":false,"template":"","format":"standard","meta":{"colormag_page_container_layout":"default_layout","colormag_page_sidebar_layout":"default_layout","_jetpack_memberships_contains_paid_content":false,"footnotes":""},"categories":[2,6],"tags":[],"class_list":["post-19768","post","type-post","status-publish","format-standard","has-post-thumbnail","hentry","category-noticias","category-politica"],"magazineBlocksPostFeaturedMedia":{"thumbnail":false,"medium":false,"medium_large":false,"large":false,"1536x1536":false,"2048x2048":false,"colormag-highlighted-post":false,"colormag-featured-post-medium":false,"colormag-featured-post-small":false,"colormag-featured-image":false,"colormag-default-news":false,"colormag-featured-image-large":false},"magazineBlocksPostAuthor":{"name":"maranhaotv","avatar":"https:\/\/secure.gravatar.com\/avatar\/8fadbca458d4cb68b1dd399ae9a40618d747bb1af65ac9fad21c89220a143eb4?s=96&d=mm&r=g"},"magazineBlocksPostCommentsNumber":"0","magazineBlocksPostExcerpt":"Com o objetivo de garantir um atendimento ainda mais direcionado a Covid-19, a Prefeitura Municipal de Cururupu, atrav\u00e9s da Secretaria","magazineBlocksPostCategories":["not\u00edcias","pol\u00edtica"],"magazineBlocksPostViewCount":218,"magazineBlocksPostReadTime":5,"magazine_blocks_featured_image_url":{"full":false,"medium":false,"thumbnail":false},"magazine_blocks_author":{"display_name":"maranhaotv","author_link":"https:\/\/maranhaotv.com.br\/index.php\/author\/maranhaotv\/"},"magazine_blocks_comment":0,"magazine_blocks_author_image":"https:\/\/secure.gravatar.com\/avatar\/8fadbca458d4cb68b1dd399ae9a40618d747bb1af65ac9fad21c89220a143eb4?s=96&d=mm&r=g","magazine_blocks_category":"<a href=\"#\" class=\"category-link category-link-2\">not\u00edcias<\/a> <a href=\"#\" class=\"category-link category-link-6\">pol\u00edtica<\/a>","jetpack_featured_media_url":"","jetpack_sharing_enabled":true,"_links":{"self":[{"href":"https:\/\/maranhaotv.com.br\/index.php\/wp-json\/wp\/v2\/posts\/19768","targetHints":{"allow":["GET"]}}],"collection":[{"href":"https:\/\/maranhaotv.com.br\/index.php\/wp-json\/wp\/v2\/posts"}],"about":[{"href":"https:\/\/maranhaotv.com.br\/index.php\/wp-json\/wp\/v2\/types\/post"}],"author":[{"embeddable":true,"href":"https:\/\/maranhaotv.com.br\/index.php\/wp-json\/wp\/v2\/users\/2"}],"replies":[{"embeddable":true,"href":"https:\/\/maranhaotv.com.br\/index.php\/wp-json\/wp\/v2\/comments?post=19768"}],"version-history":[{"count":0,"href":"https:\/\/maranhaotv.com.br\/index.php\/wp-json\/wp\/v2\/posts\/19768\/revisions"}],"wp:featuredmedia":[{"embeddable":true,"href":"https:\/\/maranhaotv.com.br\/index.php\/wp-json\/"}],"wp:attachment":[{"href":"https:\/\/maranhaotv.com.br\/index.php\/wp-json\/wp\/v2\/media?parent=19768"}],"wp:term":[{"taxonomy":"category","embeddable":true,"href":"https:\/\/maranhaotv.com.br\/index.php\/wp-json\/wp\/v2\/categories?post=19768"},{"taxonomy":"post_tag","embeddable":true,"href":"https:\/\/maranhaotv.com.br\/index.php\/wp-json\/wp\/v2\/tags?post=19768"}],"curies":[{"name":"wp","href":"https:\/\/api.w.org\/{rel}","templated":true}]}}