{"id":19773,"date":"2021-03-15T16:53:20","date_gmt":"2021-03-15T19:53:20","guid":{"rendered":"https:\/\/maranhaotv.com.br\/?p=19773"},"modified":"2021-03-15T16:53:20","modified_gmt":"2021-03-15T19:53:20","slug":"defensoria-publica-pede-anulacao-de-seletivo-para-professores-em-paco-do-lumiar","status":"publish","type":"post","link":"https:\/\/maranhaotv.com.br\/index.php\/2021\/03\/15\/defensoria-publica-pede-anulacao-de-seletivo-para-professores-em-paco-do-lumiar\/","title":{"rendered":"Defensoria p\u00fablica pede anula\u00e7\u00e3o de seletivo para professores em Pa\u00e7o do Lumiar"},"content":{"rendered":"<p>A Defensoria P\u00fablica do Estado, em Pa\u00e7o do Lumiar, encaminhou recomenda\u00e7\u00f5es \u00e0 gest\u00e3o municipal daquela comarca visando garantir direitos constitucionais para candidatos aprovados no concurso p\u00fablico para o cargo de professor, realizado em 2018. <\/p>\n<p>Acontece que o Munic\u00edpio, por meio da Secretaria Municipal de Educa\u00e7\u00e3o (Semed), abriu processo seletivo para forma\u00e7\u00e3o de cadastro de reserva e contrata\u00e7\u00e3o tempor\u00e1ria de profissionais para atendimento da rede municipal de educa\u00e7\u00e3o, sendo que o concurso p\u00fablico, realizado h\u00e1 apenas tr\u00eas anos, para o mesmo fim ainda est\u00e1 v\u00e1lido.<\/p>\n<p>Assinada pelo defensor p\u00fablico Erick Railson Azevedo Reis, a recomenda\u00e7\u00e3o solicita \u00e0 administra\u00e7\u00e3o que o certame seja, portanto, anulado. O documento ainda frisa que o seletivo vai de encontro, inclusive, \u00e0 Lei Municipal 785\/19, que veda a contrata\u00e7\u00e3o tempor\u00e1ria nos casos de vac\u00e2ncia decorrente de aposentadoria e exonera\u00e7\u00e3o de servidores ocupantes de cargos efetivos quando h\u00e1 candidatos aprovados em concurso p\u00fablico em vig\u00eancia ou n\u00e3o compense ao er\u00e1rio a realiza\u00e7\u00e3o de concurso p\u00fablico naquele espec\u00edfico momento.<\/p>\n<p>&#8220;Ora, somente \u00e9 permitida a contrata\u00e7\u00e3o tempor\u00e1ria por seletivo simplificado em decorr\u00eancia de aposentadorias ou exonera\u00e7\u00e3o de servidores ocupantes de cargos efetivos quando n\u00e3o h\u00e1 candidatos aprovados em concurso p\u00fablico em vig\u00eancia&#8221;, destacou Erick Railson.<\/p>\n<p>Foi recomendado, por fim, que os casos de vac\u00e2ncia decorrentes de aposentadoria e\/ou exonera\u00e7\u00e3o de servidores ocupantes de cargos efetivos sejam providos atrav\u00e9s da nomea\u00e7\u00e3o de servidores aprovados no concurso p\u00fablico. A Defensoria P\u00fablica solicitou que a resposta seja dada em at\u00e9 cinco dias e manisfestou interesse na resolu\u00e7\u00e3o administrativa para o imbr\u00f3glio, ressaltando que a atua\u00e7\u00e3o se fez necess\u00e1ria ap\u00f3s grave viola\u00e7\u00e3o \u00e0 Constitui\u00e7\u00e3o e aos princ\u00edpios b\u00e1sicos da Administra\u00e7\u00e3o P\u00fablica.<\/p>\n","protected":false},"excerpt":{"rendered":"<p>A Defensoria P\u00fablica do Estado, em Pa\u00e7o do Lumiar, encaminhou recomenda\u00e7\u00f5es \u00e0 gest\u00e3o municipal daquela comarca visando garantir direitos constitucionais<\/p>\n","protected":false},"author":2,"featured_media":19772,"comment_status":"open","ping_status":"open","sticky":false,"template":"","format":"standard","meta":{"colormag_page_container_layout":"default_layout","colormag_page_sidebar_layout":"default_layout","_jetpack_memberships_contains_paid_content":false,"footnotes":""},"categories":[2],"tags":[],"class_list":["post-19773","post","type-post","status-publish","format-standard","has-post-thumbnail","hentry","category-noticias"],"magazineBlocksPostFeaturedMedia":{"thumbnail":false,"medium":false,"medium_large":false,"large":false,"1536x1536":false,"2048x2048":false,"colormag-highlighted-post":false,"colormag-featured-post-medium":false,"colormag-featured-post-small":false,"colormag-featured-image":false,"colormag-default-news":false,"colormag-featured-image-large":false},"magazineBlocksPostAuthor":{"name":"maranhaotv","avatar":"https:\/\/secure.gravatar.com\/avatar\/8fadbca458d4cb68b1dd399ae9a40618d747bb1af65ac9fad21c89220a143eb4?s=96&d=mm&r=g"},"magazineBlocksPostCommentsNumber":"0","magazineBlocksPostExcerpt":"A Defensoria P\u00fablica do Estado, em Pa\u00e7o do Lumiar, encaminhou recomenda\u00e7\u00f5es \u00e0 gest\u00e3o municipal daquela comarca visando garantir direitos constitucionais","magazineBlocksPostCategories":["not\u00edcias"],"magazineBlocksPostViewCount":185,"magazineBlocksPostReadTime":2,"magazine_blocks_featured_image_url":{"full":false,"medium":false,"thumbnail":false},"magazine_blocks_author":{"display_name":"maranhaotv","author_link":"https:\/\/maranhaotv.com.br\/index.php\/author\/maranhaotv\/"},"magazine_blocks_comment":0,"magazine_blocks_author_image":"https:\/\/secure.gravatar.com\/avatar\/8fadbca458d4cb68b1dd399ae9a40618d747bb1af65ac9fad21c89220a143eb4?s=96&d=mm&r=g","magazine_blocks_category":"<a href=\"#\" class=\"category-link category-link-2\">not\u00edcias<\/a>","jetpack_featured_media_url":"","jetpack_sharing_enabled":true,"_links":{"self":[{"href":"https:\/\/maranhaotv.com.br\/index.php\/wp-json\/wp\/v2\/posts\/19773","targetHints":{"allow":["GET"]}}],"collection":[{"href":"https:\/\/maranhaotv.com.br\/index.php\/wp-json\/wp\/v2\/posts"}],"about":[{"href":"https:\/\/maranhaotv.com.br\/index.php\/wp-json\/wp\/v2\/types\/post"}],"author":[{"embeddable":true,"href":"https:\/\/maranhaotv.com.br\/index.php\/wp-json\/wp\/v2\/users\/2"}],"replies":[{"embeddable":true,"href":"https:\/\/maranhaotv.com.br\/index.php\/wp-json\/wp\/v2\/comments?post=19773"}],"version-history":[{"count":0,"href":"https:\/\/maranhaotv.com.br\/index.php\/wp-json\/wp\/v2\/posts\/19773\/revisions"}],"wp:featuredmedia":[{"embeddable":true,"href":"https:\/\/maranhaotv.com.br\/index.php\/wp-json\/"}],"wp:attachment":[{"href":"https:\/\/maranhaotv.com.br\/index.php\/wp-json\/wp\/v2\/media?parent=19773"}],"wp:term":[{"taxonomy":"category","embeddable":true,"href":"https:\/\/maranhaotv.com.br\/index.php\/wp-json\/wp\/v2\/categories?post=19773"},{"taxonomy":"post_tag","embeddable":true,"href":"https:\/\/maranhaotv.com.br\/index.php\/wp-json\/wp\/v2\/tags?post=19773"}],"curies":[{"name":"wp","href":"https:\/\/api.w.org\/{rel}","templated":true}]}}