{"id":19782,"date":"2021-03-15T20:45:50","date_gmt":"2021-03-15T23:45:50","guid":{"rendered":"https:\/\/maranhaotv.com.br\/?p=19782"},"modified":"2021-03-15T20:45:50","modified_gmt":"2021-03-15T23:45:50","slug":"prefeitura-de-trizidela-do-vale-altera-horario-de-funcionamento-de-estabelecimentos-comerciais","status":"publish","type":"post","link":"https:\/\/maranhaotv.com.br\/index.php\/2021\/03\/15\/prefeitura-de-trizidela-do-vale-altera-horario-de-funcionamento-de-estabelecimentos-comerciais\/","title":{"rendered":"Prefeitura de Trizidela do Vale altera hor\u00e1rio de funcionamento de estabelecimentos comerciais"},"content":{"rendered":"<p>A Prefeitura de Trizidela do Vale -MA divulgou na noite desta segunda-feira (16) a Instru\u00e7\u00e3o n\u00ba01\/2021, baseada no Decreto Municipal N\u00ba17\/2021, que altera o hor\u00e1rio de funcionamento de estabelecimentos comerciais durante o per\u00edodo de vig\u00eancia do Decreto. Os estabelecimentos funcionar\u00e3o em hor\u00e1rios excepcionais de acordo com suas peculiaridades e essencialidade comerciais e de presta\u00e7\u00e3o de servi\u00e7o, por isso, \u00e9 preciso aten\u00e7\u00e3o ao Anexo I da Instru\u00e7\u00e3o.<\/p>\n<p>Deste modo: Academias e correlatos ficam limitadas ao funcionamento de 05 \u00e0s 20h. Panificadoras e Hortifrutigranjeiros de 06 \u00e0s 20h. Revendedores de combust\u00edveis, Farm\u00e1cias, Com\u00e9rcio Varejista de produtos Farmac\u00eautico, Servi\u00e7os M\u00e9dicos, hospitalares e veterin\u00e1rios, al\u00e9m de Delivery de alimenta\u00e7\u00e3o podem funcionar no per\u00edodo de 24h.<\/p>\n<p><img loading=\"lazy\" decoding=\"async\" src=\"https:\/\/maranhaotv.com.br\/wp-content\/uploads\/2021\/03\/img_20210315_2044182631796366213847481.jpg\" class=\"wp-image-19781 alignnone size-full\" width=\"979\" height=\"1356\"><\/p>\n<p><img loading=\"lazy\" decoding=\"async\" src=\"https:\/\/maranhaotv.com.br\/wp-content\/uploads\/2021\/03\/img_20210315_2044001035999047726573882.jpg\" class=\"alignnone size-full wp-image-19783\" width=\"951\" height=\"1336\"><\/p>\n","protected":false},"excerpt":{"rendered":"<p>A Prefeitura de Trizidela do Vale -MA divulgou na noite desta segunda-feira (16) a Instru\u00e7\u00e3o n\u00ba01\/2021, baseada no Decreto Municipal<\/p>\n","protected":false},"author":2,"featured_media":19785,"comment_status":"open","ping_status":"open","sticky":false,"template":"","format":"standard","meta":{"colormag_page_container_layout":"default_layout","colormag_page_sidebar_layout":"default_layout","_jetpack_memberships_contains_paid_content":false,"footnotes":""},"categories":[2,8],"tags":[289,82],"class_list":["post-19782","post","type-post","status-publish","format-standard","has-post-thumbnail","hentry","category-noticias","category-servicos","tag-deibson-bale","tag-trizidela-do-vale"],"magazineBlocksPostFeaturedMedia":{"thumbnail":false,"medium":false,"medium_large":false,"large":false,"1536x1536":false,"2048x2048":false,"colormag-highlighted-post":false,"colormag-featured-post-medium":false,"colormag-featured-post-small":false,"colormag-featured-image":false,"colormag-default-news":false,"colormag-featured-image-large":false},"magazineBlocksPostAuthor":{"name":"maranhaotv","avatar":"https:\/\/secure.gravatar.com\/avatar\/8fadbca458d4cb68b1dd399ae9a40618d747bb1af65ac9fad21c89220a143eb4?s=96&d=mm&r=g"},"magazineBlocksPostCommentsNumber":"0","magazineBlocksPostExcerpt":"A Prefeitura de Trizidela do Vale -MA divulgou na noite desta segunda-feira (16) a Instru\u00e7\u00e3o n\u00ba01\/2021, baseada no Decreto Municipal","magazineBlocksPostCategories":["not\u00edcias","servi\u00e7os"],"magazineBlocksPostViewCount":200,"magazineBlocksPostReadTime":1,"magazine_blocks_featured_image_url":{"full":false,"medium":false,"thumbnail":false},"magazine_blocks_author":{"display_name":"maranhaotv","author_link":"https:\/\/maranhaotv.com.br\/index.php\/author\/maranhaotv\/"},"magazine_blocks_comment":0,"magazine_blocks_author_image":"https:\/\/secure.gravatar.com\/avatar\/8fadbca458d4cb68b1dd399ae9a40618d747bb1af65ac9fad21c89220a143eb4?s=96&d=mm&r=g","magazine_blocks_category":"<a href=\"#\" class=\"category-link category-link-2\">not\u00edcias<\/a> <a href=\"#\" class=\"category-link category-link-8\">servi\u00e7os<\/a>","yoast_head":"<!-- This site is optimized with the Yoast SEO plugin v27.4 - https:\/\/yoast.com\/product\/yoast-seo-wordpress\/ -->\n<title>Prefeitura de Trizidela do Vale altera hor\u00e1rio de funcionamento de estabelecimentos comerciais - NOT\u00cdCIAS EM TEMPO REAL<\/title>\n<meta name=\"robots\" content=\"index, follow, max-snippet:-1, max-image-preview:large, max-video-preview:-1\" \/>\n<link rel=\"canonical\" href=\"https:\/\/maranhaotv.com.br\/index.php\/2021\/03\/15\/prefeitura-de-trizidela-do-vale-altera-horario-de-funcionamento-de-estabelecimentos-comerciais\/\" \/>\n<meta property=\"og:locale\" content=\"pt_BR\" \/>\n<meta property=\"og:type\" content=\"article\" \/>\n<meta property=\"og:title\" content=\"Prefeitura de Trizidela do Vale altera hor\u00e1rio de funcionamento de estabelecimentos comerciais - NOT\u00cdCIAS EM TEMPO REAL\" \/>\n<meta property=\"og:description\" content=\"A Prefeitura de Trizidela do Vale -MA divulgou na noite desta segunda-feira (16) a Instru\u00e7\u00e3o n\u00ba01\/2021, baseada no Decreto Municipal\" \/>\n<meta property=\"og:url\" content=\"https:\/\/maranhaotv.com.br\/index.php\/2021\/03\/15\/prefeitura-de-trizidela-do-vale-altera-horario-de-funcionamento-de-estabelecimentos-comerciais\/\" \/>\n<meta property=\"og:site_name\" content=\"NOT\u00cdCIAS EM TEMPO REAL\" \/>\n<meta property=\"article:publisher\" content=\"https:\/\/www.facebook.com\/maiobaotv\" \/>\n<meta property=\"article:published_time\" content=\"2021-03-15T23:45:50+00:00\" \/>\n<meta name=\"author\" content=\"maranhaotv\" \/>\n<meta name=\"twitter:card\" content=\"summary_large_image\" \/>\n<meta name=\"twitter:creator\" content=\"@sitemaranhaotv\" \/>\n<meta name=\"twitter:site\" content=\"@sitemaranhaotv\" \/>\n<meta name=\"twitter:label1\" content=\"Escrito por\" \/>\n\t<meta name=\"twitter:data1\" content=\"maranhaotv\" \/>\n\t<meta name=\"twitter:label2\" content=\"Est. tempo de leitura\" \/>\n\t<meta name=\"twitter:data2\" content=\"1 minuto\" \/>\n<script type=\"application\/ld+json\" class=\"yoast-schema-graph\">{\"@context\":\"https:\\\/\\\/schema.org\",\"@graph\":[{\"@type\":\"Article\",\"@id\":\"https:\\\/\\\/maranhaotv.com.br\\\/index.php\\\/2021\\\/03\\\/15\\\/prefeitura-de-trizidela-do-vale-altera-horario-de-funcionamento-de-estabelecimentos-comerciais\\\/#article\",\"isPartOf\":{\"@id\":\"https:\\\/\\\/maranhaotv.com.br\\\/index.php\\\/2021\\\/03\\\/15\\\/prefeitura-de-trizidela-do-vale-altera-horario-de-funcionamento-de-estabelecimentos-comerciais\\\/\"},\"author\":{\"name\":\"maranhaotv\",\"@id\":\"https:\\\/\\\/maranhaotv.com.br\\\/#\\\/schema\\\/person\\\/3d54238e86b20bb5c89ab2fdb8f8829a\"},\"headline\":\"Prefeitura de Trizidela do Vale altera hor\u00e1rio de funcionamento de estabelecimentos comerciais\",\"datePublished\":\"2021-03-15T23:45:50+00:00\",\"mainEntityOfPage\":{\"@id\":\"https:\\\/\\\/maranhaotv.com.br\\\/index.php\\\/2021\\\/03\\\/15\\\/prefeitura-de-trizidela-do-vale-altera-horario-de-funcionamento-de-estabelecimentos-comerciais\\\/\"},\"wordCount\":140,\"commentCount\":0,\"publisher\":{\"@id\":\"https:\\\/\\\/maranhaotv.com.br\\\/#organization\"},\"image\":{\"@id\":\"https:\\\/\\\/maranhaotv.com.br\\\/index.php\\\/2021\\\/03\\\/15\\\/prefeitura-de-trizidela-do-vale-altera-horario-de-funcionamento-de-estabelecimentos-comerciais\\\/#primaryimage\"},\"thumbnailUrl\":\"\",\"keywords\":[\"Deibson Bal\u00e9\",\"Trizidela do Vale\"],\"articleSection\":[\"not\u00edcias\",\"servi\u00e7os\"],\"inLanguage\":\"pt-BR\",\"potentialAction\":[{\"@type\":\"CommentAction\",\"name\":\"Comment\",\"target\":[\"https:\\\/\\\/maranhaotv.com.br\\\/index.php\\\/2021\\\/03\\\/15\\\/prefeitura-de-trizidela-do-vale-altera-horario-de-funcionamento-de-estabelecimentos-comerciais\\\/#respond\"]}]},{\"@type\":\"WebPage\",\"@id\":\"https:\\\/\\\/maranhaotv.com.br\\\/index.php\\\/2021\\\/03\\\/15\\\/prefeitura-de-trizidela-do-vale-altera-horario-de-funcionamento-de-estabelecimentos-comerciais\\\/\",\"url\":\"https:\\\/\\\/maranhaotv.com.br\\\/index.php\\\/2021\\\/03\\\/15\\\/prefeitura-de-trizidela-do-vale-altera-horario-de-funcionamento-de-estabelecimentos-comerciais\\\/\",\"name\":\"Prefeitura de Trizidela do Vale altera hor\u00e1rio de funcionamento de estabelecimentos comerciais - NOT\u00cdCIAS EM TEMPO REAL\",\"isPartOf\":{\"@id\":\"https:\\\/\\\/maranhaotv.com.br\\\/#website\"},\"primaryImageOfPage\":{\"@id\":\"https:\\\/\\\/maranhaotv.com.br\\\/index.php\\\/2021\\\/03\\\/15\\\/prefeitura-de-trizidela-do-vale-altera-horario-de-funcionamento-de-estabelecimentos-comerciais\\\/#primaryimage\"},\"image\":{\"@id\":\"https:\\\/\\\/maranhaotv.com.br\\\/index.php\\\/2021\\\/03\\\/15\\\/prefeitura-de-trizidela-do-vale-altera-horario-de-funcionamento-de-estabelecimentos-comerciais\\\/#primaryimage\"},\"thumbnailUrl\":\"\",\"datePublished\":\"2021-03-15T23:45:50+00:00\",\"breadcrumb\":{\"@id\":\"https:\\\/\\\/maranhaotv.com.br\\\/index.php\\\/2021\\\/03\\\/15\\\/prefeitura-de-trizidela-do-vale-altera-horario-de-funcionamento-de-estabelecimentos-comerciais\\\/#breadcrumb\"},\"inLanguage\":\"pt-BR\",\"potentialAction\":[{\"@type\":\"ReadAction\",\"target\":[\"https:\\\/\\\/maranhaotv.com.br\\\/index.php\\\/2021\\\/03\\\/15\\\/prefeitura-de-trizidela-do-vale-altera-horario-de-funcionamento-de-estabelecimentos-comerciais\\\/\"]}]},{\"@type\":\"ImageObject\",\"inLanguage\":\"pt-BR\",\"@id\":\"https:\\\/\\\/maranhaotv.com.br\\\/index.php\\\/2021\\\/03\\\/15\\\/prefeitura-de-trizidela-do-vale-altera-horario-de-funcionamento-de-estabelecimentos-comerciais\\\/#primaryimage\",\"url\":\"\",\"contentUrl\":\"\"},{\"@type\":\"BreadcrumbList\",\"@id\":\"https:\\\/\\\/maranhaotv.com.br\\\/index.php\\\/2021\\\/03\\\/15\\\/prefeitura-de-trizidela-do-vale-altera-horario-de-funcionamento-de-estabelecimentos-comerciais\\\/#breadcrumb\",\"itemListElement\":[{\"@type\":\"ListItem\",\"position\":1,\"name\":\"In\u00edcio\",\"item\":\"https:\\\/\\\/maranhaotv.com.br\\\/\"},{\"@type\":\"ListItem\",\"position\":2,\"name\":\"Prefeitura de Trizidela do Vale altera hor\u00e1rio de funcionamento de estabelecimentos comerciais\"}]},{\"@type\":\"WebSite\",\"@id\":\"https:\\\/\\\/maranhaotv.com.br\\\/#website\",\"url\":\"https:\\\/\\\/maranhaotv.com.br\\\/\",\"name\":\"Maranh\u00e3oTV\",\"description\":\"\",\"publisher\":{\"@id\":\"https:\\\/\\\/maranhaotv.com.br\\\/#organization\"},\"potentialAction\":[{\"@type\":\"SearchAction\",\"target\":{\"@type\":\"EntryPoint\",\"urlTemplate\":\"https:\\\/\\\/maranhaotv.com.br\\\/?s={search_term_string}\"},\"query-input\":{\"@type\":\"PropertyValueSpecification\",\"valueRequired\":true,\"valueName\":\"search_term_string\"}}],\"inLanguage\":\"pt-BR\"},{\"@type\":\"Organization\",\"@id\":\"https:\\\/\\\/maranhaotv.com.br\\\/#organization\",\"name\":\"Portal de Not\u00edcias\",\"url\":\"https:\\\/\\\/maranhaotv.com.br\\\/\",\"logo\":{\"@type\":\"ImageObject\",\"inLanguage\":\"pt-BR\",\"@id\":\"https:\\\/\\\/maranhaotv.com.br\\\/#\\\/schema\\\/logo\\\/image\\\/\",\"url\":\"https:\\\/\\\/maranhaotv.com.br\\\/wp-content\\\/uploads\\\/2024\\\/05\\\/cropped-cropped-avatar-1.png\",\"contentUrl\":\"https:\\\/\\\/maranhaotv.com.br\\\/wp-content\\\/uploads\\\/2024\\\/05\\\/cropped-cropped-avatar-1.png\",\"width\":792,\"height\":428,\"caption\":\"Portal de Not\u00edcias\"},\"image\":{\"@id\":\"https:\\\/\\\/maranhaotv.com.br\\\/#\\\/schema\\\/logo\\\/image\\\/\"},\"sameAs\":[\"https:\\\/\\\/www.facebook.com\\\/maiobaotv\",\"https:\\\/\\\/x.com\\\/sitemaranhaotv\",\"https:\\\/\\\/www.instagram.com\\\/maranhao.tv\",\"https:\\\/\\\/www.threads.net\\\/@maranhao.tv\"]},{\"@type\":\"Person\",\"@id\":\"https:\\\/\\\/maranhaotv.com.br\\\/#\\\/schema\\\/person\\\/3d54238e86b20bb5c89ab2fdb8f8829a\",\"name\":\"maranhaotv\",\"image\":{\"@type\":\"ImageObject\",\"inLanguage\":\"pt-BR\",\"@id\":\"https:\\\/\\\/secure.gravatar.com\\\/avatar\\\/8fadbca458d4cb68b1dd399ae9a40618d747bb1af65ac9fad21c89220a143eb4?s=96&d=mm&r=g\",\"url\":\"https:\\\/\\\/secure.gravatar.com\\\/avatar\\\/8fadbca458d4cb68b1dd399ae9a40618d747bb1af65ac9fad21c89220a143eb4?s=96&d=mm&r=g\",\"contentUrl\":\"https:\\\/\\\/secure.gravatar.com\\\/avatar\\\/8fadbca458d4cb68b1dd399ae9a40618d747bb1af65ac9fad21c89220a143eb4?s=96&d=mm&r=g\",\"caption\":\"maranhaotv\"},\"sameAs\":[\"https:\\\/\\\/maranhaotv.com.br\\\/\"],\"url\":\"https:\\\/\\\/maranhaotv.com.br\\\/index.php\\\/author\\\/maranhaotv\\\/\"}]}<\/script>\n<!-- \/ Yoast SEO plugin. -->","yoast_head_json":{"title":"Prefeitura de Trizidela do Vale altera hor\u00e1rio de funcionamento de estabelecimentos comerciais - NOT\u00cdCIAS EM TEMPO REAL","robots":{"index":"index","follow":"follow","max-snippet":"max-snippet:-1","max-image-preview":"max-image-preview:large","max-video-preview":"max-video-preview:-1"},"canonical":"https:\/\/maranhaotv.com.br\/index.php\/2021\/03\/15\/prefeitura-de-trizidela-do-vale-altera-horario-de-funcionamento-de-estabelecimentos-comerciais\/","og_locale":"pt_BR","og_type":"article","og_title":"Prefeitura de Trizidela do Vale altera hor\u00e1rio de funcionamento de estabelecimentos comerciais - NOT\u00cdCIAS EM TEMPO REAL","og_description":"A Prefeitura de Trizidela do Vale -MA divulgou na noite desta segunda-feira (16) a Instru\u00e7\u00e3o n\u00ba01\/2021, baseada no Decreto Municipal","og_url":"https:\/\/maranhaotv.com.br\/index.php\/2021\/03\/15\/prefeitura-de-trizidela-do-vale-altera-horario-de-funcionamento-de-estabelecimentos-comerciais\/","og_site_name":"NOT\u00cdCIAS EM TEMPO REAL","article_publisher":"https:\/\/www.facebook.com\/maiobaotv","article_published_time":"2021-03-15T23:45:50+00:00","author":"maranhaotv","twitter_card":"summary_large_image","twitter_creator":"@sitemaranhaotv","twitter_site":"@sitemaranhaotv","twitter_misc":{"Escrito por":"maranhaotv","Est. tempo de leitura":"1 minuto"},"schema":{"@context":"https:\/\/schema.org","@graph":[{"@type":"Article","@id":"https:\/\/maranhaotv.com.br\/index.php\/2021\/03\/15\/prefeitura-de-trizidela-do-vale-altera-horario-de-funcionamento-de-estabelecimentos-comerciais\/#article","isPartOf":{"@id":"https:\/\/maranhaotv.com.br\/index.php\/2021\/03\/15\/prefeitura-de-trizidela-do-vale-altera-horario-de-funcionamento-de-estabelecimentos-comerciais\/"},"author":{"name":"maranhaotv","@id":"https:\/\/maranhaotv.com.br\/#\/schema\/person\/3d54238e86b20bb5c89ab2fdb8f8829a"},"headline":"Prefeitura de Trizidela do Vale altera hor\u00e1rio de funcionamento de estabelecimentos comerciais","datePublished":"2021-03-15T23:45:50+00:00","mainEntityOfPage":{"@id":"https:\/\/maranhaotv.com.br\/index.php\/2021\/03\/15\/prefeitura-de-trizidela-do-vale-altera-horario-de-funcionamento-de-estabelecimentos-comerciais\/"},"wordCount":140,"commentCount":0,"publisher":{"@id":"https:\/\/maranhaotv.com.br\/#organization"},"image":{"@id":"https:\/\/maranhaotv.com.br\/index.php\/2021\/03\/15\/prefeitura-de-trizidela-do-vale-altera-horario-de-funcionamento-de-estabelecimentos-comerciais\/#primaryimage"},"thumbnailUrl":"","keywords":["Deibson Bal\u00e9","Trizidela do Vale"],"articleSection":["not\u00edcias","servi\u00e7os"],"inLanguage":"pt-BR","potentialAction":[{"@type":"CommentAction","name":"Comment","target":["https:\/\/maranhaotv.com.br\/index.php\/2021\/03\/15\/prefeitura-de-trizidela-do-vale-altera-horario-de-funcionamento-de-estabelecimentos-comerciais\/#respond"]}]},{"@type":"WebPage","@id":"https:\/\/maranhaotv.com.br\/index.php\/2021\/03\/15\/prefeitura-de-trizidela-do-vale-altera-horario-de-funcionamento-de-estabelecimentos-comerciais\/","url":"https:\/\/maranhaotv.com.br\/index.php\/2021\/03\/15\/prefeitura-de-trizidela-do-vale-altera-horario-de-funcionamento-de-estabelecimentos-comerciais\/","name":"Prefeitura de Trizidela do Vale altera hor\u00e1rio de funcionamento de estabelecimentos comerciais - NOT\u00cdCIAS EM TEMPO REAL","isPartOf":{"@id":"https:\/\/maranhaotv.com.br\/#website"},"primaryImageOfPage":{"@id":"https:\/\/maranhaotv.com.br\/index.php\/2021\/03\/15\/prefeitura-de-trizidela-do-vale-altera-horario-de-funcionamento-de-estabelecimentos-comerciais\/#primaryimage"},"image":{"@id":"https:\/\/maranhaotv.com.br\/index.php\/2021\/03\/15\/prefeitura-de-trizidela-do-vale-altera-horario-de-funcionamento-de-estabelecimentos-comerciais\/#primaryimage"},"thumbnailUrl":"","datePublished":"2021-03-15T23:45:50+00:00","breadcrumb":{"@id":"https:\/\/maranhaotv.com.br\/index.php\/2021\/03\/15\/prefeitura-de-trizidela-do-vale-altera-horario-de-funcionamento-de-estabelecimentos-comerciais\/#breadcrumb"},"inLanguage":"pt-BR","potentialAction":[{"@type":"ReadAction","target":["https:\/\/maranhaotv.com.br\/index.php\/2021\/03\/15\/prefeitura-de-trizidela-do-vale-altera-horario-de-funcionamento-de-estabelecimentos-comerciais\/"]}]},{"@type":"ImageObject","inLanguage":"pt-BR","@id":"https:\/\/maranhaotv.com.br\/index.php\/2021\/03\/15\/prefeitura-de-trizidela-do-vale-altera-horario-de-funcionamento-de-estabelecimentos-comerciais\/#primaryimage","url":"","contentUrl":""},{"@type":"BreadcrumbList","@id":"https:\/\/maranhaotv.com.br\/index.php\/2021\/03\/15\/prefeitura-de-trizidela-do-vale-altera-horario-de-funcionamento-de-estabelecimentos-comerciais\/#breadcrumb","itemListElement":[{"@type":"ListItem","position":1,"name":"In\u00edcio","item":"https:\/\/maranhaotv.com.br\/"},{"@type":"ListItem","position":2,"name":"Prefeitura de Trizidela do Vale altera hor\u00e1rio de funcionamento de estabelecimentos comerciais"}]},{"@type":"WebSite","@id":"https:\/\/maranhaotv.com.br\/#website","url":"https:\/\/maranhaotv.com.br\/","name":"Maranh\u00e3oTV","description":"","publisher":{"@id":"https:\/\/maranhaotv.com.br\/#organization"},"potentialAction":[{"@type":"SearchAction","target":{"@type":"EntryPoint","urlTemplate":"https:\/\/maranhaotv.com.br\/?s={search_term_string}"},"query-input":{"@type":"PropertyValueSpecification","valueRequired":true,"valueName":"search_term_string"}}],"inLanguage":"pt-BR"},{"@type":"Organization","@id":"https:\/\/maranhaotv.com.br\/#organization","name":"Portal de Not\u00edcias","url":"https:\/\/maranhaotv.com.br\/","logo":{"@type":"ImageObject","inLanguage":"pt-BR","@id":"https:\/\/maranhaotv.com.br\/#\/schema\/logo\/image\/","url":"https:\/\/maranhaotv.com.br\/wp-content\/uploads\/2024\/05\/cropped-cropped-avatar-1.png","contentUrl":"https:\/\/maranhaotv.com.br\/wp-content\/uploads\/2024\/05\/cropped-cropped-avatar-1.png","width":792,"height":428,"caption":"Portal de Not\u00edcias"},"image":{"@id":"https:\/\/maranhaotv.com.br\/#\/schema\/logo\/image\/"},"sameAs":["https:\/\/www.facebook.com\/maiobaotv","https:\/\/x.com\/sitemaranhaotv","https:\/\/www.instagram.com\/maranhao.tv","https:\/\/www.threads.net\/@maranhao.tv"]},{"@type":"Person","@id":"https:\/\/maranhaotv.com.br\/#\/schema\/person\/3d54238e86b20bb5c89ab2fdb8f8829a","name":"maranhaotv","image":{"@type":"ImageObject","inLanguage":"pt-BR","@id":"https:\/\/secure.gravatar.com\/avatar\/8fadbca458d4cb68b1dd399ae9a40618d747bb1af65ac9fad21c89220a143eb4?s=96&d=mm&r=g","url":"https:\/\/secure.gravatar.com\/avatar\/8fadbca458d4cb68b1dd399ae9a40618d747bb1af65ac9fad21c89220a143eb4?s=96&d=mm&r=g","contentUrl":"https:\/\/secure.gravatar.com\/avatar\/8fadbca458d4cb68b1dd399ae9a40618d747bb1af65ac9fad21c89220a143eb4?s=96&d=mm&r=g","caption":"maranhaotv"},"sameAs":["https:\/\/maranhaotv.com.br\/"],"url":"https:\/\/maranhaotv.com.br\/index.php\/author\/maranhaotv\/"}]}},"jetpack_featured_media_url":"","jetpack_sharing_enabled":true,"_links":{"self":[{"href":"https:\/\/maranhaotv.com.br\/index.php\/wp-json\/wp\/v2\/posts\/19782","targetHints":{"allow":["GET"]}}],"collection":[{"href":"https:\/\/maranhaotv.com.br\/index.php\/wp-json\/wp\/v2\/posts"}],"about":[{"href":"https:\/\/maranhaotv.com.br\/index.php\/wp-json\/wp\/v2\/types\/post"}],"author":[{"embeddable":true,"href":"https:\/\/maranhaotv.com.br\/index.php\/wp-json\/wp\/v2\/users\/2"}],"replies":[{"embeddable":true,"href":"https:\/\/maranhaotv.com.br\/index.php\/wp-json\/wp\/v2\/comments?post=19782"}],"version-history":[{"count":0,"href":"https:\/\/maranhaotv.com.br\/index.php\/wp-json\/wp\/v2\/posts\/19782\/revisions"}],"wp:featuredmedia":[{"embeddable":true,"href":"https:\/\/maranhaotv.com.br\/index.php\/wp-json\/"}],"wp:attachment":[{"href":"https:\/\/maranhaotv.com.br\/index.php\/wp-json\/wp\/v2\/media?parent=19782"}],"wp:term":[{"taxonomy":"category","embeddable":true,"href":"https:\/\/maranhaotv.com.br\/index.php\/wp-json\/wp\/v2\/categories?post=19782"},{"taxonomy":"post_tag","embeddable":true,"href":"https:\/\/maranhaotv.com.br\/index.php\/wp-json\/wp\/v2\/tags?post=19782"}],"curies":[{"name":"wp","href":"https:\/\/api.w.org\/{rel}","templated":true}]}}