{"id":19788,"date":"2021-03-16T08:01:53","date_gmt":"2021-03-16T11:01:53","guid":{"rendered":"https:\/\/maranhaotv.com.br\/?p=19788"},"modified":"2021-03-16T08:01:53","modified_gmt":"2021-03-16T11:01:53","slug":"secretario-de-saude-de-paco-e-exonerado-apos-envolvimento-em-denuncias-e-polemicas-com-vacinacao","status":"publish","type":"post","link":"https:\/\/maranhaotv.com.br\/index.php\/2021\/03\/16\/secretario-de-saude-de-paco-e-exonerado-apos-envolvimento-em-denuncias-e-polemicas-com-vacinacao\/","title":{"rendered":"Secret\u00e1rio de Sa\u00fade de Pa\u00e7o \u00e9 exonerado ap\u00f3s envolvimento em den\u00fancias e pol\u00eamicas com vacina\u00e7\u00e3o"},"content":{"rendered":"<h5>Portal de not\u00edcias Maranh\u00e3o TV estava fazendo uma s\u00e9rie de den\u00fancias sobre pol\u00eamicas e descaso na gest\u00e3o de Jo\u00e3o Muricy diante da pandemia do novo coronav\u00edrus<\/h5>\n<p>O Di\u00e1rio Oficial do Munic\u00edpio publicou ontem a noite a demiss\u00e3o do secret\u00e1rio de Sa\u00fade de Pa\u00e7o do Lumiar, Jo\u00e3o Muricy. Ele \u00e9 foi o segundo a deixar o governo Paula da Pindoba, poucas horas depois de ser comunicada a sa\u00edda do titular da Educa\u00e7\u00e3o, Marcos Ferreira.<\/p>\n<p>Muricy, chegou em Pa\u00e7o do Lumiar no governo Dutra e assumiu a pasta ap\u00f3s a sa\u00edda de Soraya Santana em agosto de 2020, em meio a den\u00fancias de suspeitas de furar a fila da vacinas da Covid 19 e pol\u00eamicas na perda do credenciamento do SAMU, o site Maranh\u00e3o TV vinha abordando v\u00e1rios fatos da desastrosa gest\u00e3o do agora ex-titular da pasta da Sa\u00fade.<\/p>\n<p>At\u00e9 o momento, a Prefeitura de Pa\u00e7o do Lumiar n\u00e3o informou o motivo de sua sa\u00edda. Em seu lugar, a prefeita nomeou, Danielle Pereira Olivera e como secret\u00e1rio adjunto, Jos\u00e9 Carlos Figueiredo dos Anjos Filho, para responder pela pasta. Para responder pela Educa\u00e7\u00e3o, a prefeita Paula da Pindoba nomeou o jovem e competente advogado Levi Pinheiro Vianes.<\/p>\n<p><img loading=\"lazy\" decoding=\"async\" src=\"https:\/\/maranhaotv.com.br\/wp-content\/uploads\/2021\/03\/img-20210315-wa07986454390647825736893.jpg\" class=\"wp-image-19789 alignnone size-full\" width=\"1024\" height=\"483\" data-temp-aztec-id=\"e7e80503-3ae7-4f79-a6b1-1852f641082c\"><\/p>\n<p><img loading=\"lazy\" decoding=\"async\" src=\"https:\/\/maranhaotv.com.br\/wp-content\/uploads\/2021\/03\/img-20210316-wa00163904953138976520772.jpg\" class=\"wp-image-19791 alignnone size-full\" width=\"539\" height=\"319\"><\/p>\n<p><img loading=\"lazy\" decoding=\"async\" src=\"https:\/\/maranhaotv.com.br\/wp-content\/uploads\/2021\/03\/img-20210316-wa00094740174995202472436.jpg\" class=\"wp-image-19793 alignnone size-full\" width=\"540\" height=\"247\"><\/p>\n","protected":false},"excerpt":{"rendered":"<p>Portal de not\u00edcias Maranh\u00e3o TV estava fazendo uma s\u00e9rie de den\u00fancias sobre pol\u00eamicas e descaso na gest\u00e3o de Jo\u00e3o Muricy<\/p>\n","protected":false},"author":2,"featured_media":19795,"comment_status":"open","ping_status":"open","sticky":false,"template":"","format":"standard","meta":{"colormag_page_container_layout":"default_layout","colormag_page_sidebar_layout":"default_layout","_jetpack_memberships_contains_paid_content":false,"footnotes":""},"categories":[2],"tags":[],"class_list":["post-19788","post","type-post","status-publish","format-standard","has-post-thumbnail","hentry","category-noticias"],"magazineBlocksPostFeaturedMedia":{"thumbnail":false,"medium":false,"medium_large":false,"large":false,"1536x1536":false,"2048x2048":false,"colormag-highlighted-post":false,"colormag-featured-post-medium":false,"colormag-featured-post-small":false,"colormag-featured-image":false,"colormag-default-news":false,"colormag-featured-image-large":false},"magazineBlocksPostAuthor":{"name":"maranhaotv","avatar":"https:\/\/secure.gravatar.com\/avatar\/8fadbca458d4cb68b1dd399ae9a40618d747bb1af65ac9fad21c89220a143eb4?s=96&d=mm&r=g"},"magazineBlocksPostCommentsNumber":"0","magazineBlocksPostExcerpt":"Portal de not\u00edcias Maranh\u00e3o TV estava fazendo uma s\u00e9rie de den\u00fancias sobre pol\u00eamicas e descaso na gest\u00e3o de Jo\u00e3o Muricy","magazineBlocksPostCategories":["not\u00edcias"],"magazineBlocksPostViewCount":502,"magazineBlocksPostReadTime":2,"magazine_blocks_featured_image_url":{"full":false,"medium":false,"thumbnail":false},"magazine_blocks_author":{"display_name":"maranhaotv","author_link":"https:\/\/maranhaotv.com.br\/index.php\/author\/maranhaotv\/"},"magazine_blocks_comment":1,"magazine_blocks_author_image":"https:\/\/secure.gravatar.com\/avatar\/8fadbca458d4cb68b1dd399ae9a40618d747bb1af65ac9fad21c89220a143eb4?s=96&d=mm&r=g","magazine_blocks_category":"<a href=\"#\" class=\"category-link category-link-2\">not\u00edcias<\/a>","yoast_head":"<!-- This site is optimized with the Yoast SEO plugin v27.4 - https:\/\/yoast.com\/product\/yoast-seo-wordpress\/ -->\n<title>Secret\u00e1rio de Sa\u00fade de Pa\u00e7o \u00e9 exonerado ap\u00f3s envolvimento em den\u00fancias e pol\u00eamicas com vacina\u00e7\u00e3o - NOT\u00cdCIAS EM TEMPO REAL<\/title>\n<meta name=\"robots\" content=\"index, follow, max-snippet:-1, max-image-preview:large, max-video-preview:-1\" \/>\n<link rel=\"canonical\" href=\"https:\/\/maranhaotv.com.br\/index.php\/2021\/03\/16\/secretario-de-saude-de-paco-e-exonerado-apos-envolvimento-em-denuncias-e-polemicas-com-vacinacao\/\" \/>\n<meta property=\"og:locale\" content=\"pt_BR\" \/>\n<meta property=\"og:type\" content=\"article\" \/>\n<meta property=\"og:title\" content=\"Secret\u00e1rio de Sa\u00fade de Pa\u00e7o \u00e9 exonerado ap\u00f3s envolvimento em den\u00fancias e pol\u00eamicas com vacina\u00e7\u00e3o - NOT\u00cdCIAS EM TEMPO REAL\" \/>\n<meta property=\"og:description\" content=\"Portal de not\u00edcias Maranh\u00e3o TV estava fazendo uma s\u00e9rie de den\u00fancias sobre pol\u00eamicas e descaso na gest\u00e3o de Jo\u00e3o Muricy\" \/>\n<meta property=\"og:url\" content=\"https:\/\/maranhaotv.com.br\/index.php\/2021\/03\/16\/secretario-de-saude-de-paco-e-exonerado-apos-envolvimento-em-denuncias-e-polemicas-com-vacinacao\/\" \/>\n<meta property=\"og:site_name\" content=\"NOT\u00cdCIAS EM TEMPO REAL\" \/>\n<meta property=\"article:publisher\" content=\"https:\/\/www.facebook.com\/maiobaotv\" \/>\n<meta property=\"article:published_time\" content=\"2021-03-16T11:01:53+00:00\" \/>\n<meta name=\"author\" content=\"maranhaotv\" \/>\n<meta name=\"twitter:card\" content=\"summary_large_image\" \/>\n<meta name=\"twitter:creator\" content=\"@sitemaranhaotv\" \/>\n<meta name=\"twitter:site\" content=\"@sitemaranhaotv\" \/>\n<meta name=\"twitter:label1\" content=\"Escrito por\" \/>\n\t<meta name=\"twitter:data1\" content=\"maranhaotv\" \/>\n\t<meta name=\"twitter:label2\" content=\"Est. tempo de leitura\" \/>\n\t<meta name=\"twitter:data2\" content=\"1 minuto\" \/>\n<script type=\"application\/ld+json\" class=\"yoast-schema-graph\">{\"@context\":\"https:\\\/\\\/schema.org\",\"@graph\":[{\"@type\":\"Article\",\"@id\":\"https:\\\/\\\/maranhaotv.com.br\\\/index.php\\\/2021\\\/03\\\/16\\\/secretario-de-saude-de-paco-e-exonerado-apos-envolvimento-em-denuncias-e-polemicas-com-vacinacao\\\/#article\",\"isPartOf\":{\"@id\":\"https:\\\/\\\/maranhaotv.com.br\\\/index.php\\\/2021\\\/03\\\/16\\\/secretario-de-saude-de-paco-e-exonerado-apos-envolvimento-em-denuncias-e-polemicas-com-vacinacao\\\/\"},\"author\":{\"name\":\"maranhaotv\",\"@id\":\"https:\\\/\\\/maranhaotv.com.br\\\/#\\\/schema\\\/person\\\/3d54238e86b20bb5c89ab2fdb8f8829a\"},\"headline\":\"Secret\u00e1rio de Sa\u00fade de Pa\u00e7o \u00e9 exonerado ap\u00f3s envolvimento em den\u00fancias e pol\u00eamicas com vacina\u00e7\u00e3o\",\"datePublished\":\"2021-03-16T11:01:53+00:00\",\"mainEntityOfPage\":{\"@id\":\"https:\\\/\\\/maranhaotv.com.br\\\/index.php\\\/2021\\\/03\\\/16\\\/secretario-de-saude-de-paco-e-exonerado-apos-envolvimento-em-denuncias-e-polemicas-com-vacinacao\\\/\"},\"wordCount\":243,\"commentCount\":0,\"publisher\":{\"@id\":\"https:\\\/\\\/maranhaotv.com.br\\\/#organization\"},\"image\":{\"@id\":\"https:\\\/\\\/maranhaotv.com.br\\\/index.php\\\/2021\\\/03\\\/16\\\/secretario-de-saude-de-paco-e-exonerado-apos-envolvimento-em-denuncias-e-polemicas-com-vacinacao\\\/#primaryimage\"},\"thumbnailUrl\":\"\",\"articleSection\":[\"not\u00edcias\"],\"inLanguage\":\"pt-BR\",\"potentialAction\":[{\"@type\":\"CommentAction\",\"name\":\"Comment\",\"target\":[\"https:\\\/\\\/maranhaotv.com.br\\\/index.php\\\/2021\\\/03\\\/16\\\/secretario-de-saude-de-paco-e-exonerado-apos-envolvimento-em-denuncias-e-polemicas-com-vacinacao\\\/#respond\"]}]},{\"@type\":\"WebPage\",\"@id\":\"https:\\\/\\\/maranhaotv.com.br\\\/index.php\\\/2021\\\/03\\\/16\\\/secretario-de-saude-de-paco-e-exonerado-apos-envolvimento-em-denuncias-e-polemicas-com-vacinacao\\\/\",\"url\":\"https:\\\/\\\/maranhaotv.com.br\\\/index.php\\\/2021\\\/03\\\/16\\\/secretario-de-saude-de-paco-e-exonerado-apos-envolvimento-em-denuncias-e-polemicas-com-vacinacao\\\/\",\"name\":\"Secret\u00e1rio de Sa\u00fade de Pa\u00e7o \u00e9 exonerado ap\u00f3s envolvimento em den\u00fancias e pol\u00eamicas com vacina\u00e7\u00e3o - NOT\u00cdCIAS EM TEMPO REAL\",\"isPartOf\":{\"@id\":\"https:\\\/\\\/maranhaotv.com.br\\\/#website\"},\"primaryImageOfPage\":{\"@id\":\"https:\\\/\\\/maranhaotv.com.br\\\/index.php\\\/2021\\\/03\\\/16\\\/secretario-de-saude-de-paco-e-exonerado-apos-envolvimento-em-denuncias-e-polemicas-com-vacinacao\\\/#primaryimage\"},\"image\":{\"@id\":\"https:\\\/\\\/maranhaotv.com.br\\\/index.php\\\/2021\\\/03\\\/16\\\/secretario-de-saude-de-paco-e-exonerado-apos-envolvimento-em-denuncias-e-polemicas-com-vacinacao\\\/#primaryimage\"},\"thumbnailUrl\":\"\",\"datePublished\":\"2021-03-16T11:01:53+00:00\",\"breadcrumb\":{\"@id\":\"https:\\\/\\\/maranhaotv.com.br\\\/index.php\\\/2021\\\/03\\\/16\\\/secretario-de-saude-de-paco-e-exonerado-apos-envolvimento-em-denuncias-e-polemicas-com-vacinacao\\\/#breadcrumb\"},\"inLanguage\":\"pt-BR\",\"potentialAction\":[{\"@type\":\"ReadAction\",\"target\":[\"https:\\\/\\\/maranhaotv.com.br\\\/index.php\\\/2021\\\/03\\\/16\\\/secretario-de-saude-de-paco-e-exonerado-apos-envolvimento-em-denuncias-e-polemicas-com-vacinacao\\\/\"]}]},{\"@type\":\"ImageObject\",\"inLanguage\":\"pt-BR\",\"@id\":\"https:\\\/\\\/maranhaotv.com.br\\\/index.php\\\/2021\\\/03\\\/16\\\/secretario-de-saude-de-paco-e-exonerado-apos-envolvimento-em-denuncias-e-polemicas-com-vacinacao\\\/#primaryimage\",\"url\":\"\",\"contentUrl\":\"\"},{\"@type\":\"BreadcrumbList\",\"@id\":\"https:\\\/\\\/maranhaotv.com.br\\\/index.php\\\/2021\\\/03\\\/16\\\/secretario-de-saude-de-paco-e-exonerado-apos-envolvimento-em-denuncias-e-polemicas-com-vacinacao\\\/#breadcrumb\",\"itemListElement\":[{\"@type\":\"ListItem\",\"position\":1,\"name\":\"In\u00edcio\",\"item\":\"https:\\\/\\\/maranhaotv.com.br\\\/\"},{\"@type\":\"ListItem\",\"position\":2,\"name\":\"Secret\u00e1rio de Sa\u00fade de Pa\u00e7o \u00e9 exonerado ap\u00f3s envolvimento em den\u00fancias e pol\u00eamicas com vacina\u00e7\u00e3o\"}]},{\"@type\":\"WebSite\",\"@id\":\"https:\\\/\\\/maranhaotv.com.br\\\/#website\",\"url\":\"https:\\\/\\\/maranhaotv.com.br\\\/\",\"name\":\"Maranh\u00e3oTV\",\"description\":\"\",\"publisher\":{\"@id\":\"https:\\\/\\\/maranhaotv.com.br\\\/#organization\"},\"potentialAction\":[{\"@type\":\"SearchAction\",\"target\":{\"@type\":\"EntryPoint\",\"urlTemplate\":\"https:\\\/\\\/maranhaotv.com.br\\\/?s={search_term_string}\"},\"query-input\":{\"@type\":\"PropertyValueSpecification\",\"valueRequired\":true,\"valueName\":\"search_term_string\"}}],\"inLanguage\":\"pt-BR\"},{\"@type\":\"Organization\",\"@id\":\"https:\\\/\\\/maranhaotv.com.br\\\/#organization\",\"name\":\"Portal de Not\u00edcias\",\"url\":\"https:\\\/\\\/maranhaotv.com.br\\\/\",\"logo\":{\"@type\":\"ImageObject\",\"inLanguage\":\"pt-BR\",\"@id\":\"https:\\\/\\\/maranhaotv.com.br\\\/#\\\/schema\\\/logo\\\/image\\\/\",\"url\":\"https:\\\/\\\/maranhaotv.com.br\\\/wp-content\\\/uploads\\\/2024\\\/05\\\/cropped-cropped-avatar-1.png\",\"contentUrl\":\"https:\\\/\\\/maranhaotv.com.br\\\/wp-content\\\/uploads\\\/2024\\\/05\\\/cropped-cropped-avatar-1.png\",\"width\":792,\"height\":428,\"caption\":\"Portal de Not\u00edcias\"},\"image\":{\"@id\":\"https:\\\/\\\/maranhaotv.com.br\\\/#\\\/schema\\\/logo\\\/image\\\/\"},\"sameAs\":[\"https:\\\/\\\/www.facebook.com\\\/maiobaotv\",\"https:\\\/\\\/x.com\\\/sitemaranhaotv\",\"https:\\\/\\\/www.instagram.com\\\/maranhao.tv\",\"https:\\\/\\\/www.threads.net\\\/@maranhao.tv\"]},{\"@type\":\"Person\",\"@id\":\"https:\\\/\\\/maranhaotv.com.br\\\/#\\\/schema\\\/person\\\/3d54238e86b20bb5c89ab2fdb8f8829a\",\"name\":\"maranhaotv\",\"image\":{\"@type\":\"ImageObject\",\"inLanguage\":\"pt-BR\",\"@id\":\"https:\\\/\\\/secure.gravatar.com\\\/avatar\\\/8fadbca458d4cb68b1dd399ae9a40618d747bb1af65ac9fad21c89220a143eb4?s=96&d=mm&r=g\",\"url\":\"https:\\\/\\\/secure.gravatar.com\\\/avatar\\\/8fadbca458d4cb68b1dd399ae9a40618d747bb1af65ac9fad21c89220a143eb4?s=96&d=mm&r=g\",\"contentUrl\":\"https:\\\/\\\/secure.gravatar.com\\\/avatar\\\/8fadbca458d4cb68b1dd399ae9a40618d747bb1af65ac9fad21c89220a143eb4?s=96&d=mm&r=g\",\"caption\":\"maranhaotv\"},\"sameAs\":[\"https:\\\/\\\/maranhaotv.com.br\\\/\"],\"url\":\"https:\\\/\\\/maranhaotv.com.br\\\/index.php\\\/author\\\/maranhaotv\\\/\"}]}<\/script>\n<!-- \/ Yoast SEO plugin. -->","yoast_head_json":{"title":"Secret\u00e1rio de Sa\u00fade de Pa\u00e7o \u00e9 exonerado ap\u00f3s envolvimento em den\u00fancias e pol\u00eamicas com vacina\u00e7\u00e3o - NOT\u00cdCIAS EM TEMPO REAL","robots":{"index":"index","follow":"follow","max-snippet":"max-snippet:-1","max-image-preview":"max-image-preview:large","max-video-preview":"max-video-preview:-1"},"canonical":"https:\/\/maranhaotv.com.br\/index.php\/2021\/03\/16\/secretario-de-saude-de-paco-e-exonerado-apos-envolvimento-em-denuncias-e-polemicas-com-vacinacao\/","og_locale":"pt_BR","og_type":"article","og_title":"Secret\u00e1rio de Sa\u00fade de Pa\u00e7o \u00e9 exonerado ap\u00f3s envolvimento em den\u00fancias e pol\u00eamicas com vacina\u00e7\u00e3o - NOT\u00cdCIAS EM TEMPO REAL","og_description":"Portal de not\u00edcias Maranh\u00e3o TV estava fazendo uma s\u00e9rie de den\u00fancias sobre pol\u00eamicas e descaso na gest\u00e3o de Jo\u00e3o Muricy","og_url":"https:\/\/maranhaotv.com.br\/index.php\/2021\/03\/16\/secretario-de-saude-de-paco-e-exonerado-apos-envolvimento-em-denuncias-e-polemicas-com-vacinacao\/","og_site_name":"NOT\u00cdCIAS EM TEMPO REAL","article_publisher":"https:\/\/www.facebook.com\/maiobaotv","article_published_time":"2021-03-16T11:01:53+00:00","author":"maranhaotv","twitter_card":"summary_large_image","twitter_creator":"@sitemaranhaotv","twitter_site":"@sitemaranhaotv","twitter_misc":{"Escrito por":"maranhaotv","Est. tempo de leitura":"1 minuto"},"schema":{"@context":"https:\/\/schema.org","@graph":[{"@type":"Article","@id":"https:\/\/maranhaotv.com.br\/index.php\/2021\/03\/16\/secretario-de-saude-de-paco-e-exonerado-apos-envolvimento-em-denuncias-e-polemicas-com-vacinacao\/#article","isPartOf":{"@id":"https:\/\/maranhaotv.com.br\/index.php\/2021\/03\/16\/secretario-de-saude-de-paco-e-exonerado-apos-envolvimento-em-denuncias-e-polemicas-com-vacinacao\/"},"author":{"name":"maranhaotv","@id":"https:\/\/maranhaotv.com.br\/#\/schema\/person\/3d54238e86b20bb5c89ab2fdb8f8829a"},"headline":"Secret\u00e1rio de Sa\u00fade de Pa\u00e7o \u00e9 exonerado ap\u00f3s envolvimento em den\u00fancias e pol\u00eamicas com vacina\u00e7\u00e3o","datePublished":"2021-03-16T11:01:53+00:00","mainEntityOfPage":{"@id":"https:\/\/maranhaotv.com.br\/index.php\/2021\/03\/16\/secretario-de-saude-de-paco-e-exonerado-apos-envolvimento-em-denuncias-e-polemicas-com-vacinacao\/"},"wordCount":243,"commentCount":0,"publisher":{"@id":"https:\/\/maranhaotv.com.br\/#organization"},"image":{"@id":"https:\/\/maranhaotv.com.br\/index.php\/2021\/03\/16\/secretario-de-saude-de-paco-e-exonerado-apos-envolvimento-em-denuncias-e-polemicas-com-vacinacao\/#primaryimage"},"thumbnailUrl":"","articleSection":["not\u00edcias"],"inLanguage":"pt-BR","potentialAction":[{"@type":"CommentAction","name":"Comment","target":["https:\/\/maranhaotv.com.br\/index.php\/2021\/03\/16\/secretario-de-saude-de-paco-e-exonerado-apos-envolvimento-em-denuncias-e-polemicas-com-vacinacao\/#respond"]}]},{"@type":"WebPage","@id":"https:\/\/maranhaotv.com.br\/index.php\/2021\/03\/16\/secretario-de-saude-de-paco-e-exonerado-apos-envolvimento-em-denuncias-e-polemicas-com-vacinacao\/","url":"https:\/\/maranhaotv.com.br\/index.php\/2021\/03\/16\/secretario-de-saude-de-paco-e-exonerado-apos-envolvimento-em-denuncias-e-polemicas-com-vacinacao\/","name":"Secret\u00e1rio de Sa\u00fade de Pa\u00e7o \u00e9 exonerado ap\u00f3s envolvimento em den\u00fancias e pol\u00eamicas com vacina\u00e7\u00e3o - NOT\u00cdCIAS EM TEMPO REAL","isPartOf":{"@id":"https:\/\/maranhaotv.com.br\/#website"},"primaryImageOfPage":{"@id":"https:\/\/maranhaotv.com.br\/index.php\/2021\/03\/16\/secretario-de-saude-de-paco-e-exonerado-apos-envolvimento-em-denuncias-e-polemicas-com-vacinacao\/#primaryimage"},"image":{"@id":"https:\/\/maranhaotv.com.br\/index.php\/2021\/03\/16\/secretario-de-saude-de-paco-e-exonerado-apos-envolvimento-em-denuncias-e-polemicas-com-vacinacao\/#primaryimage"},"thumbnailUrl":"","datePublished":"2021-03-16T11:01:53+00:00","breadcrumb":{"@id":"https:\/\/maranhaotv.com.br\/index.php\/2021\/03\/16\/secretario-de-saude-de-paco-e-exonerado-apos-envolvimento-em-denuncias-e-polemicas-com-vacinacao\/#breadcrumb"},"inLanguage":"pt-BR","potentialAction":[{"@type":"ReadAction","target":["https:\/\/maranhaotv.com.br\/index.php\/2021\/03\/16\/secretario-de-saude-de-paco-e-exonerado-apos-envolvimento-em-denuncias-e-polemicas-com-vacinacao\/"]}]},{"@type":"ImageObject","inLanguage":"pt-BR","@id":"https:\/\/maranhaotv.com.br\/index.php\/2021\/03\/16\/secretario-de-saude-de-paco-e-exonerado-apos-envolvimento-em-denuncias-e-polemicas-com-vacinacao\/#primaryimage","url":"","contentUrl":""},{"@type":"BreadcrumbList","@id":"https:\/\/maranhaotv.com.br\/index.php\/2021\/03\/16\/secretario-de-saude-de-paco-e-exonerado-apos-envolvimento-em-denuncias-e-polemicas-com-vacinacao\/#breadcrumb","itemListElement":[{"@type":"ListItem","position":1,"name":"In\u00edcio","item":"https:\/\/maranhaotv.com.br\/"},{"@type":"ListItem","position":2,"name":"Secret\u00e1rio de Sa\u00fade de Pa\u00e7o \u00e9 exonerado ap\u00f3s envolvimento em den\u00fancias e pol\u00eamicas com vacina\u00e7\u00e3o"}]},{"@type":"WebSite","@id":"https:\/\/maranhaotv.com.br\/#website","url":"https:\/\/maranhaotv.com.br\/","name":"Maranh\u00e3oTV","description":"","publisher":{"@id":"https:\/\/maranhaotv.com.br\/#organization"},"potentialAction":[{"@type":"SearchAction","target":{"@type":"EntryPoint","urlTemplate":"https:\/\/maranhaotv.com.br\/?s={search_term_string}"},"query-input":{"@type":"PropertyValueSpecification","valueRequired":true,"valueName":"search_term_string"}}],"inLanguage":"pt-BR"},{"@type":"Organization","@id":"https:\/\/maranhaotv.com.br\/#organization","name":"Portal de Not\u00edcias","url":"https:\/\/maranhaotv.com.br\/","logo":{"@type":"ImageObject","inLanguage":"pt-BR","@id":"https:\/\/maranhaotv.com.br\/#\/schema\/logo\/image\/","url":"https:\/\/maranhaotv.com.br\/wp-content\/uploads\/2024\/05\/cropped-cropped-avatar-1.png","contentUrl":"https:\/\/maranhaotv.com.br\/wp-content\/uploads\/2024\/05\/cropped-cropped-avatar-1.png","width":792,"height":428,"caption":"Portal de Not\u00edcias"},"image":{"@id":"https:\/\/maranhaotv.com.br\/#\/schema\/logo\/image\/"},"sameAs":["https:\/\/www.facebook.com\/maiobaotv","https:\/\/x.com\/sitemaranhaotv","https:\/\/www.instagram.com\/maranhao.tv","https:\/\/www.threads.net\/@maranhao.tv"]},{"@type":"Person","@id":"https:\/\/maranhaotv.com.br\/#\/schema\/person\/3d54238e86b20bb5c89ab2fdb8f8829a","name":"maranhaotv","image":{"@type":"ImageObject","inLanguage":"pt-BR","@id":"https:\/\/secure.gravatar.com\/avatar\/8fadbca458d4cb68b1dd399ae9a40618d747bb1af65ac9fad21c89220a143eb4?s=96&d=mm&r=g","url":"https:\/\/secure.gravatar.com\/avatar\/8fadbca458d4cb68b1dd399ae9a40618d747bb1af65ac9fad21c89220a143eb4?s=96&d=mm&r=g","contentUrl":"https:\/\/secure.gravatar.com\/avatar\/8fadbca458d4cb68b1dd399ae9a40618d747bb1af65ac9fad21c89220a143eb4?s=96&d=mm&r=g","caption":"maranhaotv"},"sameAs":["https:\/\/maranhaotv.com.br\/"],"url":"https:\/\/maranhaotv.com.br\/index.php\/author\/maranhaotv\/"}]}},"jetpack_featured_media_url":"","jetpack_sharing_enabled":true,"_links":{"self":[{"href":"https:\/\/maranhaotv.com.br\/index.php\/wp-json\/wp\/v2\/posts\/19788","targetHints":{"allow":["GET"]}}],"collection":[{"href":"https:\/\/maranhaotv.com.br\/index.php\/wp-json\/wp\/v2\/posts"}],"about":[{"href":"https:\/\/maranhaotv.com.br\/index.php\/wp-json\/wp\/v2\/types\/post"}],"author":[{"embeddable":true,"href":"https:\/\/maranhaotv.com.br\/index.php\/wp-json\/wp\/v2\/users\/2"}],"replies":[{"embeddable":true,"href":"https:\/\/maranhaotv.com.br\/index.php\/wp-json\/wp\/v2\/comments?post=19788"}],"version-history":[{"count":0,"href":"https:\/\/maranhaotv.com.br\/index.php\/wp-json\/wp\/v2\/posts\/19788\/revisions"}],"wp:featuredmedia":[{"embeddable":true,"href":"https:\/\/maranhaotv.com.br\/index.php\/wp-json\/"}],"wp:attachment":[{"href":"https:\/\/maranhaotv.com.br\/index.php\/wp-json\/wp\/v2\/media?parent=19788"}],"wp:term":[{"taxonomy":"category","embeddable":true,"href":"https:\/\/maranhaotv.com.br\/index.php\/wp-json\/wp\/v2\/categories?post=19788"},{"taxonomy":"post_tag","embeddable":true,"href":"https:\/\/maranhaotv.com.br\/index.php\/wp-json\/wp\/v2\/tags?post=19788"}],"curies":[{"name":"wp","href":"https:\/\/api.w.org\/{rel}","templated":true}]}}