{"id":19814,"date":"2021-03-16T13:27:43","date_gmt":"2021-03-16T16:27:43","guid":{"rendered":"https:\/\/maranhaotv.com.br\/?p=19814"},"modified":"2021-03-16T13:27:43","modified_gmt":"2021-03-16T16:27:43","slug":"maura-jorge-anuncia-novas-medidas-para-conter-coronavirus-em-lago-da-pedra","status":"publish","type":"post","link":"https:\/\/maranhaotv.com.br\/index.php\/2021\/03\/16\/maura-jorge-anuncia-novas-medidas-para-conter-coronavirus-em-lago-da-pedra\/","title":{"rendered":"Maura Jorge anuncia novas medidas para conter coronav\u00edrus em Lago da Pedra"},"content":{"rendered":"<h5>Prefeita descarta lockdown e garantiu que adotar\u00e1 todas as medidas poss\u00edveis para conter o avan\u00e7o da doen\u00e7a no munic\u00edpio<\/h5>\n<p>Para conter o novo aumento do n\u00famero de casos de Covid-19 em Lago da Pedra, a Prefeitura vai adotar novas medidas de combate \u00e0 pandemia e prote\u00e7\u00e3o \u00e0 vida. A apresenta\u00e7\u00e3o foi feita pela prefeita Maura Jorge nesta segunda-feira (15), em entrevista coletiva transmitida ao vivo pelas redes sociais, ao lado da secret\u00e1ria de Sa\u00fade, Almiralice Mendes, Candido Henrique respons\u00e1vel pelo CTC, dos vereadores Thiago S\u00e1, Ariel Marinho, Valmir Bento, Gian Ara\u00fajo, secret\u00e1rio adjunto da Sa\u00fade e da diretora do Hospital Municipal, Luma Barreto.<\/p>\n<p>A prefeita Maura Jorge garantiu continuar se empenhando incansavelmente junto \u00e0 toda sua equipe para combater \u00e0 pandemia, mas tamb\u00e9m pede a compreens\u00e3o de toda a popula\u00e7\u00e3o.<\/p>\n<blockquote><p>&#8220;Farei tudo que estiver ao nosso alcance para enfrentarmos essa pandemia, mas contamos com a colaborac\u0327a\u0303o dos cidada\u0303os e com medidas verdadeiramente eficazes. Lockdown na\u0303o e\u0301 o caso.<br \/>\nDesde o nosso primeiro dia de mandato que estamos nas ruas conscientizando a populac\u0327a\u0303o, abrindo leitos para COVID-19, barreiras sanita\u0301rias, testagem em grande volume, criamos o CTC &#8211; Centro de Tratamento a\u0300 COVID-19, adicionamentos o protocolo gratuito de tratamento precoce, aumentamos o nosso efetivo profissional, restringindo hora\u0301rios de funcionamento, realocaremos recursos para o setor, faremos aquisic\u0327a\u0303o de nova ambula\u0302ncia e mais equipamentos hospitalares. Enfim, estamos fazendo tudo que e\u0301 possi\u0301vel ser feito, mas lockdown foi uma medida frustrada em todo o pai\u0301s e que na\u0303o aceitaremos em Lago da Pedra.&#8221;<\/p><\/blockquote>\n<p>Maura tamb\u00e9m fez um apelo aos vereadores que fazem oposi\u00e7\u00e3o ao seu governo para que esque\u00e7am as diverg\u00eancias pol\u00edticas.<\/p>\n<blockquote><p>&#8220;Diante da forte onda de COVID-19 que atinge Lago da Pedra, fiz um apelo aos nossos vereadores da bancada de oposic\u0327a\u0303o para que deixemos as diverge\u0302ncias de lado e lutemos juntos em favor do povo.<br \/>\nNossos projetos esta\u0303o parados na Ca\u0302mara pelo fato de os excelenti\u0301ssimo vereadores na\u0303o comparecerem a\u0300s sesso\u0303es.<br \/>\nE\u0301 momento de humanidade, de doac\u0327a\u0303o ao pro\u0301ximo e de priorizarmos o que mais importa: A vida do nosso povo!&#8221;<\/p><\/blockquote>\n<div class=\"jetpack-video-wrapper\"><iframe loading=\"lazy\" title=\"Entrevista Coletiva Maura Jorge I\" width=\"800\" height=\"450\" src=\"https:\/\/www.youtube.com\/embed\/LPLRj9e2cZA?feature=oembed\" frameborder=\"0\" allow=\"accelerometer; autoplay; clipboard-write; encrypted-media; gyroscope; picture-in-picture; web-share\" referrerpolicy=\"strict-origin-when-cross-origin\" allowfullscreen><\/iframe><\/div>\n<div class=\"jetpack-video-wrapper\"><iframe loading=\"lazy\" title=\"Entrevista Coletiva Maura Jorge II\" width=\"800\" height=\"450\" src=\"https:\/\/www.youtube.com\/embed\/wBF7Hy9nlXs?feature=oembed\" frameborder=\"0\" allow=\"accelerometer; autoplay; clipboard-write; encrypted-media; gyroscope; picture-in-picture; web-share\" referrerpolicy=\"strict-origin-when-cross-origin\" allowfullscreen><\/iframe><\/div>\n","protected":false},"excerpt":{"rendered":"<p>Prefeita descarta lockdown e garantiu que adotar\u00e1 todas as medidas poss\u00edveis para conter o avan\u00e7o da doen\u00e7a no munic\u00edpio Para<\/p>\n","protected":false},"author":2,"featured_media":19815,"comment_status":"open","ping_status":"open","sticky":false,"template":"","format":"standard","meta":{"colormag_page_container_layout":"default_layout","colormag_page_sidebar_layout":"default_layout","_jetpack_memberships_contains_paid_content":false,"footnotes":""},"categories":[2,6],"tags":[157],"class_list":["post-19814","post","type-post","status-publish","format-standard","has-post-thumbnail","hentry","category-noticias","category-politica","tag-maura-jorge"],"magazineBlocksPostFeaturedMedia":{"thumbnail":false,"medium":false,"medium_large":false,"large":false,"1536x1536":false,"2048x2048":false,"colormag-highlighted-post":false,"colormag-featured-post-medium":false,"colormag-featured-post-small":false,"colormag-featured-image":false,"colormag-default-news":false,"colormag-featured-image-large":false},"magazineBlocksPostAuthor":{"name":"maranhaotv","avatar":"https:\/\/secure.gravatar.com\/avatar\/8fadbca458d4cb68b1dd399ae9a40618d747bb1af65ac9fad21c89220a143eb4?s=96&d=mm&r=g"},"magazineBlocksPostCommentsNumber":"0","magazineBlocksPostExcerpt":"Prefeita descarta lockdown e garantiu que adotar\u00e1 todas as medidas poss\u00edveis para conter o avan\u00e7o da doen\u00e7a no munic\u00edpio Para","magazineBlocksPostCategories":["not\u00edcias","pol\u00edtica"],"magazineBlocksPostViewCount":329,"magazineBlocksPostReadTime":2,"magazine_blocks_featured_image_url":{"full":false,"medium":false,"thumbnail":false},"magazine_blocks_author":{"display_name":"maranhaotv","author_link":"https:\/\/maranhaotv.com.br\/index.php\/author\/maranhaotv\/"},"magazine_blocks_comment":0,"magazine_blocks_author_image":"https:\/\/secure.gravatar.com\/avatar\/8fadbca458d4cb68b1dd399ae9a40618d747bb1af65ac9fad21c89220a143eb4?s=96&d=mm&r=g","magazine_blocks_category":"<a href=\"#\" class=\"category-link category-link-2\">not\u00edcias<\/a> <a href=\"#\" class=\"category-link category-link-6\">pol\u00edtica<\/a>","yoast_head":"<!-- This site is optimized with the Yoast SEO plugin v27.4 - https:\/\/yoast.com\/product\/yoast-seo-wordpress\/ -->\n<title>Maura Jorge anuncia novas medidas para conter coronav\u00edrus em Lago da Pedra - NOT\u00cdCIAS EM TEMPO REAL<\/title>\n<meta name=\"robots\" content=\"index, follow, max-snippet:-1, max-image-preview:large, max-video-preview:-1\" \/>\n<link rel=\"canonical\" href=\"https:\/\/maranhaotv.com.br\/index.php\/2021\/03\/16\/maura-jorge-anuncia-novas-medidas-para-conter-coronavirus-em-lago-da-pedra\/\" \/>\n<meta property=\"og:locale\" content=\"pt_BR\" \/>\n<meta property=\"og:type\" content=\"article\" \/>\n<meta property=\"og:title\" content=\"Maura Jorge anuncia novas medidas para conter coronav\u00edrus em Lago da Pedra - NOT\u00cdCIAS EM TEMPO REAL\" \/>\n<meta property=\"og:description\" content=\"Prefeita descarta lockdown e garantiu que adotar\u00e1 todas as medidas poss\u00edveis para conter o avan\u00e7o da doen\u00e7a no munic\u00edpio Para\" \/>\n<meta property=\"og:url\" content=\"https:\/\/maranhaotv.com.br\/index.php\/2021\/03\/16\/maura-jorge-anuncia-novas-medidas-para-conter-coronavirus-em-lago-da-pedra\/\" \/>\n<meta property=\"og:site_name\" content=\"NOT\u00cdCIAS EM TEMPO REAL\" \/>\n<meta property=\"article:publisher\" content=\"https:\/\/www.facebook.com\/maiobaotv\" \/>\n<meta property=\"article:published_time\" content=\"2021-03-16T16:27:43+00:00\" \/>\n<meta name=\"author\" content=\"maranhaotv\" \/>\n<meta name=\"twitter:card\" content=\"summary_large_image\" \/>\n<meta name=\"twitter:creator\" content=\"@sitemaranhaotv\" \/>\n<meta name=\"twitter:site\" content=\"@sitemaranhaotv\" \/>\n<meta name=\"twitter:label1\" content=\"Escrito por\" \/>\n\t<meta name=\"twitter:data1\" content=\"maranhaotv\" \/>\n\t<meta name=\"twitter:label2\" content=\"Est. tempo de leitura\" \/>\n\t<meta name=\"twitter:data2\" content=\"2 minutos\" \/>\n<script type=\"application\/ld+json\" class=\"yoast-schema-graph\">{\"@context\":\"https:\\\/\\\/schema.org\",\"@graph\":[{\"@type\":\"Article\",\"@id\":\"https:\\\/\\\/maranhaotv.com.br\\\/index.php\\\/2021\\\/03\\\/16\\\/maura-jorge-anuncia-novas-medidas-para-conter-coronavirus-em-lago-da-pedra\\\/#article\",\"isPartOf\":{\"@id\":\"https:\\\/\\\/maranhaotv.com.br\\\/index.php\\\/2021\\\/03\\\/16\\\/maura-jorge-anuncia-novas-medidas-para-conter-coronavirus-em-lago-da-pedra\\\/\"},\"author\":{\"name\":\"maranhaotv\",\"@id\":\"https:\\\/\\\/maranhaotv.com.br\\\/#\\\/schema\\\/person\\\/3d54238e86b20bb5c89ab2fdb8f8829a\"},\"headline\":\"Maura Jorge anuncia novas medidas para conter coronav\u00edrus em Lago da Pedra\",\"datePublished\":\"2021-03-16T16:27:43+00:00\",\"mainEntityOfPage\":{\"@id\":\"https:\\\/\\\/maranhaotv.com.br\\\/index.php\\\/2021\\\/03\\\/16\\\/maura-jorge-anuncia-novas-medidas-para-conter-coronavirus-em-lago-da-pedra\\\/\"},\"wordCount\":405,\"commentCount\":0,\"publisher\":{\"@id\":\"https:\\\/\\\/maranhaotv.com.br\\\/#organization\"},\"image\":{\"@id\":\"https:\\\/\\\/maranhaotv.com.br\\\/index.php\\\/2021\\\/03\\\/16\\\/maura-jorge-anuncia-novas-medidas-para-conter-coronavirus-em-lago-da-pedra\\\/#primaryimage\"},\"thumbnailUrl\":\"\",\"keywords\":[\"Maura Jorge\"],\"articleSection\":[\"not\u00edcias\",\"pol\u00edtica\"],\"inLanguage\":\"pt-BR\",\"potentialAction\":[{\"@type\":\"CommentAction\",\"name\":\"Comment\",\"target\":[\"https:\\\/\\\/maranhaotv.com.br\\\/index.php\\\/2021\\\/03\\\/16\\\/maura-jorge-anuncia-novas-medidas-para-conter-coronavirus-em-lago-da-pedra\\\/#respond\"]}]},{\"@type\":\"WebPage\",\"@id\":\"https:\\\/\\\/maranhaotv.com.br\\\/index.php\\\/2021\\\/03\\\/16\\\/maura-jorge-anuncia-novas-medidas-para-conter-coronavirus-em-lago-da-pedra\\\/\",\"url\":\"https:\\\/\\\/maranhaotv.com.br\\\/index.php\\\/2021\\\/03\\\/16\\\/maura-jorge-anuncia-novas-medidas-para-conter-coronavirus-em-lago-da-pedra\\\/\",\"name\":\"Maura Jorge anuncia novas medidas para conter coronav\u00edrus em Lago da Pedra - NOT\u00cdCIAS EM TEMPO REAL\",\"isPartOf\":{\"@id\":\"https:\\\/\\\/maranhaotv.com.br\\\/#website\"},\"primaryImageOfPage\":{\"@id\":\"https:\\\/\\\/maranhaotv.com.br\\\/index.php\\\/2021\\\/03\\\/16\\\/maura-jorge-anuncia-novas-medidas-para-conter-coronavirus-em-lago-da-pedra\\\/#primaryimage\"},\"image\":{\"@id\":\"https:\\\/\\\/maranhaotv.com.br\\\/index.php\\\/2021\\\/03\\\/16\\\/maura-jorge-anuncia-novas-medidas-para-conter-coronavirus-em-lago-da-pedra\\\/#primaryimage\"},\"thumbnailUrl\":\"\",\"datePublished\":\"2021-03-16T16:27:43+00:00\",\"breadcrumb\":{\"@id\":\"https:\\\/\\\/maranhaotv.com.br\\\/index.php\\\/2021\\\/03\\\/16\\\/maura-jorge-anuncia-novas-medidas-para-conter-coronavirus-em-lago-da-pedra\\\/#breadcrumb\"},\"inLanguage\":\"pt-BR\",\"potentialAction\":[{\"@type\":\"ReadAction\",\"target\":[\"https:\\\/\\\/maranhaotv.com.br\\\/index.php\\\/2021\\\/03\\\/16\\\/maura-jorge-anuncia-novas-medidas-para-conter-coronavirus-em-lago-da-pedra\\\/\"]}]},{\"@type\":\"ImageObject\",\"inLanguage\":\"pt-BR\",\"@id\":\"https:\\\/\\\/maranhaotv.com.br\\\/index.php\\\/2021\\\/03\\\/16\\\/maura-jorge-anuncia-novas-medidas-para-conter-coronavirus-em-lago-da-pedra\\\/#primaryimage\",\"url\":\"\",\"contentUrl\":\"\"},{\"@type\":\"BreadcrumbList\",\"@id\":\"https:\\\/\\\/maranhaotv.com.br\\\/index.php\\\/2021\\\/03\\\/16\\\/maura-jorge-anuncia-novas-medidas-para-conter-coronavirus-em-lago-da-pedra\\\/#breadcrumb\",\"itemListElement\":[{\"@type\":\"ListItem\",\"position\":1,\"name\":\"In\u00edcio\",\"item\":\"https:\\\/\\\/maranhaotv.com.br\\\/\"},{\"@type\":\"ListItem\",\"position\":2,\"name\":\"Maura Jorge anuncia novas medidas para conter coronav\u00edrus em Lago da Pedra\"}]},{\"@type\":\"WebSite\",\"@id\":\"https:\\\/\\\/maranhaotv.com.br\\\/#website\",\"url\":\"https:\\\/\\\/maranhaotv.com.br\\\/\",\"name\":\"Maranh\u00e3oTV\",\"description\":\"\",\"publisher\":{\"@id\":\"https:\\\/\\\/maranhaotv.com.br\\\/#organization\"},\"potentialAction\":[{\"@type\":\"SearchAction\",\"target\":{\"@type\":\"EntryPoint\",\"urlTemplate\":\"https:\\\/\\\/maranhaotv.com.br\\\/?s={search_term_string}\"},\"query-input\":{\"@type\":\"PropertyValueSpecification\",\"valueRequired\":true,\"valueName\":\"search_term_string\"}}],\"inLanguage\":\"pt-BR\"},{\"@type\":\"Organization\",\"@id\":\"https:\\\/\\\/maranhaotv.com.br\\\/#organization\",\"name\":\"Portal de Not\u00edcias\",\"url\":\"https:\\\/\\\/maranhaotv.com.br\\\/\",\"logo\":{\"@type\":\"ImageObject\",\"inLanguage\":\"pt-BR\",\"@id\":\"https:\\\/\\\/maranhaotv.com.br\\\/#\\\/schema\\\/logo\\\/image\\\/\",\"url\":\"https:\\\/\\\/maranhaotv.com.br\\\/wp-content\\\/uploads\\\/2024\\\/05\\\/cropped-cropped-avatar-1.png\",\"contentUrl\":\"https:\\\/\\\/maranhaotv.com.br\\\/wp-content\\\/uploads\\\/2024\\\/05\\\/cropped-cropped-avatar-1.png\",\"width\":792,\"height\":428,\"caption\":\"Portal de Not\u00edcias\"},\"image\":{\"@id\":\"https:\\\/\\\/maranhaotv.com.br\\\/#\\\/schema\\\/logo\\\/image\\\/\"},\"sameAs\":[\"https:\\\/\\\/www.facebook.com\\\/maiobaotv\",\"https:\\\/\\\/x.com\\\/sitemaranhaotv\",\"https:\\\/\\\/www.instagram.com\\\/maranhao.tv\",\"https:\\\/\\\/www.threads.net\\\/@maranhao.tv\"]},{\"@type\":\"Person\",\"@id\":\"https:\\\/\\\/maranhaotv.com.br\\\/#\\\/schema\\\/person\\\/3d54238e86b20bb5c89ab2fdb8f8829a\",\"name\":\"maranhaotv\",\"image\":{\"@type\":\"ImageObject\",\"inLanguage\":\"pt-BR\",\"@id\":\"https:\\\/\\\/secure.gravatar.com\\\/avatar\\\/8fadbca458d4cb68b1dd399ae9a40618d747bb1af65ac9fad21c89220a143eb4?s=96&d=mm&r=g\",\"url\":\"https:\\\/\\\/secure.gravatar.com\\\/avatar\\\/8fadbca458d4cb68b1dd399ae9a40618d747bb1af65ac9fad21c89220a143eb4?s=96&d=mm&r=g\",\"contentUrl\":\"https:\\\/\\\/secure.gravatar.com\\\/avatar\\\/8fadbca458d4cb68b1dd399ae9a40618d747bb1af65ac9fad21c89220a143eb4?s=96&d=mm&r=g\",\"caption\":\"maranhaotv\"},\"sameAs\":[\"https:\\\/\\\/maranhaotv.com.br\\\/\"],\"url\":\"https:\\\/\\\/maranhaotv.com.br\\\/index.php\\\/author\\\/maranhaotv\\\/\"}]}<\/script>\n<!-- \/ Yoast SEO plugin. -->","yoast_head_json":{"title":"Maura Jorge anuncia novas medidas para conter coronav\u00edrus em Lago da Pedra - NOT\u00cdCIAS EM TEMPO REAL","robots":{"index":"index","follow":"follow","max-snippet":"max-snippet:-1","max-image-preview":"max-image-preview:large","max-video-preview":"max-video-preview:-1"},"canonical":"https:\/\/maranhaotv.com.br\/index.php\/2021\/03\/16\/maura-jorge-anuncia-novas-medidas-para-conter-coronavirus-em-lago-da-pedra\/","og_locale":"pt_BR","og_type":"article","og_title":"Maura Jorge anuncia novas medidas para conter coronav\u00edrus em Lago da Pedra - NOT\u00cdCIAS EM TEMPO REAL","og_description":"Prefeita descarta lockdown e garantiu que adotar\u00e1 todas as medidas poss\u00edveis para conter o avan\u00e7o da doen\u00e7a no munic\u00edpio Para","og_url":"https:\/\/maranhaotv.com.br\/index.php\/2021\/03\/16\/maura-jorge-anuncia-novas-medidas-para-conter-coronavirus-em-lago-da-pedra\/","og_site_name":"NOT\u00cdCIAS EM TEMPO REAL","article_publisher":"https:\/\/www.facebook.com\/maiobaotv","article_published_time":"2021-03-16T16:27:43+00:00","author":"maranhaotv","twitter_card":"summary_large_image","twitter_creator":"@sitemaranhaotv","twitter_site":"@sitemaranhaotv","twitter_misc":{"Escrito por":"maranhaotv","Est. tempo de leitura":"2 minutos"},"schema":{"@context":"https:\/\/schema.org","@graph":[{"@type":"Article","@id":"https:\/\/maranhaotv.com.br\/index.php\/2021\/03\/16\/maura-jorge-anuncia-novas-medidas-para-conter-coronavirus-em-lago-da-pedra\/#article","isPartOf":{"@id":"https:\/\/maranhaotv.com.br\/index.php\/2021\/03\/16\/maura-jorge-anuncia-novas-medidas-para-conter-coronavirus-em-lago-da-pedra\/"},"author":{"name":"maranhaotv","@id":"https:\/\/maranhaotv.com.br\/#\/schema\/person\/3d54238e86b20bb5c89ab2fdb8f8829a"},"headline":"Maura Jorge anuncia novas medidas para conter coronav\u00edrus em Lago da Pedra","datePublished":"2021-03-16T16:27:43+00:00","mainEntityOfPage":{"@id":"https:\/\/maranhaotv.com.br\/index.php\/2021\/03\/16\/maura-jorge-anuncia-novas-medidas-para-conter-coronavirus-em-lago-da-pedra\/"},"wordCount":405,"commentCount":0,"publisher":{"@id":"https:\/\/maranhaotv.com.br\/#organization"},"image":{"@id":"https:\/\/maranhaotv.com.br\/index.php\/2021\/03\/16\/maura-jorge-anuncia-novas-medidas-para-conter-coronavirus-em-lago-da-pedra\/#primaryimage"},"thumbnailUrl":"","keywords":["Maura Jorge"],"articleSection":["not\u00edcias","pol\u00edtica"],"inLanguage":"pt-BR","potentialAction":[{"@type":"CommentAction","name":"Comment","target":["https:\/\/maranhaotv.com.br\/index.php\/2021\/03\/16\/maura-jorge-anuncia-novas-medidas-para-conter-coronavirus-em-lago-da-pedra\/#respond"]}]},{"@type":"WebPage","@id":"https:\/\/maranhaotv.com.br\/index.php\/2021\/03\/16\/maura-jorge-anuncia-novas-medidas-para-conter-coronavirus-em-lago-da-pedra\/","url":"https:\/\/maranhaotv.com.br\/index.php\/2021\/03\/16\/maura-jorge-anuncia-novas-medidas-para-conter-coronavirus-em-lago-da-pedra\/","name":"Maura Jorge anuncia novas medidas para conter coronav\u00edrus em Lago da Pedra - NOT\u00cdCIAS EM TEMPO REAL","isPartOf":{"@id":"https:\/\/maranhaotv.com.br\/#website"},"primaryImageOfPage":{"@id":"https:\/\/maranhaotv.com.br\/index.php\/2021\/03\/16\/maura-jorge-anuncia-novas-medidas-para-conter-coronavirus-em-lago-da-pedra\/#primaryimage"},"image":{"@id":"https:\/\/maranhaotv.com.br\/index.php\/2021\/03\/16\/maura-jorge-anuncia-novas-medidas-para-conter-coronavirus-em-lago-da-pedra\/#primaryimage"},"thumbnailUrl":"","datePublished":"2021-03-16T16:27:43+00:00","breadcrumb":{"@id":"https:\/\/maranhaotv.com.br\/index.php\/2021\/03\/16\/maura-jorge-anuncia-novas-medidas-para-conter-coronavirus-em-lago-da-pedra\/#breadcrumb"},"inLanguage":"pt-BR","potentialAction":[{"@type":"ReadAction","target":["https:\/\/maranhaotv.com.br\/index.php\/2021\/03\/16\/maura-jorge-anuncia-novas-medidas-para-conter-coronavirus-em-lago-da-pedra\/"]}]},{"@type":"ImageObject","inLanguage":"pt-BR","@id":"https:\/\/maranhaotv.com.br\/index.php\/2021\/03\/16\/maura-jorge-anuncia-novas-medidas-para-conter-coronavirus-em-lago-da-pedra\/#primaryimage","url":"","contentUrl":""},{"@type":"BreadcrumbList","@id":"https:\/\/maranhaotv.com.br\/index.php\/2021\/03\/16\/maura-jorge-anuncia-novas-medidas-para-conter-coronavirus-em-lago-da-pedra\/#breadcrumb","itemListElement":[{"@type":"ListItem","position":1,"name":"In\u00edcio","item":"https:\/\/maranhaotv.com.br\/"},{"@type":"ListItem","position":2,"name":"Maura Jorge anuncia novas medidas para conter coronav\u00edrus em Lago da Pedra"}]},{"@type":"WebSite","@id":"https:\/\/maranhaotv.com.br\/#website","url":"https:\/\/maranhaotv.com.br\/","name":"Maranh\u00e3oTV","description":"","publisher":{"@id":"https:\/\/maranhaotv.com.br\/#organization"},"potentialAction":[{"@type":"SearchAction","target":{"@type":"EntryPoint","urlTemplate":"https:\/\/maranhaotv.com.br\/?s={search_term_string}"},"query-input":{"@type":"PropertyValueSpecification","valueRequired":true,"valueName":"search_term_string"}}],"inLanguage":"pt-BR"},{"@type":"Organization","@id":"https:\/\/maranhaotv.com.br\/#organization","name":"Portal de Not\u00edcias","url":"https:\/\/maranhaotv.com.br\/","logo":{"@type":"ImageObject","inLanguage":"pt-BR","@id":"https:\/\/maranhaotv.com.br\/#\/schema\/logo\/image\/","url":"https:\/\/maranhaotv.com.br\/wp-content\/uploads\/2024\/05\/cropped-cropped-avatar-1.png","contentUrl":"https:\/\/maranhaotv.com.br\/wp-content\/uploads\/2024\/05\/cropped-cropped-avatar-1.png","width":792,"height":428,"caption":"Portal de Not\u00edcias"},"image":{"@id":"https:\/\/maranhaotv.com.br\/#\/schema\/logo\/image\/"},"sameAs":["https:\/\/www.facebook.com\/maiobaotv","https:\/\/x.com\/sitemaranhaotv","https:\/\/www.instagram.com\/maranhao.tv","https:\/\/www.threads.net\/@maranhao.tv"]},{"@type":"Person","@id":"https:\/\/maranhaotv.com.br\/#\/schema\/person\/3d54238e86b20bb5c89ab2fdb8f8829a","name":"maranhaotv","image":{"@type":"ImageObject","inLanguage":"pt-BR","@id":"https:\/\/secure.gravatar.com\/avatar\/8fadbca458d4cb68b1dd399ae9a40618d747bb1af65ac9fad21c89220a143eb4?s=96&d=mm&r=g","url":"https:\/\/secure.gravatar.com\/avatar\/8fadbca458d4cb68b1dd399ae9a40618d747bb1af65ac9fad21c89220a143eb4?s=96&d=mm&r=g","contentUrl":"https:\/\/secure.gravatar.com\/avatar\/8fadbca458d4cb68b1dd399ae9a40618d747bb1af65ac9fad21c89220a143eb4?s=96&d=mm&r=g","caption":"maranhaotv"},"sameAs":["https:\/\/maranhaotv.com.br\/"],"url":"https:\/\/maranhaotv.com.br\/index.php\/author\/maranhaotv\/"}]}},"jetpack_featured_media_url":"","jetpack_sharing_enabled":true,"_links":{"self":[{"href":"https:\/\/maranhaotv.com.br\/index.php\/wp-json\/wp\/v2\/posts\/19814","targetHints":{"allow":["GET"]}}],"collection":[{"href":"https:\/\/maranhaotv.com.br\/index.php\/wp-json\/wp\/v2\/posts"}],"about":[{"href":"https:\/\/maranhaotv.com.br\/index.php\/wp-json\/wp\/v2\/types\/post"}],"author":[{"embeddable":true,"href":"https:\/\/maranhaotv.com.br\/index.php\/wp-json\/wp\/v2\/users\/2"}],"replies":[{"embeddable":true,"href":"https:\/\/maranhaotv.com.br\/index.php\/wp-json\/wp\/v2\/comments?post=19814"}],"version-history":[{"count":0,"href":"https:\/\/maranhaotv.com.br\/index.php\/wp-json\/wp\/v2\/posts\/19814\/revisions"}],"wp:featuredmedia":[{"embeddable":true,"href":"https:\/\/maranhaotv.com.br\/index.php\/wp-json\/"}],"wp:attachment":[{"href":"https:\/\/maranhaotv.com.br\/index.php\/wp-json\/wp\/v2\/media?parent=19814"}],"wp:term":[{"taxonomy":"category","embeddable":true,"href":"https:\/\/maranhaotv.com.br\/index.php\/wp-json\/wp\/v2\/categories?post=19814"},{"taxonomy":"post_tag","embeddable":true,"href":"https:\/\/maranhaotv.com.br\/index.php\/wp-json\/wp\/v2\/tags?post=19814"}],"curies":[{"name":"wp","href":"https:\/\/api.w.org\/{rel}","templated":true}]}}