{"id":19826,"date":"2021-03-17T10:23:03","date_gmt":"2021-03-17T13:23:03","guid":{"rendered":"https:\/\/maranhaotv.com.br\/?p=19826"},"modified":"2021-03-17T10:23:03","modified_gmt":"2021-03-17T13:23:03","slug":"viana-sob-pessima-administracao-de-carrinho-cidreiraidreira-mortes-por-covid-sobem-58","status":"publish","type":"post","link":"https:\/\/maranhaotv.com.br\/index.php\/2021\/03\/17\/viana-sob-pessima-administracao-de-carrinho-cidreiraidreira-mortes-por-covid-sobem-58\/","title":{"rendered":"Sob p\u00e9ssima administra\u00e7\u00e3o de Carrinho Cidreira, mortes por Covid sobem 58% em Viana"},"content":{"rendered":"<p>Sob a p\u00e9ssima administra\u00e7\u00e3o do prefeito Carrinho Cidreira os casos de Coronav\u00edrus na cidade de Viana j\u00e1 chegam a 114 e \u00f3bitos 27.<\/p>\n<p>Em janeiro, assim que assumiu, os dados do Boletim Epidemiol\u00f3gico mostram quem haviam apenas 7 pessoas com o v\u00edrus. Ainda no fim de Dezembro os casos estavam zerados.<br \/>\nPor volta de setembro do ano passado foi inaugurado na cidade um Centro de Refer\u00eancia para Covid-19, com testagem, consultas e atendimento para s\u00edndromes gripais.<\/p>\n<p>Ao assumir, Carrinho, de forma irrespons\u00e1vel e quase criminosa, passou mais de 01 m\u00eas para colocar as Unidades B\u00e1sicas em funcionamento. E o referido Centro de Refer\u00eancia somente voltou \u00e0s suas atividades somente ao final de Fevereiro, deixando por quase dois meses as pessoas totalmente desassistidas.  Mesmo recebendo recursos regularmente, Carrinho fechou servi\u00e7os essenciais, sem justificar \u00e0 popula\u00e7\u00e3o porque o fez.<\/p>\n<p>Recentemente, o governador Fl\u00e1vio Dino, decretou que somente enviar\u00e1 aos munic\u00edpios, a vacina contra coronav\u00edrus, aqueles que comprovarem 70% da aplica\u00e7\u00e3o da mesma, o que para Viana t\u00e1 bem longe, porque Carrinho sequer apresentou um plano de vacina\u00e7\u00e3o municipal.<\/p>\n<p>E diante da inefici\u00eancia da gest\u00e3o do filhote de Josimar do Maranh\u00e3ozinho, os vianenses seguem sofrendo o descaso diante de uma Pandemia que assola o mundo.<\/p>\n<p><img loading=\"lazy\" decoding=\"async\" src=\"https:\/\/maranhaotv.com.br\/wp-content\/uploads\/2021\/03\/img_20210316_2146463662128826768604297.jpg\" class=\"wp-image-19825 alignnone size-full\" width=\"1080\" height=\"1690\"><\/p>\n<p>Boletim Epidemiol\u00f3gico datado em 19 de Janeiro<\/p>\n<p><img loading=\"lazy\" decoding=\"async\" src=\"https:\/\/maranhaotv.com.br\/wp-content\/uploads\/2021\/03\/img_20210316_2146238529547496227175598.jpg\" class=\"wp-image-19827 alignnone size-full\" width=\"1080\" height=\"1722\"><\/p>\n<p>Boletim Epidemiol\u00f3gico emitido na tarde de ontem, 16.<\/p>\n","protected":false},"excerpt":{"rendered":"<p>Sob a p\u00e9ssima administra\u00e7\u00e3o do prefeito Carrinho Cidreira os casos de Coronav\u00edrus na cidade de Viana j\u00e1 chegam a 114<\/p>\n","protected":false},"author":2,"featured_media":19831,"comment_status":"open","ping_status":"open","sticky":false,"template":"","format":"standard","meta":{"colormag_page_container_layout":"default_layout","colormag_page_sidebar_layout":"default_layout","_jetpack_memberships_contains_paid_content":false,"footnotes":""},"categories":[2],"tags":[],"class_list":["post-19826","post","type-post","status-publish","format-standard","has-post-thumbnail","hentry","category-noticias"],"magazineBlocksPostFeaturedMedia":{"thumbnail":false,"medium":false,"medium_large":false,"large":false,"1536x1536":false,"2048x2048":false,"colormag-highlighted-post":false,"colormag-featured-post-medium":false,"colormag-featured-post-small":false,"colormag-featured-image":false,"colormag-default-news":false,"colormag-featured-image-large":false},"magazineBlocksPostAuthor":{"name":"maranhaotv","avatar":"https:\/\/secure.gravatar.com\/avatar\/8fadbca458d4cb68b1dd399ae9a40618d747bb1af65ac9fad21c89220a143eb4?s=96&d=mm&r=g"},"magazineBlocksPostCommentsNumber":"0","magazineBlocksPostExcerpt":"Sob a p\u00e9ssima administra\u00e7\u00e3o do prefeito Carrinho Cidreira os casos de Coronav\u00edrus na cidade de Viana j\u00e1 chegam a 114","magazineBlocksPostCategories":["not\u00edcias"],"magazineBlocksPostViewCount":424,"magazineBlocksPostReadTime":2,"magazine_blocks_featured_image_url":{"full":false,"medium":false,"thumbnail":false},"magazine_blocks_author":{"display_name":"maranhaotv","author_link":"https:\/\/maranhaotv.com.br\/index.php\/author\/maranhaotv\/"},"magazine_blocks_comment":0,"magazine_blocks_author_image":"https:\/\/secure.gravatar.com\/avatar\/8fadbca458d4cb68b1dd399ae9a40618d747bb1af65ac9fad21c89220a143eb4?s=96&d=mm&r=g","magazine_blocks_category":"<a href=\"#\" class=\"category-link category-link-2\">not\u00edcias<\/a>","yoast_head":"<!-- This site is optimized with the Yoast SEO plugin v27.4 - https:\/\/yoast.com\/product\/yoast-seo-wordpress\/ -->\n<title>Sob p\u00e9ssima administra\u00e7\u00e3o de Carrinho Cidreira, mortes por Covid sobem 58% em Viana - NOT\u00cdCIAS EM TEMPO REAL<\/title>\n<meta name=\"robots\" content=\"index, follow, max-snippet:-1, max-image-preview:large, max-video-preview:-1\" \/>\n<link rel=\"canonical\" href=\"https:\/\/maranhaotv.com.br\/index.php\/2021\/03\/17\/viana-sob-pessima-administracao-de-carrinho-cidreiraidreira-mortes-por-covid-sobem-58\/\" \/>\n<meta property=\"og:locale\" content=\"pt_BR\" \/>\n<meta property=\"og:type\" content=\"article\" \/>\n<meta property=\"og:title\" content=\"Sob p\u00e9ssima administra\u00e7\u00e3o de Carrinho Cidreira, mortes por Covid sobem 58% em Viana - NOT\u00cdCIAS EM TEMPO REAL\" \/>\n<meta property=\"og:description\" content=\"Sob a p\u00e9ssima administra\u00e7\u00e3o do prefeito Carrinho Cidreira os casos de Coronav\u00edrus na cidade de Viana j\u00e1 chegam a 114\" \/>\n<meta property=\"og:url\" content=\"https:\/\/maranhaotv.com.br\/index.php\/2021\/03\/17\/viana-sob-pessima-administracao-de-carrinho-cidreiraidreira-mortes-por-covid-sobem-58\/\" \/>\n<meta property=\"og:site_name\" content=\"NOT\u00cdCIAS EM TEMPO REAL\" \/>\n<meta property=\"article:publisher\" content=\"https:\/\/www.facebook.com\/maiobaotv\" \/>\n<meta property=\"article:published_time\" content=\"2021-03-17T13:23:03+00:00\" \/>\n<meta name=\"author\" content=\"maranhaotv\" \/>\n<meta name=\"twitter:card\" content=\"summary_large_image\" \/>\n<meta name=\"twitter:creator\" content=\"@sitemaranhaotv\" \/>\n<meta name=\"twitter:site\" content=\"@sitemaranhaotv\" \/>\n<meta name=\"twitter:label1\" content=\"Escrito por\" \/>\n\t<meta name=\"twitter:data1\" content=\"maranhaotv\" \/>\n\t<meta name=\"twitter:label2\" content=\"Est. tempo de leitura\" \/>\n\t<meta name=\"twitter:data2\" content=\"1 minuto\" \/>\n<script type=\"application\/ld+json\" class=\"yoast-schema-graph\">{\"@context\":\"https:\\\/\\\/schema.org\",\"@graph\":[{\"@type\":\"Article\",\"@id\":\"https:\\\/\\\/maranhaotv.com.br\\\/index.php\\\/2021\\\/03\\\/17\\\/viana-sob-pessima-administracao-de-carrinho-cidreiraidreira-mortes-por-covid-sobem-58\\\/#article\",\"isPartOf\":{\"@id\":\"https:\\\/\\\/maranhaotv.com.br\\\/index.php\\\/2021\\\/03\\\/17\\\/viana-sob-pessima-administracao-de-carrinho-cidreiraidreira-mortes-por-covid-sobem-58\\\/\"},\"author\":{\"name\":\"maranhaotv\",\"@id\":\"https:\\\/\\\/maranhaotv.com.br\\\/#\\\/schema\\\/person\\\/3d54238e86b20bb5c89ab2fdb8f8829a\"},\"headline\":\"Sob p\u00e9ssima administra\u00e7\u00e3o de Carrinho Cidreira, mortes por Covid sobem 58% em Viana\",\"datePublished\":\"2021-03-17T13:23:03+00:00\",\"mainEntityOfPage\":{\"@id\":\"https:\\\/\\\/maranhaotv.com.br\\\/index.php\\\/2021\\\/03\\\/17\\\/viana-sob-pessima-administracao-de-carrinho-cidreiraidreira-mortes-por-covid-sobem-58\\\/\"},\"wordCount\":246,\"commentCount\":0,\"publisher\":{\"@id\":\"https:\\\/\\\/maranhaotv.com.br\\\/#organization\"},\"image\":{\"@id\":\"https:\\\/\\\/maranhaotv.com.br\\\/index.php\\\/2021\\\/03\\\/17\\\/viana-sob-pessima-administracao-de-carrinho-cidreiraidreira-mortes-por-covid-sobem-58\\\/#primaryimage\"},\"thumbnailUrl\":\"\",\"articleSection\":[\"not\u00edcias\"],\"inLanguage\":\"pt-BR\",\"potentialAction\":[{\"@type\":\"CommentAction\",\"name\":\"Comment\",\"target\":[\"https:\\\/\\\/maranhaotv.com.br\\\/index.php\\\/2021\\\/03\\\/17\\\/viana-sob-pessima-administracao-de-carrinho-cidreiraidreira-mortes-por-covid-sobem-58\\\/#respond\"]}]},{\"@type\":\"WebPage\",\"@id\":\"https:\\\/\\\/maranhaotv.com.br\\\/index.php\\\/2021\\\/03\\\/17\\\/viana-sob-pessima-administracao-de-carrinho-cidreiraidreira-mortes-por-covid-sobem-58\\\/\",\"url\":\"https:\\\/\\\/maranhaotv.com.br\\\/index.php\\\/2021\\\/03\\\/17\\\/viana-sob-pessima-administracao-de-carrinho-cidreiraidreira-mortes-por-covid-sobem-58\\\/\",\"name\":\"Sob p\u00e9ssima administra\u00e7\u00e3o de Carrinho Cidreira, mortes por Covid sobem 58% em Viana - NOT\u00cdCIAS EM TEMPO REAL\",\"isPartOf\":{\"@id\":\"https:\\\/\\\/maranhaotv.com.br\\\/#website\"},\"primaryImageOfPage\":{\"@id\":\"https:\\\/\\\/maranhaotv.com.br\\\/index.php\\\/2021\\\/03\\\/17\\\/viana-sob-pessima-administracao-de-carrinho-cidreiraidreira-mortes-por-covid-sobem-58\\\/#primaryimage\"},\"image\":{\"@id\":\"https:\\\/\\\/maranhaotv.com.br\\\/index.php\\\/2021\\\/03\\\/17\\\/viana-sob-pessima-administracao-de-carrinho-cidreiraidreira-mortes-por-covid-sobem-58\\\/#primaryimage\"},\"thumbnailUrl\":\"\",\"datePublished\":\"2021-03-17T13:23:03+00:00\",\"breadcrumb\":{\"@id\":\"https:\\\/\\\/maranhaotv.com.br\\\/index.php\\\/2021\\\/03\\\/17\\\/viana-sob-pessima-administracao-de-carrinho-cidreiraidreira-mortes-por-covid-sobem-58\\\/#breadcrumb\"},\"inLanguage\":\"pt-BR\",\"potentialAction\":[{\"@type\":\"ReadAction\",\"target\":[\"https:\\\/\\\/maranhaotv.com.br\\\/index.php\\\/2021\\\/03\\\/17\\\/viana-sob-pessima-administracao-de-carrinho-cidreiraidreira-mortes-por-covid-sobem-58\\\/\"]}]},{\"@type\":\"ImageObject\",\"inLanguage\":\"pt-BR\",\"@id\":\"https:\\\/\\\/maranhaotv.com.br\\\/index.php\\\/2021\\\/03\\\/17\\\/viana-sob-pessima-administracao-de-carrinho-cidreiraidreira-mortes-por-covid-sobem-58\\\/#primaryimage\",\"url\":\"\",\"contentUrl\":\"\"},{\"@type\":\"BreadcrumbList\",\"@id\":\"https:\\\/\\\/maranhaotv.com.br\\\/index.php\\\/2021\\\/03\\\/17\\\/viana-sob-pessima-administracao-de-carrinho-cidreiraidreira-mortes-por-covid-sobem-58\\\/#breadcrumb\",\"itemListElement\":[{\"@type\":\"ListItem\",\"position\":1,\"name\":\"In\u00edcio\",\"item\":\"https:\\\/\\\/maranhaotv.com.br\\\/\"},{\"@type\":\"ListItem\",\"position\":2,\"name\":\"Sob p\u00e9ssima administra\u00e7\u00e3o de Carrinho Cidreira, mortes por Covid sobem 58% em Viana\"}]},{\"@type\":\"WebSite\",\"@id\":\"https:\\\/\\\/maranhaotv.com.br\\\/#website\",\"url\":\"https:\\\/\\\/maranhaotv.com.br\\\/\",\"name\":\"Maranh\u00e3oTV\",\"description\":\"\",\"publisher\":{\"@id\":\"https:\\\/\\\/maranhaotv.com.br\\\/#organization\"},\"potentialAction\":[{\"@type\":\"SearchAction\",\"target\":{\"@type\":\"EntryPoint\",\"urlTemplate\":\"https:\\\/\\\/maranhaotv.com.br\\\/?s={search_term_string}\"},\"query-input\":{\"@type\":\"PropertyValueSpecification\",\"valueRequired\":true,\"valueName\":\"search_term_string\"}}],\"inLanguage\":\"pt-BR\"},{\"@type\":\"Organization\",\"@id\":\"https:\\\/\\\/maranhaotv.com.br\\\/#organization\",\"name\":\"Portal de Not\u00edcias\",\"url\":\"https:\\\/\\\/maranhaotv.com.br\\\/\",\"logo\":{\"@type\":\"ImageObject\",\"inLanguage\":\"pt-BR\",\"@id\":\"https:\\\/\\\/maranhaotv.com.br\\\/#\\\/schema\\\/logo\\\/image\\\/\",\"url\":\"https:\\\/\\\/maranhaotv.com.br\\\/wp-content\\\/uploads\\\/2024\\\/05\\\/cropped-cropped-avatar-1.png\",\"contentUrl\":\"https:\\\/\\\/maranhaotv.com.br\\\/wp-content\\\/uploads\\\/2024\\\/05\\\/cropped-cropped-avatar-1.png\",\"width\":792,\"height\":428,\"caption\":\"Portal de Not\u00edcias\"},\"image\":{\"@id\":\"https:\\\/\\\/maranhaotv.com.br\\\/#\\\/schema\\\/logo\\\/image\\\/\"},\"sameAs\":[\"https:\\\/\\\/www.facebook.com\\\/maiobaotv\",\"https:\\\/\\\/x.com\\\/sitemaranhaotv\",\"https:\\\/\\\/www.instagram.com\\\/maranhao.tv\",\"https:\\\/\\\/www.threads.net\\\/@maranhao.tv\"]},{\"@type\":\"Person\",\"@id\":\"https:\\\/\\\/maranhaotv.com.br\\\/#\\\/schema\\\/person\\\/3d54238e86b20bb5c89ab2fdb8f8829a\",\"name\":\"maranhaotv\",\"image\":{\"@type\":\"ImageObject\",\"inLanguage\":\"pt-BR\",\"@id\":\"https:\\\/\\\/secure.gravatar.com\\\/avatar\\\/8fadbca458d4cb68b1dd399ae9a40618d747bb1af65ac9fad21c89220a143eb4?s=96&d=mm&r=g\",\"url\":\"https:\\\/\\\/secure.gravatar.com\\\/avatar\\\/8fadbca458d4cb68b1dd399ae9a40618d747bb1af65ac9fad21c89220a143eb4?s=96&d=mm&r=g\",\"contentUrl\":\"https:\\\/\\\/secure.gravatar.com\\\/avatar\\\/8fadbca458d4cb68b1dd399ae9a40618d747bb1af65ac9fad21c89220a143eb4?s=96&d=mm&r=g\",\"caption\":\"maranhaotv\"},\"sameAs\":[\"https:\\\/\\\/maranhaotv.com.br\\\/\"],\"url\":\"https:\\\/\\\/maranhaotv.com.br\\\/index.php\\\/author\\\/maranhaotv\\\/\"}]}<\/script>\n<!-- \/ Yoast SEO plugin. -->","yoast_head_json":{"title":"Sob p\u00e9ssima administra\u00e7\u00e3o de Carrinho Cidreira, mortes por Covid sobem 58% em Viana - NOT\u00cdCIAS EM TEMPO REAL","robots":{"index":"index","follow":"follow","max-snippet":"max-snippet:-1","max-image-preview":"max-image-preview:large","max-video-preview":"max-video-preview:-1"},"canonical":"https:\/\/maranhaotv.com.br\/index.php\/2021\/03\/17\/viana-sob-pessima-administracao-de-carrinho-cidreiraidreira-mortes-por-covid-sobem-58\/","og_locale":"pt_BR","og_type":"article","og_title":"Sob p\u00e9ssima administra\u00e7\u00e3o de Carrinho Cidreira, mortes por Covid sobem 58% em Viana - NOT\u00cdCIAS EM TEMPO REAL","og_description":"Sob a p\u00e9ssima administra\u00e7\u00e3o do prefeito Carrinho Cidreira os casos de Coronav\u00edrus na cidade de Viana j\u00e1 chegam a 114","og_url":"https:\/\/maranhaotv.com.br\/index.php\/2021\/03\/17\/viana-sob-pessima-administracao-de-carrinho-cidreiraidreira-mortes-por-covid-sobem-58\/","og_site_name":"NOT\u00cdCIAS EM TEMPO REAL","article_publisher":"https:\/\/www.facebook.com\/maiobaotv","article_published_time":"2021-03-17T13:23:03+00:00","author":"maranhaotv","twitter_card":"summary_large_image","twitter_creator":"@sitemaranhaotv","twitter_site":"@sitemaranhaotv","twitter_misc":{"Escrito por":"maranhaotv","Est. tempo de leitura":"1 minuto"},"schema":{"@context":"https:\/\/schema.org","@graph":[{"@type":"Article","@id":"https:\/\/maranhaotv.com.br\/index.php\/2021\/03\/17\/viana-sob-pessima-administracao-de-carrinho-cidreiraidreira-mortes-por-covid-sobem-58\/#article","isPartOf":{"@id":"https:\/\/maranhaotv.com.br\/index.php\/2021\/03\/17\/viana-sob-pessima-administracao-de-carrinho-cidreiraidreira-mortes-por-covid-sobem-58\/"},"author":{"name":"maranhaotv","@id":"https:\/\/maranhaotv.com.br\/#\/schema\/person\/3d54238e86b20bb5c89ab2fdb8f8829a"},"headline":"Sob p\u00e9ssima administra\u00e7\u00e3o de Carrinho Cidreira, mortes por Covid sobem 58% em Viana","datePublished":"2021-03-17T13:23:03+00:00","mainEntityOfPage":{"@id":"https:\/\/maranhaotv.com.br\/index.php\/2021\/03\/17\/viana-sob-pessima-administracao-de-carrinho-cidreiraidreira-mortes-por-covid-sobem-58\/"},"wordCount":246,"commentCount":0,"publisher":{"@id":"https:\/\/maranhaotv.com.br\/#organization"},"image":{"@id":"https:\/\/maranhaotv.com.br\/index.php\/2021\/03\/17\/viana-sob-pessima-administracao-de-carrinho-cidreiraidreira-mortes-por-covid-sobem-58\/#primaryimage"},"thumbnailUrl":"","articleSection":["not\u00edcias"],"inLanguage":"pt-BR","potentialAction":[{"@type":"CommentAction","name":"Comment","target":["https:\/\/maranhaotv.com.br\/index.php\/2021\/03\/17\/viana-sob-pessima-administracao-de-carrinho-cidreiraidreira-mortes-por-covid-sobem-58\/#respond"]}]},{"@type":"WebPage","@id":"https:\/\/maranhaotv.com.br\/index.php\/2021\/03\/17\/viana-sob-pessima-administracao-de-carrinho-cidreiraidreira-mortes-por-covid-sobem-58\/","url":"https:\/\/maranhaotv.com.br\/index.php\/2021\/03\/17\/viana-sob-pessima-administracao-de-carrinho-cidreiraidreira-mortes-por-covid-sobem-58\/","name":"Sob p\u00e9ssima administra\u00e7\u00e3o de Carrinho Cidreira, mortes por Covid sobem 58% em Viana - NOT\u00cdCIAS EM TEMPO REAL","isPartOf":{"@id":"https:\/\/maranhaotv.com.br\/#website"},"primaryImageOfPage":{"@id":"https:\/\/maranhaotv.com.br\/index.php\/2021\/03\/17\/viana-sob-pessima-administracao-de-carrinho-cidreiraidreira-mortes-por-covid-sobem-58\/#primaryimage"},"image":{"@id":"https:\/\/maranhaotv.com.br\/index.php\/2021\/03\/17\/viana-sob-pessima-administracao-de-carrinho-cidreiraidreira-mortes-por-covid-sobem-58\/#primaryimage"},"thumbnailUrl":"","datePublished":"2021-03-17T13:23:03+00:00","breadcrumb":{"@id":"https:\/\/maranhaotv.com.br\/index.php\/2021\/03\/17\/viana-sob-pessima-administracao-de-carrinho-cidreiraidreira-mortes-por-covid-sobem-58\/#breadcrumb"},"inLanguage":"pt-BR","potentialAction":[{"@type":"ReadAction","target":["https:\/\/maranhaotv.com.br\/index.php\/2021\/03\/17\/viana-sob-pessima-administracao-de-carrinho-cidreiraidreira-mortes-por-covid-sobem-58\/"]}]},{"@type":"ImageObject","inLanguage":"pt-BR","@id":"https:\/\/maranhaotv.com.br\/index.php\/2021\/03\/17\/viana-sob-pessima-administracao-de-carrinho-cidreiraidreira-mortes-por-covid-sobem-58\/#primaryimage","url":"","contentUrl":""},{"@type":"BreadcrumbList","@id":"https:\/\/maranhaotv.com.br\/index.php\/2021\/03\/17\/viana-sob-pessima-administracao-de-carrinho-cidreiraidreira-mortes-por-covid-sobem-58\/#breadcrumb","itemListElement":[{"@type":"ListItem","position":1,"name":"In\u00edcio","item":"https:\/\/maranhaotv.com.br\/"},{"@type":"ListItem","position":2,"name":"Sob p\u00e9ssima administra\u00e7\u00e3o de Carrinho Cidreira, mortes por Covid sobem 58% em Viana"}]},{"@type":"WebSite","@id":"https:\/\/maranhaotv.com.br\/#website","url":"https:\/\/maranhaotv.com.br\/","name":"Maranh\u00e3oTV","description":"","publisher":{"@id":"https:\/\/maranhaotv.com.br\/#organization"},"potentialAction":[{"@type":"SearchAction","target":{"@type":"EntryPoint","urlTemplate":"https:\/\/maranhaotv.com.br\/?s={search_term_string}"},"query-input":{"@type":"PropertyValueSpecification","valueRequired":true,"valueName":"search_term_string"}}],"inLanguage":"pt-BR"},{"@type":"Organization","@id":"https:\/\/maranhaotv.com.br\/#organization","name":"Portal de Not\u00edcias","url":"https:\/\/maranhaotv.com.br\/","logo":{"@type":"ImageObject","inLanguage":"pt-BR","@id":"https:\/\/maranhaotv.com.br\/#\/schema\/logo\/image\/","url":"https:\/\/maranhaotv.com.br\/wp-content\/uploads\/2024\/05\/cropped-cropped-avatar-1.png","contentUrl":"https:\/\/maranhaotv.com.br\/wp-content\/uploads\/2024\/05\/cropped-cropped-avatar-1.png","width":792,"height":428,"caption":"Portal de Not\u00edcias"},"image":{"@id":"https:\/\/maranhaotv.com.br\/#\/schema\/logo\/image\/"},"sameAs":["https:\/\/www.facebook.com\/maiobaotv","https:\/\/x.com\/sitemaranhaotv","https:\/\/www.instagram.com\/maranhao.tv","https:\/\/www.threads.net\/@maranhao.tv"]},{"@type":"Person","@id":"https:\/\/maranhaotv.com.br\/#\/schema\/person\/3d54238e86b20bb5c89ab2fdb8f8829a","name":"maranhaotv","image":{"@type":"ImageObject","inLanguage":"pt-BR","@id":"https:\/\/secure.gravatar.com\/avatar\/8fadbca458d4cb68b1dd399ae9a40618d747bb1af65ac9fad21c89220a143eb4?s=96&d=mm&r=g","url":"https:\/\/secure.gravatar.com\/avatar\/8fadbca458d4cb68b1dd399ae9a40618d747bb1af65ac9fad21c89220a143eb4?s=96&d=mm&r=g","contentUrl":"https:\/\/secure.gravatar.com\/avatar\/8fadbca458d4cb68b1dd399ae9a40618d747bb1af65ac9fad21c89220a143eb4?s=96&d=mm&r=g","caption":"maranhaotv"},"sameAs":["https:\/\/maranhaotv.com.br\/"],"url":"https:\/\/maranhaotv.com.br\/index.php\/author\/maranhaotv\/"}]}},"jetpack_featured_media_url":"","jetpack_sharing_enabled":true,"_links":{"self":[{"href":"https:\/\/maranhaotv.com.br\/index.php\/wp-json\/wp\/v2\/posts\/19826","targetHints":{"allow":["GET"]}}],"collection":[{"href":"https:\/\/maranhaotv.com.br\/index.php\/wp-json\/wp\/v2\/posts"}],"about":[{"href":"https:\/\/maranhaotv.com.br\/index.php\/wp-json\/wp\/v2\/types\/post"}],"author":[{"embeddable":true,"href":"https:\/\/maranhaotv.com.br\/index.php\/wp-json\/wp\/v2\/users\/2"}],"replies":[{"embeddable":true,"href":"https:\/\/maranhaotv.com.br\/index.php\/wp-json\/wp\/v2\/comments?post=19826"}],"version-history":[{"count":0,"href":"https:\/\/maranhaotv.com.br\/index.php\/wp-json\/wp\/v2\/posts\/19826\/revisions"}],"wp:featuredmedia":[{"embeddable":true,"href":"https:\/\/maranhaotv.com.br\/index.php\/wp-json\/"}],"wp:attachment":[{"href":"https:\/\/maranhaotv.com.br\/index.php\/wp-json\/wp\/v2\/media?parent=19826"}],"wp:term":[{"taxonomy":"category","embeddable":true,"href":"https:\/\/maranhaotv.com.br\/index.php\/wp-json\/wp\/v2\/categories?post=19826"},{"taxonomy":"post_tag","embeddable":true,"href":"https:\/\/maranhaotv.com.br\/index.php\/wp-json\/wp\/v2\/tags?post=19826"}],"curies":[{"name":"wp","href":"https:\/\/api.w.org\/{rel}","templated":true}]}}