{"id":19838,"date":"2021-03-17T14:51:54","date_gmt":"2021-03-17T17:51:54","guid":{"rendered":"https:\/\/maranhaotv.com.br\/?p=19838"},"modified":"2021-03-17T14:51:54","modified_gmt":"2021-03-17T17:51:54","slug":"guardas-municipais-denunciam-condicoes-de-trabalho-precarias-em-paco-do-lumiar","status":"publish","type":"post","link":"https:\/\/maranhaotv.com.br\/index.php\/2021\/03\/17\/guardas-municipais-denunciam-condicoes-de-trabalho-precarias-em-paco-do-lumiar\/","title":{"rendered":"Guardas Municipais denunciam condi\u00e7\u00f5es de trabalho prec\u00e1rias em Pa\u00e7o do Lumiar"},"content":{"rendered":"<h5>Agentes trabalham sem viaturas, sem instala\u00e7\u00f5es, sem nenhum tipo de equipamentos e partes do fardamento os pr\u00f3prios agentes que tiveram que comprar.<\/h5>\n<p>Os guardas municipais que atuam no munic\u00edpio de Pa\u00e7o do Lumiar, na Regi\u00e3o Metropolitana de S\u00e3o Lu\u00eds, est\u00e3o trabalhando em condi\u00e7\u00f5es prec\u00e1rias. Segundo agentes, n\u00e3o existem equipamentos e sequer instala\u00e7\u00f5es para que os profissionais de seguran\u00e7a possam descansar ou ter algum apoio no local de trabalho.<\/p>\n<p>\u201c\u00c9 uma sensa\u00e7\u00e3o de tristeza, de impot\u00eancia, voc\u00ea quer dar o seu melhor e voc\u00ea n\u00e3o consegue porque voc\u00ea n\u00e3o tem suporte para oferecer um servi\u00e7o de excel\u00eancia. N\u00e3o temos nem equipamentos individuais imagina uma viatura, e eles est\u00e3o colocando a gente pra trabalhar todos os dias, sendo que nossa escala \u00e9 pra ser 12 por 36, praticamente estamos pagando para trabalhar&#8221;, denunciou um guarda municipal que n\u00e3o quis se identificar.<\/p>\n<p>Poucos guardas t\u00eam condi\u00e7\u00f5es de comprar o pr\u00f3prio uniforme e, em fun\u00e7\u00e3o disso, muitos t\u00eam trabalhado com a farda remendada ou rasgada. Segundo Vin\u00edcius, o fardamento n\u00e3o \u00e9 repassado pela prefeitura h\u00e1 tr\u00eas ou quatro anos.<\/p>\n<p>Um agente que n\u00e3o quis se identificar conta que est\u00e1 trabalhando de forma humilhante.<\/p>\n<p>\u201cA Prefeitura nos colocou pra trabalhar no viva, mas eles n\u00e3o nos deram as m\u00ednimas condi\u00e7\u00f5es de trabalho, recebemos mal uma farda para trabalhar, e outra n\u00e3o tem nem um posto de apoio para n\u00f3s, estamos nos virando do jeito que pode, agora me diz como \u00e9 que se faz seguran\u00e7a pro povo desse jeito que eles v\u00e3o, est\u00e3o a merc\u00ea de qualquer situa\u00e7\u00e3o, isso \u00e9 lament\u00e1vel&#8221;, lamentou o guarda municipal.<\/p>\n<p>O fato \u00e9 que a Guarda Muncipal foi institu\u00edda em Pa\u00e7o de forma desamparada, haja vista que n\u00e3o h\u00e1 nenhuma lei, ou projeto de lei na C\u00e2mara de Vereadores que trate sobre estatuto da Guarda Municipal na cidade. Em tempo, em nossa nova legislatura, existem dois profissionais da seguran\u00e7a p\u00fablica que tem toda a compet\u00eancia para elaborar um projeto de lei que contemplem a categoria.<\/p>\n<p>A equipe do Maranh\u00e3o TV tentou entrar em contato com titular da Secretaria de Mobilidade Urbana, P\u00e1dua Nazareno, para averiguar a situa\u00e7\u00e3o mas n\u00e3o obtivemos sucesso.<\/p>\n<p><img loading=\"lazy\" decoding=\"async\" src=\"https:\/\/maranhaotv.com.br\/wp-content\/uploads\/2021\/03\/img-20210317-wa03052019465403724653055.jpg\" class=\"wp-image-19837 alignnone size-full\" width=\"1280\" height=\"853\"><\/p>\n<p><img loading=\"lazy\" decoding=\"async\" src=\"https:\/\/maranhaotv.com.br\/wp-content\/uploads\/2021\/03\/img-20210317-wa03045118203995932911236.jpg\" class=\"wp-image-19839 alignnone size-full\" width=\"600\" height=\"400\"><\/p>\n","protected":false},"excerpt":{"rendered":"<p>Agentes trabalham sem viaturas, sem instala\u00e7\u00f5es, sem nenhum tipo de equipamentos e partes do fardamento os pr\u00f3prios agentes que tiveram<\/p>\n","protected":false},"author":2,"featured_media":19841,"comment_status":"open","ping_status":"open","sticky":false,"template":"","format":"standard","meta":{"colormag_page_container_layout":"default_layout","colormag_page_sidebar_layout":"default_layout","_jetpack_memberships_contains_paid_content":false,"footnotes":""},"categories":[23,2],"tags":[15,95,116],"class_list":["post-19838","post","type-post","status-publish","format-standard","has-post-thumbnail","hentry","category-denuncia","category-noticias","tag-paco-do-lumiar","tag-paula-azevedo","tag-paula-da-pindoba"],"magazineBlocksPostFeaturedMedia":{"thumbnail":false,"medium":false,"medium_large":false,"large":false,"1536x1536":false,"2048x2048":false,"colormag-highlighted-post":false,"colormag-featured-post-medium":false,"colormag-featured-post-small":false,"colormag-featured-image":false,"colormag-default-news":false,"colormag-featured-image-large":false},"magazineBlocksPostAuthor":{"name":"maranhaotv","avatar":"https:\/\/secure.gravatar.com\/avatar\/8fadbca458d4cb68b1dd399ae9a40618d747bb1af65ac9fad21c89220a143eb4?s=96&d=mm&r=g"},"magazineBlocksPostCommentsNumber":"0","magazineBlocksPostExcerpt":"Agentes trabalham sem viaturas, sem instala\u00e7\u00f5es, sem nenhum tipo de equipamentos e partes do fardamento os pr\u00f3prios agentes que tiveram","magazineBlocksPostCategories":["den\u00fancia","not\u00edcias"],"magazineBlocksPostViewCount":374,"magazineBlocksPostReadTime":2,"magazine_blocks_featured_image_url":{"full":false,"medium":false,"thumbnail":false},"magazine_blocks_author":{"display_name":"maranhaotv","author_link":"https:\/\/maranhaotv.com.br\/index.php\/author\/maranhaotv\/"},"magazine_blocks_comment":0,"magazine_blocks_author_image":"https:\/\/secure.gravatar.com\/avatar\/8fadbca458d4cb68b1dd399ae9a40618d747bb1af65ac9fad21c89220a143eb4?s=96&d=mm&r=g","magazine_blocks_category":"<a href=\"#\" class=\"category-link category-link-23\">den\u00fancia<\/a> <a href=\"#\" class=\"category-link category-link-2\">not\u00edcias<\/a>","yoast_head":"<!-- This site is optimized with the Yoast SEO plugin v27.4 - https:\/\/yoast.com\/product\/yoast-seo-wordpress\/ -->\n<title>Guardas Municipais denunciam condi\u00e7\u00f5es de trabalho prec\u00e1rias em Pa\u00e7o do Lumiar - NOT\u00cdCIAS EM TEMPO REAL<\/title>\n<meta name=\"robots\" content=\"index, follow, max-snippet:-1, max-image-preview:large, max-video-preview:-1\" \/>\n<link rel=\"canonical\" href=\"https:\/\/maranhaotv.com.br\/index.php\/2021\/03\/17\/guardas-municipais-denunciam-condicoes-de-trabalho-precarias-em-paco-do-lumiar\/\" \/>\n<meta property=\"og:locale\" content=\"pt_BR\" \/>\n<meta property=\"og:type\" content=\"article\" \/>\n<meta property=\"og:title\" content=\"Guardas Municipais denunciam condi\u00e7\u00f5es de trabalho prec\u00e1rias em Pa\u00e7o do Lumiar - NOT\u00cdCIAS EM TEMPO REAL\" \/>\n<meta property=\"og:description\" content=\"Agentes trabalham sem viaturas, sem instala\u00e7\u00f5es, sem nenhum tipo de equipamentos e partes do fardamento os pr\u00f3prios agentes que tiveram\" \/>\n<meta property=\"og:url\" content=\"https:\/\/maranhaotv.com.br\/index.php\/2021\/03\/17\/guardas-municipais-denunciam-condicoes-de-trabalho-precarias-em-paco-do-lumiar\/\" \/>\n<meta property=\"og:site_name\" content=\"NOT\u00cdCIAS EM TEMPO REAL\" \/>\n<meta property=\"article:publisher\" content=\"https:\/\/www.facebook.com\/maiobaotv\" \/>\n<meta property=\"article:published_time\" content=\"2021-03-17T17:51:54+00:00\" \/>\n<meta name=\"author\" content=\"maranhaotv\" \/>\n<meta name=\"twitter:card\" content=\"summary_large_image\" \/>\n<meta name=\"twitter:creator\" content=\"@sitemaranhaotv\" \/>\n<meta name=\"twitter:site\" content=\"@sitemaranhaotv\" \/>\n<meta name=\"twitter:label1\" content=\"Escrito por\" \/>\n\t<meta name=\"twitter:data1\" content=\"maranhaotv\" \/>\n\t<meta name=\"twitter:label2\" content=\"Est. tempo de leitura\" \/>\n\t<meta name=\"twitter:data2\" content=\"2 minutos\" \/>\n<script type=\"application\/ld+json\" class=\"yoast-schema-graph\">{\"@context\":\"https:\\\/\\\/schema.org\",\"@graph\":[{\"@type\":\"Article\",\"@id\":\"https:\\\/\\\/maranhaotv.com.br\\\/index.php\\\/2021\\\/03\\\/17\\\/guardas-municipais-denunciam-condicoes-de-trabalho-precarias-em-paco-do-lumiar\\\/#article\",\"isPartOf\":{\"@id\":\"https:\\\/\\\/maranhaotv.com.br\\\/index.php\\\/2021\\\/03\\\/17\\\/guardas-municipais-denunciam-condicoes-de-trabalho-precarias-em-paco-do-lumiar\\\/\"},\"author\":{\"name\":\"maranhaotv\",\"@id\":\"https:\\\/\\\/maranhaotv.com.br\\\/#\\\/schema\\\/person\\\/3d54238e86b20bb5c89ab2fdb8f8829a\"},\"headline\":\"Guardas Municipais denunciam condi\u00e7\u00f5es de trabalho prec\u00e1rias em Pa\u00e7o do Lumiar\",\"datePublished\":\"2021-03-17T17:51:54+00:00\",\"mainEntityOfPage\":{\"@id\":\"https:\\\/\\\/maranhaotv.com.br\\\/index.php\\\/2021\\\/03\\\/17\\\/guardas-municipais-denunciam-condicoes-de-trabalho-precarias-em-paco-do-lumiar\\\/\"},\"wordCount\":409,\"commentCount\":0,\"publisher\":{\"@id\":\"https:\\\/\\\/maranhaotv.com.br\\\/#organization\"},\"image\":{\"@id\":\"https:\\\/\\\/maranhaotv.com.br\\\/index.php\\\/2021\\\/03\\\/17\\\/guardas-municipais-denunciam-condicoes-de-trabalho-precarias-em-paco-do-lumiar\\\/#primaryimage\"},\"thumbnailUrl\":\"\",\"keywords\":[\"Pa\u00e7o do Lumiar\",\"Paula Azevedo\",\"Paula da Pindoba\"],\"articleSection\":[\"den\u00fancia\",\"not\u00edcias\"],\"inLanguage\":\"pt-BR\",\"potentialAction\":[{\"@type\":\"CommentAction\",\"name\":\"Comment\",\"target\":[\"https:\\\/\\\/maranhaotv.com.br\\\/index.php\\\/2021\\\/03\\\/17\\\/guardas-municipais-denunciam-condicoes-de-trabalho-precarias-em-paco-do-lumiar\\\/#respond\"]}]},{\"@type\":\"WebPage\",\"@id\":\"https:\\\/\\\/maranhaotv.com.br\\\/index.php\\\/2021\\\/03\\\/17\\\/guardas-municipais-denunciam-condicoes-de-trabalho-precarias-em-paco-do-lumiar\\\/\",\"url\":\"https:\\\/\\\/maranhaotv.com.br\\\/index.php\\\/2021\\\/03\\\/17\\\/guardas-municipais-denunciam-condicoes-de-trabalho-precarias-em-paco-do-lumiar\\\/\",\"name\":\"Guardas Municipais denunciam condi\u00e7\u00f5es de trabalho prec\u00e1rias em Pa\u00e7o do Lumiar - NOT\u00cdCIAS EM TEMPO REAL\",\"isPartOf\":{\"@id\":\"https:\\\/\\\/maranhaotv.com.br\\\/#website\"},\"primaryImageOfPage\":{\"@id\":\"https:\\\/\\\/maranhaotv.com.br\\\/index.php\\\/2021\\\/03\\\/17\\\/guardas-municipais-denunciam-condicoes-de-trabalho-precarias-em-paco-do-lumiar\\\/#primaryimage\"},\"image\":{\"@id\":\"https:\\\/\\\/maranhaotv.com.br\\\/index.php\\\/2021\\\/03\\\/17\\\/guardas-municipais-denunciam-condicoes-de-trabalho-precarias-em-paco-do-lumiar\\\/#primaryimage\"},\"thumbnailUrl\":\"\",\"datePublished\":\"2021-03-17T17:51:54+00:00\",\"breadcrumb\":{\"@id\":\"https:\\\/\\\/maranhaotv.com.br\\\/index.php\\\/2021\\\/03\\\/17\\\/guardas-municipais-denunciam-condicoes-de-trabalho-precarias-em-paco-do-lumiar\\\/#breadcrumb\"},\"inLanguage\":\"pt-BR\",\"potentialAction\":[{\"@type\":\"ReadAction\",\"target\":[\"https:\\\/\\\/maranhaotv.com.br\\\/index.php\\\/2021\\\/03\\\/17\\\/guardas-municipais-denunciam-condicoes-de-trabalho-precarias-em-paco-do-lumiar\\\/\"]}]},{\"@type\":\"ImageObject\",\"inLanguage\":\"pt-BR\",\"@id\":\"https:\\\/\\\/maranhaotv.com.br\\\/index.php\\\/2021\\\/03\\\/17\\\/guardas-municipais-denunciam-condicoes-de-trabalho-precarias-em-paco-do-lumiar\\\/#primaryimage\",\"url\":\"\",\"contentUrl\":\"\"},{\"@type\":\"BreadcrumbList\",\"@id\":\"https:\\\/\\\/maranhaotv.com.br\\\/index.php\\\/2021\\\/03\\\/17\\\/guardas-municipais-denunciam-condicoes-de-trabalho-precarias-em-paco-do-lumiar\\\/#breadcrumb\",\"itemListElement\":[{\"@type\":\"ListItem\",\"position\":1,\"name\":\"In\u00edcio\",\"item\":\"https:\\\/\\\/maranhaotv.com.br\\\/\"},{\"@type\":\"ListItem\",\"position\":2,\"name\":\"Guardas Municipais denunciam condi\u00e7\u00f5es de trabalho prec\u00e1rias em Pa\u00e7o do Lumiar\"}]},{\"@type\":\"WebSite\",\"@id\":\"https:\\\/\\\/maranhaotv.com.br\\\/#website\",\"url\":\"https:\\\/\\\/maranhaotv.com.br\\\/\",\"name\":\"Maranh\u00e3oTV\",\"description\":\"\",\"publisher\":{\"@id\":\"https:\\\/\\\/maranhaotv.com.br\\\/#organization\"},\"potentialAction\":[{\"@type\":\"SearchAction\",\"target\":{\"@type\":\"EntryPoint\",\"urlTemplate\":\"https:\\\/\\\/maranhaotv.com.br\\\/?s={search_term_string}\"},\"query-input\":{\"@type\":\"PropertyValueSpecification\",\"valueRequired\":true,\"valueName\":\"search_term_string\"}}],\"inLanguage\":\"pt-BR\"},{\"@type\":\"Organization\",\"@id\":\"https:\\\/\\\/maranhaotv.com.br\\\/#organization\",\"name\":\"Portal de Not\u00edcias\",\"url\":\"https:\\\/\\\/maranhaotv.com.br\\\/\",\"logo\":{\"@type\":\"ImageObject\",\"inLanguage\":\"pt-BR\",\"@id\":\"https:\\\/\\\/maranhaotv.com.br\\\/#\\\/schema\\\/logo\\\/image\\\/\",\"url\":\"https:\\\/\\\/maranhaotv.com.br\\\/wp-content\\\/uploads\\\/2024\\\/05\\\/cropped-cropped-avatar-1.png\",\"contentUrl\":\"https:\\\/\\\/maranhaotv.com.br\\\/wp-content\\\/uploads\\\/2024\\\/05\\\/cropped-cropped-avatar-1.png\",\"width\":792,\"height\":428,\"caption\":\"Portal de Not\u00edcias\"},\"image\":{\"@id\":\"https:\\\/\\\/maranhaotv.com.br\\\/#\\\/schema\\\/logo\\\/image\\\/\"},\"sameAs\":[\"https:\\\/\\\/www.facebook.com\\\/maiobaotv\",\"https:\\\/\\\/x.com\\\/sitemaranhaotv\",\"https:\\\/\\\/www.instagram.com\\\/maranhao.tv\",\"https:\\\/\\\/www.threads.net\\\/@maranhao.tv\"]},{\"@type\":\"Person\",\"@id\":\"https:\\\/\\\/maranhaotv.com.br\\\/#\\\/schema\\\/person\\\/3d54238e86b20bb5c89ab2fdb8f8829a\",\"name\":\"maranhaotv\",\"image\":{\"@type\":\"ImageObject\",\"inLanguage\":\"pt-BR\",\"@id\":\"https:\\\/\\\/secure.gravatar.com\\\/avatar\\\/8fadbca458d4cb68b1dd399ae9a40618d747bb1af65ac9fad21c89220a143eb4?s=96&d=mm&r=g\",\"url\":\"https:\\\/\\\/secure.gravatar.com\\\/avatar\\\/8fadbca458d4cb68b1dd399ae9a40618d747bb1af65ac9fad21c89220a143eb4?s=96&d=mm&r=g\",\"contentUrl\":\"https:\\\/\\\/secure.gravatar.com\\\/avatar\\\/8fadbca458d4cb68b1dd399ae9a40618d747bb1af65ac9fad21c89220a143eb4?s=96&d=mm&r=g\",\"caption\":\"maranhaotv\"},\"sameAs\":[\"https:\\\/\\\/maranhaotv.com.br\\\/\"],\"url\":\"https:\\\/\\\/maranhaotv.com.br\\\/index.php\\\/author\\\/maranhaotv\\\/\"}]}<\/script>\n<!-- \/ Yoast SEO plugin. -->","yoast_head_json":{"title":"Guardas Municipais denunciam condi\u00e7\u00f5es de trabalho prec\u00e1rias em Pa\u00e7o do Lumiar - NOT\u00cdCIAS EM TEMPO REAL","robots":{"index":"index","follow":"follow","max-snippet":"max-snippet:-1","max-image-preview":"max-image-preview:large","max-video-preview":"max-video-preview:-1"},"canonical":"https:\/\/maranhaotv.com.br\/index.php\/2021\/03\/17\/guardas-municipais-denunciam-condicoes-de-trabalho-precarias-em-paco-do-lumiar\/","og_locale":"pt_BR","og_type":"article","og_title":"Guardas Municipais denunciam condi\u00e7\u00f5es de trabalho prec\u00e1rias em Pa\u00e7o do Lumiar - NOT\u00cdCIAS EM TEMPO REAL","og_description":"Agentes trabalham sem viaturas, sem instala\u00e7\u00f5es, sem nenhum tipo de equipamentos e partes do fardamento os pr\u00f3prios agentes que tiveram","og_url":"https:\/\/maranhaotv.com.br\/index.php\/2021\/03\/17\/guardas-municipais-denunciam-condicoes-de-trabalho-precarias-em-paco-do-lumiar\/","og_site_name":"NOT\u00cdCIAS EM TEMPO REAL","article_publisher":"https:\/\/www.facebook.com\/maiobaotv","article_published_time":"2021-03-17T17:51:54+00:00","author":"maranhaotv","twitter_card":"summary_large_image","twitter_creator":"@sitemaranhaotv","twitter_site":"@sitemaranhaotv","twitter_misc":{"Escrito por":"maranhaotv","Est. tempo de leitura":"2 minutos"},"schema":{"@context":"https:\/\/schema.org","@graph":[{"@type":"Article","@id":"https:\/\/maranhaotv.com.br\/index.php\/2021\/03\/17\/guardas-municipais-denunciam-condicoes-de-trabalho-precarias-em-paco-do-lumiar\/#article","isPartOf":{"@id":"https:\/\/maranhaotv.com.br\/index.php\/2021\/03\/17\/guardas-municipais-denunciam-condicoes-de-trabalho-precarias-em-paco-do-lumiar\/"},"author":{"name":"maranhaotv","@id":"https:\/\/maranhaotv.com.br\/#\/schema\/person\/3d54238e86b20bb5c89ab2fdb8f8829a"},"headline":"Guardas Municipais denunciam condi\u00e7\u00f5es de trabalho prec\u00e1rias em Pa\u00e7o do Lumiar","datePublished":"2021-03-17T17:51:54+00:00","mainEntityOfPage":{"@id":"https:\/\/maranhaotv.com.br\/index.php\/2021\/03\/17\/guardas-municipais-denunciam-condicoes-de-trabalho-precarias-em-paco-do-lumiar\/"},"wordCount":409,"commentCount":0,"publisher":{"@id":"https:\/\/maranhaotv.com.br\/#organization"},"image":{"@id":"https:\/\/maranhaotv.com.br\/index.php\/2021\/03\/17\/guardas-municipais-denunciam-condicoes-de-trabalho-precarias-em-paco-do-lumiar\/#primaryimage"},"thumbnailUrl":"","keywords":["Pa\u00e7o do Lumiar","Paula Azevedo","Paula da Pindoba"],"articleSection":["den\u00fancia","not\u00edcias"],"inLanguage":"pt-BR","potentialAction":[{"@type":"CommentAction","name":"Comment","target":["https:\/\/maranhaotv.com.br\/index.php\/2021\/03\/17\/guardas-municipais-denunciam-condicoes-de-trabalho-precarias-em-paco-do-lumiar\/#respond"]}]},{"@type":"WebPage","@id":"https:\/\/maranhaotv.com.br\/index.php\/2021\/03\/17\/guardas-municipais-denunciam-condicoes-de-trabalho-precarias-em-paco-do-lumiar\/","url":"https:\/\/maranhaotv.com.br\/index.php\/2021\/03\/17\/guardas-municipais-denunciam-condicoes-de-trabalho-precarias-em-paco-do-lumiar\/","name":"Guardas Municipais denunciam condi\u00e7\u00f5es de trabalho prec\u00e1rias em Pa\u00e7o do Lumiar - NOT\u00cdCIAS EM TEMPO REAL","isPartOf":{"@id":"https:\/\/maranhaotv.com.br\/#website"},"primaryImageOfPage":{"@id":"https:\/\/maranhaotv.com.br\/index.php\/2021\/03\/17\/guardas-municipais-denunciam-condicoes-de-trabalho-precarias-em-paco-do-lumiar\/#primaryimage"},"image":{"@id":"https:\/\/maranhaotv.com.br\/index.php\/2021\/03\/17\/guardas-municipais-denunciam-condicoes-de-trabalho-precarias-em-paco-do-lumiar\/#primaryimage"},"thumbnailUrl":"","datePublished":"2021-03-17T17:51:54+00:00","breadcrumb":{"@id":"https:\/\/maranhaotv.com.br\/index.php\/2021\/03\/17\/guardas-municipais-denunciam-condicoes-de-trabalho-precarias-em-paco-do-lumiar\/#breadcrumb"},"inLanguage":"pt-BR","potentialAction":[{"@type":"ReadAction","target":["https:\/\/maranhaotv.com.br\/index.php\/2021\/03\/17\/guardas-municipais-denunciam-condicoes-de-trabalho-precarias-em-paco-do-lumiar\/"]}]},{"@type":"ImageObject","inLanguage":"pt-BR","@id":"https:\/\/maranhaotv.com.br\/index.php\/2021\/03\/17\/guardas-municipais-denunciam-condicoes-de-trabalho-precarias-em-paco-do-lumiar\/#primaryimage","url":"","contentUrl":""},{"@type":"BreadcrumbList","@id":"https:\/\/maranhaotv.com.br\/index.php\/2021\/03\/17\/guardas-municipais-denunciam-condicoes-de-trabalho-precarias-em-paco-do-lumiar\/#breadcrumb","itemListElement":[{"@type":"ListItem","position":1,"name":"In\u00edcio","item":"https:\/\/maranhaotv.com.br\/"},{"@type":"ListItem","position":2,"name":"Guardas Municipais denunciam condi\u00e7\u00f5es de trabalho prec\u00e1rias em Pa\u00e7o do Lumiar"}]},{"@type":"WebSite","@id":"https:\/\/maranhaotv.com.br\/#website","url":"https:\/\/maranhaotv.com.br\/","name":"Maranh\u00e3oTV","description":"","publisher":{"@id":"https:\/\/maranhaotv.com.br\/#organization"},"potentialAction":[{"@type":"SearchAction","target":{"@type":"EntryPoint","urlTemplate":"https:\/\/maranhaotv.com.br\/?s={search_term_string}"},"query-input":{"@type":"PropertyValueSpecification","valueRequired":true,"valueName":"search_term_string"}}],"inLanguage":"pt-BR"},{"@type":"Organization","@id":"https:\/\/maranhaotv.com.br\/#organization","name":"Portal de Not\u00edcias","url":"https:\/\/maranhaotv.com.br\/","logo":{"@type":"ImageObject","inLanguage":"pt-BR","@id":"https:\/\/maranhaotv.com.br\/#\/schema\/logo\/image\/","url":"https:\/\/maranhaotv.com.br\/wp-content\/uploads\/2024\/05\/cropped-cropped-avatar-1.png","contentUrl":"https:\/\/maranhaotv.com.br\/wp-content\/uploads\/2024\/05\/cropped-cropped-avatar-1.png","width":792,"height":428,"caption":"Portal de Not\u00edcias"},"image":{"@id":"https:\/\/maranhaotv.com.br\/#\/schema\/logo\/image\/"},"sameAs":["https:\/\/www.facebook.com\/maiobaotv","https:\/\/x.com\/sitemaranhaotv","https:\/\/www.instagram.com\/maranhao.tv","https:\/\/www.threads.net\/@maranhao.tv"]},{"@type":"Person","@id":"https:\/\/maranhaotv.com.br\/#\/schema\/person\/3d54238e86b20bb5c89ab2fdb8f8829a","name":"maranhaotv","image":{"@type":"ImageObject","inLanguage":"pt-BR","@id":"https:\/\/secure.gravatar.com\/avatar\/8fadbca458d4cb68b1dd399ae9a40618d747bb1af65ac9fad21c89220a143eb4?s=96&d=mm&r=g","url":"https:\/\/secure.gravatar.com\/avatar\/8fadbca458d4cb68b1dd399ae9a40618d747bb1af65ac9fad21c89220a143eb4?s=96&d=mm&r=g","contentUrl":"https:\/\/secure.gravatar.com\/avatar\/8fadbca458d4cb68b1dd399ae9a40618d747bb1af65ac9fad21c89220a143eb4?s=96&d=mm&r=g","caption":"maranhaotv"},"sameAs":["https:\/\/maranhaotv.com.br\/"],"url":"https:\/\/maranhaotv.com.br\/index.php\/author\/maranhaotv\/"}]}},"jetpack_featured_media_url":"","jetpack_sharing_enabled":true,"_links":{"self":[{"href":"https:\/\/maranhaotv.com.br\/index.php\/wp-json\/wp\/v2\/posts\/19838","targetHints":{"allow":["GET"]}}],"collection":[{"href":"https:\/\/maranhaotv.com.br\/index.php\/wp-json\/wp\/v2\/posts"}],"about":[{"href":"https:\/\/maranhaotv.com.br\/index.php\/wp-json\/wp\/v2\/types\/post"}],"author":[{"embeddable":true,"href":"https:\/\/maranhaotv.com.br\/index.php\/wp-json\/wp\/v2\/users\/2"}],"replies":[{"embeddable":true,"href":"https:\/\/maranhaotv.com.br\/index.php\/wp-json\/wp\/v2\/comments?post=19838"}],"version-history":[{"count":0,"href":"https:\/\/maranhaotv.com.br\/index.php\/wp-json\/wp\/v2\/posts\/19838\/revisions"}],"wp:featuredmedia":[{"embeddable":true,"href":"https:\/\/maranhaotv.com.br\/index.php\/wp-json\/"}],"wp:attachment":[{"href":"https:\/\/maranhaotv.com.br\/index.php\/wp-json\/wp\/v2\/media?parent=19838"}],"wp:term":[{"taxonomy":"category","embeddable":true,"href":"https:\/\/maranhaotv.com.br\/index.php\/wp-json\/wp\/v2\/categories?post=19838"},{"taxonomy":"post_tag","embeddable":true,"href":"https:\/\/maranhaotv.com.br\/index.php\/wp-json\/wp\/v2\/tags?post=19838"}],"curies":[{"name":"wp","href":"https:\/\/api.w.org\/{rel}","templated":true}]}}