{"id":19866,"date":"2021-03-18T10:52:45","date_gmt":"2021-03-18T13:52:45","guid":{"rendered":"https:\/\/maranhaotv.com.br\/?p=19866"},"modified":"2021-03-18T10:52:45","modified_gmt":"2021-03-18T13:52:45","slug":"glalbert-cutrim-propoe-isencao-de-icms-e-parcelamento-de-contas-de-energia-e-agua-para-os-ramos-de-entretenimento-bares-e-restaurantes","status":"publish","type":"post","link":"https:\/\/maranhaotv.com.br\/index.php\/2021\/03\/18\/glalbert-cutrim-propoe-isencao-de-icms-e-parcelamento-de-contas-de-energia-e-agua-para-os-ramos-de-entretenimento-bares-e-restaurantes\/","title":{"rendered":"Glalbert Cutrim prop\u00f5e isen\u00e7\u00e3o de ICMS e parcelamento de contas de energia e \u00e1gua para os ramos de entretenimento, bares e restaurantes"},"content":{"rendered":"<p>O vice-presidente da Assembleia Legislativa, deputado Glalbert Cutrim (PDT), protocolou requerimento encaminhando ao Governador Fl\u00e1vio Dino, propostas para reduzir os preju\u00edzos que a pandemia tem causado ao setor de entretenimento, bares e restaurante.<\/p>\n<p>De acordo com a proposta de Glalbert, as empresas enquadradas nestes ramos, teriam, por tr\u00eas meses, isen\u00e7\u00e3o total do ICMS- Imposto Sobre Circula\u00e7\u00e3o de Servi\u00e7os e Mercadorias , al\u00e9m do direito ao parcelamento nas contas de energia el\u00e9trica e \u00e1gua.<\/p>\n<p>Durante toda a pandemia, esses setores foram os mais atingidos e acumularam os maiores preju\u00edzos.<\/p>\n<p>\u201cEssa proposta visa colaborar com outras medidas j\u00e1 adotadas pelo Governador Fl\u00e1vio Dino, tamb\u00e9m com objetivo de minimizar os impactos ao setor, a exemplo do aux\u00edlio emergencial para Bares e Restaurantes, criado para ajudar o setor durante o fechamento presencial desta semana. Tenho certeza absoluta que a isen\u00e7\u00e3o do ICMS e o parcelamento das contas de energia el\u00e9trica e de \u00e1gua ser\u00e3o bem recebidos pelo setor, que neste momento, diante do novo crescimento de casos de Covid19, principalmente na regi\u00e3o metropolitana, precisa de a\u00e7\u00f5es que garantam a sobreviv\u00eancia e manuten\u00e7\u00e3o de empregos,\u201d destacou o deputado.<\/p>\n<p>A proposi\u00e7\u00e3o do deputado tramita na Assembleia Legislativa e deve ser encaminhada ao Governo do Estado.<\/p>\n","protected":false},"excerpt":{"rendered":"<p>O vice-presidente da Assembleia Legislativa, deputado Glalbert Cutrim (PDT), protocolou requerimento encaminhando ao Governador Fl\u00e1vio Dino, propostas para reduzir os<\/p>\n","protected":false},"author":2,"featured_media":19865,"comment_status":"open","ping_status":"open","sticky":false,"template":"","format":"standard","meta":{"colormag_page_container_layout":"default_layout","colormag_page_sidebar_layout":"default_layout","_jetpack_memberships_contains_paid_content":false,"footnotes":""},"categories":[2],"tags":[],"class_list":["post-19866","post","type-post","status-publish","format-standard","has-post-thumbnail","hentry","category-noticias"],"magazineBlocksPostFeaturedMedia":{"thumbnail":false,"medium":false,"medium_large":false,"large":false,"1536x1536":false,"2048x2048":false,"colormag-highlighted-post":false,"colormag-featured-post-medium":false,"colormag-featured-post-small":false,"colormag-featured-image":false,"colormag-default-news":false,"colormag-featured-image-large":false},"magazineBlocksPostAuthor":{"name":"maranhaotv","avatar":"https:\/\/secure.gravatar.com\/avatar\/8fadbca458d4cb68b1dd399ae9a40618d747bb1af65ac9fad21c89220a143eb4?s=96&d=mm&r=g"},"magazineBlocksPostCommentsNumber":"0","magazineBlocksPostExcerpt":"O vice-presidente da Assembleia Legislativa, deputado Glalbert Cutrim (PDT), protocolou requerimento encaminhando ao Governador Fl\u00e1vio Dino, propostas para reduzir os","magazineBlocksPostCategories":["not\u00edcias"],"magazineBlocksPostViewCount":160,"magazineBlocksPostReadTime":2,"magazine_blocks_featured_image_url":{"full":false,"medium":false,"thumbnail":false},"magazine_blocks_author":{"display_name":"maranhaotv","author_link":"https:\/\/maranhaotv.com.br\/index.php\/author\/maranhaotv\/"},"magazine_blocks_comment":0,"magazine_blocks_author_image":"https:\/\/secure.gravatar.com\/avatar\/8fadbca458d4cb68b1dd399ae9a40618d747bb1af65ac9fad21c89220a143eb4?s=96&d=mm&r=g","magazine_blocks_category":"<a href=\"#\" class=\"category-link category-link-2\">not\u00edcias<\/a>","yoast_head":"<!-- This site is optimized with the Yoast SEO plugin v27.4 - https:\/\/yoast.com\/product\/yoast-seo-wordpress\/ -->\n<title>Glalbert Cutrim prop\u00f5e isen\u00e7\u00e3o de ICMS e parcelamento de contas de energia e \u00e1gua para os ramos de entretenimento, bares e restaurantes - NOT\u00cdCIAS EM TEMPO REAL<\/title>\n<meta name=\"robots\" content=\"index, follow, max-snippet:-1, max-image-preview:large, max-video-preview:-1\" \/>\n<link rel=\"canonical\" href=\"https:\/\/maranhaotv.com.br\/index.php\/2021\/03\/18\/glalbert-cutrim-propoe-isencao-de-icms-e-parcelamento-de-contas-de-energia-e-agua-para-os-ramos-de-entretenimento-bares-e-restaurantes\/\" \/>\n<meta property=\"og:locale\" content=\"pt_BR\" \/>\n<meta property=\"og:type\" content=\"article\" \/>\n<meta property=\"og:title\" content=\"Glalbert Cutrim prop\u00f5e isen\u00e7\u00e3o de ICMS e parcelamento de contas de energia e \u00e1gua para os ramos de entretenimento, bares e restaurantes - NOT\u00cdCIAS EM TEMPO REAL\" \/>\n<meta property=\"og:description\" content=\"O vice-presidente da Assembleia Legislativa, deputado Glalbert Cutrim (PDT), protocolou requerimento encaminhando ao Governador Fl\u00e1vio Dino, propostas para reduzir os\" \/>\n<meta property=\"og:url\" content=\"https:\/\/maranhaotv.com.br\/index.php\/2021\/03\/18\/glalbert-cutrim-propoe-isencao-de-icms-e-parcelamento-de-contas-de-energia-e-agua-para-os-ramos-de-entretenimento-bares-e-restaurantes\/\" \/>\n<meta property=\"og:site_name\" content=\"NOT\u00cdCIAS EM TEMPO REAL\" \/>\n<meta property=\"article:publisher\" content=\"https:\/\/www.facebook.com\/maiobaotv\" \/>\n<meta property=\"article:published_time\" content=\"2021-03-18T13:52:45+00:00\" \/>\n<meta name=\"author\" content=\"maranhaotv\" \/>\n<meta name=\"twitter:card\" content=\"summary_large_image\" \/>\n<meta name=\"twitter:creator\" content=\"@sitemaranhaotv\" \/>\n<meta name=\"twitter:site\" content=\"@sitemaranhaotv\" \/>\n<meta name=\"twitter:label1\" content=\"Escrito por\" \/>\n\t<meta name=\"twitter:data1\" content=\"maranhaotv\" \/>\n\t<meta name=\"twitter:label2\" content=\"Est. tempo de leitura\" \/>\n\t<meta name=\"twitter:data2\" content=\"1 minuto\" \/>\n<script type=\"application\/ld+json\" class=\"yoast-schema-graph\">{\"@context\":\"https:\\\/\\\/schema.org\",\"@graph\":[{\"@type\":\"Article\",\"@id\":\"https:\\\/\\\/maranhaotv.com.br\\\/index.php\\\/2021\\\/03\\\/18\\\/glalbert-cutrim-propoe-isencao-de-icms-e-parcelamento-de-contas-de-energia-e-agua-para-os-ramos-de-entretenimento-bares-e-restaurantes\\\/#article\",\"isPartOf\":{\"@id\":\"https:\\\/\\\/maranhaotv.com.br\\\/index.php\\\/2021\\\/03\\\/18\\\/glalbert-cutrim-propoe-isencao-de-icms-e-parcelamento-de-contas-de-energia-e-agua-para-os-ramos-de-entretenimento-bares-e-restaurantes\\\/\"},\"author\":{\"name\":\"maranhaotv\",\"@id\":\"https:\\\/\\\/maranhaotv.com.br\\\/#\\\/schema\\\/person\\\/3d54238e86b20bb5c89ab2fdb8f8829a\"},\"headline\":\"Glalbert Cutrim prop\u00f5e isen\u00e7\u00e3o de ICMS e parcelamento de contas de energia e \u00e1gua para os ramos de entretenimento, bares e restaurantes\",\"datePublished\":\"2021-03-18T13:52:45+00:00\",\"mainEntityOfPage\":{\"@id\":\"https:\\\/\\\/maranhaotv.com.br\\\/index.php\\\/2021\\\/03\\\/18\\\/glalbert-cutrim-propoe-isencao-de-icms-e-parcelamento-de-contas-de-energia-e-agua-para-os-ramos-de-entretenimento-bares-e-restaurantes\\\/\"},\"wordCount\":242,\"commentCount\":0,\"publisher\":{\"@id\":\"https:\\\/\\\/maranhaotv.com.br\\\/#organization\"},\"image\":{\"@id\":\"https:\\\/\\\/maranhaotv.com.br\\\/index.php\\\/2021\\\/03\\\/18\\\/glalbert-cutrim-propoe-isencao-de-icms-e-parcelamento-de-contas-de-energia-e-agua-para-os-ramos-de-entretenimento-bares-e-restaurantes\\\/#primaryimage\"},\"thumbnailUrl\":\"\",\"articleSection\":[\"not\u00edcias\"],\"inLanguage\":\"pt-BR\",\"potentialAction\":[{\"@type\":\"CommentAction\",\"name\":\"Comment\",\"target\":[\"https:\\\/\\\/maranhaotv.com.br\\\/index.php\\\/2021\\\/03\\\/18\\\/glalbert-cutrim-propoe-isencao-de-icms-e-parcelamento-de-contas-de-energia-e-agua-para-os-ramos-de-entretenimento-bares-e-restaurantes\\\/#respond\"]}]},{\"@type\":\"WebPage\",\"@id\":\"https:\\\/\\\/maranhaotv.com.br\\\/index.php\\\/2021\\\/03\\\/18\\\/glalbert-cutrim-propoe-isencao-de-icms-e-parcelamento-de-contas-de-energia-e-agua-para-os-ramos-de-entretenimento-bares-e-restaurantes\\\/\",\"url\":\"https:\\\/\\\/maranhaotv.com.br\\\/index.php\\\/2021\\\/03\\\/18\\\/glalbert-cutrim-propoe-isencao-de-icms-e-parcelamento-de-contas-de-energia-e-agua-para-os-ramos-de-entretenimento-bares-e-restaurantes\\\/\",\"name\":\"Glalbert Cutrim prop\u00f5e isen\u00e7\u00e3o de ICMS e parcelamento de contas de energia e \u00e1gua para os ramos de entretenimento, bares e restaurantes - NOT\u00cdCIAS EM TEMPO REAL\",\"isPartOf\":{\"@id\":\"https:\\\/\\\/maranhaotv.com.br\\\/#website\"},\"primaryImageOfPage\":{\"@id\":\"https:\\\/\\\/maranhaotv.com.br\\\/index.php\\\/2021\\\/03\\\/18\\\/glalbert-cutrim-propoe-isencao-de-icms-e-parcelamento-de-contas-de-energia-e-agua-para-os-ramos-de-entretenimento-bares-e-restaurantes\\\/#primaryimage\"},\"image\":{\"@id\":\"https:\\\/\\\/maranhaotv.com.br\\\/index.php\\\/2021\\\/03\\\/18\\\/glalbert-cutrim-propoe-isencao-de-icms-e-parcelamento-de-contas-de-energia-e-agua-para-os-ramos-de-entretenimento-bares-e-restaurantes\\\/#primaryimage\"},\"thumbnailUrl\":\"\",\"datePublished\":\"2021-03-18T13:52:45+00:00\",\"breadcrumb\":{\"@id\":\"https:\\\/\\\/maranhaotv.com.br\\\/index.php\\\/2021\\\/03\\\/18\\\/glalbert-cutrim-propoe-isencao-de-icms-e-parcelamento-de-contas-de-energia-e-agua-para-os-ramos-de-entretenimento-bares-e-restaurantes\\\/#breadcrumb\"},\"inLanguage\":\"pt-BR\",\"potentialAction\":[{\"@type\":\"ReadAction\",\"target\":[\"https:\\\/\\\/maranhaotv.com.br\\\/index.php\\\/2021\\\/03\\\/18\\\/glalbert-cutrim-propoe-isencao-de-icms-e-parcelamento-de-contas-de-energia-e-agua-para-os-ramos-de-entretenimento-bares-e-restaurantes\\\/\"]}]},{\"@type\":\"ImageObject\",\"inLanguage\":\"pt-BR\",\"@id\":\"https:\\\/\\\/maranhaotv.com.br\\\/index.php\\\/2021\\\/03\\\/18\\\/glalbert-cutrim-propoe-isencao-de-icms-e-parcelamento-de-contas-de-energia-e-agua-para-os-ramos-de-entretenimento-bares-e-restaurantes\\\/#primaryimage\",\"url\":\"\",\"contentUrl\":\"\"},{\"@type\":\"BreadcrumbList\",\"@id\":\"https:\\\/\\\/maranhaotv.com.br\\\/index.php\\\/2021\\\/03\\\/18\\\/glalbert-cutrim-propoe-isencao-de-icms-e-parcelamento-de-contas-de-energia-e-agua-para-os-ramos-de-entretenimento-bares-e-restaurantes\\\/#breadcrumb\",\"itemListElement\":[{\"@type\":\"ListItem\",\"position\":1,\"name\":\"In\u00edcio\",\"item\":\"https:\\\/\\\/maranhaotv.com.br\\\/\"},{\"@type\":\"ListItem\",\"position\":2,\"name\":\"Glalbert Cutrim prop\u00f5e isen\u00e7\u00e3o de ICMS e parcelamento de contas de energia e \u00e1gua para os ramos de entretenimento, bares e restaurantes\"}]},{\"@type\":\"WebSite\",\"@id\":\"https:\\\/\\\/maranhaotv.com.br\\\/#website\",\"url\":\"https:\\\/\\\/maranhaotv.com.br\\\/\",\"name\":\"Maranh\u00e3oTV\",\"description\":\"\",\"publisher\":{\"@id\":\"https:\\\/\\\/maranhaotv.com.br\\\/#organization\"},\"potentialAction\":[{\"@type\":\"SearchAction\",\"target\":{\"@type\":\"EntryPoint\",\"urlTemplate\":\"https:\\\/\\\/maranhaotv.com.br\\\/?s={search_term_string}\"},\"query-input\":{\"@type\":\"PropertyValueSpecification\",\"valueRequired\":true,\"valueName\":\"search_term_string\"}}],\"inLanguage\":\"pt-BR\"},{\"@type\":\"Organization\",\"@id\":\"https:\\\/\\\/maranhaotv.com.br\\\/#organization\",\"name\":\"Portal de Not\u00edcias\",\"url\":\"https:\\\/\\\/maranhaotv.com.br\\\/\",\"logo\":{\"@type\":\"ImageObject\",\"inLanguage\":\"pt-BR\",\"@id\":\"https:\\\/\\\/maranhaotv.com.br\\\/#\\\/schema\\\/logo\\\/image\\\/\",\"url\":\"https:\\\/\\\/maranhaotv.com.br\\\/wp-content\\\/uploads\\\/2024\\\/05\\\/cropped-cropped-avatar-1.png\",\"contentUrl\":\"https:\\\/\\\/maranhaotv.com.br\\\/wp-content\\\/uploads\\\/2024\\\/05\\\/cropped-cropped-avatar-1.png\",\"width\":792,\"height\":428,\"caption\":\"Portal de Not\u00edcias\"},\"image\":{\"@id\":\"https:\\\/\\\/maranhaotv.com.br\\\/#\\\/schema\\\/logo\\\/image\\\/\"},\"sameAs\":[\"https:\\\/\\\/www.facebook.com\\\/maiobaotv\",\"https:\\\/\\\/x.com\\\/sitemaranhaotv\",\"https:\\\/\\\/www.instagram.com\\\/maranhao.tv\",\"https:\\\/\\\/www.threads.net\\\/@maranhao.tv\"]},{\"@type\":\"Person\",\"@id\":\"https:\\\/\\\/maranhaotv.com.br\\\/#\\\/schema\\\/person\\\/3d54238e86b20bb5c89ab2fdb8f8829a\",\"name\":\"maranhaotv\",\"image\":{\"@type\":\"ImageObject\",\"inLanguage\":\"pt-BR\",\"@id\":\"https:\\\/\\\/secure.gravatar.com\\\/avatar\\\/8fadbca458d4cb68b1dd399ae9a40618d747bb1af65ac9fad21c89220a143eb4?s=96&d=mm&r=g\",\"url\":\"https:\\\/\\\/secure.gravatar.com\\\/avatar\\\/8fadbca458d4cb68b1dd399ae9a40618d747bb1af65ac9fad21c89220a143eb4?s=96&d=mm&r=g\",\"contentUrl\":\"https:\\\/\\\/secure.gravatar.com\\\/avatar\\\/8fadbca458d4cb68b1dd399ae9a40618d747bb1af65ac9fad21c89220a143eb4?s=96&d=mm&r=g\",\"caption\":\"maranhaotv\"},\"sameAs\":[\"https:\\\/\\\/maranhaotv.com.br\\\/\"],\"url\":\"https:\\\/\\\/maranhaotv.com.br\\\/index.php\\\/author\\\/maranhaotv\\\/\"}]}<\/script>\n<!-- \/ Yoast SEO plugin. -->","yoast_head_json":{"title":"Glalbert Cutrim prop\u00f5e isen\u00e7\u00e3o de ICMS e parcelamento de contas de energia e \u00e1gua para os ramos de entretenimento, bares e restaurantes - NOT\u00cdCIAS EM TEMPO REAL","robots":{"index":"index","follow":"follow","max-snippet":"max-snippet:-1","max-image-preview":"max-image-preview:large","max-video-preview":"max-video-preview:-1"},"canonical":"https:\/\/maranhaotv.com.br\/index.php\/2021\/03\/18\/glalbert-cutrim-propoe-isencao-de-icms-e-parcelamento-de-contas-de-energia-e-agua-para-os-ramos-de-entretenimento-bares-e-restaurantes\/","og_locale":"pt_BR","og_type":"article","og_title":"Glalbert Cutrim prop\u00f5e isen\u00e7\u00e3o de ICMS e parcelamento de contas de energia e \u00e1gua para os ramos de entretenimento, bares e restaurantes - NOT\u00cdCIAS EM TEMPO REAL","og_description":"O vice-presidente da Assembleia Legislativa, deputado Glalbert Cutrim (PDT), protocolou requerimento encaminhando ao Governador Fl\u00e1vio Dino, propostas para reduzir os","og_url":"https:\/\/maranhaotv.com.br\/index.php\/2021\/03\/18\/glalbert-cutrim-propoe-isencao-de-icms-e-parcelamento-de-contas-de-energia-e-agua-para-os-ramos-de-entretenimento-bares-e-restaurantes\/","og_site_name":"NOT\u00cdCIAS EM TEMPO REAL","article_publisher":"https:\/\/www.facebook.com\/maiobaotv","article_published_time":"2021-03-18T13:52:45+00:00","author":"maranhaotv","twitter_card":"summary_large_image","twitter_creator":"@sitemaranhaotv","twitter_site":"@sitemaranhaotv","twitter_misc":{"Escrito por":"maranhaotv","Est. tempo de leitura":"1 minuto"},"schema":{"@context":"https:\/\/schema.org","@graph":[{"@type":"Article","@id":"https:\/\/maranhaotv.com.br\/index.php\/2021\/03\/18\/glalbert-cutrim-propoe-isencao-de-icms-e-parcelamento-de-contas-de-energia-e-agua-para-os-ramos-de-entretenimento-bares-e-restaurantes\/#article","isPartOf":{"@id":"https:\/\/maranhaotv.com.br\/index.php\/2021\/03\/18\/glalbert-cutrim-propoe-isencao-de-icms-e-parcelamento-de-contas-de-energia-e-agua-para-os-ramos-de-entretenimento-bares-e-restaurantes\/"},"author":{"name":"maranhaotv","@id":"https:\/\/maranhaotv.com.br\/#\/schema\/person\/3d54238e86b20bb5c89ab2fdb8f8829a"},"headline":"Glalbert Cutrim prop\u00f5e isen\u00e7\u00e3o de ICMS e parcelamento de contas de energia e \u00e1gua para os ramos de entretenimento, bares e restaurantes","datePublished":"2021-03-18T13:52:45+00:00","mainEntityOfPage":{"@id":"https:\/\/maranhaotv.com.br\/index.php\/2021\/03\/18\/glalbert-cutrim-propoe-isencao-de-icms-e-parcelamento-de-contas-de-energia-e-agua-para-os-ramos-de-entretenimento-bares-e-restaurantes\/"},"wordCount":242,"commentCount":0,"publisher":{"@id":"https:\/\/maranhaotv.com.br\/#organization"},"image":{"@id":"https:\/\/maranhaotv.com.br\/index.php\/2021\/03\/18\/glalbert-cutrim-propoe-isencao-de-icms-e-parcelamento-de-contas-de-energia-e-agua-para-os-ramos-de-entretenimento-bares-e-restaurantes\/#primaryimage"},"thumbnailUrl":"","articleSection":["not\u00edcias"],"inLanguage":"pt-BR","potentialAction":[{"@type":"CommentAction","name":"Comment","target":["https:\/\/maranhaotv.com.br\/index.php\/2021\/03\/18\/glalbert-cutrim-propoe-isencao-de-icms-e-parcelamento-de-contas-de-energia-e-agua-para-os-ramos-de-entretenimento-bares-e-restaurantes\/#respond"]}]},{"@type":"WebPage","@id":"https:\/\/maranhaotv.com.br\/index.php\/2021\/03\/18\/glalbert-cutrim-propoe-isencao-de-icms-e-parcelamento-de-contas-de-energia-e-agua-para-os-ramos-de-entretenimento-bares-e-restaurantes\/","url":"https:\/\/maranhaotv.com.br\/index.php\/2021\/03\/18\/glalbert-cutrim-propoe-isencao-de-icms-e-parcelamento-de-contas-de-energia-e-agua-para-os-ramos-de-entretenimento-bares-e-restaurantes\/","name":"Glalbert Cutrim prop\u00f5e isen\u00e7\u00e3o de ICMS e parcelamento de contas de energia e \u00e1gua para os ramos de entretenimento, bares e restaurantes - NOT\u00cdCIAS EM TEMPO REAL","isPartOf":{"@id":"https:\/\/maranhaotv.com.br\/#website"},"primaryImageOfPage":{"@id":"https:\/\/maranhaotv.com.br\/index.php\/2021\/03\/18\/glalbert-cutrim-propoe-isencao-de-icms-e-parcelamento-de-contas-de-energia-e-agua-para-os-ramos-de-entretenimento-bares-e-restaurantes\/#primaryimage"},"image":{"@id":"https:\/\/maranhaotv.com.br\/index.php\/2021\/03\/18\/glalbert-cutrim-propoe-isencao-de-icms-e-parcelamento-de-contas-de-energia-e-agua-para-os-ramos-de-entretenimento-bares-e-restaurantes\/#primaryimage"},"thumbnailUrl":"","datePublished":"2021-03-18T13:52:45+00:00","breadcrumb":{"@id":"https:\/\/maranhaotv.com.br\/index.php\/2021\/03\/18\/glalbert-cutrim-propoe-isencao-de-icms-e-parcelamento-de-contas-de-energia-e-agua-para-os-ramos-de-entretenimento-bares-e-restaurantes\/#breadcrumb"},"inLanguage":"pt-BR","potentialAction":[{"@type":"ReadAction","target":["https:\/\/maranhaotv.com.br\/index.php\/2021\/03\/18\/glalbert-cutrim-propoe-isencao-de-icms-e-parcelamento-de-contas-de-energia-e-agua-para-os-ramos-de-entretenimento-bares-e-restaurantes\/"]}]},{"@type":"ImageObject","inLanguage":"pt-BR","@id":"https:\/\/maranhaotv.com.br\/index.php\/2021\/03\/18\/glalbert-cutrim-propoe-isencao-de-icms-e-parcelamento-de-contas-de-energia-e-agua-para-os-ramos-de-entretenimento-bares-e-restaurantes\/#primaryimage","url":"","contentUrl":""},{"@type":"BreadcrumbList","@id":"https:\/\/maranhaotv.com.br\/index.php\/2021\/03\/18\/glalbert-cutrim-propoe-isencao-de-icms-e-parcelamento-de-contas-de-energia-e-agua-para-os-ramos-de-entretenimento-bares-e-restaurantes\/#breadcrumb","itemListElement":[{"@type":"ListItem","position":1,"name":"In\u00edcio","item":"https:\/\/maranhaotv.com.br\/"},{"@type":"ListItem","position":2,"name":"Glalbert Cutrim prop\u00f5e isen\u00e7\u00e3o de ICMS e parcelamento de contas de energia e \u00e1gua para os ramos de entretenimento, bares e restaurantes"}]},{"@type":"WebSite","@id":"https:\/\/maranhaotv.com.br\/#website","url":"https:\/\/maranhaotv.com.br\/","name":"Maranh\u00e3oTV","description":"","publisher":{"@id":"https:\/\/maranhaotv.com.br\/#organization"},"potentialAction":[{"@type":"SearchAction","target":{"@type":"EntryPoint","urlTemplate":"https:\/\/maranhaotv.com.br\/?s={search_term_string}"},"query-input":{"@type":"PropertyValueSpecification","valueRequired":true,"valueName":"search_term_string"}}],"inLanguage":"pt-BR"},{"@type":"Organization","@id":"https:\/\/maranhaotv.com.br\/#organization","name":"Portal de Not\u00edcias","url":"https:\/\/maranhaotv.com.br\/","logo":{"@type":"ImageObject","inLanguage":"pt-BR","@id":"https:\/\/maranhaotv.com.br\/#\/schema\/logo\/image\/","url":"https:\/\/maranhaotv.com.br\/wp-content\/uploads\/2024\/05\/cropped-cropped-avatar-1.png","contentUrl":"https:\/\/maranhaotv.com.br\/wp-content\/uploads\/2024\/05\/cropped-cropped-avatar-1.png","width":792,"height":428,"caption":"Portal de Not\u00edcias"},"image":{"@id":"https:\/\/maranhaotv.com.br\/#\/schema\/logo\/image\/"},"sameAs":["https:\/\/www.facebook.com\/maiobaotv","https:\/\/x.com\/sitemaranhaotv","https:\/\/www.instagram.com\/maranhao.tv","https:\/\/www.threads.net\/@maranhao.tv"]},{"@type":"Person","@id":"https:\/\/maranhaotv.com.br\/#\/schema\/person\/3d54238e86b20bb5c89ab2fdb8f8829a","name":"maranhaotv","image":{"@type":"ImageObject","inLanguage":"pt-BR","@id":"https:\/\/secure.gravatar.com\/avatar\/8fadbca458d4cb68b1dd399ae9a40618d747bb1af65ac9fad21c89220a143eb4?s=96&d=mm&r=g","url":"https:\/\/secure.gravatar.com\/avatar\/8fadbca458d4cb68b1dd399ae9a40618d747bb1af65ac9fad21c89220a143eb4?s=96&d=mm&r=g","contentUrl":"https:\/\/secure.gravatar.com\/avatar\/8fadbca458d4cb68b1dd399ae9a40618d747bb1af65ac9fad21c89220a143eb4?s=96&d=mm&r=g","caption":"maranhaotv"},"sameAs":["https:\/\/maranhaotv.com.br\/"],"url":"https:\/\/maranhaotv.com.br\/index.php\/author\/maranhaotv\/"}]}},"jetpack_featured_media_url":"","jetpack_sharing_enabled":true,"_links":{"self":[{"href":"https:\/\/maranhaotv.com.br\/index.php\/wp-json\/wp\/v2\/posts\/19866","targetHints":{"allow":["GET"]}}],"collection":[{"href":"https:\/\/maranhaotv.com.br\/index.php\/wp-json\/wp\/v2\/posts"}],"about":[{"href":"https:\/\/maranhaotv.com.br\/index.php\/wp-json\/wp\/v2\/types\/post"}],"author":[{"embeddable":true,"href":"https:\/\/maranhaotv.com.br\/index.php\/wp-json\/wp\/v2\/users\/2"}],"replies":[{"embeddable":true,"href":"https:\/\/maranhaotv.com.br\/index.php\/wp-json\/wp\/v2\/comments?post=19866"}],"version-history":[{"count":0,"href":"https:\/\/maranhaotv.com.br\/index.php\/wp-json\/wp\/v2\/posts\/19866\/revisions"}],"wp:featuredmedia":[{"embeddable":true,"href":"https:\/\/maranhaotv.com.br\/index.php\/wp-json\/"}],"wp:attachment":[{"href":"https:\/\/maranhaotv.com.br\/index.php\/wp-json\/wp\/v2\/media?parent=19866"}],"wp:term":[{"taxonomy":"category","embeddable":true,"href":"https:\/\/maranhaotv.com.br\/index.php\/wp-json\/wp\/v2\/categories?post=19866"},{"taxonomy":"post_tag","embeddable":true,"href":"https:\/\/maranhaotv.com.br\/index.php\/wp-json\/wp\/v2\/tags?post=19866"}],"curies":[{"name":"wp","href":"https:\/\/api.w.org\/{rel}","templated":true}]}}