{"id":19900,"date":"2021-03-19T09:46:20","date_gmt":"2021-03-19T12:46:20","guid":{"rendered":"https:\/\/maranhaotv.com.br\/?p=19900"},"modified":"2021-03-19T09:46:20","modified_gmt":"2021-03-19T12:46:20","slug":"viana-sem-ter-o-que-mostrar-a-populacao-carrinho-cidreira-comemora-conserto-de-ambulancia","status":"publish","type":"post","link":"https:\/\/maranhaotv.com.br\/index.php\/2021\/03\/19\/viana-sem-ter-o-que-mostrar-a-populacao-carrinho-cidreira-comemora-conserto-de-ambulancia\/","title":{"rendered":"Viana: Sem ter o que mostrar a popula\u00e7\u00e3o, Carrinho Cidreira comemora conserto de ambul\u00e2ncia"},"content":{"rendered":"<p>Seria c\u00f4mico se n\u00e3o fosse triste, mas o ptefeito da cidade de Viana, Carrinho Cidreira (PL), comemorou em suas redes sociais, o conserto de uma ambul\u00e2ncia que estava com pe\u00e7a quebrada. Isso mesmo, na tarde de ontem, os vianenses passaram por esse vexame.<\/p>\n<p>H\u00e1 quase tr\u00eas meses de mandato, Carrinho nada fez. A cidade vive \u00edndices crescentes de casos de Coronav\u00edrus e o munic\u00edpio sequer cumpriu a meta estabelecida pelo Governo do Estado, que \u00e9 a de imunizar com 70% das doses recebidas, para somente ent\u00e3o, voltar a ter vacinas.<\/p>\n<p>H\u00e1 algumas semanas o cais da cidade sofreu uma grande corros\u00e3o, desabando boa parte do mesmo e at\u00e9 agora a Prefeitura assiste de bra\u00e7os cruzados, sem estradas com acessibilidade, Viana se v\u00ea numa situa\u00e7\u00e3o ca\u00f3tica.<\/p>\n<p>Enquanto isso, onde est\u00e1 aquele que em campanha vivia trepado em telhados, quando n\u00e3o pelas estradas com uma enxada na m\u00e3o? Ao que se percebe, pelas redes sociais, Carrinho Cidreira vive a passear pelas ruas de S\u00e3o Lu\u00eds.<\/p>\n<p><img loading=\"lazy\" decoding=\"async\" src=\"https:\/\/maranhaotv.com.br\/wp-content\/uploads\/2021\/03\/img-20210318-wa03261301544469914557733.jpg\" class=\"wp-image-19898 alignnone size-full\" width=\"1080\" height=\"1080\"><\/p>\n<p><img loading=\"lazy\" decoding=\"async\" src=\"https:\/\/maranhaotv.com.br\/wp-content\/uploads\/2021\/03\/img_20210319_0944101481855504371167813.jpg\" class=\"wp-image-19897 alignnone size-full\" width=\"1080\" height=\"1869\"><\/p>\n<p>Pasmem: Carrinho comemora ambul\u00e2ncia de pe\u00e7a nova!<\/p>\n","protected":false},"excerpt":{"rendered":"<p>Seria c\u00f4mico se n\u00e3o fosse triste, mas o ptefeito da cidade de Viana, Carrinho Cidreira (PL), comemorou em suas redes<\/p>\n","protected":false},"author":2,"featured_media":19899,"comment_status":"open","ping_status":"open","sticky":false,"template":"","format":"standard","meta":{"colormag_page_container_layout":"default_layout","colormag_page_sidebar_layout":"default_layout","_jetpack_memberships_contains_paid_content":false,"footnotes":""},"categories":[2,3],"tags":[4,42,5],"class_list":["post-19900","post","type-post","status-publish","format-standard","has-post-thumbnail","hentry","category-noticias","category-policial","tag-carrinho-cidreira","tag-prefeitura-de-viana","tag-viana"],"magazineBlocksPostFeaturedMedia":{"thumbnail":false,"medium":false,"medium_large":false,"large":false,"1536x1536":false,"2048x2048":false,"colormag-highlighted-post":false,"colormag-featured-post-medium":false,"colormag-featured-post-small":false,"colormag-featured-image":false,"colormag-default-news":false,"colormag-featured-image-large":false},"magazineBlocksPostAuthor":{"name":"maranhaotv","avatar":"https:\/\/secure.gravatar.com\/avatar\/8fadbca458d4cb68b1dd399ae9a40618d747bb1af65ac9fad21c89220a143eb4?s=96&d=mm&r=g"},"magazineBlocksPostCommentsNumber":"0","magazineBlocksPostExcerpt":"Seria c\u00f4mico se n\u00e3o fosse triste, mas o ptefeito da cidade de Viana, Carrinho Cidreira (PL), comemorou em suas redes","magazineBlocksPostCategories":["not\u00edcias","policial"],"magazineBlocksPostViewCount":215,"magazineBlocksPostReadTime":1,"magazine_blocks_featured_image_url":{"full":false,"medium":false,"thumbnail":false},"magazine_blocks_author":{"display_name":"maranhaotv","author_link":"https:\/\/maranhaotv.com.br\/index.php\/author\/maranhaotv\/"},"magazine_blocks_comment":0,"magazine_blocks_author_image":"https:\/\/secure.gravatar.com\/avatar\/8fadbca458d4cb68b1dd399ae9a40618d747bb1af65ac9fad21c89220a143eb4?s=96&d=mm&r=g","magazine_blocks_category":"<a href=\"#\" class=\"category-link category-link-2\">not\u00edcias<\/a> <a href=\"#\" class=\"category-link category-link-3\">policial<\/a>","yoast_head":"<!-- This site is optimized with the Yoast SEO plugin v27.4 - https:\/\/yoast.com\/product\/yoast-seo-wordpress\/ -->\n<title>Viana: Sem ter o que mostrar a popula\u00e7\u00e3o, Carrinho Cidreira comemora conserto de ambul\u00e2ncia - NOT\u00cdCIAS EM TEMPO REAL<\/title>\n<meta name=\"robots\" content=\"index, follow, max-snippet:-1, max-image-preview:large, max-video-preview:-1\" \/>\n<link rel=\"canonical\" href=\"https:\/\/maranhaotv.com.br\/index.php\/2021\/03\/19\/viana-sem-ter-o-que-mostrar-a-populacao-carrinho-cidreira-comemora-conserto-de-ambulancia\/\" \/>\n<meta property=\"og:locale\" content=\"pt_BR\" \/>\n<meta property=\"og:type\" content=\"article\" \/>\n<meta property=\"og:title\" content=\"Viana: Sem ter o que mostrar a popula\u00e7\u00e3o, Carrinho Cidreira comemora conserto de ambul\u00e2ncia - NOT\u00cdCIAS EM TEMPO REAL\" \/>\n<meta property=\"og:description\" content=\"Seria c\u00f4mico se n\u00e3o fosse triste, mas o ptefeito da cidade de Viana, Carrinho Cidreira (PL), comemorou em suas redes\" \/>\n<meta property=\"og:url\" content=\"https:\/\/maranhaotv.com.br\/index.php\/2021\/03\/19\/viana-sem-ter-o-que-mostrar-a-populacao-carrinho-cidreira-comemora-conserto-de-ambulancia\/\" \/>\n<meta property=\"og:site_name\" content=\"NOT\u00cdCIAS EM TEMPO REAL\" \/>\n<meta property=\"article:publisher\" content=\"https:\/\/www.facebook.com\/maiobaotv\" \/>\n<meta property=\"article:published_time\" content=\"2021-03-19T12:46:20+00:00\" \/>\n<meta name=\"author\" content=\"maranhaotv\" \/>\n<meta name=\"twitter:card\" content=\"summary_large_image\" \/>\n<meta name=\"twitter:creator\" content=\"@sitemaranhaotv\" \/>\n<meta name=\"twitter:site\" content=\"@sitemaranhaotv\" \/>\n<meta name=\"twitter:label1\" content=\"Escrito por\" \/>\n\t<meta name=\"twitter:data1\" content=\"maranhaotv\" \/>\n\t<meta name=\"twitter:label2\" content=\"Est. tempo de leitura\" \/>\n\t<meta name=\"twitter:data2\" content=\"1 minuto\" \/>\n<script type=\"application\/ld+json\" class=\"yoast-schema-graph\">{\"@context\":\"https:\\\/\\\/schema.org\",\"@graph\":[{\"@type\":\"Article\",\"@id\":\"https:\\\/\\\/maranhaotv.com.br\\\/index.php\\\/2021\\\/03\\\/19\\\/viana-sem-ter-o-que-mostrar-a-populacao-carrinho-cidreira-comemora-conserto-de-ambulancia\\\/#article\",\"isPartOf\":{\"@id\":\"https:\\\/\\\/maranhaotv.com.br\\\/index.php\\\/2021\\\/03\\\/19\\\/viana-sem-ter-o-que-mostrar-a-populacao-carrinho-cidreira-comemora-conserto-de-ambulancia\\\/\"},\"author\":{\"name\":\"maranhaotv\",\"@id\":\"https:\\\/\\\/maranhaotv.com.br\\\/#\\\/schema\\\/person\\\/3d54238e86b20bb5c89ab2fdb8f8829a\"},\"headline\":\"Viana: Sem ter o que mostrar a popula\u00e7\u00e3o, Carrinho Cidreira comemora conserto de ambul\u00e2ncia\",\"datePublished\":\"2021-03-19T12:46:20+00:00\",\"mainEntityOfPage\":{\"@id\":\"https:\\\/\\\/maranhaotv.com.br\\\/index.php\\\/2021\\\/03\\\/19\\\/viana-sem-ter-o-que-mostrar-a-populacao-carrinho-cidreira-comemora-conserto-de-ambulancia\\\/\"},\"wordCount\":202,\"commentCount\":0,\"publisher\":{\"@id\":\"https:\\\/\\\/maranhaotv.com.br\\\/#organization\"},\"image\":{\"@id\":\"https:\\\/\\\/maranhaotv.com.br\\\/index.php\\\/2021\\\/03\\\/19\\\/viana-sem-ter-o-que-mostrar-a-populacao-carrinho-cidreira-comemora-conserto-de-ambulancia\\\/#primaryimage\"},\"thumbnailUrl\":\"\",\"keywords\":[\"Carrinho Cidreira\",\"Prefeitura de Viana\",\"Viana\"],\"articleSection\":[\"not\u00edcias\",\"policial\"],\"inLanguage\":\"pt-BR\",\"potentialAction\":[{\"@type\":\"CommentAction\",\"name\":\"Comment\",\"target\":[\"https:\\\/\\\/maranhaotv.com.br\\\/index.php\\\/2021\\\/03\\\/19\\\/viana-sem-ter-o-que-mostrar-a-populacao-carrinho-cidreira-comemora-conserto-de-ambulancia\\\/#respond\"]}]},{\"@type\":\"WebPage\",\"@id\":\"https:\\\/\\\/maranhaotv.com.br\\\/index.php\\\/2021\\\/03\\\/19\\\/viana-sem-ter-o-que-mostrar-a-populacao-carrinho-cidreira-comemora-conserto-de-ambulancia\\\/\",\"url\":\"https:\\\/\\\/maranhaotv.com.br\\\/index.php\\\/2021\\\/03\\\/19\\\/viana-sem-ter-o-que-mostrar-a-populacao-carrinho-cidreira-comemora-conserto-de-ambulancia\\\/\",\"name\":\"Viana: Sem ter o que mostrar a popula\u00e7\u00e3o, Carrinho Cidreira comemora conserto de ambul\u00e2ncia - NOT\u00cdCIAS EM TEMPO REAL\",\"isPartOf\":{\"@id\":\"https:\\\/\\\/maranhaotv.com.br\\\/#website\"},\"primaryImageOfPage\":{\"@id\":\"https:\\\/\\\/maranhaotv.com.br\\\/index.php\\\/2021\\\/03\\\/19\\\/viana-sem-ter-o-que-mostrar-a-populacao-carrinho-cidreira-comemora-conserto-de-ambulancia\\\/#primaryimage\"},\"image\":{\"@id\":\"https:\\\/\\\/maranhaotv.com.br\\\/index.php\\\/2021\\\/03\\\/19\\\/viana-sem-ter-o-que-mostrar-a-populacao-carrinho-cidreira-comemora-conserto-de-ambulancia\\\/#primaryimage\"},\"thumbnailUrl\":\"\",\"datePublished\":\"2021-03-19T12:46:20+00:00\",\"breadcrumb\":{\"@id\":\"https:\\\/\\\/maranhaotv.com.br\\\/index.php\\\/2021\\\/03\\\/19\\\/viana-sem-ter-o-que-mostrar-a-populacao-carrinho-cidreira-comemora-conserto-de-ambulancia\\\/#breadcrumb\"},\"inLanguage\":\"pt-BR\",\"potentialAction\":[{\"@type\":\"ReadAction\",\"target\":[\"https:\\\/\\\/maranhaotv.com.br\\\/index.php\\\/2021\\\/03\\\/19\\\/viana-sem-ter-o-que-mostrar-a-populacao-carrinho-cidreira-comemora-conserto-de-ambulancia\\\/\"]}]},{\"@type\":\"ImageObject\",\"inLanguage\":\"pt-BR\",\"@id\":\"https:\\\/\\\/maranhaotv.com.br\\\/index.php\\\/2021\\\/03\\\/19\\\/viana-sem-ter-o-que-mostrar-a-populacao-carrinho-cidreira-comemora-conserto-de-ambulancia\\\/#primaryimage\",\"url\":\"\",\"contentUrl\":\"\"},{\"@type\":\"BreadcrumbList\",\"@id\":\"https:\\\/\\\/maranhaotv.com.br\\\/index.php\\\/2021\\\/03\\\/19\\\/viana-sem-ter-o-que-mostrar-a-populacao-carrinho-cidreira-comemora-conserto-de-ambulancia\\\/#breadcrumb\",\"itemListElement\":[{\"@type\":\"ListItem\",\"position\":1,\"name\":\"In\u00edcio\",\"item\":\"https:\\\/\\\/maranhaotv.com.br\\\/\"},{\"@type\":\"ListItem\",\"position\":2,\"name\":\"Viana: Sem ter o que mostrar a popula\u00e7\u00e3o, Carrinho Cidreira comemora conserto de ambul\u00e2ncia\"}]},{\"@type\":\"WebSite\",\"@id\":\"https:\\\/\\\/maranhaotv.com.br\\\/#website\",\"url\":\"https:\\\/\\\/maranhaotv.com.br\\\/\",\"name\":\"Maranh\u00e3oTV\",\"description\":\"\",\"publisher\":{\"@id\":\"https:\\\/\\\/maranhaotv.com.br\\\/#organization\"},\"potentialAction\":[{\"@type\":\"SearchAction\",\"target\":{\"@type\":\"EntryPoint\",\"urlTemplate\":\"https:\\\/\\\/maranhaotv.com.br\\\/?s={search_term_string}\"},\"query-input\":{\"@type\":\"PropertyValueSpecification\",\"valueRequired\":true,\"valueName\":\"search_term_string\"}}],\"inLanguage\":\"pt-BR\"},{\"@type\":\"Organization\",\"@id\":\"https:\\\/\\\/maranhaotv.com.br\\\/#organization\",\"name\":\"Portal de Not\u00edcias\",\"url\":\"https:\\\/\\\/maranhaotv.com.br\\\/\",\"logo\":{\"@type\":\"ImageObject\",\"inLanguage\":\"pt-BR\",\"@id\":\"https:\\\/\\\/maranhaotv.com.br\\\/#\\\/schema\\\/logo\\\/image\\\/\",\"url\":\"https:\\\/\\\/maranhaotv.com.br\\\/wp-content\\\/uploads\\\/2024\\\/05\\\/cropped-cropped-avatar-1.png\",\"contentUrl\":\"https:\\\/\\\/maranhaotv.com.br\\\/wp-content\\\/uploads\\\/2024\\\/05\\\/cropped-cropped-avatar-1.png\",\"width\":792,\"height\":428,\"caption\":\"Portal de Not\u00edcias\"},\"image\":{\"@id\":\"https:\\\/\\\/maranhaotv.com.br\\\/#\\\/schema\\\/logo\\\/image\\\/\"},\"sameAs\":[\"https:\\\/\\\/www.facebook.com\\\/maiobaotv\",\"https:\\\/\\\/x.com\\\/sitemaranhaotv\",\"https:\\\/\\\/www.instagram.com\\\/maranhao.tv\",\"https:\\\/\\\/www.threads.net\\\/@maranhao.tv\"]},{\"@type\":\"Person\",\"@id\":\"https:\\\/\\\/maranhaotv.com.br\\\/#\\\/schema\\\/person\\\/3d54238e86b20bb5c89ab2fdb8f8829a\",\"name\":\"maranhaotv\",\"image\":{\"@type\":\"ImageObject\",\"inLanguage\":\"pt-BR\",\"@id\":\"https:\\\/\\\/secure.gravatar.com\\\/avatar\\\/8fadbca458d4cb68b1dd399ae9a40618d747bb1af65ac9fad21c89220a143eb4?s=96&d=mm&r=g\",\"url\":\"https:\\\/\\\/secure.gravatar.com\\\/avatar\\\/8fadbca458d4cb68b1dd399ae9a40618d747bb1af65ac9fad21c89220a143eb4?s=96&d=mm&r=g\",\"contentUrl\":\"https:\\\/\\\/secure.gravatar.com\\\/avatar\\\/8fadbca458d4cb68b1dd399ae9a40618d747bb1af65ac9fad21c89220a143eb4?s=96&d=mm&r=g\",\"caption\":\"maranhaotv\"},\"sameAs\":[\"https:\\\/\\\/maranhaotv.com.br\\\/\"],\"url\":\"https:\\\/\\\/maranhaotv.com.br\\\/index.php\\\/author\\\/maranhaotv\\\/\"}]}<\/script>\n<!-- \/ Yoast SEO plugin. -->","yoast_head_json":{"title":"Viana: Sem ter o que mostrar a popula\u00e7\u00e3o, Carrinho Cidreira comemora conserto de ambul\u00e2ncia - NOT\u00cdCIAS EM TEMPO REAL","robots":{"index":"index","follow":"follow","max-snippet":"max-snippet:-1","max-image-preview":"max-image-preview:large","max-video-preview":"max-video-preview:-1"},"canonical":"https:\/\/maranhaotv.com.br\/index.php\/2021\/03\/19\/viana-sem-ter-o-que-mostrar-a-populacao-carrinho-cidreira-comemora-conserto-de-ambulancia\/","og_locale":"pt_BR","og_type":"article","og_title":"Viana: Sem ter o que mostrar a popula\u00e7\u00e3o, Carrinho Cidreira comemora conserto de ambul\u00e2ncia - NOT\u00cdCIAS EM TEMPO REAL","og_description":"Seria c\u00f4mico se n\u00e3o fosse triste, mas o ptefeito da cidade de Viana, Carrinho Cidreira (PL), comemorou em suas redes","og_url":"https:\/\/maranhaotv.com.br\/index.php\/2021\/03\/19\/viana-sem-ter-o-que-mostrar-a-populacao-carrinho-cidreira-comemora-conserto-de-ambulancia\/","og_site_name":"NOT\u00cdCIAS EM TEMPO REAL","article_publisher":"https:\/\/www.facebook.com\/maiobaotv","article_published_time":"2021-03-19T12:46:20+00:00","author":"maranhaotv","twitter_card":"summary_large_image","twitter_creator":"@sitemaranhaotv","twitter_site":"@sitemaranhaotv","twitter_misc":{"Escrito por":"maranhaotv","Est. tempo de leitura":"1 minuto"},"schema":{"@context":"https:\/\/schema.org","@graph":[{"@type":"Article","@id":"https:\/\/maranhaotv.com.br\/index.php\/2021\/03\/19\/viana-sem-ter-o-que-mostrar-a-populacao-carrinho-cidreira-comemora-conserto-de-ambulancia\/#article","isPartOf":{"@id":"https:\/\/maranhaotv.com.br\/index.php\/2021\/03\/19\/viana-sem-ter-o-que-mostrar-a-populacao-carrinho-cidreira-comemora-conserto-de-ambulancia\/"},"author":{"name":"maranhaotv","@id":"https:\/\/maranhaotv.com.br\/#\/schema\/person\/3d54238e86b20bb5c89ab2fdb8f8829a"},"headline":"Viana: Sem ter o que mostrar a popula\u00e7\u00e3o, Carrinho Cidreira comemora conserto de ambul\u00e2ncia","datePublished":"2021-03-19T12:46:20+00:00","mainEntityOfPage":{"@id":"https:\/\/maranhaotv.com.br\/index.php\/2021\/03\/19\/viana-sem-ter-o-que-mostrar-a-populacao-carrinho-cidreira-comemora-conserto-de-ambulancia\/"},"wordCount":202,"commentCount":0,"publisher":{"@id":"https:\/\/maranhaotv.com.br\/#organization"},"image":{"@id":"https:\/\/maranhaotv.com.br\/index.php\/2021\/03\/19\/viana-sem-ter-o-que-mostrar-a-populacao-carrinho-cidreira-comemora-conserto-de-ambulancia\/#primaryimage"},"thumbnailUrl":"","keywords":["Carrinho Cidreira","Prefeitura de Viana","Viana"],"articleSection":["not\u00edcias","policial"],"inLanguage":"pt-BR","potentialAction":[{"@type":"CommentAction","name":"Comment","target":["https:\/\/maranhaotv.com.br\/index.php\/2021\/03\/19\/viana-sem-ter-o-que-mostrar-a-populacao-carrinho-cidreira-comemora-conserto-de-ambulancia\/#respond"]}]},{"@type":"WebPage","@id":"https:\/\/maranhaotv.com.br\/index.php\/2021\/03\/19\/viana-sem-ter-o-que-mostrar-a-populacao-carrinho-cidreira-comemora-conserto-de-ambulancia\/","url":"https:\/\/maranhaotv.com.br\/index.php\/2021\/03\/19\/viana-sem-ter-o-que-mostrar-a-populacao-carrinho-cidreira-comemora-conserto-de-ambulancia\/","name":"Viana: Sem ter o que mostrar a popula\u00e7\u00e3o, Carrinho Cidreira comemora conserto de ambul\u00e2ncia - NOT\u00cdCIAS EM TEMPO REAL","isPartOf":{"@id":"https:\/\/maranhaotv.com.br\/#website"},"primaryImageOfPage":{"@id":"https:\/\/maranhaotv.com.br\/index.php\/2021\/03\/19\/viana-sem-ter-o-que-mostrar-a-populacao-carrinho-cidreira-comemora-conserto-de-ambulancia\/#primaryimage"},"image":{"@id":"https:\/\/maranhaotv.com.br\/index.php\/2021\/03\/19\/viana-sem-ter-o-que-mostrar-a-populacao-carrinho-cidreira-comemora-conserto-de-ambulancia\/#primaryimage"},"thumbnailUrl":"","datePublished":"2021-03-19T12:46:20+00:00","breadcrumb":{"@id":"https:\/\/maranhaotv.com.br\/index.php\/2021\/03\/19\/viana-sem-ter-o-que-mostrar-a-populacao-carrinho-cidreira-comemora-conserto-de-ambulancia\/#breadcrumb"},"inLanguage":"pt-BR","potentialAction":[{"@type":"ReadAction","target":["https:\/\/maranhaotv.com.br\/index.php\/2021\/03\/19\/viana-sem-ter-o-que-mostrar-a-populacao-carrinho-cidreira-comemora-conserto-de-ambulancia\/"]}]},{"@type":"ImageObject","inLanguage":"pt-BR","@id":"https:\/\/maranhaotv.com.br\/index.php\/2021\/03\/19\/viana-sem-ter-o-que-mostrar-a-populacao-carrinho-cidreira-comemora-conserto-de-ambulancia\/#primaryimage","url":"","contentUrl":""},{"@type":"BreadcrumbList","@id":"https:\/\/maranhaotv.com.br\/index.php\/2021\/03\/19\/viana-sem-ter-o-que-mostrar-a-populacao-carrinho-cidreira-comemora-conserto-de-ambulancia\/#breadcrumb","itemListElement":[{"@type":"ListItem","position":1,"name":"In\u00edcio","item":"https:\/\/maranhaotv.com.br\/"},{"@type":"ListItem","position":2,"name":"Viana: Sem ter o que mostrar a popula\u00e7\u00e3o, Carrinho Cidreira comemora conserto de ambul\u00e2ncia"}]},{"@type":"WebSite","@id":"https:\/\/maranhaotv.com.br\/#website","url":"https:\/\/maranhaotv.com.br\/","name":"Maranh\u00e3oTV","description":"","publisher":{"@id":"https:\/\/maranhaotv.com.br\/#organization"},"potentialAction":[{"@type":"SearchAction","target":{"@type":"EntryPoint","urlTemplate":"https:\/\/maranhaotv.com.br\/?s={search_term_string}"},"query-input":{"@type":"PropertyValueSpecification","valueRequired":true,"valueName":"search_term_string"}}],"inLanguage":"pt-BR"},{"@type":"Organization","@id":"https:\/\/maranhaotv.com.br\/#organization","name":"Portal de Not\u00edcias","url":"https:\/\/maranhaotv.com.br\/","logo":{"@type":"ImageObject","inLanguage":"pt-BR","@id":"https:\/\/maranhaotv.com.br\/#\/schema\/logo\/image\/","url":"https:\/\/maranhaotv.com.br\/wp-content\/uploads\/2024\/05\/cropped-cropped-avatar-1.png","contentUrl":"https:\/\/maranhaotv.com.br\/wp-content\/uploads\/2024\/05\/cropped-cropped-avatar-1.png","width":792,"height":428,"caption":"Portal de Not\u00edcias"},"image":{"@id":"https:\/\/maranhaotv.com.br\/#\/schema\/logo\/image\/"},"sameAs":["https:\/\/www.facebook.com\/maiobaotv","https:\/\/x.com\/sitemaranhaotv","https:\/\/www.instagram.com\/maranhao.tv","https:\/\/www.threads.net\/@maranhao.tv"]},{"@type":"Person","@id":"https:\/\/maranhaotv.com.br\/#\/schema\/person\/3d54238e86b20bb5c89ab2fdb8f8829a","name":"maranhaotv","image":{"@type":"ImageObject","inLanguage":"pt-BR","@id":"https:\/\/secure.gravatar.com\/avatar\/8fadbca458d4cb68b1dd399ae9a40618d747bb1af65ac9fad21c89220a143eb4?s=96&d=mm&r=g","url":"https:\/\/secure.gravatar.com\/avatar\/8fadbca458d4cb68b1dd399ae9a40618d747bb1af65ac9fad21c89220a143eb4?s=96&d=mm&r=g","contentUrl":"https:\/\/secure.gravatar.com\/avatar\/8fadbca458d4cb68b1dd399ae9a40618d747bb1af65ac9fad21c89220a143eb4?s=96&d=mm&r=g","caption":"maranhaotv"},"sameAs":["https:\/\/maranhaotv.com.br\/"],"url":"https:\/\/maranhaotv.com.br\/index.php\/author\/maranhaotv\/"}]}},"jetpack_featured_media_url":"","jetpack_sharing_enabled":true,"_links":{"self":[{"href":"https:\/\/maranhaotv.com.br\/index.php\/wp-json\/wp\/v2\/posts\/19900","targetHints":{"allow":["GET"]}}],"collection":[{"href":"https:\/\/maranhaotv.com.br\/index.php\/wp-json\/wp\/v2\/posts"}],"about":[{"href":"https:\/\/maranhaotv.com.br\/index.php\/wp-json\/wp\/v2\/types\/post"}],"author":[{"embeddable":true,"href":"https:\/\/maranhaotv.com.br\/index.php\/wp-json\/wp\/v2\/users\/2"}],"replies":[{"embeddable":true,"href":"https:\/\/maranhaotv.com.br\/index.php\/wp-json\/wp\/v2\/comments?post=19900"}],"version-history":[{"count":0,"href":"https:\/\/maranhaotv.com.br\/index.php\/wp-json\/wp\/v2\/posts\/19900\/revisions"}],"wp:featuredmedia":[{"embeddable":true,"href":"https:\/\/maranhaotv.com.br\/index.php\/wp-json\/"}],"wp:attachment":[{"href":"https:\/\/maranhaotv.com.br\/index.php\/wp-json\/wp\/v2\/media?parent=19900"}],"wp:term":[{"taxonomy":"category","embeddable":true,"href":"https:\/\/maranhaotv.com.br\/index.php\/wp-json\/wp\/v2\/categories?post=19900"},{"taxonomy":"post_tag","embeddable":true,"href":"https:\/\/maranhaotv.com.br\/index.php\/wp-json\/wp\/v2\/tags?post=19900"}],"curies":[{"name":"wp","href":"https:\/\/api.w.org\/{rel}","templated":true}]}}