{"id":19902,"date":"2021-03-19T11:39:49","date_gmt":"2021-03-19T14:39:49","guid":{"rendered":"https:\/\/maranhaotv.com.br\/?p=19902"},"modified":"2021-03-19T11:39:49","modified_gmt":"2021-03-19T14:39:49","slug":"governador-flavio-dino-anuncia-novas-medidas-e-mantem-restricoes-ate-28-de-marco","status":"publish","type":"post","link":"https:\/\/maranhaotv.com.br\/index.php\/2021\/03\/19\/governador-flavio-dino-anuncia-novas-medidas-e-mantem-restricoes-ate-28-de-marco\/","title":{"rendered":"Governador Fl\u00e1vio Dino anuncia novas medidas e mant\u00e9m restri\u00e7\u00f5es at\u00e9 28 de Mar\u00e7o"},"content":{"rendered":"<p>O governador Fl\u00e1vio Dino prorrogou o decreto anterior por mais 10 dias, at\u00e9 dia 26 de mar\u00e7o e foi antecipando o feriado de 28 de julho para o dia 26 de mar\u00e7o.<\/p>\n<p>Fl\u00e1vio Dino decretou a suspens\u00e3o de todas as atividades n\u00e3o essenciais no foi que chamado de \u201cparada\u201d. Ser\u00e3o tr\u00eas dias de parada total de todas as atividades, com in\u00edcio na sexta e segue at\u00e9 o domingo.<\/p>\n<p>V\u00e3o ser suspensas as cirurgias eletivas na rede p\u00fablica e privada por falta de anest\u00e9sico e para resguardar leitos para pacientes com coronav\u00edrus.<\/p>\n<p>Outra mudan\u00e7a \u00e9 o hor\u00e1rio do funcionamento do trabalho e constru\u00e7\u00e3o civil, para que diminua a concentra\u00e7\u00e3o de pessoas em hor\u00e1rio de pico. De segunda at\u00e9 o domingo o hor\u00e1rio da constru\u00e7\u00e3o civil ter\u00e1 o fim do expediente at\u00e9 as 18h.<\/p>\n<p>As restri\u00e7\u00f5es se estendem \u00e0s academias e supermercados que n\u00e3o v\u00e3o poder ter ocupa\u00e7\u00e3o superior a 50%, e no caso dos supermercados o acesso ser\u00e1 apenas para uma pessoa de cada fam\u00edlia.<\/p>\n<p>Novas medidas:<br \/>\n&#8211; Antecipa\u00e7\u00e3o de feriado para sexta que vem.<\/p>\n<p>&#8211; Suspens\u00e3o de atividades *n\u00e3o essenciais* por 3 dias em todo estado: 26, 27 e 28 de mar\u00e7o.<\/p>\n<p>&#8211; Suspende-se tamb\u00e9m cirurgias eletivas por falta de anestesias.<\/p>\n<p>&#8211; A partir do dia 22 de mar\u00e7o, constru\u00e7\u00e3o civil trabalha entre 7h \u00e0s 16h. Supermercados e academias apenas com 50% da capacidade<\/p>\n","protected":false},"excerpt":{"rendered":"<p>O governador Fl\u00e1vio Dino prorrogou o decreto anterior por mais 10 dias, at\u00e9 dia 26 de mar\u00e7o e foi antecipando<\/p>\n","protected":false},"author":2,"featured_media":19901,"comment_status":"open","ping_status":"open","sticky":false,"template":"","format":"standard","meta":{"colormag_page_container_layout":"default_layout","colormag_page_sidebar_layout":"default_layout","_jetpack_memberships_contains_paid_content":false,"footnotes":""},"categories":[2,8],"tags":[52],"class_list":["post-19902","post","type-post","status-publish","format-standard","has-post-thumbnail","hentry","category-noticias","category-servicos","tag-flavio-dino"],"magazineBlocksPostFeaturedMedia":{"thumbnail":false,"medium":false,"medium_large":false,"large":false,"1536x1536":false,"2048x2048":false,"colormag-highlighted-post":false,"colormag-featured-post-medium":false,"colormag-featured-post-small":false,"colormag-featured-image":false,"colormag-default-news":false,"colormag-featured-image-large":false},"magazineBlocksPostAuthor":{"name":"maranhaotv","avatar":"https:\/\/secure.gravatar.com\/avatar\/8fadbca458d4cb68b1dd399ae9a40618d747bb1af65ac9fad21c89220a143eb4?s=96&d=mm&r=g"},"magazineBlocksPostCommentsNumber":"0","magazineBlocksPostExcerpt":"O governador Fl\u00e1vio Dino prorrogou o decreto anterior por mais 10 dias, at\u00e9 dia 26 de mar\u00e7o e foi antecipando","magazineBlocksPostCategories":["not\u00edcias","servi\u00e7os"],"magazineBlocksPostViewCount":199,"magazineBlocksPostReadTime":2,"magazine_blocks_featured_image_url":{"full":false,"medium":false,"thumbnail":false},"magazine_blocks_author":{"display_name":"maranhaotv","author_link":"https:\/\/maranhaotv.com.br\/index.php\/author\/maranhaotv\/"},"magazine_blocks_comment":0,"magazine_blocks_author_image":"https:\/\/secure.gravatar.com\/avatar\/8fadbca458d4cb68b1dd399ae9a40618d747bb1af65ac9fad21c89220a143eb4?s=96&d=mm&r=g","magazine_blocks_category":"<a href=\"#\" class=\"category-link category-link-2\">not\u00edcias<\/a> <a href=\"#\" class=\"category-link category-link-8\">servi\u00e7os<\/a>","yoast_head":"<!-- This site is optimized with the Yoast SEO plugin v27.4 - https:\/\/yoast.com\/product\/yoast-seo-wordpress\/ -->\n<title>Governador Fl\u00e1vio Dino anuncia novas medidas e mant\u00e9m restri\u00e7\u00f5es at\u00e9 28 de Mar\u00e7o - NOT\u00cdCIAS EM TEMPO REAL<\/title>\n<meta name=\"robots\" content=\"index, follow, max-snippet:-1, max-image-preview:large, max-video-preview:-1\" \/>\n<link rel=\"canonical\" href=\"https:\/\/maranhaotv.com.br\/index.php\/2021\/03\/19\/governador-flavio-dino-anuncia-novas-medidas-e-mantem-restricoes-ate-28-de-marco\/\" \/>\n<meta property=\"og:locale\" content=\"pt_BR\" \/>\n<meta property=\"og:type\" content=\"article\" \/>\n<meta property=\"og:title\" content=\"Governador Fl\u00e1vio Dino anuncia novas medidas e mant\u00e9m restri\u00e7\u00f5es at\u00e9 28 de Mar\u00e7o - NOT\u00cdCIAS EM TEMPO REAL\" \/>\n<meta property=\"og:description\" content=\"O governador Fl\u00e1vio Dino prorrogou o decreto anterior por mais 10 dias, at\u00e9 dia 26 de mar\u00e7o e foi antecipando\" \/>\n<meta property=\"og:url\" content=\"https:\/\/maranhaotv.com.br\/index.php\/2021\/03\/19\/governador-flavio-dino-anuncia-novas-medidas-e-mantem-restricoes-ate-28-de-marco\/\" \/>\n<meta property=\"og:site_name\" content=\"NOT\u00cdCIAS EM TEMPO REAL\" \/>\n<meta property=\"article:publisher\" content=\"https:\/\/www.facebook.com\/maiobaotv\" \/>\n<meta property=\"article:published_time\" content=\"2021-03-19T14:39:49+00:00\" \/>\n<meta name=\"author\" content=\"maranhaotv\" \/>\n<meta name=\"twitter:card\" content=\"summary_large_image\" \/>\n<meta name=\"twitter:creator\" content=\"@sitemaranhaotv\" \/>\n<meta name=\"twitter:site\" content=\"@sitemaranhaotv\" \/>\n<meta name=\"twitter:label1\" content=\"Escrito por\" \/>\n\t<meta name=\"twitter:data1\" content=\"maranhaotv\" \/>\n\t<meta name=\"twitter:label2\" content=\"Est. tempo de leitura\" \/>\n\t<meta name=\"twitter:data2\" content=\"1 minuto\" \/>\n<script type=\"application\/ld+json\" class=\"yoast-schema-graph\">{\"@context\":\"https:\\\/\\\/schema.org\",\"@graph\":[{\"@type\":\"Article\",\"@id\":\"https:\\\/\\\/maranhaotv.com.br\\\/index.php\\\/2021\\\/03\\\/19\\\/governador-flavio-dino-anuncia-novas-medidas-e-mantem-restricoes-ate-28-de-marco\\\/#article\",\"isPartOf\":{\"@id\":\"https:\\\/\\\/maranhaotv.com.br\\\/index.php\\\/2021\\\/03\\\/19\\\/governador-flavio-dino-anuncia-novas-medidas-e-mantem-restricoes-ate-28-de-marco\\\/\"},\"author\":{\"name\":\"maranhaotv\",\"@id\":\"https:\\\/\\\/maranhaotv.com.br\\\/#\\\/schema\\\/person\\\/3d54238e86b20bb5c89ab2fdb8f8829a\"},\"headline\":\"Governador Fl\u00e1vio Dino anuncia novas medidas e mant\u00e9m restri\u00e7\u00f5es at\u00e9 28 de Mar\u00e7o\",\"datePublished\":\"2021-03-19T14:39:49+00:00\",\"mainEntityOfPage\":{\"@id\":\"https:\\\/\\\/maranhaotv.com.br\\\/index.php\\\/2021\\\/03\\\/19\\\/governador-flavio-dino-anuncia-novas-medidas-e-mantem-restricoes-ate-28-de-marco\\\/\"},\"wordCount\":260,\"commentCount\":0,\"publisher\":{\"@id\":\"https:\\\/\\\/maranhaotv.com.br\\\/#organization\"},\"image\":{\"@id\":\"https:\\\/\\\/maranhaotv.com.br\\\/index.php\\\/2021\\\/03\\\/19\\\/governador-flavio-dino-anuncia-novas-medidas-e-mantem-restricoes-ate-28-de-marco\\\/#primaryimage\"},\"thumbnailUrl\":\"\",\"keywords\":[\"Fl\u00e1vio Dino\"],\"articleSection\":[\"not\u00edcias\",\"servi\u00e7os\"],\"inLanguage\":\"pt-BR\",\"potentialAction\":[{\"@type\":\"CommentAction\",\"name\":\"Comment\",\"target\":[\"https:\\\/\\\/maranhaotv.com.br\\\/index.php\\\/2021\\\/03\\\/19\\\/governador-flavio-dino-anuncia-novas-medidas-e-mantem-restricoes-ate-28-de-marco\\\/#respond\"]}]},{\"@type\":\"WebPage\",\"@id\":\"https:\\\/\\\/maranhaotv.com.br\\\/index.php\\\/2021\\\/03\\\/19\\\/governador-flavio-dino-anuncia-novas-medidas-e-mantem-restricoes-ate-28-de-marco\\\/\",\"url\":\"https:\\\/\\\/maranhaotv.com.br\\\/index.php\\\/2021\\\/03\\\/19\\\/governador-flavio-dino-anuncia-novas-medidas-e-mantem-restricoes-ate-28-de-marco\\\/\",\"name\":\"Governador Fl\u00e1vio Dino anuncia novas medidas e mant\u00e9m restri\u00e7\u00f5es at\u00e9 28 de Mar\u00e7o - NOT\u00cdCIAS EM TEMPO REAL\",\"isPartOf\":{\"@id\":\"https:\\\/\\\/maranhaotv.com.br\\\/#website\"},\"primaryImageOfPage\":{\"@id\":\"https:\\\/\\\/maranhaotv.com.br\\\/index.php\\\/2021\\\/03\\\/19\\\/governador-flavio-dino-anuncia-novas-medidas-e-mantem-restricoes-ate-28-de-marco\\\/#primaryimage\"},\"image\":{\"@id\":\"https:\\\/\\\/maranhaotv.com.br\\\/index.php\\\/2021\\\/03\\\/19\\\/governador-flavio-dino-anuncia-novas-medidas-e-mantem-restricoes-ate-28-de-marco\\\/#primaryimage\"},\"thumbnailUrl\":\"\",\"datePublished\":\"2021-03-19T14:39:49+00:00\",\"breadcrumb\":{\"@id\":\"https:\\\/\\\/maranhaotv.com.br\\\/index.php\\\/2021\\\/03\\\/19\\\/governador-flavio-dino-anuncia-novas-medidas-e-mantem-restricoes-ate-28-de-marco\\\/#breadcrumb\"},\"inLanguage\":\"pt-BR\",\"potentialAction\":[{\"@type\":\"ReadAction\",\"target\":[\"https:\\\/\\\/maranhaotv.com.br\\\/index.php\\\/2021\\\/03\\\/19\\\/governador-flavio-dino-anuncia-novas-medidas-e-mantem-restricoes-ate-28-de-marco\\\/\"]}]},{\"@type\":\"ImageObject\",\"inLanguage\":\"pt-BR\",\"@id\":\"https:\\\/\\\/maranhaotv.com.br\\\/index.php\\\/2021\\\/03\\\/19\\\/governador-flavio-dino-anuncia-novas-medidas-e-mantem-restricoes-ate-28-de-marco\\\/#primaryimage\",\"url\":\"\",\"contentUrl\":\"\"},{\"@type\":\"BreadcrumbList\",\"@id\":\"https:\\\/\\\/maranhaotv.com.br\\\/index.php\\\/2021\\\/03\\\/19\\\/governador-flavio-dino-anuncia-novas-medidas-e-mantem-restricoes-ate-28-de-marco\\\/#breadcrumb\",\"itemListElement\":[{\"@type\":\"ListItem\",\"position\":1,\"name\":\"In\u00edcio\",\"item\":\"https:\\\/\\\/maranhaotv.com.br\\\/\"},{\"@type\":\"ListItem\",\"position\":2,\"name\":\"Governador Fl\u00e1vio Dino anuncia novas medidas e mant\u00e9m restri\u00e7\u00f5es at\u00e9 28 de Mar\u00e7o\"}]},{\"@type\":\"WebSite\",\"@id\":\"https:\\\/\\\/maranhaotv.com.br\\\/#website\",\"url\":\"https:\\\/\\\/maranhaotv.com.br\\\/\",\"name\":\"Maranh\u00e3oTV\",\"description\":\"\",\"publisher\":{\"@id\":\"https:\\\/\\\/maranhaotv.com.br\\\/#organization\"},\"potentialAction\":[{\"@type\":\"SearchAction\",\"target\":{\"@type\":\"EntryPoint\",\"urlTemplate\":\"https:\\\/\\\/maranhaotv.com.br\\\/?s={search_term_string}\"},\"query-input\":{\"@type\":\"PropertyValueSpecification\",\"valueRequired\":true,\"valueName\":\"search_term_string\"}}],\"inLanguage\":\"pt-BR\"},{\"@type\":\"Organization\",\"@id\":\"https:\\\/\\\/maranhaotv.com.br\\\/#organization\",\"name\":\"Portal de Not\u00edcias\",\"url\":\"https:\\\/\\\/maranhaotv.com.br\\\/\",\"logo\":{\"@type\":\"ImageObject\",\"inLanguage\":\"pt-BR\",\"@id\":\"https:\\\/\\\/maranhaotv.com.br\\\/#\\\/schema\\\/logo\\\/image\\\/\",\"url\":\"https:\\\/\\\/maranhaotv.com.br\\\/wp-content\\\/uploads\\\/2024\\\/05\\\/cropped-cropped-avatar-1.png\",\"contentUrl\":\"https:\\\/\\\/maranhaotv.com.br\\\/wp-content\\\/uploads\\\/2024\\\/05\\\/cropped-cropped-avatar-1.png\",\"width\":792,\"height\":428,\"caption\":\"Portal de Not\u00edcias\"},\"image\":{\"@id\":\"https:\\\/\\\/maranhaotv.com.br\\\/#\\\/schema\\\/logo\\\/image\\\/\"},\"sameAs\":[\"https:\\\/\\\/www.facebook.com\\\/maiobaotv\",\"https:\\\/\\\/x.com\\\/sitemaranhaotv\",\"https:\\\/\\\/www.instagram.com\\\/maranhao.tv\",\"https:\\\/\\\/www.threads.net\\\/@maranhao.tv\"]},{\"@type\":\"Person\",\"@id\":\"https:\\\/\\\/maranhaotv.com.br\\\/#\\\/schema\\\/person\\\/3d54238e86b20bb5c89ab2fdb8f8829a\",\"name\":\"maranhaotv\",\"image\":{\"@type\":\"ImageObject\",\"inLanguage\":\"pt-BR\",\"@id\":\"https:\\\/\\\/secure.gravatar.com\\\/avatar\\\/8fadbca458d4cb68b1dd399ae9a40618d747bb1af65ac9fad21c89220a143eb4?s=96&d=mm&r=g\",\"url\":\"https:\\\/\\\/secure.gravatar.com\\\/avatar\\\/8fadbca458d4cb68b1dd399ae9a40618d747bb1af65ac9fad21c89220a143eb4?s=96&d=mm&r=g\",\"contentUrl\":\"https:\\\/\\\/secure.gravatar.com\\\/avatar\\\/8fadbca458d4cb68b1dd399ae9a40618d747bb1af65ac9fad21c89220a143eb4?s=96&d=mm&r=g\",\"caption\":\"maranhaotv\"},\"sameAs\":[\"https:\\\/\\\/maranhaotv.com.br\\\/\"],\"url\":\"https:\\\/\\\/maranhaotv.com.br\\\/index.php\\\/author\\\/maranhaotv\\\/\"}]}<\/script>\n<!-- \/ Yoast SEO plugin. -->","yoast_head_json":{"title":"Governador Fl\u00e1vio Dino anuncia novas medidas e mant\u00e9m restri\u00e7\u00f5es at\u00e9 28 de Mar\u00e7o - NOT\u00cdCIAS EM TEMPO REAL","robots":{"index":"index","follow":"follow","max-snippet":"max-snippet:-1","max-image-preview":"max-image-preview:large","max-video-preview":"max-video-preview:-1"},"canonical":"https:\/\/maranhaotv.com.br\/index.php\/2021\/03\/19\/governador-flavio-dino-anuncia-novas-medidas-e-mantem-restricoes-ate-28-de-marco\/","og_locale":"pt_BR","og_type":"article","og_title":"Governador Fl\u00e1vio Dino anuncia novas medidas e mant\u00e9m restri\u00e7\u00f5es at\u00e9 28 de Mar\u00e7o - NOT\u00cdCIAS EM TEMPO REAL","og_description":"O governador Fl\u00e1vio Dino prorrogou o decreto anterior por mais 10 dias, at\u00e9 dia 26 de mar\u00e7o e foi antecipando","og_url":"https:\/\/maranhaotv.com.br\/index.php\/2021\/03\/19\/governador-flavio-dino-anuncia-novas-medidas-e-mantem-restricoes-ate-28-de-marco\/","og_site_name":"NOT\u00cdCIAS EM TEMPO REAL","article_publisher":"https:\/\/www.facebook.com\/maiobaotv","article_published_time":"2021-03-19T14:39:49+00:00","author":"maranhaotv","twitter_card":"summary_large_image","twitter_creator":"@sitemaranhaotv","twitter_site":"@sitemaranhaotv","twitter_misc":{"Escrito por":"maranhaotv","Est. tempo de leitura":"1 minuto"},"schema":{"@context":"https:\/\/schema.org","@graph":[{"@type":"Article","@id":"https:\/\/maranhaotv.com.br\/index.php\/2021\/03\/19\/governador-flavio-dino-anuncia-novas-medidas-e-mantem-restricoes-ate-28-de-marco\/#article","isPartOf":{"@id":"https:\/\/maranhaotv.com.br\/index.php\/2021\/03\/19\/governador-flavio-dino-anuncia-novas-medidas-e-mantem-restricoes-ate-28-de-marco\/"},"author":{"name":"maranhaotv","@id":"https:\/\/maranhaotv.com.br\/#\/schema\/person\/3d54238e86b20bb5c89ab2fdb8f8829a"},"headline":"Governador Fl\u00e1vio Dino anuncia novas medidas e mant\u00e9m restri\u00e7\u00f5es at\u00e9 28 de Mar\u00e7o","datePublished":"2021-03-19T14:39:49+00:00","mainEntityOfPage":{"@id":"https:\/\/maranhaotv.com.br\/index.php\/2021\/03\/19\/governador-flavio-dino-anuncia-novas-medidas-e-mantem-restricoes-ate-28-de-marco\/"},"wordCount":260,"commentCount":0,"publisher":{"@id":"https:\/\/maranhaotv.com.br\/#organization"},"image":{"@id":"https:\/\/maranhaotv.com.br\/index.php\/2021\/03\/19\/governador-flavio-dino-anuncia-novas-medidas-e-mantem-restricoes-ate-28-de-marco\/#primaryimage"},"thumbnailUrl":"","keywords":["Fl\u00e1vio Dino"],"articleSection":["not\u00edcias","servi\u00e7os"],"inLanguage":"pt-BR","potentialAction":[{"@type":"CommentAction","name":"Comment","target":["https:\/\/maranhaotv.com.br\/index.php\/2021\/03\/19\/governador-flavio-dino-anuncia-novas-medidas-e-mantem-restricoes-ate-28-de-marco\/#respond"]}]},{"@type":"WebPage","@id":"https:\/\/maranhaotv.com.br\/index.php\/2021\/03\/19\/governador-flavio-dino-anuncia-novas-medidas-e-mantem-restricoes-ate-28-de-marco\/","url":"https:\/\/maranhaotv.com.br\/index.php\/2021\/03\/19\/governador-flavio-dino-anuncia-novas-medidas-e-mantem-restricoes-ate-28-de-marco\/","name":"Governador Fl\u00e1vio Dino anuncia novas medidas e mant\u00e9m restri\u00e7\u00f5es at\u00e9 28 de Mar\u00e7o - NOT\u00cdCIAS EM TEMPO REAL","isPartOf":{"@id":"https:\/\/maranhaotv.com.br\/#website"},"primaryImageOfPage":{"@id":"https:\/\/maranhaotv.com.br\/index.php\/2021\/03\/19\/governador-flavio-dino-anuncia-novas-medidas-e-mantem-restricoes-ate-28-de-marco\/#primaryimage"},"image":{"@id":"https:\/\/maranhaotv.com.br\/index.php\/2021\/03\/19\/governador-flavio-dino-anuncia-novas-medidas-e-mantem-restricoes-ate-28-de-marco\/#primaryimage"},"thumbnailUrl":"","datePublished":"2021-03-19T14:39:49+00:00","breadcrumb":{"@id":"https:\/\/maranhaotv.com.br\/index.php\/2021\/03\/19\/governador-flavio-dino-anuncia-novas-medidas-e-mantem-restricoes-ate-28-de-marco\/#breadcrumb"},"inLanguage":"pt-BR","potentialAction":[{"@type":"ReadAction","target":["https:\/\/maranhaotv.com.br\/index.php\/2021\/03\/19\/governador-flavio-dino-anuncia-novas-medidas-e-mantem-restricoes-ate-28-de-marco\/"]}]},{"@type":"ImageObject","inLanguage":"pt-BR","@id":"https:\/\/maranhaotv.com.br\/index.php\/2021\/03\/19\/governador-flavio-dino-anuncia-novas-medidas-e-mantem-restricoes-ate-28-de-marco\/#primaryimage","url":"","contentUrl":""},{"@type":"BreadcrumbList","@id":"https:\/\/maranhaotv.com.br\/index.php\/2021\/03\/19\/governador-flavio-dino-anuncia-novas-medidas-e-mantem-restricoes-ate-28-de-marco\/#breadcrumb","itemListElement":[{"@type":"ListItem","position":1,"name":"In\u00edcio","item":"https:\/\/maranhaotv.com.br\/"},{"@type":"ListItem","position":2,"name":"Governador Fl\u00e1vio Dino anuncia novas medidas e mant\u00e9m restri\u00e7\u00f5es at\u00e9 28 de Mar\u00e7o"}]},{"@type":"WebSite","@id":"https:\/\/maranhaotv.com.br\/#website","url":"https:\/\/maranhaotv.com.br\/","name":"Maranh\u00e3oTV","description":"","publisher":{"@id":"https:\/\/maranhaotv.com.br\/#organization"},"potentialAction":[{"@type":"SearchAction","target":{"@type":"EntryPoint","urlTemplate":"https:\/\/maranhaotv.com.br\/?s={search_term_string}"},"query-input":{"@type":"PropertyValueSpecification","valueRequired":true,"valueName":"search_term_string"}}],"inLanguage":"pt-BR"},{"@type":"Organization","@id":"https:\/\/maranhaotv.com.br\/#organization","name":"Portal de Not\u00edcias","url":"https:\/\/maranhaotv.com.br\/","logo":{"@type":"ImageObject","inLanguage":"pt-BR","@id":"https:\/\/maranhaotv.com.br\/#\/schema\/logo\/image\/","url":"https:\/\/maranhaotv.com.br\/wp-content\/uploads\/2024\/05\/cropped-cropped-avatar-1.png","contentUrl":"https:\/\/maranhaotv.com.br\/wp-content\/uploads\/2024\/05\/cropped-cropped-avatar-1.png","width":792,"height":428,"caption":"Portal de Not\u00edcias"},"image":{"@id":"https:\/\/maranhaotv.com.br\/#\/schema\/logo\/image\/"},"sameAs":["https:\/\/www.facebook.com\/maiobaotv","https:\/\/x.com\/sitemaranhaotv","https:\/\/www.instagram.com\/maranhao.tv","https:\/\/www.threads.net\/@maranhao.tv"]},{"@type":"Person","@id":"https:\/\/maranhaotv.com.br\/#\/schema\/person\/3d54238e86b20bb5c89ab2fdb8f8829a","name":"maranhaotv","image":{"@type":"ImageObject","inLanguage":"pt-BR","@id":"https:\/\/secure.gravatar.com\/avatar\/8fadbca458d4cb68b1dd399ae9a40618d747bb1af65ac9fad21c89220a143eb4?s=96&d=mm&r=g","url":"https:\/\/secure.gravatar.com\/avatar\/8fadbca458d4cb68b1dd399ae9a40618d747bb1af65ac9fad21c89220a143eb4?s=96&d=mm&r=g","contentUrl":"https:\/\/secure.gravatar.com\/avatar\/8fadbca458d4cb68b1dd399ae9a40618d747bb1af65ac9fad21c89220a143eb4?s=96&d=mm&r=g","caption":"maranhaotv"},"sameAs":["https:\/\/maranhaotv.com.br\/"],"url":"https:\/\/maranhaotv.com.br\/index.php\/author\/maranhaotv\/"}]}},"jetpack_featured_media_url":"","jetpack_sharing_enabled":true,"_links":{"self":[{"href":"https:\/\/maranhaotv.com.br\/index.php\/wp-json\/wp\/v2\/posts\/19902","targetHints":{"allow":["GET"]}}],"collection":[{"href":"https:\/\/maranhaotv.com.br\/index.php\/wp-json\/wp\/v2\/posts"}],"about":[{"href":"https:\/\/maranhaotv.com.br\/index.php\/wp-json\/wp\/v2\/types\/post"}],"author":[{"embeddable":true,"href":"https:\/\/maranhaotv.com.br\/index.php\/wp-json\/wp\/v2\/users\/2"}],"replies":[{"embeddable":true,"href":"https:\/\/maranhaotv.com.br\/index.php\/wp-json\/wp\/v2\/comments?post=19902"}],"version-history":[{"count":0,"href":"https:\/\/maranhaotv.com.br\/index.php\/wp-json\/wp\/v2\/posts\/19902\/revisions"}],"wp:featuredmedia":[{"embeddable":true,"href":"https:\/\/maranhaotv.com.br\/index.php\/wp-json\/"}],"wp:attachment":[{"href":"https:\/\/maranhaotv.com.br\/index.php\/wp-json\/wp\/v2\/media?parent=19902"}],"wp:term":[{"taxonomy":"category","embeddable":true,"href":"https:\/\/maranhaotv.com.br\/index.php\/wp-json\/wp\/v2\/categories?post=19902"},{"taxonomy":"post_tag","embeddable":true,"href":"https:\/\/maranhaotv.com.br\/index.php\/wp-json\/wp\/v2\/tags?post=19902"}],"curies":[{"name":"wp","href":"https:\/\/api.w.org\/{rel}","templated":true}]}}