{"id":19921,"date":"2021-03-20T07:28:46","date_gmt":"2021-03-20T10:28:46","guid":{"rendered":"https:\/\/maranhaotv.com.br\/?p=19921"},"modified":"2021-03-20T07:28:46","modified_gmt":"2021-03-20T10:28:46","slug":"dr-julinho-mascara-projeto-de-lei-que-vai-endividar-ribamar-em-r-30-milhoes","status":"publish","type":"post","link":"https:\/\/maranhaotv.com.br\/index.php\/2021\/03\/20\/dr-julinho-mascara-projeto-de-lei-que-vai-endividar-ribamar-em-r-30-milhoes\/","title":{"rendered":"Dr Julinho \u201cmascara\u201d projeto de lei que vai endividar Ribamar em R$ 30 milh\u00f5es"},"content":{"rendered":"<h5>Projeto de Lei que prev\u00ea empr\u00e9stimo de R$ 30 milh\u00f5es n\u00e3o diz ruas nem bairros que ser\u00e3o beneficiados em Ribamar<\/h5>\n<h5><\/h5>\n<p>O pol\u00eamico e misterioso Projeto de Lei enviado pelo prefeito Dr. Julinho (PL) que autoriza a Prefeitura a contrair empr\u00e9stimo e endividamento no valor de R$ 30 milh\u00f5es de reais, \u00e9 uma verdadeira pegadinha aos vereadores, que devem apreciar e votar o projeto na pr\u00f3xima semana, e tamb\u00e9m aos ribamarenses, maiores interessados na pauta.<\/p>\n<p>Repetindo os erros dos ex-prefeitos Lu\u00eds Fernando e Eudes Sampaio, que tentaram aprovar o mesmo projeto sem indicar e dar nenhum nome de rua ou bairro que receber\u00e3o obras do referido empr\u00e9stimo, Julinho, que garante ter controle sobre a maioria dos vereadores, pode cometer o primeiro grande erro da sua gest\u00e3o.<br \/>\nTendo \u00e0 frente da Secretaria de Obras e da Secretaria de Recupera\u00e7\u00e3o e Manuten\u00e7\u00e3o da Malha Vi\u00e1ria, dois profissionais que n\u00e3o conhecem 5% dos bairros ribamarenses, \u00e9 not\u00f3rio que o empr\u00e9stimo est\u00e1 sendo feito sem nenhum levantamento de quais ruas, quantos quil\u00f4metros e quais bairros ser\u00e3o beneficiados.<\/p>\n<p>Estranhamente, Julinho quer primeiro aprovar o projeto e s\u00f3 depois falar como e onde pretende gastar.<br \/>\nCaso consiga a aprova\u00e7\u00e3o do projeto, um verdadeiro cheque em branco, todos os recursos poder\u00e3o ser investidos na localidade onde o prefeito achar melhor, inclusive em bairros considerados da classe alta do munic\u00edpio, onde est\u00e3o amigos pessoais e empres\u00e1rios ligados aos novos gestores.<\/p>\n<p>Enquanto isso, bairros como Vila Concei\u00e7\u00e3o, Jardim Tropical, Vila Jota Lima, Vila S\u00e3o Lu\u00eds, entre outros bairros, podem ver os vereadores aprovarem um projeto que os deixaram de fora de a\u00e7\u00f5es da prefeitura.<br \/>\nConfira o projeto de lei aqui:<\/p>\n<p><a href=\"https:\/\/www.glaucioericeira.com.br\/wp-content\/uploads\/2021\/03\/emprestimo.pdf\">Projeto<\/a><\/p>\n","protected":false},"excerpt":{"rendered":"<p>Projeto de Lei que prev\u00ea empr\u00e9stimo de R$ 30 milh\u00f5es n\u00e3o diz ruas nem bairros que ser\u00e3o beneficiados em Ribamar<\/p>\n","protected":false},"author":2,"featured_media":19920,"comment_status":"open","ping_status":"open","sticky":false,"template":"","format":"standard","meta":{"colormag_page_container_layout":"default_layout","colormag_page_sidebar_layout":"default_layout","_jetpack_memberships_contains_paid_content":false,"footnotes":""},"categories":[2,6],"tags":[],"class_list":["post-19921","post","type-post","status-publish","format-standard","has-post-thumbnail","hentry","category-noticias","category-politica"],"magazineBlocksPostFeaturedMedia":{"thumbnail":false,"medium":false,"medium_large":false,"large":false,"1536x1536":false,"2048x2048":false,"colormag-highlighted-post":false,"colormag-featured-post-medium":false,"colormag-featured-post-small":false,"colormag-featured-image":false,"colormag-default-news":false,"colormag-featured-image-large":false},"magazineBlocksPostAuthor":{"name":"maranhaotv","avatar":"https:\/\/secure.gravatar.com\/avatar\/8fadbca458d4cb68b1dd399ae9a40618d747bb1af65ac9fad21c89220a143eb4?s=96&d=mm&r=g"},"magazineBlocksPostCommentsNumber":"0","magazineBlocksPostExcerpt":"Projeto de Lei que prev\u00ea empr\u00e9stimo de R$ 30 milh\u00f5es n\u00e3o diz ruas nem bairros que ser\u00e3o beneficiados em Ribamar","magazineBlocksPostCategories":["not\u00edcias","pol\u00edtica"],"magazineBlocksPostViewCount":208,"magazineBlocksPostReadTime":2,"magazine_blocks_featured_image_url":{"full":false,"medium":false,"thumbnail":false},"magazine_blocks_author":{"display_name":"maranhaotv","author_link":"https:\/\/maranhaotv.com.br\/index.php\/author\/maranhaotv\/"},"magazine_blocks_comment":0,"magazine_blocks_author_image":"https:\/\/secure.gravatar.com\/avatar\/8fadbca458d4cb68b1dd399ae9a40618d747bb1af65ac9fad21c89220a143eb4?s=96&d=mm&r=g","magazine_blocks_category":"<a href=\"#\" class=\"category-link category-link-2\">not\u00edcias<\/a> <a href=\"#\" class=\"category-link category-link-6\">pol\u00edtica<\/a>","yoast_head":"<!-- This site is optimized with the Yoast SEO plugin v27.4 - https:\/\/yoast.com\/product\/yoast-seo-wordpress\/ -->\n<title>Dr Julinho \u201cmascara\u201d projeto de lei que vai endividar Ribamar em R$ 30 milh\u00f5es - NOT\u00cdCIAS EM TEMPO REAL<\/title>\n<meta name=\"robots\" content=\"index, follow, max-snippet:-1, max-image-preview:large, max-video-preview:-1\" \/>\n<link rel=\"canonical\" href=\"https:\/\/maranhaotv.com.br\/index.php\/2021\/03\/20\/dr-julinho-mascara-projeto-de-lei-que-vai-endividar-ribamar-em-r-30-milhoes\/\" \/>\n<meta property=\"og:locale\" content=\"pt_BR\" \/>\n<meta property=\"og:type\" content=\"article\" \/>\n<meta property=\"og:title\" content=\"Dr Julinho \u201cmascara\u201d projeto de lei que vai endividar Ribamar em R$ 30 milh\u00f5es - NOT\u00cdCIAS EM TEMPO REAL\" \/>\n<meta property=\"og:description\" content=\"Projeto de Lei que prev\u00ea empr\u00e9stimo de R$ 30 milh\u00f5es n\u00e3o diz ruas nem bairros que ser\u00e3o beneficiados em Ribamar\" \/>\n<meta property=\"og:url\" content=\"https:\/\/maranhaotv.com.br\/index.php\/2021\/03\/20\/dr-julinho-mascara-projeto-de-lei-que-vai-endividar-ribamar-em-r-30-milhoes\/\" \/>\n<meta property=\"og:site_name\" content=\"NOT\u00cdCIAS EM TEMPO REAL\" \/>\n<meta property=\"article:publisher\" content=\"https:\/\/www.facebook.com\/maiobaotv\" \/>\n<meta property=\"article:published_time\" content=\"2021-03-20T10:28:46+00:00\" \/>\n<meta name=\"author\" content=\"maranhaotv\" \/>\n<meta name=\"twitter:card\" content=\"summary_large_image\" \/>\n<meta name=\"twitter:creator\" content=\"@sitemaranhaotv\" \/>\n<meta name=\"twitter:site\" content=\"@sitemaranhaotv\" \/>\n<meta name=\"twitter:label1\" content=\"Escrito por\" \/>\n\t<meta name=\"twitter:data1\" content=\"maranhaotv\" \/>\n\t<meta name=\"twitter:label2\" content=\"Est. tempo de leitura\" \/>\n\t<meta name=\"twitter:data2\" content=\"1 minuto\" \/>\n<script type=\"application\/ld+json\" class=\"yoast-schema-graph\">{\"@context\":\"https:\\\/\\\/schema.org\",\"@graph\":[{\"@type\":\"Article\",\"@id\":\"https:\\\/\\\/maranhaotv.com.br\\\/index.php\\\/2021\\\/03\\\/20\\\/dr-julinho-mascara-projeto-de-lei-que-vai-endividar-ribamar-em-r-30-milhoes\\\/#article\",\"isPartOf\":{\"@id\":\"https:\\\/\\\/maranhaotv.com.br\\\/index.php\\\/2021\\\/03\\\/20\\\/dr-julinho-mascara-projeto-de-lei-que-vai-endividar-ribamar-em-r-30-milhoes\\\/\"},\"author\":{\"name\":\"maranhaotv\",\"@id\":\"https:\\\/\\\/maranhaotv.com.br\\\/#\\\/schema\\\/person\\\/3d54238e86b20bb5c89ab2fdb8f8829a\"},\"headline\":\"Dr Julinho \u201cmascara\u201d projeto de lei que vai endividar Ribamar em R$ 30 milh\u00f5es\",\"datePublished\":\"2021-03-20T10:28:46+00:00\",\"mainEntityOfPage\":{\"@id\":\"https:\\\/\\\/maranhaotv.com.br\\\/index.php\\\/2021\\\/03\\\/20\\\/dr-julinho-mascara-projeto-de-lei-que-vai-endividar-ribamar-em-r-30-milhoes\\\/\"},\"wordCount\":309,\"commentCount\":0,\"publisher\":{\"@id\":\"https:\\\/\\\/maranhaotv.com.br\\\/#organization\"},\"image\":{\"@id\":\"https:\\\/\\\/maranhaotv.com.br\\\/index.php\\\/2021\\\/03\\\/20\\\/dr-julinho-mascara-projeto-de-lei-que-vai-endividar-ribamar-em-r-30-milhoes\\\/#primaryimage\"},\"thumbnailUrl\":\"\",\"articleSection\":[\"not\u00edcias\",\"pol\u00edtica\"],\"inLanguage\":\"pt-BR\",\"potentialAction\":[{\"@type\":\"CommentAction\",\"name\":\"Comment\",\"target\":[\"https:\\\/\\\/maranhaotv.com.br\\\/index.php\\\/2021\\\/03\\\/20\\\/dr-julinho-mascara-projeto-de-lei-que-vai-endividar-ribamar-em-r-30-milhoes\\\/#respond\"]}]},{\"@type\":\"WebPage\",\"@id\":\"https:\\\/\\\/maranhaotv.com.br\\\/index.php\\\/2021\\\/03\\\/20\\\/dr-julinho-mascara-projeto-de-lei-que-vai-endividar-ribamar-em-r-30-milhoes\\\/\",\"url\":\"https:\\\/\\\/maranhaotv.com.br\\\/index.php\\\/2021\\\/03\\\/20\\\/dr-julinho-mascara-projeto-de-lei-que-vai-endividar-ribamar-em-r-30-milhoes\\\/\",\"name\":\"Dr Julinho \u201cmascara\u201d projeto de lei que vai endividar Ribamar em R$ 30 milh\u00f5es - NOT\u00cdCIAS EM TEMPO REAL\",\"isPartOf\":{\"@id\":\"https:\\\/\\\/maranhaotv.com.br\\\/#website\"},\"primaryImageOfPage\":{\"@id\":\"https:\\\/\\\/maranhaotv.com.br\\\/index.php\\\/2021\\\/03\\\/20\\\/dr-julinho-mascara-projeto-de-lei-que-vai-endividar-ribamar-em-r-30-milhoes\\\/#primaryimage\"},\"image\":{\"@id\":\"https:\\\/\\\/maranhaotv.com.br\\\/index.php\\\/2021\\\/03\\\/20\\\/dr-julinho-mascara-projeto-de-lei-que-vai-endividar-ribamar-em-r-30-milhoes\\\/#primaryimage\"},\"thumbnailUrl\":\"\",\"datePublished\":\"2021-03-20T10:28:46+00:00\",\"breadcrumb\":{\"@id\":\"https:\\\/\\\/maranhaotv.com.br\\\/index.php\\\/2021\\\/03\\\/20\\\/dr-julinho-mascara-projeto-de-lei-que-vai-endividar-ribamar-em-r-30-milhoes\\\/#breadcrumb\"},\"inLanguage\":\"pt-BR\",\"potentialAction\":[{\"@type\":\"ReadAction\",\"target\":[\"https:\\\/\\\/maranhaotv.com.br\\\/index.php\\\/2021\\\/03\\\/20\\\/dr-julinho-mascara-projeto-de-lei-que-vai-endividar-ribamar-em-r-30-milhoes\\\/\"]}]},{\"@type\":\"ImageObject\",\"inLanguage\":\"pt-BR\",\"@id\":\"https:\\\/\\\/maranhaotv.com.br\\\/index.php\\\/2021\\\/03\\\/20\\\/dr-julinho-mascara-projeto-de-lei-que-vai-endividar-ribamar-em-r-30-milhoes\\\/#primaryimage\",\"url\":\"\",\"contentUrl\":\"\"},{\"@type\":\"BreadcrumbList\",\"@id\":\"https:\\\/\\\/maranhaotv.com.br\\\/index.php\\\/2021\\\/03\\\/20\\\/dr-julinho-mascara-projeto-de-lei-que-vai-endividar-ribamar-em-r-30-milhoes\\\/#breadcrumb\",\"itemListElement\":[{\"@type\":\"ListItem\",\"position\":1,\"name\":\"In\u00edcio\",\"item\":\"https:\\\/\\\/maranhaotv.com.br\\\/\"},{\"@type\":\"ListItem\",\"position\":2,\"name\":\"Dr Julinho \u201cmascara\u201d projeto de lei que vai endividar Ribamar em R$ 30 milh\u00f5es\"}]},{\"@type\":\"WebSite\",\"@id\":\"https:\\\/\\\/maranhaotv.com.br\\\/#website\",\"url\":\"https:\\\/\\\/maranhaotv.com.br\\\/\",\"name\":\"Maranh\u00e3oTV\",\"description\":\"\",\"publisher\":{\"@id\":\"https:\\\/\\\/maranhaotv.com.br\\\/#organization\"},\"potentialAction\":[{\"@type\":\"SearchAction\",\"target\":{\"@type\":\"EntryPoint\",\"urlTemplate\":\"https:\\\/\\\/maranhaotv.com.br\\\/?s={search_term_string}\"},\"query-input\":{\"@type\":\"PropertyValueSpecification\",\"valueRequired\":true,\"valueName\":\"search_term_string\"}}],\"inLanguage\":\"pt-BR\"},{\"@type\":\"Organization\",\"@id\":\"https:\\\/\\\/maranhaotv.com.br\\\/#organization\",\"name\":\"Portal de Not\u00edcias\",\"url\":\"https:\\\/\\\/maranhaotv.com.br\\\/\",\"logo\":{\"@type\":\"ImageObject\",\"inLanguage\":\"pt-BR\",\"@id\":\"https:\\\/\\\/maranhaotv.com.br\\\/#\\\/schema\\\/logo\\\/image\\\/\",\"url\":\"https:\\\/\\\/maranhaotv.com.br\\\/wp-content\\\/uploads\\\/2024\\\/05\\\/cropped-cropped-avatar-1.png\",\"contentUrl\":\"https:\\\/\\\/maranhaotv.com.br\\\/wp-content\\\/uploads\\\/2024\\\/05\\\/cropped-cropped-avatar-1.png\",\"width\":792,\"height\":428,\"caption\":\"Portal de Not\u00edcias\"},\"image\":{\"@id\":\"https:\\\/\\\/maranhaotv.com.br\\\/#\\\/schema\\\/logo\\\/image\\\/\"},\"sameAs\":[\"https:\\\/\\\/www.facebook.com\\\/maiobaotv\",\"https:\\\/\\\/x.com\\\/sitemaranhaotv\",\"https:\\\/\\\/www.instagram.com\\\/maranhao.tv\",\"https:\\\/\\\/www.threads.net\\\/@maranhao.tv\"]},{\"@type\":\"Person\",\"@id\":\"https:\\\/\\\/maranhaotv.com.br\\\/#\\\/schema\\\/person\\\/3d54238e86b20bb5c89ab2fdb8f8829a\",\"name\":\"maranhaotv\",\"image\":{\"@type\":\"ImageObject\",\"inLanguage\":\"pt-BR\",\"@id\":\"https:\\\/\\\/secure.gravatar.com\\\/avatar\\\/8fadbca458d4cb68b1dd399ae9a40618d747bb1af65ac9fad21c89220a143eb4?s=96&d=mm&r=g\",\"url\":\"https:\\\/\\\/secure.gravatar.com\\\/avatar\\\/8fadbca458d4cb68b1dd399ae9a40618d747bb1af65ac9fad21c89220a143eb4?s=96&d=mm&r=g\",\"contentUrl\":\"https:\\\/\\\/secure.gravatar.com\\\/avatar\\\/8fadbca458d4cb68b1dd399ae9a40618d747bb1af65ac9fad21c89220a143eb4?s=96&d=mm&r=g\",\"caption\":\"maranhaotv\"},\"sameAs\":[\"https:\\\/\\\/maranhaotv.com.br\\\/\"],\"url\":\"https:\\\/\\\/maranhaotv.com.br\\\/index.php\\\/author\\\/maranhaotv\\\/\"}]}<\/script>\n<!-- \/ Yoast SEO plugin. -->","yoast_head_json":{"title":"Dr Julinho \u201cmascara\u201d projeto de lei que vai endividar Ribamar em R$ 30 milh\u00f5es - NOT\u00cdCIAS EM TEMPO REAL","robots":{"index":"index","follow":"follow","max-snippet":"max-snippet:-1","max-image-preview":"max-image-preview:large","max-video-preview":"max-video-preview:-1"},"canonical":"https:\/\/maranhaotv.com.br\/index.php\/2021\/03\/20\/dr-julinho-mascara-projeto-de-lei-que-vai-endividar-ribamar-em-r-30-milhoes\/","og_locale":"pt_BR","og_type":"article","og_title":"Dr Julinho \u201cmascara\u201d projeto de lei que vai endividar Ribamar em R$ 30 milh\u00f5es - NOT\u00cdCIAS EM TEMPO REAL","og_description":"Projeto de Lei que prev\u00ea empr\u00e9stimo de R$ 30 milh\u00f5es n\u00e3o diz ruas nem bairros que ser\u00e3o beneficiados em Ribamar","og_url":"https:\/\/maranhaotv.com.br\/index.php\/2021\/03\/20\/dr-julinho-mascara-projeto-de-lei-que-vai-endividar-ribamar-em-r-30-milhoes\/","og_site_name":"NOT\u00cdCIAS EM TEMPO REAL","article_publisher":"https:\/\/www.facebook.com\/maiobaotv","article_published_time":"2021-03-20T10:28:46+00:00","author":"maranhaotv","twitter_card":"summary_large_image","twitter_creator":"@sitemaranhaotv","twitter_site":"@sitemaranhaotv","twitter_misc":{"Escrito por":"maranhaotv","Est. tempo de leitura":"1 minuto"},"schema":{"@context":"https:\/\/schema.org","@graph":[{"@type":"Article","@id":"https:\/\/maranhaotv.com.br\/index.php\/2021\/03\/20\/dr-julinho-mascara-projeto-de-lei-que-vai-endividar-ribamar-em-r-30-milhoes\/#article","isPartOf":{"@id":"https:\/\/maranhaotv.com.br\/index.php\/2021\/03\/20\/dr-julinho-mascara-projeto-de-lei-que-vai-endividar-ribamar-em-r-30-milhoes\/"},"author":{"name":"maranhaotv","@id":"https:\/\/maranhaotv.com.br\/#\/schema\/person\/3d54238e86b20bb5c89ab2fdb8f8829a"},"headline":"Dr Julinho \u201cmascara\u201d projeto de lei que vai endividar Ribamar em R$ 30 milh\u00f5es","datePublished":"2021-03-20T10:28:46+00:00","mainEntityOfPage":{"@id":"https:\/\/maranhaotv.com.br\/index.php\/2021\/03\/20\/dr-julinho-mascara-projeto-de-lei-que-vai-endividar-ribamar-em-r-30-milhoes\/"},"wordCount":309,"commentCount":0,"publisher":{"@id":"https:\/\/maranhaotv.com.br\/#organization"},"image":{"@id":"https:\/\/maranhaotv.com.br\/index.php\/2021\/03\/20\/dr-julinho-mascara-projeto-de-lei-que-vai-endividar-ribamar-em-r-30-milhoes\/#primaryimage"},"thumbnailUrl":"","articleSection":["not\u00edcias","pol\u00edtica"],"inLanguage":"pt-BR","potentialAction":[{"@type":"CommentAction","name":"Comment","target":["https:\/\/maranhaotv.com.br\/index.php\/2021\/03\/20\/dr-julinho-mascara-projeto-de-lei-que-vai-endividar-ribamar-em-r-30-milhoes\/#respond"]}]},{"@type":"WebPage","@id":"https:\/\/maranhaotv.com.br\/index.php\/2021\/03\/20\/dr-julinho-mascara-projeto-de-lei-que-vai-endividar-ribamar-em-r-30-milhoes\/","url":"https:\/\/maranhaotv.com.br\/index.php\/2021\/03\/20\/dr-julinho-mascara-projeto-de-lei-que-vai-endividar-ribamar-em-r-30-milhoes\/","name":"Dr Julinho \u201cmascara\u201d projeto de lei que vai endividar Ribamar em R$ 30 milh\u00f5es - NOT\u00cdCIAS EM TEMPO REAL","isPartOf":{"@id":"https:\/\/maranhaotv.com.br\/#website"},"primaryImageOfPage":{"@id":"https:\/\/maranhaotv.com.br\/index.php\/2021\/03\/20\/dr-julinho-mascara-projeto-de-lei-que-vai-endividar-ribamar-em-r-30-milhoes\/#primaryimage"},"image":{"@id":"https:\/\/maranhaotv.com.br\/index.php\/2021\/03\/20\/dr-julinho-mascara-projeto-de-lei-que-vai-endividar-ribamar-em-r-30-milhoes\/#primaryimage"},"thumbnailUrl":"","datePublished":"2021-03-20T10:28:46+00:00","breadcrumb":{"@id":"https:\/\/maranhaotv.com.br\/index.php\/2021\/03\/20\/dr-julinho-mascara-projeto-de-lei-que-vai-endividar-ribamar-em-r-30-milhoes\/#breadcrumb"},"inLanguage":"pt-BR","potentialAction":[{"@type":"ReadAction","target":["https:\/\/maranhaotv.com.br\/index.php\/2021\/03\/20\/dr-julinho-mascara-projeto-de-lei-que-vai-endividar-ribamar-em-r-30-milhoes\/"]}]},{"@type":"ImageObject","inLanguage":"pt-BR","@id":"https:\/\/maranhaotv.com.br\/index.php\/2021\/03\/20\/dr-julinho-mascara-projeto-de-lei-que-vai-endividar-ribamar-em-r-30-milhoes\/#primaryimage","url":"","contentUrl":""},{"@type":"BreadcrumbList","@id":"https:\/\/maranhaotv.com.br\/index.php\/2021\/03\/20\/dr-julinho-mascara-projeto-de-lei-que-vai-endividar-ribamar-em-r-30-milhoes\/#breadcrumb","itemListElement":[{"@type":"ListItem","position":1,"name":"In\u00edcio","item":"https:\/\/maranhaotv.com.br\/"},{"@type":"ListItem","position":2,"name":"Dr Julinho \u201cmascara\u201d projeto de lei que vai endividar Ribamar em R$ 30 milh\u00f5es"}]},{"@type":"WebSite","@id":"https:\/\/maranhaotv.com.br\/#website","url":"https:\/\/maranhaotv.com.br\/","name":"Maranh\u00e3oTV","description":"","publisher":{"@id":"https:\/\/maranhaotv.com.br\/#organization"},"potentialAction":[{"@type":"SearchAction","target":{"@type":"EntryPoint","urlTemplate":"https:\/\/maranhaotv.com.br\/?s={search_term_string}"},"query-input":{"@type":"PropertyValueSpecification","valueRequired":true,"valueName":"search_term_string"}}],"inLanguage":"pt-BR"},{"@type":"Organization","@id":"https:\/\/maranhaotv.com.br\/#organization","name":"Portal de Not\u00edcias","url":"https:\/\/maranhaotv.com.br\/","logo":{"@type":"ImageObject","inLanguage":"pt-BR","@id":"https:\/\/maranhaotv.com.br\/#\/schema\/logo\/image\/","url":"https:\/\/maranhaotv.com.br\/wp-content\/uploads\/2024\/05\/cropped-cropped-avatar-1.png","contentUrl":"https:\/\/maranhaotv.com.br\/wp-content\/uploads\/2024\/05\/cropped-cropped-avatar-1.png","width":792,"height":428,"caption":"Portal de Not\u00edcias"},"image":{"@id":"https:\/\/maranhaotv.com.br\/#\/schema\/logo\/image\/"},"sameAs":["https:\/\/www.facebook.com\/maiobaotv","https:\/\/x.com\/sitemaranhaotv","https:\/\/www.instagram.com\/maranhao.tv","https:\/\/www.threads.net\/@maranhao.tv"]},{"@type":"Person","@id":"https:\/\/maranhaotv.com.br\/#\/schema\/person\/3d54238e86b20bb5c89ab2fdb8f8829a","name":"maranhaotv","image":{"@type":"ImageObject","inLanguage":"pt-BR","@id":"https:\/\/secure.gravatar.com\/avatar\/8fadbca458d4cb68b1dd399ae9a40618d747bb1af65ac9fad21c89220a143eb4?s=96&d=mm&r=g","url":"https:\/\/secure.gravatar.com\/avatar\/8fadbca458d4cb68b1dd399ae9a40618d747bb1af65ac9fad21c89220a143eb4?s=96&d=mm&r=g","contentUrl":"https:\/\/secure.gravatar.com\/avatar\/8fadbca458d4cb68b1dd399ae9a40618d747bb1af65ac9fad21c89220a143eb4?s=96&d=mm&r=g","caption":"maranhaotv"},"sameAs":["https:\/\/maranhaotv.com.br\/"],"url":"https:\/\/maranhaotv.com.br\/index.php\/author\/maranhaotv\/"}]}},"jetpack_featured_media_url":"","jetpack_sharing_enabled":true,"_links":{"self":[{"href":"https:\/\/maranhaotv.com.br\/index.php\/wp-json\/wp\/v2\/posts\/19921","targetHints":{"allow":["GET"]}}],"collection":[{"href":"https:\/\/maranhaotv.com.br\/index.php\/wp-json\/wp\/v2\/posts"}],"about":[{"href":"https:\/\/maranhaotv.com.br\/index.php\/wp-json\/wp\/v2\/types\/post"}],"author":[{"embeddable":true,"href":"https:\/\/maranhaotv.com.br\/index.php\/wp-json\/wp\/v2\/users\/2"}],"replies":[{"embeddable":true,"href":"https:\/\/maranhaotv.com.br\/index.php\/wp-json\/wp\/v2\/comments?post=19921"}],"version-history":[{"count":0,"href":"https:\/\/maranhaotv.com.br\/index.php\/wp-json\/wp\/v2\/posts\/19921\/revisions"}],"wp:featuredmedia":[{"embeddable":true,"href":"https:\/\/maranhaotv.com.br\/index.php\/wp-json\/"}],"wp:attachment":[{"href":"https:\/\/maranhaotv.com.br\/index.php\/wp-json\/wp\/v2\/media?parent=19921"}],"wp:term":[{"taxonomy":"category","embeddable":true,"href":"https:\/\/maranhaotv.com.br\/index.php\/wp-json\/wp\/v2\/categories?post=19921"},{"taxonomy":"post_tag","embeddable":true,"href":"https:\/\/maranhaotv.com.br\/index.php\/wp-json\/wp\/v2\/tags?post=19921"}],"curies":[{"name":"wp","href":"https:\/\/api.w.org\/{rel}","templated":true}]}}