{"id":19971,"date":"2021-03-23T11:07:27","date_gmt":"2021-03-23T14:07:27","guid":{"rendered":"https:\/\/maranhaotv.com.br\/?p=19971"},"modified":"2021-03-23T11:07:27","modified_gmt":"2021-03-23T14:07:27","slug":"denuncia-moradores-da-vila-cafeteira-cobram-da-prefeita-paula-e-do-vice-inaldo-solucao-na-precariedade-que-estao-vivendo","status":"publish","type":"post","link":"https:\/\/maranhaotv.com.br\/index.php\/2021\/03\/23\/denuncia-moradores-da-vila-cafeteira-cobram-da-prefeita-paula-e-do-vice-inaldo-solucao-na-precariedade-que-estao-vivendo\/","title":{"rendered":"Den\u00fancia: Moradores da Vila Cafeteira cobram da prefeita Paula e do vice Inaldo solu\u00e7\u00e3o na precariedade que est\u00e3o vivendo"},"content":{"rendered":"\n<p>Ruas intrafeg\u00e1veis e sem ilumina\u00e7\u00e3o p\u00fablica s\u00e3o as principais reclama\u00e7\u00f5es dos moradores. A comunidade tinha o vice prefeito Inaldo Pereira como vizinho da rua citada no v\u00eddeo, mas assim que ganhou a elei\u00e7\u00e3o tratou logo de mudar de bairro, e al\u00e9m do vice, tamb\u00e9m tem o vereador Rafael Neves na comunidade, que at\u00e9 hoje n\u00e3o cobrou nada sobre melhoras no bairro, segundo a den\u00fancia dos moradores.<\/p>\n\n\n\n<p>\u201cDurante a campanha o Inaldo Pereira veio aqui na rua, fez in\u00fameras promessas, disse que olharia pela rua 5 que nunca viu um asfalto, mas ap\u00f3s ter vencido as elei\u00e7\u00f5es fez o mesmo que os outros\u201d, disse moradora.<\/p>\n\n\n\n<figure class=\"wp-block-image size-large\"><img decoding=\"async\" src=\"https:\/\/maranhaotv.com.br\/wp-content\/uploads\/2021\/03\/42d9fa0e-888a-4cba-8fd2-06b8cf0de0bb-1024x628.jpg\" alt=\"\" class=\"wp-image-19973\"\/><figcaption>Inaldo Pereira, vice prefeito ganhou a elei\u00e7\u00e3o e mudou de bairro<\/figcaption><\/figure>\n\n\n\n<figure class=\"wp-block-embed is-type-video is-provider-youtube wp-block-embed-youtube wp-embed-aspect-4-3 wp-has-aspect-ratio\"><div class=\"wp-block-embed__wrapper\">\n<iframe loading=\"lazy\" title=\"Rua 05 (dia) Vila Cafeteira\" width=\"800\" height=\"600\" src=\"https:\/\/www.youtube.com\/embed\/WsYk76oNdEQ?feature=oembed\" frameborder=\"0\" allow=\"accelerometer; autoplay; clipboard-write; encrypted-media; gyroscope; picture-in-picture; web-share\" referrerpolicy=\"strict-origin-when-cross-origin\" allowfullscreen><\/iframe>\n<\/div><\/figure>\n\n\n\n<p><\/p>\n\n\n\n<figure class=\"wp-block-embed is-type-video is-provider-youtube wp-block-embed-youtube wp-embed-aspect-4-3 wp-has-aspect-ratio\"><div class=\"wp-block-embed__wrapper\">\n<iframe loading=\"lazy\" title=\"Rua 05 Vila Cafeteira\" width=\"800\" height=\"600\" src=\"https:\/\/www.youtube.com\/embed\/A_ZRNw_hxug?feature=oembed\" frameborder=\"0\" allow=\"accelerometer; autoplay; clipboard-write; encrypted-media; gyroscope; picture-in-picture; web-share\" referrerpolicy=\"strict-origin-when-cross-origin\" allowfullscreen><\/iframe>\n<\/div><\/figure>\n\n\n\n<figure class=\"wp-block-image size-large\"><img decoding=\"async\" src=\"https:\/\/maranhaotv.com.br\/wp-content\/uploads\/2021\/03\/8ff707f9-6adf-451e-852f-1432c5c69aef-1024x1024.jpg\" alt=\"\" class=\"wp-image-19972\"\/><\/figure>\n\n\n\n<figure class=\"wp-block-image size-large\"><img decoding=\"async\" src=\"https:\/\/maranhaotv.com.br\/wp-content\/uploads\/2021\/03\/c9525514-31f4-4df7-bfe3-cb3f85857f41-1.jpg\" alt=\"\" class=\"wp-image-19974\"\/><figcaption>Imagens da rua 05 da Vila Cafeteira<\/figcaption><\/figure>\n","protected":false},"excerpt":{"rendered":"<p>Ruas intrafeg\u00e1veis e sem ilumina\u00e7\u00e3o p\u00fablica s\u00e3o as principais reclama\u00e7\u00f5es dos moradores. A comunidade tinha o vice prefeito Inaldo Pereira<\/p>\n","protected":false},"author":2,"featured_media":19972,"comment_status":"open","ping_status":"open","sticky":false,"template":"","format":"standard","meta":{"colormag_page_container_layout":"default_layout","colormag_page_sidebar_layout":"default_layout","_jetpack_memberships_contains_paid_content":false,"footnotes":""},"categories":[23],"tags":[],"class_list":["post-19971","post","type-post","status-publish","format-standard","has-post-thumbnail","hentry","category-denuncia"],"magazineBlocksPostFeaturedMedia":{"thumbnail":false,"medium":false,"medium_large":false,"large":false,"1536x1536":false,"2048x2048":false,"colormag-highlighted-post":false,"colormag-featured-post-medium":false,"colormag-featured-post-small":false,"colormag-featured-image":false,"colormag-default-news":false,"colormag-featured-image-large":false},"magazineBlocksPostAuthor":{"name":"maranhaotv","avatar":"https:\/\/secure.gravatar.com\/avatar\/8fadbca458d4cb68b1dd399ae9a40618d747bb1af65ac9fad21c89220a143eb4?s=96&d=mm&r=g"},"magazineBlocksPostCommentsNumber":"0","magazineBlocksPostExcerpt":"Ruas intrafeg\u00e1veis e sem ilumina\u00e7\u00e3o p\u00fablica s\u00e3o as principais reclama\u00e7\u00f5es dos moradores. A comunidade tinha o vice prefeito Inaldo Pereira","magazineBlocksPostCategories":["den\u00fancia"],"magazineBlocksPostViewCount":411,"magazineBlocksPostReadTime":1,"magazine_blocks_featured_image_url":{"full":false,"medium":false,"thumbnail":false},"magazine_blocks_author":{"display_name":"maranhaotv","author_link":"https:\/\/maranhaotv.com.br\/index.php\/author\/maranhaotv\/"},"magazine_blocks_comment":0,"magazine_blocks_author_image":"https:\/\/secure.gravatar.com\/avatar\/8fadbca458d4cb68b1dd399ae9a40618d747bb1af65ac9fad21c89220a143eb4?s=96&d=mm&r=g","magazine_blocks_category":"<a href=\"#\" class=\"category-link category-link-23\">den\u00fancia<\/a>","yoast_head":"<!-- This site is optimized with the Yoast SEO plugin v27.4 - https:\/\/yoast.com\/product\/yoast-seo-wordpress\/ -->\n<title>Den\u00fancia: Moradores da Vila Cafeteira cobram da prefeita Paula e do vice Inaldo solu\u00e7\u00e3o na precariedade que est\u00e3o vivendo - NOT\u00cdCIAS EM TEMPO REAL<\/title>\n<meta name=\"robots\" content=\"index, follow, max-snippet:-1, max-image-preview:large, max-video-preview:-1\" \/>\n<link rel=\"canonical\" href=\"https:\/\/maranhaotv.com.br\/index.php\/2021\/03\/23\/denuncia-moradores-da-vila-cafeteira-cobram-da-prefeita-paula-e-do-vice-inaldo-solucao-na-precariedade-que-estao-vivendo\/\" \/>\n<meta property=\"og:locale\" content=\"pt_BR\" \/>\n<meta property=\"og:type\" content=\"article\" \/>\n<meta property=\"og:title\" content=\"Den\u00fancia: Moradores da Vila Cafeteira cobram da prefeita Paula e do vice Inaldo solu\u00e7\u00e3o na precariedade que est\u00e3o vivendo - NOT\u00cdCIAS EM TEMPO REAL\" \/>\n<meta property=\"og:description\" content=\"Ruas intrafeg\u00e1veis e sem ilumina\u00e7\u00e3o p\u00fablica s\u00e3o as principais reclama\u00e7\u00f5es dos moradores. A comunidade tinha o vice prefeito Inaldo Pereira\" \/>\n<meta property=\"og:url\" content=\"https:\/\/maranhaotv.com.br\/index.php\/2021\/03\/23\/denuncia-moradores-da-vila-cafeteira-cobram-da-prefeita-paula-e-do-vice-inaldo-solucao-na-precariedade-que-estao-vivendo\/\" \/>\n<meta property=\"og:site_name\" content=\"NOT\u00cdCIAS EM TEMPO REAL\" \/>\n<meta property=\"article:publisher\" content=\"https:\/\/www.facebook.com\/maiobaotv\" \/>\n<meta property=\"article:published_time\" content=\"2021-03-23T14:07:27+00:00\" \/>\n<meta name=\"author\" content=\"maranhaotv\" \/>\n<meta name=\"twitter:card\" content=\"summary_large_image\" \/>\n<meta name=\"twitter:creator\" content=\"@sitemaranhaotv\" \/>\n<meta name=\"twitter:site\" content=\"@sitemaranhaotv\" \/>\n<meta name=\"twitter:label1\" content=\"Escrito por\" \/>\n\t<meta name=\"twitter:data1\" content=\"maranhaotv\" \/>\n\t<meta name=\"twitter:label2\" content=\"Est. tempo de leitura\" \/>\n\t<meta name=\"twitter:data2\" content=\"2 minutos\" \/>\n<script type=\"application\/ld+json\" class=\"yoast-schema-graph\">{\"@context\":\"https:\\\/\\\/schema.org\",\"@graph\":[{\"@type\":\"Article\",\"@id\":\"https:\\\/\\\/maranhaotv.com.br\\\/index.php\\\/2021\\\/03\\\/23\\\/denuncia-moradores-da-vila-cafeteira-cobram-da-prefeita-paula-e-do-vice-inaldo-solucao-na-precariedade-que-estao-vivendo\\\/#article\",\"isPartOf\":{\"@id\":\"https:\\\/\\\/maranhaotv.com.br\\\/index.php\\\/2021\\\/03\\\/23\\\/denuncia-moradores-da-vila-cafeteira-cobram-da-prefeita-paula-e-do-vice-inaldo-solucao-na-precariedade-que-estao-vivendo\\\/\"},\"author\":{\"name\":\"maranhaotv\",\"@id\":\"https:\\\/\\\/maranhaotv.com.br\\\/#\\\/schema\\\/person\\\/3d54238e86b20bb5c89ab2fdb8f8829a\"},\"headline\":\"Den\u00fancia: Moradores da Vila Cafeteira cobram da prefeita Paula e do vice Inaldo solu\u00e7\u00e3o na precariedade que est\u00e3o vivendo\",\"datePublished\":\"2021-03-23T14:07:27+00:00\",\"mainEntityOfPage\":{\"@id\":\"https:\\\/\\\/maranhaotv.com.br\\\/index.php\\\/2021\\\/03\\\/23\\\/denuncia-moradores-da-vila-cafeteira-cobram-da-prefeita-paula-e-do-vice-inaldo-solucao-na-precariedade-que-estao-vivendo\\\/\"},\"wordCount\":168,\"commentCount\":0,\"publisher\":{\"@id\":\"https:\\\/\\\/maranhaotv.com.br\\\/#organization\"},\"image\":{\"@id\":\"https:\\\/\\\/maranhaotv.com.br\\\/index.php\\\/2021\\\/03\\\/23\\\/denuncia-moradores-da-vila-cafeteira-cobram-da-prefeita-paula-e-do-vice-inaldo-solucao-na-precariedade-que-estao-vivendo\\\/#primaryimage\"},\"thumbnailUrl\":\"\",\"articleSection\":[\"den\u00fancia\"],\"inLanguage\":\"pt-BR\",\"potentialAction\":[{\"@type\":\"CommentAction\",\"name\":\"Comment\",\"target\":[\"https:\\\/\\\/maranhaotv.com.br\\\/index.php\\\/2021\\\/03\\\/23\\\/denuncia-moradores-da-vila-cafeteira-cobram-da-prefeita-paula-e-do-vice-inaldo-solucao-na-precariedade-que-estao-vivendo\\\/#respond\"]}]},{\"@type\":\"WebPage\",\"@id\":\"https:\\\/\\\/maranhaotv.com.br\\\/index.php\\\/2021\\\/03\\\/23\\\/denuncia-moradores-da-vila-cafeteira-cobram-da-prefeita-paula-e-do-vice-inaldo-solucao-na-precariedade-que-estao-vivendo\\\/\",\"url\":\"https:\\\/\\\/maranhaotv.com.br\\\/index.php\\\/2021\\\/03\\\/23\\\/denuncia-moradores-da-vila-cafeteira-cobram-da-prefeita-paula-e-do-vice-inaldo-solucao-na-precariedade-que-estao-vivendo\\\/\",\"name\":\"Den\u00fancia: Moradores da Vila Cafeteira cobram da prefeita Paula e do vice Inaldo solu\u00e7\u00e3o na precariedade que est\u00e3o vivendo - NOT\u00cdCIAS EM TEMPO REAL\",\"isPartOf\":{\"@id\":\"https:\\\/\\\/maranhaotv.com.br\\\/#website\"},\"primaryImageOfPage\":{\"@id\":\"https:\\\/\\\/maranhaotv.com.br\\\/index.php\\\/2021\\\/03\\\/23\\\/denuncia-moradores-da-vila-cafeteira-cobram-da-prefeita-paula-e-do-vice-inaldo-solucao-na-precariedade-que-estao-vivendo\\\/#primaryimage\"},\"image\":{\"@id\":\"https:\\\/\\\/maranhaotv.com.br\\\/index.php\\\/2021\\\/03\\\/23\\\/denuncia-moradores-da-vila-cafeteira-cobram-da-prefeita-paula-e-do-vice-inaldo-solucao-na-precariedade-que-estao-vivendo\\\/#primaryimage\"},\"thumbnailUrl\":\"\",\"datePublished\":\"2021-03-23T14:07:27+00:00\",\"breadcrumb\":{\"@id\":\"https:\\\/\\\/maranhaotv.com.br\\\/index.php\\\/2021\\\/03\\\/23\\\/denuncia-moradores-da-vila-cafeteira-cobram-da-prefeita-paula-e-do-vice-inaldo-solucao-na-precariedade-que-estao-vivendo\\\/#breadcrumb\"},\"inLanguage\":\"pt-BR\",\"potentialAction\":[{\"@type\":\"ReadAction\",\"target\":[\"https:\\\/\\\/maranhaotv.com.br\\\/index.php\\\/2021\\\/03\\\/23\\\/denuncia-moradores-da-vila-cafeteira-cobram-da-prefeita-paula-e-do-vice-inaldo-solucao-na-precariedade-que-estao-vivendo\\\/\"]}]},{\"@type\":\"ImageObject\",\"inLanguage\":\"pt-BR\",\"@id\":\"https:\\\/\\\/maranhaotv.com.br\\\/index.php\\\/2021\\\/03\\\/23\\\/denuncia-moradores-da-vila-cafeteira-cobram-da-prefeita-paula-e-do-vice-inaldo-solucao-na-precariedade-que-estao-vivendo\\\/#primaryimage\",\"url\":\"\",\"contentUrl\":\"\"},{\"@type\":\"BreadcrumbList\",\"@id\":\"https:\\\/\\\/maranhaotv.com.br\\\/index.php\\\/2021\\\/03\\\/23\\\/denuncia-moradores-da-vila-cafeteira-cobram-da-prefeita-paula-e-do-vice-inaldo-solucao-na-precariedade-que-estao-vivendo\\\/#breadcrumb\",\"itemListElement\":[{\"@type\":\"ListItem\",\"position\":1,\"name\":\"In\u00edcio\",\"item\":\"https:\\\/\\\/maranhaotv.com.br\\\/\"},{\"@type\":\"ListItem\",\"position\":2,\"name\":\"Den\u00fancia: Moradores da Vila Cafeteira cobram da prefeita Paula e do vice Inaldo solu\u00e7\u00e3o na precariedade que est\u00e3o vivendo\"}]},{\"@type\":\"WebSite\",\"@id\":\"https:\\\/\\\/maranhaotv.com.br\\\/#website\",\"url\":\"https:\\\/\\\/maranhaotv.com.br\\\/\",\"name\":\"Maranh\u00e3oTV\",\"description\":\"\",\"publisher\":{\"@id\":\"https:\\\/\\\/maranhaotv.com.br\\\/#organization\"},\"potentialAction\":[{\"@type\":\"SearchAction\",\"target\":{\"@type\":\"EntryPoint\",\"urlTemplate\":\"https:\\\/\\\/maranhaotv.com.br\\\/?s={search_term_string}\"},\"query-input\":{\"@type\":\"PropertyValueSpecification\",\"valueRequired\":true,\"valueName\":\"search_term_string\"}}],\"inLanguage\":\"pt-BR\"},{\"@type\":\"Organization\",\"@id\":\"https:\\\/\\\/maranhaotv.com.br\\\/#organization\",\"name\":\"Portal de Not\u00edcias\",\"url\":\"https:\\\/\\\/maranhaotv.com.br\\\/\",\"logo\":{\"@type\":\"ImageObject\",\"inLanguage\":\"pt-BR\",\"@id\":\"https:\\\/\\\/maranhaotv.com.br\\\/#\\\/schema\\\/logo\\\/image\\\/\",\"url\":\"https:\\\/\\\/maranhaotv.com.br\\\/wp-content\\\/uploads\\\/2024\\\/05\\\/cropped-cropped-avatar-1.png\",\"contentUrl\":\"https:\\\/\\\/maranhaotv.com.br\\\/wp-content\\\/uploads\\\/2024\\\/05\\\/cropped-cropped-avatar-1.png\",\"width\":792,\"height\":428,\"caption\":\"Portal de Not\u00edcias\"},\"image\":{\"@id\":\"https:\\\/\\\/maranhaotv.com.br\\\/#\\\/schema\\\/logo\\\/image\\\/\"},\"sameAs\":[\"https:\\\/\\\/www.facebook.com\\\/maiobaotv\",\"https:\\\/\\\/x.com\\\/sitemaranhaotv\",\"https:\\\/\\\/www.instagram.com\\\/maranhao.tv\",\"https:\\\/\\\/www.threads.net\\\/@maranhao.tv\"]},{\"@type\":\"Person\",\"@id\":\"https:\\\/\\\/maranhaotv.com.br\\\/#\\\/schema\\\/person\\\/3d54238e86b20bb5c89ab2fdb8f8829a\",\"name\":\"maranhaotv\",\"image\":{\"@type\":\"ImageObject\",\"inLanguage\":\"pt-BR\",\"@id\":\"https:\\\/\\\/secure.gravatar.com\\\/avatar\\\/8fadbca458d4cb68b1dd399ae9a40618d747bb1af65ac9fad21c89220a143eb4?s=96&d=mm&r=g\",\"url\":\"https:\\\/\\\/secure.gravatar.com\\\/avatar\\\/8fadbca458d4cb68b1dd399ae9a40618d747bb1af65ac9fad21c89220a143eb4?s=96&d=mm&r=g\",\"contentUrl\":\"https:\\\/\\\/secure.gravatar.com\\\/avatar\\\/8fadbca458d4cb68b1dd399ae9a40618d747bb1af65ac9fad21c89220a143eb4?s=96&d=mm&r=g\",\"caption\":\"maranhaotv\"},\"sameAs\":[\"https:\\\/\\\/maranhaotv.com.br\\\/\"],\"url\":\"https:\\\/\\\/maranhaotv.com.br\\\/index.php\\\/author\\\/maranhaotv\\\/\"}]}<\/script>\n<!-- \/ Yoast SEO plugin. -->","yoast_head_json":{"title":"Den\u00fancia: Moradores da Vila Cafeteira cobram da prefeita Paula e do vice Inaldo solu\u00e7\u00e3o na precariedade que est\u00e3o vivendo - NOT\u00cdCIAS EM TEMPO REAL","robots":{"index":"index","follow":"follow","max-snippet":"max-snippet:-1","max-image-preview":"max-image-preview:large","max-video-preview":"max-video-preview:-1"},"canonical":"https:\/\/maranhaotv.com.br\/index.php\/2021\/03\/23\/denuncia-moradores-da-vila-cafeteira-cobram-da-prefeita-paula-e-do-vice-inaldo-solucao-na-precariedade-que-estao-vivendo\/","og_locale":"pt_BR","og_type":"article","og_title":"Den\u00fancia: Moradores da Vila Cafeteira cobram da prefeita Paula e do vice Inaldo solu\u00e7\u00e3o na precariedade que est\u00e3o vivendo - NOT\u00cdCIAS EM TEMPO REAL","og_description":"Ruas intrafeg\u00e1veis e sem ilumina\u00e7\u00e3o p\u00fablica s\u00e3o as principais reclama\u00e7\u00f5es dos moradores. A comunidade tinha o vice prefeito Inaldo Pereira","og_url":"https:\/\/maranhaotv.com.br\/index.php\/2021\/03\/23\/denuncia-moradores-da-vila-cafeteira-cobram-da-prefeita-paula-e-do-vice-inaldo-solucao-na-precariedade-que-estao-vivendo\/","og_site_name":"NOT\u00cdCIAS EM TEMPO REAL","article_publisher":"https:\/\/www.facebook.com\/maiobaotv","article_published_time":"2021-03-23T14:07:27+00:00","author":"maranhaotv","twitter_card":"summary_large_image","twitter_creator":"@sitemaranhaotv","twitter_site":"@sitemaranhaotv","twitter_misc":{"Escrito por":"maranhaotv","Est. tempo de leitura":"2 minutos"},"schema":{"@context":"https:\/\/schema.org","@graph":[{"@type":"Article","@id":"https:\/\/maranhaotv.com.br\/index.php\/2021\/03\/23\/denuncia-moradores-da-vila-cafeteira-cobram-da-prefeita-paula-e-do-vice-inaldo-solucao-na-precariedade-que-estao-vivendo\/#article","isPartOf":{"@id":"https:\/\/maranhaotv.com.br\/index.php\/2021\/03\/23\/denuncia-moradores-da-vila-cafeteira-cobram-da-prefeita-paula-e-do-vice-inaldo-solucao-na-precariedade-que-estao-vivendo\/"},"author":{"name":"maranhaotv","@id":"https:\/\/maranhaotv.com.br\/#\/schema\/person\/3d54238e86b20bb5c89ab2fdb8f8829a"},"headline":"Den\u00fancia: Moradores da Vila Cafeteira cobram da prefeita Paula e do vice Inaldo solu\u00e7\u00e3o na precariedade que est\u00e3o vivendo","datePublished":"2021-03-23T14:07:27+00:00","mainEntityOfPage":{"@id":"https:\/\/maranhaotv.com.br\/index.php\/2021\/03\/23\/denuncia-moradores-da-vila-cafeteira-cobram-da-prefeita-paula-e-do-vice-inaldo-solucao-na-precariedade-que-estao-vivendo\/"},"wordCount":168,"commentCount":0,"publisher":{"@id":"https:\/\/maranhaotv.com.br\/#organization"},"image":{"@id":"https:\/\/maranhaotv.com.br\/index.php\/2021\/03\/23\/denuncia-moradores-da-vila-cafeteira-cobram-da-prefeita-paula-e-do-vice-inaldo-solucao-na-precariedade-que-estao-vivendo\/#primaryimage"},"thumbnailUrl":"","articleSection":["den\u00fancia"],"inLanguage":"pt-BR","potentialAction":[{"@type":"CommentAction","name":"Comment","target":["https:\/\/maranhaotv.com.br\/index.php\/2021\/03\/23\/denuncia-moradores-da-vila-cafeteira-cobram-da-prefeita-paula-e-do-vice-inaldo-solucao-na-precariedade-que-estao-vivendo\/#respond"]}]},{"@type":"WebPage","@id":"https:\/\/maranhaotv.com.br\/index.php\/2021\/03\/23\/denuncia-moradores-da-vila-cafeteira-cobram-da-prefeita-paula-e-do-vice-inaldo-solucao-na-precariedade-que-estao-vivendo\/","url":"https:\/\/maranhaotv.com.br\/index.php\/2021\/03\/23\/denuncia-moradores-da-vila-cafeteira-cobram-da-prefeita-paula-e-do-vice-inaldo-solucao-na-precariedade-que-estao-vivendo\/","name":"Den\u00fancia: Moradores da Vila Cafeteira cobram da prefeita Paula e do vice Inaldo solu\u00e7\u00e3o na precariedade que est\u00e3o vivendo - NOT\u00cdCIAS EM TEMPO REAL","isPartOf":{"@id":"https:\/\/maranhaotv.com.br\/#website"},"primaryImageOfPage":{"@id":"https:\/\/maranhaotv.com.br\/index.php\/2021\/03\/23\/denuncia-moradores-da-vila-cafeteira-cobram-da-prefeita-paula-e-do-vice-inaldo-solucao-na-precariedade-que-estao-vivendo\/#primaryimage"},"image":{"@id":"https:\/\/maranhaotv.com.br\/index.php\/2021\/03\/23\/denuncia-moradores-da-vila-cafeteira-cobram-da-prefeita-paula-e-do-vice-inaldo-solucao-na-precariedade-que-estao-vivendo\/#primaryimage"},"thumbnailUrl":"","datePublished":"2021-03-23T14:07:27+00:00","breadcrumb":{"@id":"https:\/\/maranhaotv.com.br\/index.php\/2021\/03\/23\/denuncia-moradores-da-vila-cafeteira-cobram-da-prefeita-paula-e-do-vice-inaldo-solucao-na-precariedade-que-estao-vivendo\/#breadcrumb"},"inLanguage":"pt-BR","potentialAction":[{"@type":"ReadAction","target":["https:\/\/maranhaotv.com.br\/index.php\/2021\/03\/23\/denuncia-moradores-da-vila-cafeteira-cobram-da-prefeita-paula-e-do-vice-inaldo-solucao-na-precariedade-que-estao-vivendo\/"]}]},{"@type":"ImageObject","inLanguage":"pt-BR","@id":"https:\/\/maranhaotv.com.br\/index.php\/2021\/03\/23\/denuncia-moradores-da-vila-cafeteira-cobram-da-prefeita-paula-e-do-vice-inaldo-solucao-na-precariedade-que-estao-vivendo\/#primaryimage","url":"","contentUrl":""},{"@type":"BreadcrumbList","@id":"https:\/\/maranhaotv.com.br\/index.php\/2021\/03\/23\/denuncia-moradores-da-vila-cafeteira-cobram-da-prefeita-paula-e-do-vice-inaldo-solucao-na-precariedade-que-estao-vivendo\/#breadcrumb","itemListElement":[{"@type":"ListItem","position":1,"name":"In\u00edcio","item":"https:\/\/maranhaotv.com.br\/"},{"@type":"ListItem","position":2,"name":"Den\u00fancia: Moradores da Vila Cafeteira cobram da prefeita Paula e do vice Inaldo solu\u00e7\u00e3o na precariedade que est\u00e3o vivendo"}]},{"@type":"WebSite","@id":"https:\/\/maranhaotv.com.br\/#website","url":"https:\/\/maranhaotv.com.br\/","name":"Maranh\u00e3oTV","description":"","publisher":{"@id":"https:\/\/maranhaotv.com.br\/#organization"},"potentialAction":[{"@type":"SearchAction","target":{"@type":"EntryPoint","urlTemplate":"https:\/\/maranhaotv.com.br\/?s={search_term_string}"},"query-input":{"@type":"PropertyValueSpecification","valueRequired":true,"valueName":"search_term_string"}}],"inLanguage":"pt-BR"},{"@type":"Organization","@id":"https:\/\/maranhaotv.com.br\/#organization","name":"Portal de Not\u00edcias","url":"https:\/\/maranhaotv.com.br\/","logo":{"@type":"ImageObject","inLanguage":"pt-BR","@id":"https:\/\/maranhaotv.com.br\/#\/schema\/logo\/image\/","url":"https:\/\/maranhaotv.com.br\/wp-content\/uploads\/2024\/05\/cropped-cropped-avatar-1.png","contentUrl":"https:\/\/maranhaotv.com.br\/wp-content\/uploads\/2024\/05\/cropped-cropped-avatar-1.png","width":792,"height":428,"caption":"Portal de Not\u00edcias"},"image":{"@id":"https:\/\/maranhaotv.com.br\/#\/schema\/logo\/image\/"},"sameAs":["https:\/\/www.facebook.com\/maiobaotv","https:\/\/x.com\/sitemaranhaotv","https:\/\/www.instagram.com\/maranhao.tv","https:\/\/www.threads.net\/@maranhao.tv"]},{"@type":"Person","@id":"https:\/\/maranhaotv.com.br\/#\/schema\/person\/3d54238e86b20bb5c89ab2fdb8f8829a","name":"maranhaotv","image":{"@type":"ImageObject","inLanguage":"pt-BR","@id":"https:\/\/secure.gravatar.com\/avatar\/8fadbca458d4cb68b1dd399ae9a40618d747bb1af65ac9fad21c89220a143eb4?s=96&d=mm&r=g","url":"https:\/\/secure.gravatar.com\/avatar\/8fadbca458d4cb68b1dd399ae9a40618d747bb1af65ac9fad21c89220a143eb4?s=96&d=mm&r=g","contentUrl":"https:\/\/secure.gravatar.com\/avatar\/8fadbca458d4cb68b1dd399ae9a40618d747bb1af65ac9fad21c89220a143eb4?s=96&d=mm&r=g","caption":"maranhaotv"},"sameAs":["https:\/\/maranhaotv.com.br\/"],"url":"https:\/\/maranhaotv.com.br\/index.php\/author\/maranhaotv\/"}]}},"jetpack_featured_media_url":"","jetpack_sharing_enabled":true,"_links":{"self":[{"href":"https:\/\/maranhaotv.com.br\/index.php\/wp-json\/wp\/v2\/posts\/19971","targetHints":{"allow":["GET"]}}],"collection":[{"href":"https:\/\/maranhaotv.com.br\/index.php\/wp-json\/wp\/v2\/posts"}],"about":[{"href":"https:\/\/maranhaotv.com.br\/index.php\/wp-json\/wp\/v2\/types\/post"}],"author":[{"embeddable":true,"href":"https:\/\/maranhaotv.com.br\/index.php\/wp-json\/wp\/v2\/users\/2"}],"replies":[{"embeddable":true,"href":"https:\/\/maranhaotv.com.br\/index.php\/wp-json\/wp\/v2\/comments?post=19971"}],"version-history":[{"count":0,"href":"https:\/\/maranhaotv.com.br\/index.php\/wp-json\/wp\/v2\/posts\/19971\/revisions"}],"wp:featuredmedia":[{"embeddable":true,"href":"https:\/\/maranhaotv.com.br\/index.php\/wp-json\/"}],"wp:attachment":[{"href":"https:\/\/maranhaotv.com.br\/index.php\/wp-json\/wp\/v2\/media?parent=19971"}],"wp:term":[{"taxonomy":"category","embeddable":true,"href":"https:\/\/maranhaotv.com.br\/index.php\/wp-json\/wp\/v2\/categories?post=19971"},{"taxonomy":"post_tag","embeddable":true,"href":"https:\/\/maranhaotv.com.br\/index.php\/wp-json\/wp\/v2\/tags?post=19971"}],"curies":[{"name":"wp","href":"https:\/\/api.w.org\/{rel}","templated":true}]}}