{"id":19990,"date":"2021-03-24T10:48:20","date_gmt":"2021-03-24T13:48:20","guid":{"rendered":"https:\/\/maranhaotv.com.br\/?p=19990"},"modified":"2021-03-24T10:48:20","modified_gmt":"2021-03-24T13:48:20","slug":"viana-o-diferencial-da-ver-meirinha-enfermeira-na-camara-de-vereadores-em-tempos-de-pandemia","status":"publish","type":"post","link":"https:\/\/maranhaotv.com.br\/index.php\/2021\/03\/24\/viana-o-diferencial-da-ver-meirinha-enfermeira-na-camara-de-vereadores-em-tempos-de-pandemia\/","title":{"rendered":"Viana: O diferencial da Ver. Meirinha, Enfermeira na C\u00e2mara de Vereadores em tempos de Pandemia"},"content":{"rendered":"\n<p>Eleita em seu primeiro mandato como vereadora do munic\u00edpio de Viana, a enfermeira Meirinha vem se destacando a cada sess\u00e3o parlamentar. Ontem, 23, quando se foi pautado o Projeto de Lei n\u00ba 01\/2021, que se trata do contratos da prefeitura munic\u00edpio, Meirinha apresentou a Emenda Modificativa n\u00ba02\/2021 relacionada ao Anexo III, sobre os cargos de Enfermeiro e T\u00e9cnico de Enfermagem. <\/p>\n\n\n\n<p>Meirinha, como profissional da sa\u00fade e defensora da classe prop\u00f4s altera\u00e7\u00e3o salarial para as pessoas que est\u00e3o na linha de frente da Pandemia, diante do caos, agora a Emenda vai para aprova\u00e7\u00e3o do Prefeito Municipal.<\/p>\n\n\n\n<p>Mostrando total sensibilidade e um olhar justo, Meirinha solicitou que os sal\u00e1rios fossem reajustados, no Projeto de Lei, para R$3.000,00 ( Tr\u00eas mil reais) enfermeiros e R$1.500,00 ( Mil e quinhentos reais) t\u00e9cnicos de enfermagem.<\/p>\n\n\n\n<p>Em suas redes sociais, a Vereadora justificou seu pedido e disse:<\/p>\n\n\n\n<p><em><strong>&#8220;Vit\u00f3ria da Enfermagem.Vit\u00f3ria da Sa\u00fade P\u00fablica.<\/strong><\/em><\/p>\n\n\n\n<p><em><strong>Hoje a c\u00e2mara Municipal votou o Projeto de Lei do Executivo para contrata\u00e7\u00e3o de Pessoal para diversas \u00e1reas. N\u00e3o poderia deixar de votar porque entendo que sem os profissionais a M\u00e1quina P\u00fablica n\u00e3o funciona e a popula\u00e7\u00e3o fica prejudicada.No entanto, de minha autoria fiz uma emenda Modificativa N\u00b002\/2021 que foi aprovada por todos , para aumentar o sal\u00e1rio dos Enfermeiros e T\u00e9cnicos de Enfermagem.JUSTIFICATIVA :Como todos sabem , os profissionais de Enfermagem est\u00e3o desde o in\u00edcio da pandamia na linha de frente no combate ao novo Coronavirus.S\u00e3o profissionais que est\u00e3o expostos diariamente ao V\u00edrus .S\u00e3o submetidos a uma carga violenta de stress, sobrecarga e muita responsabilidade.Vivem diariamente com medo de se contaminar e de contaminar os seus entes queridos .Entendo a necessidade de aprovar o projeto de lei de contrata\u00e7\u00e3o para que d\u00ea legalidade aos contratos e desta forma fazer a m\u00e1quina administrativa funcionar .No entanto n\u00e3o posso , como enfermeira de forma\u00e7\u00e3o, que levantei a bandeira pela sa\u00fade , conhecida como Meirinha Enfermeira, aceitar um sal\u00e1rio que n\u00e3o valoriza o trabalho da enfermagem. Voto no projeto de lei , mas com ressalva , que seja inserido emenda no sentido de aumentar esse sal\u00e1rio.&#8221;<\/strong><\/em><\/p>\n\n\n\n<figure class=\"wp-block-embed is-type-rich is-provider-incorporar-manipulador wp-block-embed-incorporar-manipulador\"><div class=\"wp-block-embed__wrapper\">\n<div class=\"fb-post\" data-href=\"https:\/\/www.facebook.com\/maire.lourdes\/posts\/4341655499219744\" data-width=\"552\" style=\"background-color: #fff; display: inline-block;\"><\/div>\n<\/div><\/figure>\n\n\n\n<figure class=\"wp-block-image size-large\"><img decoding=\"async\" src=\"https:\/\/maranhaotv.com.br\/wp-content\/uploads\/2021\/03\/17ef20de-79c2-4ee6-840a-46871b7adbfc-768x1024.jpg\" alt=\"\" class=\"wp-image-19991\"\/><\/figure>\n\n\n\n<figure class=\"wp-block-image size-large\"><img decoding=\"async\" src=\"https:\/\/maranhaotv.com.br\/wp-content\/uploads\/2021\/03\/50bf1b5c-d0f9-4ae0-9d09-77db0e89df6e-1024x1024.jpg\" alt=\"\" class=\"wp-image-19992\"\/><\/figure>\n","protected":false},"excerpt":{"rendered":"<p>Eleita em seu primeiro mandato como vereadora do munic\u00edpio de Viana, a enfermeira Meirinha vem se destacando a cada sess\u00e3o<\/p>\n","protected":false},"author":2,"featured_media":19993,"comment_status":"open","ping_status":"open","sticky":false,"template":"","format":"standard","meta":{"colormag_page_container_layout":"default_layout","colormag_page_sidebar_layout":"default_layout","_jetpack_memberships_contains_paid_content":false,"footnotes":""},"categories":[2,6],"tags":[],"class_list":["post-19990","post","type-post","status-publish","format-standard","has-post-thumbnail","hentry","category-noticias","category-politica"],"magazineBlocksPostFeaturedMedia":{"thumbnail":false,"medium":false,"medium_large":false,"large":false,"1536x1536":false,"2048x2048":false,"colormag-highlighted-post":false,"colormag-featured-post-medium":false,"colormag-featured-post-small":false,"colormag-featured-image":false,"colormag-default-news":false,"colormag-featured-image-large":false},"magazineBlocksPostAuthor":{"name":"maranhaotv","avatar":"https:\/\/secure.gravatar.com\/avatar\/8fadbca458d4cb68b1dd399ae9a40618d747bb1af65ac9fad21c89220a143eb4?s=96&d=mm&r=g"},"magazineBlocksPostCommentsNumber":"0","magazineBlocksPostExcerpt":"Eleita em seu primeiro mandato como vereadora do munic\u00edpio de Viana, a enfermeira Meirinha vem se destacando a cada sess\u00e3o","magazineBlocksPostCategories":["not\u00edcias","pol\u00edtica"],"magazineBlocksPostViewCount":238,"magazineBlocksPostReadTime":2,"magazine_blocks_featured_image_url":{"full":false,"medium":false,"thumbnail":false},"magazine_blocks_author":{"display_name":"maranhaotv","author_link":"https:\/\/maranhaotv.com.br\/index.php\/author\/maranhaotv\/"},"magazine_blocks_comment":0,"magazine_blocks_author_image":"https:\/\/secure.gravatar.com\/avatar\/8fadbca458d4cb68b1dd399ae9a40618d747bb1af65ac9fad21c89220a143eb4?s=96&d=mm&r=g","magazine_blocks_category":"<a href=\"#\" class=\"category-link category-link-2\">not\u00edcias<\/a> <a href=\"#\" class=\"category-link category-link-6\">pol\u00edtica<\/a>","yoast_head":"<!-- This site is optimized with the Yoast SEO plugin v27.4 - https:\/\/yoast.com\/product\/yoast-seo-wordpress\/ -->\n<title>Viana: O diferencial da Ver. Meirinha, Enfermeira na C\u00e2mara de Vereadores em tempos de Pandemia - NOT\u00cdCIAS EM TEMPO REAL<\/title>\n<meta name=\"robots\" content=\"index, follow, max-snippet:-1, max-image-preview:large, max-video-preview:-1\" \/>\n<link rel=\"canonical\" href=\"https:\/\/maranhaotv.com.br\/index.php\/2021\/03\/24\/viana-o-diferencial-da-ver-meirinha-enfermeira-na-camara-de-vereadores-em-tempos-de-pandemia\/\" \/>\n<meta property=\"og:locale\" content=\"pt_BR\" \/>\n<meta property=\"og:type\" content=\"article\" \/>\n<meta property=\"og:title\" content=\"Viana: O diferencial da Ver. Meirinha, Enfermeira na C\u00e2mara de Vereadores em tempos de Pandemia - NOT\u00cdCIAS EM TEMPO REAL\" \/>\n<meta property=\"og:description\" content=\"Eleita em seu primeiro mandato como vereadora do munic\u00edpio de Viana, a enfermeira Meirinha vem se destacando a cada sess\u00e3o\" \/>\n<meta property=\"og:url\" content=\"https:\/\/maranhaotv.com.br\/index.php\/2021\/03\/24\/viana-o-diferencial-da-ver-meirinha-enfermeira-na-camara-de-vereadores-em-tempos-de-pandemia\/\" \/>\n<meta property=\"og:site_name\" content=\"NOT\u00cdCIAS EM TEMPO REAL\" \/>\n<meta property=\"article:publisher\" content=\"https:\/\/www.facebook.com\/maiobaotv\" \/>\n<meta property=\"article:published_time\" content=\"2021-03-24T13:48:20+00:00\" \/>\n<meta name=\"author\" content=\"maranhaotv\" \/>\n<meta name=\"twitter:card\" content=\"summary_large_image\" \/>\n<meta name=\"twitter:creator\" content=\"@sitemaranhaotv\" \/>\n<meta name=\"twitter:site\" content=\"@sitemaranhaotv\" \/>\n<meta name=\"twitter:label1\" content=\"Escrito por\" \/>\n\t<meta name=\"twitter:data1\" content=\"maranhaotv\" \/>\n\t<meta name=\"twitter:label2\" content=\"Est. tempo de leitura\" \/>\n\t<meta name=\"twitter:data2\" content=\"2 minutos\" \/>\n<script type=\"application\/ld+json\" class=\"yoast-schema-graph\">{\"@context\":\"https:\\\/\\\/schema.org\",\"@graph\":[{\"@type\":\"Article\",\"@id\":\"https:\\\/\\\/maranhaotv.com.br\\\/index.php\\\/2021\\\/03\\\/24\\\/viana-o-diferencial-da-ver-meirinha-enfermeira-na-camara-de-vereadores-em-tempos-de-pandemia\\\/#article\",\"isPartOf\":{\"@id\":\"https:\\\/\\\/maranhaotv.com.br\\\/index.php\\\/2021\\\/03\\\/24\\\/viana-o-diferencial-da-ver-meirinha-enfermeira-na-camara-de-vereadores-em-tempos-de-pandemia\\\/\"},\"author\":{\"name\":\"maranhaotv\",\"@id\":\"https:\\\/\\\/maranhaotv.com.br\\\/#\\\/schema\\\/person\\\/3d54238e86b20bb5c89ab2fdb8f8829a\"},\"headline\":\"Viana: O diferencial da Ver. Meirinha, Enfermeira na C\u00e2mara de Vereadores em tempos de Pandemia\",\"datePublished\":\"2021-03-24T13:48:20+00:00\",\"mainEntityOfPage\":{\"@id\":\"https:\\\/\\\/maranhaotv.com.br\\\/index.php\\\/2021\\\/03\\\/24\\\/viana-o-diferencial-da-ver-meirinha-enfermeira-na-camara-de-vereadores-em-tempos-de-pandemia\\\/\"},\"wordCount\":398,\"commentCount\":0,\"publisher\":{\"@id\":\"https:\\\/\\\/maranhaotv.com.br\\\/#organization\"},\"image\":{\"@id\":\"https:\\\/\\\/maranhaotv.com.br\\\/index.php\\\/2021\\\/03\\\/24\\\/viana-o-diferencial-da-ver-meirinha-enfermeira-na-camara-de-vereadores-em-tempos-de-pandemia\\\/#primaryimage\"},\"thumbnailUrl\":\"\",\"articleSection\":[\"not\u00edcias\",\"pol\u00edtica\"],\"inLanguage\":\"pt-BR\",\"potentialAction\":[{\"@type\":\"CommentAction\",\"name\":\"Comment\",\"target\":[\"https:\\\/\\\/maranhaotv.com.br\\\/index.php\\\/2021\\\/03\\\/24\\\/viana-o-diferencial-da-ver-meirinha-enfermeira-na-camara-de-vereadores-em-tempos-de-pandemia\\\/#respond\"]}]},{\"@type\":\"WebPage\",\"@id\":\"https:\\\/\\\/maranhaotv.com.br\\\/index.php\\\/2021\\\/03\\\/24\\\/viana-o-diferencial-da-ver-meirinha-enfermeira-na-camara-de-vereadores-em-tempos-de-pandemia\\\/\",\"url\":\"https:\\\/\\\/maranhaotv.com.br\\\/index.php\\\/2021\\\/03\\\/24\\\/viana-o-diferencial-da-ver-meirinha-enfermeira-na-camara-de-vereadores-em-tempos-de-pandemia\\\/\",\"name\":\"Viana: O diferencial da Ver. Meirinha, Enfermeira na C\u00e2mara de Vereadores em tempos de Pandemia - NOT\u00cdCIAS EM TEMPO REAL\",\"isPartOf\":{\"@id\":\"https:\\\/\\\/maranhaotv.com.br\\\/#website\"},\"primaryImageOfPage\":{\"@id\":\"https:\\\/\\\/maranhaotv.com.br\\\/index.php\\\/2021\\\/03\\\/24\\\/viana-o-diferencial-da-ver-meirinha-enfermeira-na-camara-de-vereadores-em-tempos-de-pandemia\\\/#primaryimage\"},\"image\":{\"@id\":\"https:\\\/\\\/maranhaotv.com.br\\\/index.php\\\/2021\\\/03\\\/24\\\/viana-o-diferencial-da-ver-meirinha-enfermeira-na-camara-de-vereadores-em-tempos-de-pandemia\\\/#primaryimage\"},\"thumbnailUrl\":\"\",\"datePublished\":\"2021-03-24T13:48:20+00:00\",\"breadcrumb\":{\"@id\":\"https:\\\/\\\/maranhaotv.com.br\\\/index.php\\\/2021\\\/03\\\/24\\\/viana-o-diferencial-da-ver-meirinha-enfermeira-na-camara-de-vereadores-em-tempos-de-pandemia\\\/#breadcrumb\"},\"inLanguage\":\"pt-BR\",\"potentialAction\":[{\"@type\":\"ReadAction\",\"target\":[\"https:\\\/\\\/maranhaotv.com.br\\\/index.php\\\/2021\\\/03\\\/24\\\/viana-o-diferencial-da-ver-meirinha-enfermeira-na-camara-de-vereadores-em-tempos-de-pandemia\\\/\"]}]},{\"@type\":\"ImageObject\",\"inLanguage\":\"pt-BR\",\"@id\":\"https:\\\/\\\/maranhaotv.com.br\\\/index.php\\\/2021\\\/03\\\/24\\\/viana-o-diferencial-da-ver-meirinha-enfermeira-na-camara-de-vereadores-em-tempos-de-pandemia\\\/#primaryimage\",\"url\":\"\",\"contentUrl\":\"\"},{\"@type\":\"BreadcrumbList\",\"@id\":\"https:\\\/\\\/maranhaotv.com.br\\\/index.php\\\/2021\\\/03\\\/24\\\/viana-o-diferencial-da-ver-meirinha-enfermeira-na-camara-de-vereadores-em-tempos-de-pandemia\\\/#breadcrumb\",\"itemListElement\":[{\"@type\":\"ListItem\",\"position\":1,\"name\":\"In\u00edcio\",\"item\":\"https:\\\/\\\/maranhaotv.com.br\\\/\"},{\"@type\":\"ListItem\",\"position\":2,\"name\":\"Viana: O diferencial da Ver. Meirinha, Enfermeira na C\u00e2mara de Vereadores em tempos de Pandemia\"}]},{\"@type\":\"WebSite\",\"@id\":\"https:\\\/\\\/maranhaotv.com.br\\\/#website\",\"url\":\"https:\\\/\\\/maranhaotv.com.br\\\/\",\"name\":\"Maranh\u00e3oTV\",\"description\":\"\",\"publisher\":{\"@id\":\"https:\\\/\\\/maranhaotv.com.br\\\/#organization\"},\"potentialAction\":[{\"@type\":\"SearchAction\",\"target\":{\"@type\":\"EntryPoint\",\"urlTemplate\":\"https:\\\/\\\/maranhaotv.com.br\\\/?s={search_term_string}\"},\"query-input\":{\"@type\":\"PropertyValueSpecification\",\"valueRequired\":true,\"valueName\":\"search_term_string\"}}],\"inLanguage\":\"pt-BR\"},{\"@type\":\"Organization\",\"@id\":\"https:\\\/\\\/maranhaotv.com.br\\\/#organization\",\"name\":\"Portal de Not\u00edcias\",\"url\":\"https:\\\/\\\/maranhaotv.com.br\\\/\",\"logo\":{\"@type\":\"ImageObject\",\"inLanguage\":\"pt-BR\",\"@id\":\"https:\\\/\\\/maranhaotv.com.br\\\/#\\\/schema\\\/logo\\\/image\\\/\",\"url\":\"https:\\\/\\\/maranhaotv.com.br\\\/wp-content\\\/uploads\\\/2024\\\/05\\\/cropped-cropped-avatar-1.png\",\"contentUrl\":\"https:\\\/\\\/maranhaotv.com.br\\\/wp-content\\\/uploads\\\/2024\\\/05\\\/cropped-cropped-avatar-1.png\",\"width\":792,\"height\":428,\"caption\":\"Portal de Not\u00edcias\"},\"image\":{\"@id\":\"https:\\\/\\\/maranhaotv.com.br\\\/#\\\/schema\\\/logo\\\/image\\\/\"},\"sameAs\":[\"https:\\\/\\\/www.facebook.com\\\/maiobaotv\",\"https:\\\/\\\/x.com\\\/sitemaranhaotv\",\"https:\\\/\\\/www.instagram.com\\\/maranhao.tv\",\"https:\\\/\\\/www.threads.net\\\/@maranhao.tv\"]},{\"@type\":\"Person\",\"@id\":\"https:\\\/\\\/maranhaotv.com.br\\\/#\\\/schema\\\/person\\\/3d54238e86b20bb5c89ab2fdb8f8829a\",\"name\":\"maranhaotv\",\"image\":{\"@type\":\"ImageObject\",\"inLanguage\":\"pt-BR\",\"@id\":\"https:\\\/\\\/secure.gravatar.com\\\/avatar\\\/8fadbca458d4cb68b1dd399ae9a40618d747bb1af65ac9fad21c89220a143eb4?s=96&d=mm&r=g\",\"url\":\"https:\\\/\\\/secure.gravatar.com\\\/avatar\\\/8fadbca458d4cb68b1dd399ae9a40618d747bb1af65ac9fad21c89220a143eb4?s=96&d=mm&r=g\",\"contentUrl\":\"https:\\\/\\\/secure.gravatar.com\\\/avatar\\\/8fadbca458d4cb68b1dd399ae9a40618d747bb1af65ac9fad21c89220a143eb4?s=96&d=mm&r=g\",\"caption\":\"maranhaotv\"},\"sameAs\":[\"https:\\\/\\\/maranhaotv.com.br\\\/\"],\"url\":\"https:\\\/\\\/maranhaotv.com.br\\\/index.php\\\/author\\\/maranhaotv\\\/\"}]}<\/script>\n<!-- \/ Yoast SEO plugin. -->","yoast_head_json":{"title":"Viana: O diferencial da Ver. Meirinha, Enfermeira na C\u00e2mara de Vereadores em tempos de Pandemia - NOT\u00cdCIAS EM TEMPO REAL","robots":{"index":"index","follow":"follow","max-snippet":"max-snippet:-1","max-image-preview":"max-image-preview:large","max-video-preview":"max-video-preview:-1"},"canonical":"https:\/\/maranhaotv.com.br\/index.php\/2021\/03\/24\/viana-o-diferencial-da-ver-meirinha-enfermeira-na-camara-de-vereadores-em-tempos-de-pandemia\/","og_locale":"pt_BR","og_type":"article","og_title":"Viana: O diferencial da Ver. Meirinha, Enfermeira na C\u00e2mara de Vereadores em tempos de Pandemia - NOT\u00cdCIAS EM TEMPO REAL","og_description":"Eleita em seu primeiro mandato como vereadora do munic\u00edpio de Viana, a enfermeira Meirinha vem se destacando a cada sess\u00e3o","og_url":"https:\/\/maranhaotv.com.br\/index.php\/2021\/03\/24\/viana-o-diferencial-da-ver-meirinha-enfermeira-na-camara-de-vereadores-em-tempos-de-pandemia\/","og_site_name":"NOT\u00cdCIAS EM TEMPO REAL","article_publisher":"https:\/\/www.facebook.com\/maiobaotv","article_published_time":"2021-03-24T13:48:20+00:00","author":"maranhaotv","twitter_card":"summary_large_image","twitter_creator":"@sitemaranhaotv","twitter_site":"@sitemaranhaotv","twitter_misc":{"Escrito por":"maranhaotv","Est. tempo de leitura":"2 minutos"},"schema":{"@context":"https:\/\/schema.org","@graph":[{"@type":"Article","@id":"https:\/\/maranhaotv.com.br\/index.php\/2021\/03\/24\/viana-o-diferencial-da-ver-meirinha-enfermeira-na-camara-de-vereadores-em-tempos-de-pandemia\/#article","isPartOf":{"@id":"https:\/\/maranhaotv.com.br\/index.php\/2021\/03\/24\/viana-o-diferencial-da-ver-meirinha-enfermeira-na-camara-de-vereadores-em-tempos-de-pandemia\/"},"author":{"name":"maranhaotv","@id":"https:\/\/maranhaotv.com.br\/#\/schema\/person\/3d54238e86b20bb5c89ab2fdb8f8829a"},"headline":"Viana: O diferencial da Ver. Meirinha, Enfermeira na C\u00e2mara de Vereadores em tempos de Pandemia","datePublished":"2021-03-24T13:48:20+00:00","mainEntityOfPage":{"@id":"https:\/\/maranhaotv.com.br\/index.php\/2021\/03\/24\/viana-o-diferencial-da-ver-meirinha-enfermeira-na-camara-de-vereadores-em-tempos-de-pandemia\/"},"wordCount":398,"commentCount":0,"publisher":{"@id":"https:\/\/maranhaotv.com.br\/#organization"},"image":{"@id":"https:\/\/maranhaotv.com.br\/index.php\/2021\/03\/24\/viana-o-diferencial-da-ver-meirinha-enfermeira-na-camara-de-vereadores-em-tempos-de-pandemia\/#primaryimage"},"thumbnailUrl":"","articleSection":["not\u00edcias","pol\u00edtica"],"inLanguage":"pt-BR","potentialAction":[{"@type":"CommentAction","name":"Comment","target":["https:\/\/maranhaotv.com.br\/index.php\/2021\/03\/24\/viana-o-diferencial-da-ver-meirinha-enfermeira-na-camara-de-vereadores-em-tempos-de-pandemia\/#respond"]}]},{"@type":"WebPage","@id":"https:\/\/maranhaotv.com.br\/index.php\/2021\/03\/24\/viana-o-diferencial-da-ver-meirinha-enfermeira-na-camara-de-vereadores-em-tempos-de-pandemia\/","url":"https:\/\/maranhaotv.com.br\/index.php\/2021\/03\/24\/viana-o-diferencial-da-ver-meirinha-enfermeira-na-camara-de-vereadores-em-tempos-de-pandemia\/","name":"Viana: O diferencial da Ver. Meirinha, Enfermeira na C\u00e2mara de Vereadores em tempos de Pandemia - NOT\u00cdCIAS EM TEMPO REAL","isPartOf":{"@id":"https:\/\/maranhaotv.com.br\/#website"},"primaryImageOfPage":{"@id":"https:\/\/maranhaotv.com.br\/index.php\/2021\/03\/24\/viana-o-diferencial-da-ver-meirinha-enfermeira-na-camara-de-vereadores-em-tempos-de-pandemia\/#primaryimage"},"image":{"@id":"https:\/\/maranhaotv.com.br\/index.php\/2021\/03\/24\/viana-o-diferencial-da-ver-meirinha-enfermeira-na-camara-de-vereadores-em-tempos-de-pandemia\/#primaryimage"},"thumbnailUrl":"","datePublished":"2021-03-24T13:48:20+00:00","breadcrumb":{"@id":"https:\/\/maranhaotv.com.br\/index.php\/2021\/03\/24\/viana-o-diferencial-da-ver-meirinha-enfermeira-na-camara-de-vereadores-em-tempos-de-pandemia\/#breadcrumb"},"inLanguage":"pt-BR","potentialAction":[{"@type":"ReadAction","target":["https:\/\/maranhaotv.com.br\/index.php\/2021\/03\/24\/viana-o-diferencial-da-ver-meirinha-enfermeira-na-camara-de-vereadores-em-tempos-de-pandemia\/"]}]},{"@type":"ImageObject","inLanguage":"pt-BR","@id":"https:\/\/maranhaotv.com.br\/index.php\/2021\/03\/24\/viana-o-diferencial-da-ver-meirinha-enfermeira-na-camara-de-vereadores-em-tempos-de-pandemia\/#primaryimage","url":"","contentUrl":""},{"@type":"BreadcrumbList","@id":"https:\/\/maranhaotv.com.br\/index.php\/2021\/03\/24\/viana-o-diferencial-da-ver-meirinha-enfermeira-na-camara-de-vereadores-em-tempos-de-pandemia\/#breadcrumb","itemListElement":[{"@type":"ListItem","position":1,"name":"In\u00edcio","item":"https:\/\/maranhaotv.com.br\/"},{"@type":"ListItem","position":2,"name":"Viana: O diferencial da Ver. Meirinha, Enfermeira na C\u00e2mara de Vereadores em tempos de Pandemia"}]},{"@type":"WebSite","@id":"https:\/\/maranhaotv.com.br\/#website","url":"https:\/\/maranhaotv.com.br\/","name":"Maranh\u00e3oTV","description":"","publisher":{"@id":"https:\/\/maranhaotv.com.br\/#organization"},"potentialAction":[{"@type":"SearchAction","target":{"@type":"EntryPoint","urlTemplate":"https:\/\/maranhaotv.com.br\/?s={search_term_string}"},"query-input":{"@type":"PropertyValueSpecification","valueRequired":true,"valueName":"search_term_string"}}],"inLanguage":"pt-BR"},{"@type":"Organization","@id":"https:\/\/maranhaotv.com.br\/#organization","name":"Portal de Not\u00edcias","url":"https:\/\/maranhaotv.com.br\/","logo":{"@type":"ImageObject","inLanguage":"pt-BR","@id":"https:\/\/maranhaotv.com.br\/#\/schema\/logo\/image\/","url":"https:\/\/maranhaotv.com.br\/wp-content\/uploads\/2024\/05\/cropped-cropped-avatar-1.png","contentUrl":"https:\/\/maranhaotv.com.br\/wp-content\/uploads\/2024\/05\/cropped-cropped-avatar-1.png","width":792,"height":428,"caption":"Portal de Not\u00edcias"},"image":{"@id":"https:\/\/maranhaotv.com.br\/#\/schema\/logo\/image\/"},"sameAs":["https:\/\/www.facebook.com\/maiobaotv","https:\/\/x.com\/sitemaranhaotv","https:\/\/www.instagram.com\/maranhao.tv","https:\/\/www.threads.net\/@maranhao.tv"]},{"@type":"Person","@id":"https:\/\/maranhaotv.com.br\/#\/schema\/person\/3d54238e86b20bb5c89ab2fdb8f8829a","name":"maranhaotv","image":{"@type":"ImageObject","inLanguage":"pt-BR","@id":"https:\/\/secure.gravatar.com\/avatar\/8fadbca458d4cb68b1dd399ae9a40618d747bb1af65ac9fad21c89220a143eb4?s=96&d=mm&r=g","url":"https:\/\/secure.gravatar.com\/avatar\/8fadbca458d4cb68b1dd399ae9a40618d747bb1af65ac9fad21c89220a143eb4?s=96&d=mm&r=g","contentUrl":"https:\/\/secure.gravatar.com\/avatar\/8fadbca458d4cb68b1dd399ae9a40618d747bb1af65ac9fad21c89220a143eb4?s=96&d=mm&r=g","caption":"maranhaotv"},"sameAs":["https:\/\/maranhaotv.com.br\/"],"url":"https:\/\/maranhaotv.com.br\/index.php\/author\/maranhaotv\/"}]}},"jetpack_featured_media_url":"","jetpack_sharing_enabled":true,"_links":{"self":[{"href":"https:\/\/maranhaotv.com.br\/index.php\/wp-json\/wp\/v2\/posts\/19990","targetHints":{"allow":["GET"]}}],"collection":[{"href":"https:\/\/maranhaotv.com.br\/index.php\/wp-json\/wp\/v2\/posts"}],"about":[{"href":"https:\/\/maranhaotv.com.br\/index.php\/wp-json\/wp\/v2\/types\/post"}],"author":[{"embeddable":true,"href":"https:\/\/maranhaotv.com.br\/index.php\/wp-json\/wp\/v2\/users\/2"}],"replies":[{"embeddable":true,"href":"https:\/\/maranhaotv.com.br\/index.php\/wp-json\/wp\/v2\/comments?post=19990"}],"version-history":[{"count":0,"href":"https:\/\/maranhaotv.com.br\/index.php\/wp-json\/wp\/v2\/posts\/19990\/revisions"}],"wp:featuredmedia":[{"embeddable":true,"href":"https:\/\/maranhaotv.com.br\/index.php\/wp-json\/"}],"wp:attachment":[{"href":"https:\/\/maranhaotv.com.br\/index.php\/wp-json\/wp\/v2\/media?parent=19990"}],"wp:term":[{"taxonomy":"category","embeddable":true,"href":"https:\/\/maranhaotv.com.br\/index.php\/wp-json\/wp\/v2\/categories?post=19990"},{"taxonomy":"post_tag","embeddable":true,"href":"https:\/\/maranhaotv.com.br\/index.php\/wp-json\/wp\/v2\/tags?post=19990"}],"curies":[{"name":"wp","href":"https:\/\/api.w.org\/{rel}","templated":true}]}}