{"id":20027,"date":"2021-03-25T09:16:52","date_gmt":"2021-03-25T12:16:52","guid":{"rendered":"https:\/\/maranhaotv.com.br\/?p=20027"},"modified":"2021-03-25T09:16:52","modified_gmt":"2021-03-25T12:16:52","slug":"lider-comunitario-de-paco-do-lumiar-toinho-abreu-morre-vitima-do-coronavirus","status":"publish","type":"post","link":"https:\/\/maranhaotv.com.br\/index.php\/2021\/03\/25\/lider-comunitario-de-paco-do-lumiar-toinho-abreu-morre-vitima-do-coronavirus\/","title":{"rendered":"L\u00edder comunit\u00e1rio de Pa\u00e7o do Lumiar, Toinho Abreu morre v\u00edtima do coronav\u00edrus"},"content":{"rendered":"\n<p>O candidato a vereador Toinho Abreu morreu nesta quinta-feira (25) v\u00edtima da covid-19. O l\u00edder comunit\u00e1rio, que tinha 38 anos, estava internado h\u00e1 cerca de duas semanas em um hospital de S\u00e3o Lu\u00eds. Toinho Abreu, foi candidato ao cargo de vereador em Pa\u00e7o do Lumiar-MA pelo PP nas \u00faltimas elei\u00e7\u00f5es obtendo 720 votos, ficando assim conquistando a primeira supl\u00eancia no Progressistas. Natural de Pa\u00e7o do Lumiar &#8211; MA, Antonio Pereira de Abreu nasceu em 09\/09\/1982 tinha grande chances de assumir a vaga de vereador nesta legislatura.<\/p>\n\n\n\n<p>Toinho Abreu iniciou sua vida pol\u00edtica na regi\u00e3o do Itapera Mocajutuba, sempre muito querido por todos, logo ampliou a sua base em v\u00e1rias \u00e1reas do munic\u00edpio. <\/p>\n\n\n\n<p>O portal Maranh\u00e3o TV expressa os sentimentos de pesar aos familiares de amigos. V\u00edtimas da covid-19 O Brasil ultrapassou 12 milh\u00f5es de casos de covid-19 desde o in\u00edcio da pandemia. Mais de 5798 mil maranhenses morreram em decorr\u00eancia dessa doen\u00e7a segundo dados da Secret\u00e1ria Estadual de Sa\u00fade.<\/p>\n\n\n\n<figure class=\"wp-block-image size-large\"><img decoding=\"async\" src=\"https:\/\/maranhaotv.com.br\/wp-content\/uploads\/2021\/03\/IMG-20210325-WA0076-1024x1024.jpg\" alt=\"\" class=\"wp-image-20028\"\/><\/figure>\n\n\n\n<figure class=\"wp-block-image size-large\" style=\"margin-top:15px;margin-bottom:3px\"><img decoding=\"async\" src=\"https:\/\/maranhaotv.com.br\/wp-content\/uploads\/2021\/03\/IMG-20210325-WA0075-1024x1010.jpg\" alt=\"\" class=\"wp-image-20029\"\/><\/figure>\n","protected":false},"excerpt":{"rendered":"<p>O candidato a vereador Toinho Abreu morreu nesta quinta-feira (25) v\u00edtima da covid-19. O l\u00edder comunit\u00e1rio, que tinha 38 anos,<\/p>\n","protected":false},"author":2,"featured_media":20028,"comment_status":"open","ping_status":"open","sticky":false,"template":"","format":"standard","meta":{"colormag_page_container_layout":"default_layout","colormag_page_sidebar_layout":"default_layout","_jetpack_memberships_contains_paid_content":false,"footnotes":""},"categories":[2],"tags":[],"class_list":["post-20027","post","type-post","status-publish","format-standard","has-post-thumbnail","hentry","category-noticias"],"magazineBlocksPostFeaturedMedia":{"thumbnail":false,"medium":false,"medium_large":false,"large":false,"1536x1536":false,"2048x2048":false,"colormag-highlighted-post":false,"colormag-featured-post-medium":false,"colormag-featured-post-small":false,"colormag-featured-image":false,"colormag-default-news":false,"colormag-featured-image-large":false},"magazineBlocksPostAuthor":{"name":"maranhaotv","avatar":"https:\/\/secure.gravatar.com\/avatar\/8fadbca458d4cb68b1dd399ae9a40618d747bb1af65ac9fad21c89220a143eb4?s=96&d=mm&r=g"},"magazineBlocksPostCommentsNumber":"0","magazineBlocksPostExcerpt":"O candidato a vereador Toinho Abreu morreu nesta quinta-feira (25) v\u00edtima da covid-19. O l\u00edder comunit\u00e1rio, que tinha 38 anos,","magazineBlocksPostCategories":["not\u00edcias"],"magazineBlocksPostViewCount":192,"magazineBlocksPostReadTime":1,"magazine_blocks_featured_image_url":{"full":false,"medium":false,"thumbnail":false},"magazine_blocks_author":{"display_name":"maranhaotv","author_link":"https:\/\/maranhaotv.com.br\/index.php\/author\/maranhaotv\/"},"magazine_blocks_comment":0,"magazine_blocks_author_image":"https:\/\/secure.gravatar.com\/avatar\/8fadbca458d4cb68b1dd399ae9a40618d747bb1af65ac9fad21c89220a143eb4?s=96&d=mm&r=g","magazine_blocks_category":"<a href=\"#\" class=\"category-link category-link-2\">not\u00edcias<\/a>","yoast_head":"<!-- This site is optimized with the Yoast SEO plugin v27.4 - https:\/\/yoast.com\/product\/yoast-seo-wordpress\/ -->\n<title>L\u00edder comunit\u00e1rio de Pa\u00e7o do Lumiar, Toinho Abreu morre v\u00edtima do coronav\u00edrus - NOT\u00cdCIAS EM TEMPO REAL<\/title>\n<meta name=\"robots\" content=\"index, follow, max-snippet:-1, max-image-preview:large, max-video-preview:-1\" \/>\n<link rel=\"canonical\" href=\"https:\/\/maranhaotv.com.br\/index.php\/2021\/03\/25\/lider-comunitario-de-paco-do-lumiar-toinho-abreu-morre-vitima-do-coronavirus\/\" \/>\n<meta property=\"og:locale\" content=\"pt_BR\" \/>\n<meta property=\"og:type\" content=\"article\" \/>\n<meta property=\"og:title\" content=\"L\u00edder comunit\u00e1rio de Pa\u00e7o do Lumiar, Toinho Abreu morre v\u00edtima do coronav\u00edrus - NOT\u00cdCIAS EM TEMPO REAL\" \/>\n<meta property=\"og:description\" content=\"O candidato a vereador Toinho Abreu morreu nesta quinta-feira (25) v\u00edtima da covid-19. O l\u00edder comunit\u00e1rio, que tinha 38 anos,\" \/>\n<meta property=\"og:url\" content=\"https:\/\/maranhaotv.com.br\/index.php\/2021\/03\/25\/lider-comunitario-de-paco-do-lumiar-toinho-abreu-morre-vitima-do-coronavirus\/\" \/>\n<meta property=\"og:site_name\" content=\"NOT\u00cdCIAS EM TEMPO REAL\" \/>\n<meta property=\"article:publisher\" content=\"https:\/\/www.facebook.com\/maiobaotv\" \/>\n<meta property=\"article:published_time\" content=\"2021-03-25T12:16:52+00:00\" \/>\n<meta name=\"author\" content=\"maranhaotv\" \/>\n<meta name=\"twitter:card\" content=\"summary_large_image\" \/>\n<meta name=\"twitter:creator\" content=\"@sitemaranhaotv\" \/>\n<meta name=\"twitter:site\" content=\"@sitemaranhaotv\" \/>\n<meta name=\"twitter:label1\" content=\"Escrito por\" \/>\n\t<meta name=\"twitter:data1\" content=\"maranhaotv\" \/>\n\t<meta name=\"twitter:label2\" content=\"Est. tempo de leitura\" \/>\n\t<meta name=\"twitter:data2\" content=\"2 minutos\" \/>\n<script type=\"application\/ld+json\" class=\"yoast-schema-graph\">{\"@context\":\"https:\\\/\\\/schema.org\",\"@graph\":[{\"@type\":\"Article\",\"@id\":\"https:\\\/\\\/maranhaotv.com.br\\\/index.php\\\/2021\\\/03\\\/25\\\/lider-comunitario-de-paco-do-lumiar-toinho-abreu-morre-vitima-do-coronavirus\\\/#article\",\"isPartOf\":{\"@id\":\"https:\\\/\\\/maranhaotv.com.br\\\/index.php\\\/2021\\\/03\\\/25\\\/lider-comunitario-de-paco-do-lumiar-toinho-abreu-morre-vitima-do-coronavirus\\\/\"},\"author\":{\"name\":\"maranhaotv\",\"@id\":\"https:\\\/\\\/maranhaotv.com.br\\\/#\\\/schema\\\/person\\\/3d54238e86b20bb5c89ab2fdb8f8829a\"},\"headline\":\"L\u00edder comunit\u00e1rio de Pa\u00e7o do Lumiar, Toinho Abreu morre v\u00edtima do coronav\u00edrus\",\"datePublished\":\"2021-03-25T12:16:52+00:00\",\"mainEntityOfPage\":{\"@id\":\"https:\\\/\\\/maranhaotv.com.br\\\/index.php\\\/2021\\\/03\\\/25\\\/lider-comunitario-de-paco-do-lumiar-toinho-abreu-morre-vitima-do-coronavirus\\\/\"},\"wordCount\":191,\"commentCount\":0,\"publisher\":{\"@id\":\"https:\\\/\\\/maranhaotv.com.br\\\/#organization\"},\"image\":{\"@id\":\"https:\\\/\\\/maranhaotv.com.br\\\/index.php\\\/2021\\\/03\\\/25\\\/lider-comunitario-de-paco-do-lumiar-toinho-abreu-morre-vitima-do-coronavirus\\\/#primaryimage\"},\"thumbnailUrl\":\"\",\"articleSection\":[\"not\u00edcias\"],\"inLanguage\":\"pt-BR\",\"potentialAction\":[{\"@type\":\"CommentAction\",\"name\":\"Comment\",\"target\":[\"https:\\\/\\\/maranhaotv.com.br\\\/index.php\\\/2021\\\/03\\\/25\\\/lider-comunitario-de-paco-do-lumiar-toinho-abreu-morre-vitima-do-coronavirus\\\/#respond\"]}]},{\"@type\":\"WebPage\",\"@id\":\"https:\\\/\\\/maranhaotv.com.br\\\/index.php\\\/2021\\\/03\\\/25\\\/lider-comunitario-de-paco-do-lumiar-toinho-abreu-morre-vitima-do-coronavirus\\\/\",\"url\":\"https:\\\/\\\/maranhaotv.com.br\\\/index.php\\\/2021\\\/03\\\/25\\\/lider-comunitario-de-paco-do-lumiar-toinho-abreu-morre-vitima-do-coronavirus\\\/\",\"name\":\"L\u00edder comunit\u00e1rio de Pa\u00e7o do Lumiar, Toinho Abreu morre v\u00edtima do coronav\u00edrus - NOT\u00cdCIAS EM TEMPO REAL\",\"isPartOf\":{\"@id\":\"https:\\\/\\\/maranhaotv.com.br\\\/#website\"},\"primaryImageOfPage\":{\"@id\":\"https:\\\/\\\/maranhaotv.com.br\\\/index.php\\\/2021\\\/03\\\/25\\\/lider-comunitario-de-paco-do-lumiar-toinho-abreu-morre-vitima-do-coronavirus\\\/#primaryimage\"},\"image\":{\"@id\":\"https:\\\/\\\/maranhaotv.com.br\\\/index.php\\\/2021\\\/03\\\/25\\\/lider-comunitario-de-paco-do-lumiar-toinho-abreu-morre-vitima-do-coronavirus\\\/#primaryimage\"},\"thumbnailUrl\":\"\",\"datePublished\":\"2021-03-25T12:16:52+00:00\",\"breadcrumb\":{\"@id\":\"https:\\\/\\\/maranhaotv.com.br\\\/index.php\\\/2021\\\/03\\\/25\\\/lider-comunitario-de-paco-do-lumiar-toinho-abreu-morre-vitima-do-coronavirus\\\/#breadcrumb\"},\"inLanguage\":\"pt-BR\",\"potentialAction\":[{\"@type\":\"ReadAction\",\"target\":[\"https:\\\/\\\/maranhaotv.com.br\\\/index.php\\\/2021\\\/03\\\/25\\\/lider-comunitario-de-paco-do-lumiar-toinho-abreu-morre-vitima-do-coronavirus\\\/\"]}]},{\"@type\":\"ImageObject\",\"inLanguage\":\"pt-BR\",\"@id\":\"https:\\\/\\\/maranhaotv.com.br\\\/index.php\\\/2021\\\/03\\\/25\\\/lider-comunitario-de-paco-do-lumiar-toinho-abreu-morre-vitima-do-coronavirus\\\/#primaryimage\",\"url\":\"\",\"contentUrl\":\"\"},{\"@type\":\"BreadcrumbList\",\"@id\":\"https:\\\/\\\/maranhaotv.com.br\\\/index.php\\\/2021\\\/03\\\/25\\\/lider-comunitario-de-paco-do-lumiar-toinho-abreu-morre-vitima-do-coronavirus\\\/#breadcrumb\",\"itemListElement\":[{\"@type\":\"ListItem\",\"position\":1,\"name\":\"In\u00edcio\",\"item\":\"https:\\\/\\\/maranhaotv.com.br\\\/\"},{\"@type\":\"ListItem\",\"position\":2,\"name\":\"L\u00edder comunit\u00e1rio de Pa\u00e7o do Lumiar, Toinho Abreu morre v\u00edtima do coronav\u00edrus\"}]},{\"@type\":\"WebSite\",\"@id\":\"https:\\\/\\\/maranhaotv.com.br\\\/#website\",\"url\":\"https:\\\/\\\/maranhaotv.com.br\\\/\",\"name\":\"Maranh\u00e3oTV\",\"description\":\"\",\"publisher\":{\"@id\":\"https:\\\/\\\/maranhaotv.com.br\\\/#organization\"},\"potentialAction\":[{\"@type\":\"SearchAction\",\"target\":{\"@type\":\"EntryPoint\",\"urlTemplate\":\"https:\\\/\\\/maranhaotv.com.br\\\/?s={search_term_string}\"},\"query-input\":{\"@type\":\"PropertyValueSpecification\",\"valueRequired\":true,\"valueName\":\"search_term_string\"}}],\"inLanguage\":\"pt-BR\"},{\"@type\":\"Organization\",\"@id\":\"https:\\\/\\\/maranhaotv.com.br\\\/#organization\",\"name\":\"Portal de Not\u00edcias\",\"url\":\"https:\\\/\\\/maranhaotv.com.br\\\/\",\"logo\":{\"@type\":\"ImageObject\",\"inLanguage\":\"pt-BR\",\"@id\":\"https:\\\/\\\/maranhaotv.com.br\\\/#\\\/schema\\\/logo\\\/image\\\/\",\"url\":\"https:\\\/\\\/maranhaotv.com.br\\\/wp-content\\\/uploads\\\/2024\\\/05\\\/cropped-cropped-avatar-1.png\",\"contentUrl\":\"https:\\\/\\\/maranhaotv.com.br\\\/wp-content\\\/uploads\\\/2024\\\/05\\\/cropped-cropped-avatar-1.png\",\"width\":792,\"height\":428,\"caption\":\"Portal de Not\u00edcias\"},\"image\":{\"@id\":\"https:\\\/\\\/maranhaotv.com.br\\\/#\\\/schema\\\/logo\\\/image\\\/\"},\"sameAs\":[\"https:\\\/\\\/www.facebook.com\\\/maiobaotv\",\"https:\\\/\\\/x.com\\\/sitemaranhaotv\",\"https:\\\/\\\/www.instagram.com\\\/maranhao.tv\",\"https:\\\/\\\/www.threads.net\\\/@maranhao.tv\"]},{\"@type\":\"Person\",\"@id\":\"https:\\\/\\\/maranhaotv.com.br\\\/#\\\/schema\\\/person\\\/3d54238e86b20bb5c89ab2fdb8f8829a\",\"name\":\"maranhaotv\",\"image\":{\"@type\":\"ImageObject\",\"inLanguage\":\"pt-BR\",\"@id\":\"https:\\\/\\\/secure.gravatar.com\\\/avatar\\\/8fadbca458d4cb68b1dd399ae9a40618d747bb1af65ac9fad21c89220a143eb4?s=96&d=mm&r=g\",\"url\":\"https:\\\/\\\/secure.gravatar.com\\\/avatar\\\/8fadbca458d4cb68b1dd399ae9a40618d747bb1af65ac9fad21c89220a143eb4?s=96&d=mm&r=g\",\"contentUrl\":\"https:\\\/\\\/secure.gravatar.com\\\/avatar\\\/8fadbca458d4cb68b1dd399ae9a40618d747bb1af65ac9fad21c89220a143eb4?s=96&d=mm&r=g\",\"caption\":\"maranhaotv\"},\"sameAs\":[\"https:\\\/\\\/maranhaotv.com.br\\\/\"],\"url\":\"https:\\\/\\\/maranhaotv.com.br\\\/index.php\\\/author\\\/maranhaotv\\\/\"}]}<\/script>\n<!-- \/ Yoast SEO plugin. -->","yoast_head_json":{"title":"L\u00edder comunit\u00e1rio de Pa\u00e7o do Lumiar, Toinho Abreu morre v\u00edtima do coronav\u00edrus - NOT\u00cdCIAS EM TEMPO REAL","robots":{"index":"index","follow":"follow","max-snippet":"max-snippet:-1","max-image-preview":"max-image-preview:large","max-video-preview":"max-video-preview:-1"},"canonical":"https:\/\/maranhaotv.com.br\/index.php\/2021\/03\/25\/lider-comunitario-de-paco-do-lumiar-toinho-abreu-morre-vitima-do-coronavirus\/","og_locale":"pt_BR","og_type":"article","og_title":"L\u00edder comunit\u00e1rio de Pa\u00e7o do Lumiar, Toinho Abreu morre v\u00edtima do coronav\u00edrus - NOT\u00cdCIAS EM TEMPO REAL","og_description":"O candidato a vereador Toinho Abreu morreu nesta quinta-feira (25) v\u00edtima da covid-19. O l\u00edder comunit\u00e1rio, que tinha 38 anos,","og_url":"https:\/\/maranhaotv.com.br\/index.php\/2021\/03\/25\/lider-comunitario-de-paco-do-lumiar-toinho-abreu-morre-vitima-do-coronavirus\/","og_site_name":"NOT\u00cdCIAS EM TEMPO REAL","article_publisher":"https:\/\/www.facebook.com\/maiobaotv","article_published_time":"2021-03-25T12:16:52+00:00","author":"maranhaotv","twitter_card":"summary_large_image","twitter_creator":"@sitemaranhaotv","twitter_site":"@sitemaranhaotv","twitter_misc":{"Escrito por":"maranhaotv","Est. tempo de leitura":"2 minutos"},"schema":{"@context":"https:\/\/schema.org","@graph":[{"@type":"Article","@id":"https:\/\/maranhaotv.com.br\/index.php\/2021\/03\/25\/lider-comunitario-de-paco-do-lumiar-toinho-abreu-morre-vitima-do-coronavirus\/#article","isPartOf":{"@id":"https:\/\/maranhaotv.com.br\/index.php\/2021\/03\/25\/lider-comunitario-de-paco-do-lumiar-toinho-abreu-morre-vitima-do-coronavirus\/"},"author":{"name":"maranhaotv","@id":"https:\/\/maranhaotv.com.br\/#\/schema\/person\/3d54238e86b20bb5c89ab2fdb8f8829a"},"headline":"L\u00edder comunit\u00e1rio de Pa\u00e7o do Lumiar, Toinho Abreu morre v\u00edtima do coronav\u00edrus","datePublished":"2021-03-25T12:16:52+00:00","mainEntityOfPage":{"@id":"https:\/\/maranhaotv.com.br\/index.php\/2021\/03\/25\/lider-comunitario-de-paco-do-lumiar-toinho-abreu-morre-vitima-do-coronavirus\/"},"wordCount":191,"commentCount":0,"publisher":{"@id":"https:\/\/maranhaotv.com.br\/#organization"},"image":{"@id":"https:\/\/maranhaotv.com.br\/index.php\/2021\/03\/25\/lider-comunitario-de-paco-do-lumiar-toinho-abreu-morre-vitima-do-coronavirus\/#primaryimage"},"thumbnailUrl":"","articleSection":["not\u00edcias"],"inLanguage":"pt-BR","potentialAction":[{"@type":"CommentAction","name":"Comment","target":["https:\/\/maranhaotv.com.br\/index.php\/2021\/03\/25\/lider-comunitario-de-paco-do-lumiar-toinho-abreu-morre-vitima-do-coronavirus\/#respond"]}]},{"@type":"WebPage","@id":"https:\/\/maranhaotv.com.br\/index.php\/2021\/03\/25\/lider-comunitario-de-paco-do-lumiar-toinho-abreu-morre-vitima-do-coronavirus\/","url":"https:\/\/maranhaotv.com.br\/index.php\/2021\/03\/25\/lider-comunitario-de-paco-do-lumiar-toinho-abreu-morre-vitima-do-coronavirus\/","name":"L\u00edder comunit\u00e1rio de Pa\u00e7o do Lumiar, Toinho Abreu morre v\u00edtima do coronav\u00edrus - NOT\u00cdCIAS EM TEMPO REAL","isPartOf":{"@id":"https:\/\/maranhaotv.com.br\/#website"},"primaryImageOfPage":{"@id":"https:\/\/maranhaotv.com.br\/index.php\/2021\/03\/25\/lider-comunitario-de-paco-do-lumiar-toinho-abreu-morre-vitima-do-coronavirus\/#primaryimage"},"image":{"@id":"https:\/\/maranhaotv.com.br\/index.php\/2021\/03\/25\/lider-comunitario-de-paco-do-lumiar-toinho-abreu-morre-vitima-do-coronavirus\/#primaryimage"},"thumbnailUrl":"","datePublished":"2021-03-25T12:16:52+00:00","breadcrumb":{"@id":"https:\/\/maranhaotv.com.br\/index.php\/2021\/03\/25\/lider-comunitario-de-paco-do-lumiar-toinho-abreu-morre-vitima-do-coronavirus\/#breadcrumb"},"inLanguage":"pt-BR","potentialAction":[{"@type":"ReadAction","target":["https:\/\/maranhaotv.com.br\/index.php\/2021\/03\/25\/lider-comunitario-de-paco-do-lumiar-toinho-abreu-morre-vitima-do-coronavirus\/"]}]},{"@type":"ImageObject","inLanguage":"pt-BR","@id":"https:\/\/maranhaotv.com.br\/index.php\/2021\/03\/25\/lider-comunitario-de-paco-do-lumiar-toinho-abreu-morre-vitima-do-coronavirus\/#primaryimage","url":"","contentUrl":""},{"@type":"BreadcrumbList","@id":"https:\/\/maranhaotv.com.br\/index.php\/2021\/03\/25\/lider-comunitario-de-paco-do-lumiar-toinho-abreu-morre-vitima-do-coronavirus\/#breadcrumb","itemListElement":[{"@type":"ListItem","position":1,"name":"In\u00edcio","item":"https:\/\/maranhaotv.com.br\/"},{"@type":"ListItem","position":2,"name":"L\u00edder comunit\u00e1rio de Pa\u00e7o do Lumiar, Toinho Abreu morre v\u00edtima do coronav\u00edrus"}]},{"@type":"WebSite","@id":"https:\/\/maranhaotv.com.br\/#website","url":"https:\/\/maranhaotv.com.br\/","name":"Maranh\u00e3oTV","description":"","publisher":{"@id":"https:\/\/maranhaotv.com.br\/#organization"},"potentialAction":[{"@type":"SearchAction","target":{"@type":"EntryPoint","urlTemplate":"https:\/\/maranhaotv.com.br\/?s={search_term_string}"},"query-input":{"@type":"PropertyValueSpecification","valueRequired":true,"valueName":"search_term_string"}}],"inLanguage":"pt-BR"},{"@type":"Organization","@id":"https:\/\/maranhaotv.com.br\/#organization","name":"Portal de Not\u00edcias","url":"https:\/\/maranhaotv.com.br\/","logo":{"@type":"ImageObject","inLanguage":"pt-BR","@id":"https:\/\/maranhaotv.com.br\/#\/schema\/logo\/image\/","url":"https:\/\/maranhaotv.com.br\/wp-content\/uploads\/2024\/05\/cropped-cropped-avatar-1.png","contentUrl":"https:\/\/maranhaotv.com.br\/wp-content\/uploads\/2024\/05\/cropped-cropped-avatar-1.png","width":792,"height":428,"caption":"Portal de Not\u00edcias"},"image":{"@id":"https:\/\/maranhaotv.com.br\/#\/schema\/logo\/image\/"},"sameAs":["https:\/\/www.facebook.com\/maiobaotv","https:\/\/x.com\/sitemaranhaotv","https:\/\/www.instagram.com\/maranhao.tv","https:\/\/www.threads.net\/@maranhao.tv"]},{"@type":"Person","@id":"https:\/\/maranhaotv.com.br\/#\/schema\/person\/3d54238e86b20bb5c89ab2fdb8f8829a","name":"maranhaotv","image":{"@type":"ImageObject","inLanguage":"pt-BR","@id":"https:\/\/secure.gravatar.com\/avatar\/8fadbca458d4cb68b1dd399ae9a40618d747bb1af65ac9fad21c89220a143eb4?s=96&d=mm&r=g","url":"https:\/\/secure.gravatar.com\/avatar\/8fadbca458d4cb68b1dd399ae9a40618d747bb1af65ac9fad21c89220a143eb4?s=96&d=mm&r=g","contentUrl":"https:\/\/secure.gravatar.com\/avatar\/8fadbca458d4cb68b1dd399ae9a40618d747bb1af65ac9fad21c89220a143eb4?s=96&d=mm&r=g","caption":"maranhaotv"},"sameAs":["https:\/\/maranhaotv.com.br\/"],"url":"https:\/\/maranhaotv.com.br\/index.php\/author\/maranhaotv\/"}]}},"jetpack_featured_media_url":"","jetpack_sharing_enabled":true,"_links":{"self":[{"href":"https:\/\/maranhaotv.com.br\/index.php\/wp-json\/wp\/v2\/posts\/20027","targetHints":{"allow":["GET"]}}],"collection":[{"href":"https:\/\/maranhaotv.com.br\/index.php\/wp-json\/wp\/v2\/posts"}],"about":[{"href":"https:\/\/maranhaotv.com.br\/index.php\/wp-json\/wp\/v2\/types\/post"}],"author":[{"embeddable":true,"href":"https:\/\/maranhaotv.com.br\/index.php\/wp-json\/wp\/v2\/users\/2"}],"replies":[{"embeddable":true,"href":"https:\/\/maranhaotv.com.br\/index.php\/wp-json\/wp\/v2\/comments?post=20027"}],"version-history":[{"count":0,"href":"https:\/\/maranhaotv.com.br\/index.php\/wp-json\/wp\/v2\/posts\/20027\/revisions"}],"wp:featuredmedia":[{"embeddable":true,"href":"https:\/\/maranhaotv.com.br\/index.php\/wp-json\/"}],"wp:attachment":[{"href":"https:\/\/maranhaotv.com.br\/index.php\/wp-json\/wp\/v2\/media?parent=20027"}],"wp:term":[{"taxonomy":"category","embeddable":true,"href":"https:\/\/maranhaotv.com.br\/index.php\/wp-json\/wp\/v2\/categories?post=20027"},{"taxonomy":"post_tag","embeddable":true,"href":"https:\/\/maranhaotv.com.br\/index.php\/wp-json\/wp\/v2\/tags?post=20027"}],"curies":[{"name":"wp","href":"https:\/\/api.w.org\/{rel}","templated":true}]}}