{"id":20062,"date":"2021-03-27T11:38:20","date_gmt":"2021-03-27T14:38:20","guid":{"rendered":"https:\/\/maranhaotv.com.br\/?p=20062"},"modified":"2021-03-27T11:38:20","modified_gmt":"2021-03-27T14:38:20","slug":"obra-da-gdr-construcoes-e-prefeitura-de-paco-do-lumiar-causa-transtornos-a-moradores-do-cururuca","status":"publish","type":"post","link":"https:\/\/maranhaotv.com.br\/index.php\/2021\/03\/27\/obra-da-gdr-construcoes-e-prefeitura-de-paco-do-lumiar-causa-transtornos-a-moradores-do-cururuca\/","title":{"rendered":"Obra da GDR Constru\u00e7\u00f5es e Prefeitura de Pa\u00e7o do Lumiar causa transtornos a moradores do Cururuca"},"content":{"rendered":"\n<p><em><strong>Moradores denunciam neglig\u00eancia e omiss\u00e3o por parte da Prefeitura e construtora<\/strong><\/em><\/p>\n\n\n\n<p>A GDR est\u00e1 realizando escava\u00e7\u00e3o do solo para passagem de tubula\u00e7\u00e3o de esgoto deixa moradores do bairro Cururuca em Pa\u00e7o do Lumiar completamente isolados sem poderem chegar em suas resid\u00eancias. Moradores da comunidade est\u00e3o deixando seus carros em ruas distantes a 10 dias por conta dos problemas causados pela construtora. <\/p>\n\n\n\n<p>Diante da pandemia, os moradores temem sofrer alguma falta de energia, ou precisarem de algum tipo de socorro que n\u00e3o ir\u00e3o poder receber por conta de uma parte do bairro est\u00e1 totalmente isolada por conta de uma cratera que se abriu no meio da rua. <\/p>\n\n\n\n<p>A empresa GDR realiza paleativos diariamente com barro e pedra, mas a \u00e1gua da chuva leva tudo e assim n\u00e3o conseguem resolver os problemas que eles causaram. Vale ressaltar que est\u00e1 obra est\u00e1 sendo executado com o aval da prefeitura de Pa\u00e7o do Lumiar, entre um acordo selado entre a empresa e a SEMIU, Secretaria de Obras  de Pa\u00e7o do Lumiar. Segundo os moradores, ficou acordado que a GDR faria seu trabalho e deixaria o solo na situa\u00e7\u00e3o de compacta\u00e7\u00e3o e acabamento prim\u00e1rio (o que est\u00e1 sendo feito somente um paleativo com barro e pedra) que posteriormente a isso a Prefeitura entraria com a infraestrutura. <\/p>\n\n\n\n<p>Com isso os moradores est\u00e3o cansados de cobrar do secret\u00e1rio Walburg que n\u00e3o responde as mensagens e nem muito menos o pessoal da GDR, dessa forma deixando a comunidade sem saber a quem recorrer. Enquanto isso hoje j\u00e1 somam mais de 10 dias, e o bairro se encontra intrafeg\u00e1vel, isolando uma parte da comunidade. Para piorar a situa\u00e7\u00e3o, os funcion\u00e1rios da GDR avisaram que s\u00f3 voltar\u00e3o ao local na pr\u00f3xima segunda-feira, deixando assim os moradores sem o direito de poder ir e vir.<\/p>\n\n\n\n<p><\/p>\n\n\n\n<figure class=\"wp-block-image size-large\"><img decoding=\"async\" src=\"https:\/\/maranhaotv.com.br\/wp-content\/uploads\/2021\/03\/IMG-20210327-WA0131-850x1024.jpg\" alt=\"\" class=\"wp-image-20066\"\/><\/figure>\n\n\n\n<figure class=\"wp-block-image size-large\"><img decoding=\"async\" src=\"https:\/\/maranhaotv.com.br\/wp-content\/uploads\/2021\/03\/IMG-20210327-WA0127-976x1024.jpg\" alt=\"\" class=\"wp-image-20063\"\/><\/figure>\n\n\n\n<figure class=\"wp-block-image size-large\"><img decoding=\"async\" src=\"https:\/\/maranhaotv.com.br\/wp-content\/uploads\/2021\/03\/IMG-20210327-WA0128-838x1024.jpg\" alt=\"\" class=\"wp-image-20064\"\/><\/figure>\n\n\n\n<figure class=\"wp-block-image size-large\"><img decoding=\"async\" src=\"https:\/\/maranhaotv.com.br\/wp-content\/uploads\/2021\/03\/IMG-20210327-WA0130-853x1024.jpg\" alt=\"\" class=\"wp-image-20065\"\/><\/figure>\n","protected":false},"excerpt":{"rendered":"<p>Moradores denunciam neglig\u00eancia e omiss\u00e3o por parte da Prefeitura e construtora A GDR est\u00e1 realizando escava\u00e7\u00e3o do solo para passagem<\/p>\n","protected":false},"author":2,"featured_media":20067,"comment_status":"open","ping_status":"open","sticky":false,"template":"","format":"standard","meta":{"colormag_page_container_layout":"default_layout","colormag_page_sidebar_layout":"default_layout","_jetpack_memberships_contains_paid_content":false,"footnotes":""},"categories":[23],"tags":[328,329,116,7],"class_list":["post-20062","post","type-post","status-publish","format-standard","has-post-thumbnail","hentry","category-denuncia","tag-cururuca","tag-gdr","tag-paula-da-pindoba","tag-prefeitura-de-paco-do-lumiar"],"magazineBlocksPostFeaturedMedia":{"thumbnail":false,"medium":false,"medium_large":false,"large":false,"1536x1536":false,"2048x2048":false,"colormag-highlighted-post":false,"colormag-featured-post-medium":false,"colormag-featured-post-small":false,"colormag-featured-image":false,"colormag-default-news":false,"colormag-featured-image-large":false},"magazineBlocksPostAuthor":{"name":"maranhaotv","avatar":"https:\/\/secure.gravatar.com\/avatar\/8fadbca458d4cb68b1dd399ae9a40618d747bb1af65ac9fad21c89220a143eb4?s=96&d=mm&r=g"},"magazineBlocksPostCommentsNumber":"0","magazineBlocksPostExcerpt":"Moradores denunciam neglig\u00eancia e omiss\u00e3o por parte da Prefeitura e construtora A GDR est\u00e1 realizando escava\u00e7\u00e3o do solo para passagem","magazineBlocksPostCategories":["den\u00fancia"],"magazineBlocksPostViewCount":478,"magazineBlocksPostReadTime":2,"magazine_blocks_featured_image_url":{"full":false,"medium":false,"thumbnail":false},"magazine_blocks_author":{"display_name":"maranhaotv","author_link":"https:\/\/maranhaotv.com.br\/index.php\/author\/maranhaotv\/"},"magazine_blocks_comment":0,"magazine_blocks_author_image":"https:\/\/secure.gravatar.com\/avatar\/8fadbca458d4cb68b1dd399ae9a40618d747bb1af65ac9fad21c89220a143eb4?s=96&d=mm&r=g","magazine_blocks_category":"<a href=\"#\" class=\"category-link category-link-23\">den\u00fancia<\/a>","yoast_head":"<!-- This site is optimized with the Yoast SEO plugin v27.4 - https:\/\/yoast.com\/product\/yoast-seo-wordpress\/ -->\n<title>Obra da GDR Constru\u00e7\u00f5es e Prefeitura de Pa\u00e7o do Lumiar causa transtornos a moradores do Cururuca - NOT\u00cdCIAS EM TEMPO REAL<\/title>\n<meta name=\"robots\" content=\"index, follow, max-snippet:-1, max-image-preview:large, max-video-preview:-1\" \/>\n<link rel=\"canonical\" href=\"https:\/\/maranhaotv.com.br\/index.php\/2021\/03\/27\/obra-da-gdr-construcoes-e-prefeitura-de-paco-do-lumiar-causa-transtornos-a-moradores-do-cururuca\/\" \/>\n<meta property=\"og:locale\" content=\"pt_BR\" \/>\n<meta property=\"og:type\" content=\"article\" \/>\n<meta property=\"og:title\" content=\"Obra da GDR Constru\u00e7\u00f5es e Prefeitura de Pa\u00e7o do Lumiar causa transtornos a moradores do Cururuca - NOT\u00cdCIAS EM TEMPO REAL\" \/>\n<meta property=\"og:description\" content=\"Moradores denunciam neglig\u00eancia e omiss\u00e3o por parte da Prefeitura e construtora A GDR est\u00e1 realizando escava\u00e7\u00e3o do solo para passagem\" \/>\n<meta property=\"og:url\" content=\"https:\/\/maranhaotv.com.br\/index.php\/2021\/03\/27\/obra-da-gdr-construcoes-e-prefeitura-de-paco-do-lumiar-causa-transtornos-a-moradores-do-cururuca\/\" \/>\n<meta property=\"og:site_name\" content=\"NOT\u00cdCIAS EM TEMPO REAL\" \/>\n<meta property=\"article:publisher\" content=\"https:\/\/www.facebook.com\/maiobaotv\" \/>\n<meta property=\"article:published_time\" content=\"2021-03-27T14:38:20+00:00\" \/>\n<meta name=\"author\" content=\"maranhaotv\" \/>\n<meta name=\"twitter:card\" content=\"summary_large_image\" \/>\n<meta name=\"twitter:creator\" content=\"@sitemaranhaotv\" \/>\n<meta name=\"twitter:site\" content=\"@sitemaranhaotv\" \/>\n<meta name=\"twitter:label1\" content=\"Escrito por\" \/>\n\t<meta name=\"twitter:data1\" content=\"maranhaotv\" \/>\n\t<meta name=\"twitter:label2\" content=\"Est. tempo de leitura\" \/>\n\t<meta name=\"twitter:data2\" content=\"3 minutos\" \/>\n<script type=\"application\/ld+json\" class=\"yoast-schema-graph\">{\"@context\":\"https:\\\/\\\/schema.org\",\"@graph\":[{\"@type\":\"Article\",\"@id\":\"https:\\\/\\\/maranhaotv.com.br\\\/index.php\\\/2021\\\/03\\\/27\\\/obra-da-gdr-construcoes-e-prefeitura-de-paco-do-lumiar-causa-transtornos-a-moradores-do-cururuca\\\/#article\",\"isPartOf\":{\"@id\":\"https:\\\/\\\/maranhaotv.com.br\\\/index.php\\\/2021\\\/03\\\/27\\\/obra-da-gdr-construcoes-e-prefeitura-de-paco-do-lumiar-causa-transtornos-a-moradores-do-cururuca\\\/\"},\"author\":{\"name\":\"maranhaotv\",\"@id\":\"https:\\\/\\\/maranhaotv.com.br\\\/#\\\/schema\\\/person\\\/3d54238e86b20bb5c89ab2fdb8f8829a\"},\"headline\":\"Obra da GDR Constru\u00e7\u00f5es e Prefeitura de Pa\u00e7o do Lumiar causa transtornos a moradores do Cururuca\",\"datePublished\":\"2021-03-27T14:38:20+00:00\",\"mainEntityOfPage\":{\"@id\":\"https:\\\/\\\/maranhaotv.com.br\\\/index.php\\\/2021\\\/03\\\/27\\\/obra-da-gdr-construcoes-e-prefeitura-de-paco-do-lumiar-causa-transtornos-a-moradores-do-cururuca\\\/\"},\"wordCount\":333,\"commentCount\":0,\"publisher\":{\"@id\":\"https:\\\/\\\/maranhaotv.com.br\\\/#organization\"},\"image\":{\"@id\":\"https:\\\/\\\/maranhaotv.com.br\\\/index.php\\\/2021\\\/03\\\/27\\\/obra-da-gdr-construcoes-e-prefeitura-de-paco-do-lumiar-causa-transtornos-a-moradores-do-cururuca\\\/#primaryimage\"},\"thumbnailUrl\":\"\",\"keywords\":[\"Cururuca\",\"GDR\",\"Paula da Pindoba\",\"Prefeitura de Pa\u00e7o do Lumiar\"],\"articleSection\":[\"den\u00fancia\"],\"inLanguage\":\"pt-BR\",\"potentialAction\":[{\"@type\":\"CommentAction\",\"name\":\"Comment\",\"target\":[\"https:\\\/\\\/maranhaotv.com.br\\\/index.php\\\/2021\\\/03\\\/27\\\/obra-da-gdr-construcoes-e-prefeitura-de-paco-do-lumiar-causa-transtornos-a-moradores-do-cururuca\\\/#respond\"]}]},{\"@type\":\"WebPage\",\"@id\":\"https:\\\/\\\/maranhaotv.com.br\\\/index.php\\\/2021\\\/03\\\/27\\\/obra-da-gdr-construcoes-e-prefeitura-de-paco-do-lumiar-causa-transtornos-a-moradores-do-cururuca\\\/\",\"url\":\"https:\\\/\\\/maranhaotv.com.br\\\/index.php\\\/2021\\\/03\\\/27\\\/obra-da-gdr-construcoes-e-prefeitura-de-paco-do-lumiar-causa-transtornos-a-moradores-do-cururuca\\\/\",\"name\":\"Obra da GDR Constru\u00e7\u00f5es e Prefeitura de Pa\u00e7o do Lumiar causa transtornos a moradores do Cururuca - NOT\u00cdCIAS EM TEMPO REAL\",\"isPartOf\":{\"@id\":\"https:\\\/\\\/maranhaotv.com.br\\\/#website\"},\"primaryImageOfPage\":{\"@id\":\"https:\\\/\\\/maranhaotv.com.br\\\/index.php\\\/2021\\\/03\\\/27\\\/obra-da-gdr-construcoes-e-prefeitura-de-paco-do-lumiar-causa-transtornos-a-moradores-do-cururuca\\\/#primaryimage\"},\"image\":{\"@id\":\"https:\\\/\\\/maranhaotv.com.br\\\/index.php\\\/2021\\\/03\\\/27\\\/obra-da-gdr-construcoes-e-prefeitura-de-paco-do-lumiar-causa-transtornos-a-moradores-do-cururuca\\\/#primaryimage\"},\"thumbnailUrl\":\"\",\"datePublished\":\"2021-03-27T14:38:20+00:00\",\"breadcrumb\":{\"@id\":\"https:\\\/\\\/maranhaotv.com.br\\\/index.php\\\/2021\\\/03\\\/27\\\/obra-da-gdr-construcoes-e-prefeitura-de-paco-do-lumiar-causa-transtornos-a-moradores-do-cururuca\\\/#breadcrumb\"},\"inLanguage\":\"pt-BR\",\"potentialAction\":[{\"@type\":\"ReadAction\",\"target\":[\"https:\\\/\\\/maranhaotv.com.br\\\/index.php\\\/2021\\\/03\\\/27\\\/obra-da-gdr-construcoes-e-prefeitura-de-paco-do-lumiar-causa-transtornos-a-moradores-do-cururuca\\\/\"]}]},{\"@type\":\"ImageObject\",\"inLanguage\":\"pt-BR\",\"@id\":\"https:\\\/\\\/maranhaotv.com.br\\\/index.php\\\/2021\\\/03\\\/27\\\/obra-da-gdr-construcoes-e-prefeitura-de-paco-do-lumiar-causa-transtornos-a-moradores-do-cururuca\\\/#primaryimage\",\"url\":\"\",\"contentUrl\":\"\"},{\"@type\":\"BreadcrumbList\",\"@id\":\"https:\\\/\\\/maranhaotv.com.br\\\/index.php\\\/2021\\\/03\\\/27\\\/obra-da-gdr-construcoes-e-prefeitura-de-paco-do-lumiar-causa-transtornos-a-moradores-do-cururuca\\\/#breadcrumb\",\"itemListElement\":[{\"@type\":\"ListItem\",\"position\":1,\"name\":\"In\u00edcio\",\"item\":\"https:\\\/\\\/maranhaotv.com.br\\\/\"},{\"@type\":\"ListItem\",\"position\":2,\"name\":\"Obra da GDR Constru\u00e7\u00f5es e Prefeitura de Pa\u00e7o do Lumiar causa transtornos a moradores do Cururuca\"}]},{\"@type\":\"WebSite\",\"@id\":\"https:\\\/\\\/maranhaotv.com.br\\\/#website\",\"url\":\"https:\\\/\\\/maranhaotv.com.br\\\/\",\"name\":\"Maranh\u00e3oTV\",\"description\":\"\",\"publisher\":{\"@id\":\"https:\\\/\\\/maranhaotv.com.br\\\/#organization\"},\"potentialAction\":[{\"@type\":\"SearchAction\",\"target\":{\"@type\":\"EntryPoint\",\"urlTemplate\":\"https:\\\/\\\/maranhaotv.com.br\\\/?s={search_term_string}\"},\"query-input\":{\"@type\":\"PropertyValueSpecification\",\"valueRequired\":true,\"valueName\":\"search_term_string\"}}],\"inLanguage\":\"pt-BR\"},{\"@type\":\"Organization\",\"@id\":\"https:\\\/\\\/maranhaotv.com.br\\\/#organization\",\"name\":\"Portal de Not\u00edcias\",\"url\":\"https:\\\/\\\/maranhaotv.com.br\\\/\",\"logo\":{\"@type\":\"ImageObject\",\"inLanguage\":\"pt-BR\",\"@id\":\"https:\\\/\\\/maranhaotv.com.br\\\/#\\\/schema\\\/logo\\\/image\\\/\",\"url\":\"https:\\\/\\\/maranhaotv.com.br\\\/wp-content\\\/uploads\\\/2024\\\/05\\\/cropped-cropped-avatar-1.png\",\"contentUrl\":\"https:\\\/\\\/maranhaotv.com.br\\\/wp-content\\\/uploads\\\/2024\\\/05\\\/cropped-cropped-avatar-1.png\",\"width\":792,\"height\":428,\"caption\":\"Portal de Not\u00edcias\"},\"image\":{\"@id\":\"https:\\\/\\\/maranhaotv.com.br\\\/#\\\/schema\\\/logo\\\/image\\\/\"},\"sameAs\":[\"https:\\\/\\\/www.facebook.com\\\/maiobaotv\",\"https:\\\/\\\/x.com\\\/sitemaranhaotv\",\"https:\\\/\\\/www.instagram.com\\\/maranhao.tv\",\"https:\\\/\\\/www.threads.net\\\/@maranhao.tv\"]},{\"@type\":\"Person\",\"@id\":\"https:\\\/\\\/maranhaotv.com.br\\\/#\\\/schema\\\/person\\\/3d54238e86b20bb5c89ab2fdb8f8829a\",\"name\":\"maranhaotv\",\"image\":{\"@type\":\"ImageObject\",\"inLanguage\":\"pt-BR\",\"@id\":\"https:\\\/\\\/secure.gravatar.com\\\/avatar\\\/8fadbca458d4cb68b1dd399ae9a40618d747bb1af65ac9fad21c89220a143eb4?s=96&d=mm&r=g\",\"url\":\"https:\\\/\\\/secure.gravatar.com\\\/avatar\\\/8fadbca458d4cb68b1dd399ae9a40618d747bb1af65ac9fad21c89220a143eb4?s=96&d=mm&r=g\",\"contentUrl\":\"https:\\\/\\\/secure.gravatar.com\\\/avatar\\\/8fadbca458d4cb68b1dd399ae9a40618d747bb1af65ac9fad21c89220a143eb4?s=96&d=mm&r=g\",\"caption\":\"maranhaotv\"},\"sameAs\":[\"https:\\\/\\\/maranhaotv.com.br\\\/\"],\"url\":\"https:\\\/\\\/maranhaotv.com.br\\\/index.php\\\/author\\\/maranhaotv\\\/\"}]}<\/script>\n<!-- \/ Yoast SEO plugin. -->","yoast_head_json":{"title":"Obra da GDR Constru\u00e7\u00f5es e Prefeitura de Pa\u00e7o do Lumiar causa transtornos a moradores do Cururuca - NOT\u00cdCIAS EM TEMPO REAL","robots":{"index":"index","follow":"follow","max-snippet":"max-snippet:-1","max-image-preview":"max-image-preview:large","max-video-preview":"max-video-preview:-1"},"canonical":"https:\/\/maranhaotv.com.br\/index.php\/2021\/03\/27\/obra-da-gdr-construcoes-e-prefeitura-de-paco-do-lumiar-causa-transtornos-a-moradores-do-cururuca\/","og_locale":"pt_BR","og_type":"article","og_title":"Obra da GDR Constru\u00e7\u00f5es e Prefeitura de Pa\u00e7o do Lumiar causa transtornos a moradores do Cururuca - NOT\u00cdCIAS EM TEMPO REAL","og_description":"Moradores denunciam neglig\u00eancia e omiss\u00e3o por parte da Prefeitura e construtora A GDR est\u00e1 realizando escava\u00e7\u00e3o do solo para passagem","og_url":"https:\/\/maranhaotv.com.br\/index.php\/2021\/03\/27\/obra-da-gdr-construcoes-e-prefeitura-de-paco-do-lumiar-causa-transtornos-a-moradores-do-cururuca\/","og_site_name":"NOT\u00cdCIAS EM TEMPO REAL","article_publisher":"https:\/\/www.facebook.com\/maiobaotv","article_published_time":"2021-03-27T14:38:20+00:00","author":"maranhaotv","twitter_card":"summary_large_image","twitter_creator":"@sitemaranhaotv","twitter_site":"@sitemaranhaotv","twitter_misc":{"Escrito por":"maranhaotv","Est. tempo de leitura":"3 minutos"},"schema":{"@context":"https:\/\/schema.org","@graph":[{"@type":"Article","@id":"https:\/\/maranhaotv.com.br\/index.php\/2021\/03\/27\/obra-da-gdr-construcoes-e-prefeitura-de-paco-do-lumiar-causa-transtornos-a-moradores-do-cururuca\/#article","isPartOf":{"@id":"https:\/\/maranhaotv.com.br\/index.php\/2021\/03\/27\/obra-da-gdr-construcoes-e-prefeitura-de-paco-do-lumiar-causa-transtornos-a-moradores-do-cururuca\/"},"author":{"name":"maranhaotv","@id":"https:\/\/maranhaotv.com.br\/#\/schema\/person\/3d54238e86b20bb5c89ab2fdb8f8829a"},"headline":"Obra da GDR Constru\u00e7\u00f5es e Prefeitura de Pa\u00e7o do Lumiar causa transtornos a moradores do Cururuca","datePublished":"2021-03-27T14:38:20+00:00","mainEntityOfPage":{"@id":"https:\/\/maranhaotv.com.br\/index.php\/2021\/03\/27\/obra-da-gdr-construcoes-e-prefeitura-de-paco-do-lumiar-causa-transtornos-a-moradores-do-cururuca\/"},"wordCount":333,"commentCount":0,"publisher":{"@id":"https:\/\/maranhaotv.com.br\/#organization"},"image":{"@id":"https:\/\/maranhaotv.com.br\/index.php\/2021\/03\/27\/obra-da-gdr-construcoes-e-prefeitura-de-paco-do-lumiar-causa-transtornos-a-moradores-do-cururuca\/#primaryimage"},"thumbnailUrl":"","keywords":["Cururuca","GDR","Paula da Pindoba","Prefeitura de Pa\u00e7o do Lumiar"],"articleSection":["den\u00fancia"],"inLanguage":"pt-BR","potentialAction":[{"@type":"CommentAction","name":"Comment","target":["https:\/\/maranhaotv.com.br\/index.php\/2021\/03\/27\/obra-da-gdr-construcoes-e-prefeitura-de-paco-do-lumiar-causa-transtornos-a-moradores-do-cururuca\/#respond"]}]},{"@type":"WebPage","@id":"https:\/\/maranhaotv.com.br\/index.php\/2021\/03\/27\/obra-da-gdr-construcoes-e-prefeitura-de-paco-do-lumiar-causa-transtornos-a-moradores-do-cururuca\/","url":"https:\/\/maranhaotv.com.br\/index.php\/2021\/03\/27\/obra-da-gdr-construcoes-e-prefeitura-de-paco-do-lumiar-causa-transtornos-a-moradores-do-cururuca\/","name":"Obra da GDR Constru\u00e7\u00f5es e Prefeitura de Pa\u00e7o do Lumiar causa transtornos a moradores do Cururuca - NOT\u00cdCIAS EM TEMPO REAL","isPartOf":{"@id":"https:\/\/maranhaotv.com.br\/#website"},"primaryImageOfPage":{"@id":"https:\/\/maranhaotv.com.br\/index.php\/2021\/03\/27\/obra-da-gdr-construcoes-e-prefeitura-de-paco-do-lumiar-causa-transtornos-a-moradores-do-cururuca\/#primaryimage"},"image":{"@id":"https:\/\/maranhaotv.com.br\/index.php\/2021\/03\/27\/obra-da-gdr-construcoes-e-prefeitura-de-paco-do-lumiar-causa-transtornos-a-moradores-do-cururuca\/#primaryimage"},"thumbnailUrl":"","datePublished":"2021-03-27T14:38:20+00:00","breadcrumb":{"@id":"https:\/\/maranhaotv.com.br\/index.php\/2021\/03\/27\/obra-da-gdr-construcoes-e-prefeitura-de-paco-do-lumiar-causa-transtornos-a-moradores-do-cururuca\/#breadcrumb"},"inLanguage":"pt-BR","potentialAction":[{"@type":"ReadAction","target":["https:\/\/maranhaotv.com.br\/index.php\/2021\/03\/27\/obra-da-gdr-construcoes-e-prefeitura-de-paco-do-lumiar-causa-transtornos-a-moradores-do-cururuca\/"]}]},{"@type":"ImageObject","inLanguage":"pt-BR","@id":"https:\/\/maranhaotv.com.br\/index.php\/2021\/03\/27\/obra-da-gdr-construcoes-e-prefeitura-de-paco-do-lumiar-causa-transtornos-a-moradores-do-cururuca\/#primaryimage","url":"","contentUrl":""},{"@type":"BreadcrumbList","@id":"https:\/\/maranhaotv.com.br\/index.php\/2021\/03\/27\/obra-da-gdr-construcoes-e-prefeitura-de-paco-do-lumiar-causa-transtornos-a-moradores-do-cururuca\/#breadcrumb","itemListElement":[{"@type":"ListItem","position":1,"name":"In\u00edcio","item":"https:\/\/maranhaotv.com.br\/"},{"@type":"ListItem","position":2,"name":"Obra da GDR Constru\u00e7\u00f5es e Prefeitura de Pa\u00e7o do Lumiar causa transtornos a moradores do Cururuca"}]},{"@type":"WebSite","@id":"https:\/\/maranhaotv.com.br\/#website","url":"https:\/\/maranhaotv.com.br\/","name":"Maranh\u00e3oTV","description":"","publisher":{"@id":"https:\/\/maranhaotv.com.br\/#organization"},"potentialAction":[{"@type":"SearchAction","target":{"@type":"EntryPoint","urlTemplate":"https:\/\/maranhaotv.com.br\/?s={search_term_string}"},"query-input":{"@type":"PropertyValueSpecification","valueRequired":true,"valueName":"search_term_string"}}],"inLanguage":"pt-BR"},{"@type":"Organization","@id":"https:\/\/maranhaotv.com.br\/#organization","name":"Portal de Not\u00edcias","url":"https:\/\/maranhaotv.com.br\/","logo":{"@type":"ImageObject","inLanguage":"pt-BR","@id":"https:\/\/maranhaotv.com.br\/#\/schema\/logo\/image\/","url":"https:\/\/maranhaotv.com.br\/wp-content\/uploads\/2024\/05\/cropped-cropped-avatar-1.png","contentUrl":"https:\/\/maranhaotv.com.br\/wp-content\/uploads\/2024\/05\/cropped-cropped-avatar-1.png","width":792,"height":428,"caption":"Portal de Not\u00edcias"},"image":{"@id":"https:\/\/maranhaotv.com.br\/#\/schema\/logo\/image\/"},"sameAs":["https:\/\/www.facebook.com\/maiobaotv","https:\/\/x.com\/sitemaranhaotv","https:\/\/www.instagram.com\/maranhao.tv","https:\/\/www.threads.net\/@maranhao.tv"]},{"@type":"Person","@id":"https:\/\/maranhaotv.com.br\/#\/schema\/person\/3d54238e86b20bb5c89ab2fdb8f8829a","name":"maranhaotv","image":{"@type":"ImageObject","inLanguage":"pt-BR","@id":"https:\/\/secure.gravatar.com\/avatar\/8fadbca458d4cb68b1dd399ae9a40618d747bb1af65ac9fad21c89220a143eb4?s=96&d=mm&r=g","url":"https:\/\/secure.gravatar.com\/avatar\/8fadbca458d4cb68b1dd399ae9a40618d747bb1af65ac9fad21c89220a143eb4?s=96&d=mm&r=g","contentUrl":"https:\/\/secure.gravatar.com\/avatar\/8fadbca458d4cb68b1dd399ae9a40618d747bb1af65ac9fad21c89220a143eb4?s=96&d=mm&r=g","caption":"maranhaotv"},"sameAs":["https:\/\/maranhaotv.com.br\/"],"url":"https:\/\/maranhaotv.com.br\/index.php\/author\/maranhaotv\/"}]}},"jetpack_featured_media_url":"","jetpack_sharing_enabled":true,"_links":{"self":[{"href":"https:\/\/maranhaotv.com.br\/index.php\/wp-json\/wp\/v2\/posts\/20062","targetHints":{"allow":["GET"]}}],"collection":[{"href":"https:\/\/maranhaotv.com.br\/index.php\/wp-json\/wp\/v2\/posts"}],"about":[{"href":"https:\/\/maranhaotv.com.br\/index.php\/wp-json\/wp\/v2\/types\/post"}],"author":[{"embeddable":true,"href":"https:\/\/maranhaotv.com.br\/index.php\/wp-json\/wp\/v2\/users\/2"}],"replies":[{"embeddable":true,"href":"https:\/\/maranhaotv.com.br\/index.php\/wp-json\/wp\/v2\/comments?post=20062"}],"version-history":[{"count":0,"href":"https:\/\/maranhaotv.com.br\/index.php\/wp-json\/wp\/v2\/posts\/20062\/revisions"}],"wp:featuredmedia":[{"embeddable":true,"href":"https:\/\/maranhaotv.com.br\/index.php\/wp-json\/"}],"wp:attachment":[{"href":"https:\/\/maranhaotv.com.br\/index.php\/wp-json\/wp\/v2\/media?parent=20062"}],"wp:term":[{"taxonomy":"category","embeddable":true,"href":"https:\/\/maranhaotv.com.br\/index.php\/wp-json\/wp\/v2\/categories?post=20062"},{"taxonomy":"post_tag","embeddable":true,"href":"https:\/\/maranhaotv.com.br\/index.php\/wp-json\/wp\/v2\/tags?post=20062"}],"curies":[{"name":"wp","href":"https:\/\/api.w.org\/{rel}","templated":true}]}}