{"id":20122,"date":"2021-03-30T12:11:43","date_gmt":"2021-03-30T15:11:43","guid":{"rendered":"https:\/\/maranhaotv.com.br\/?p=20122"},"modified":"2021-03-30T12:11:43","modified_gmt":"2021-03-30T15:11:43","slug":"rafael-neves-solta-o-verbo-vereador-de-paco-do-lumiar-e-cachorro","status":"publish","type":"post","link":"https:\/\/maranhaotv.com.br\/index.php\/2021\/03\/30\/rafael-neves-solta-o-verbo-vereador-de-paco-do-lumiar-e-cachorro\/","title":{"rendered":"Rafael Neves solta o verbo: \u2018vereador de Pa\u00e7o do Lumiar \u00e9 cachorro!\u2019"},"content":{"rendered":"\n<p><strong>Vereador tamb\u00e9m chama de \u201ccachorro\u201dum funcion\u00e1rio p\u00fablico da Secretaria Municipal de Infraestrutura<\/strong><\/p>\n\n\n\n<p>A sess\u00e3o remota desta ter\u00e7a-feira (30) da C\u00e2mara Municipal de Pa\u00e7o do Lumiar foi hil\u00e1ria, talvez pelo fato das mesmas serem em formato digital provoque rea\u00e7\u00f5es indecorosas por parte de alguns edis, enquanto uma vereadora parece estar preparando um almo\u00e7o, outros utilizam o espa\u00e7o para falar absurdos deixando de lado a formalidade. <\/p>\n\n\n\n<p>Desta vez um fato inusitado foi exposto pelo vereador Rafael Neves, que ao narrar de uma situa\u00e7\u00e3o ocorrida na Vila Epit\u00e1cio Cafeteira soltou o verbo aos pares, acusou os colegas de serem c\u00famplices de uma suposta \u201csabotagem\u201d \u00e0s suas indica\u00e7\u00f5es.<\/p>\n\n\n\n<p>Rafael Neves \u00e9 presidente do Conselho de \u00c9tica da C\u00e2mara, e tomado pela ira, se autoproclamou como cachorro, chamou os seus pares e ainda um dos coordenadores da Secretaria de Infraestrutura pelo nome dos caninos.<\/p>\n\n\n\n<p>Veja o v\u00eddeo:<\/p>\n\n\n\n<p><div class=\"jetpack-video-wrapper\"><iframe loading=\"lazy\" title=\"Vereador Rafael Neves solta o verbo\" width=\"800\" height=\"450\" src=\"https:\/\/www.youtube.com\/embed\/wBQp2k_TD-Q?feature=oembed\" frameborder=\"0\" allow=\"accelerometer; autoplay; clipboard-write; encrypted-media; gyroscope; picture-in-picture; web-share\" referrerpolicy=\"strict-origin-when-cross-origin\" allowfullscreen><\/iframe><\/div><\/p>\n\n\n\n<figure class=\"wp-block-image size-large\"><img decoding=\"async\" src=\"https:\/\/maranhaotv.com.br\/wp-content\/uploads\/2021\/03\/IMG-20210330-WA0147.jpg\" alt=\"\" class=\"wp-image-20123\"\/><figcaption>No meio, Roberto Copacabana, funcion\u00e1rio em quest\u00e3o<\/figcaption><\/figure>\n\n\n\n<figure class=\"wp-block-image size-large\"><img decoding=\"async\" src=\"https:\/\/maranhaotv.com.br\/wp-content\/uploads\/2021\/03\/IMG-20210330-WA0143-1024x1024.jpg\" alt=\"\" class=\"wp-image-20124\"\/><\/figure>\n\n\n\n<p><\/p>\n\n\n\n<p><\/p>\n\n\n\n<p><\/p>\n","protected":false},"excerpt":{"rendered":"<p>Vereador tamb\u00e9m chama de \u201ccachorro\u201dum funcion\u00e1rio p\u00fablico da Secretaria Municipal de Infraestrutura A sess\u00e3o remota desta ter\u00e7a-feira (30) da C\u00e2mara<\/p>\n","protected":false},"author":2,"featured_media":20125,"comment_status":"open","ping_status":"open","sticky":false,"template":"","format":"standard","meta":{"colormag_page_container_layout":"default_layout","colormag_page_sidebar_layout":"default_layout","_jetpack_memberships_contains_paid_content":false,"footnotes":""},"categories":[6],"tags":[],"class_list":["post-20122","post","type-post","status-publish","format-standard","has-post-thumbnail","hentry","category-politica"],"magazineBlocksPostFeaturedMedia":{"thumbnail":false,"medium":false,"medium_large":false,"large":false,"1536x1536":false,"2048x2048":false,"colormag-highlighted-post":false,"colormag-featured-post-medium":false,"colormag-featured-post-small":false,"colormag-featured-image":false,"colormag-default-news":false,"colormag-featured-image-large":false},"magazineBlocksPostAuthor":{"name":"maranhaotv","avatar":"https:\/\/secure.gravatar.com\/avatar\/8fadbca458d4cb68b1dd399ae9a40618d747bb1af65ac9fad21c89220a143eb4?s=96&d=mm&r=g"},"magazineBlocksPostCommentsNumber":"0","magazineBlocksPostExcerpt":"Vereador tamb\u00e9m chama de \u201ccachorro\u201dum funcion\u00e1rio p\u00fablico da Secretaria Municipal de Infraestrutura A sess\u00e3o remota desta ter\u00e7a-feira (30) da C\u00e2mara","magazineBlocksPostCategories":["pol\u00edtica"],"magazineBlocksPostViewCount":204,"magazineBlocksPostReadTime":1,"magazine_blocks_featured_image_url":{"full":false,"medium":false,"thumbnail":false},"magazine_blocks_author":{"display_name":"maranhaotv","author_link":"https:\/\/maranhaotv.com.br\/index.php\/author\/maranhaotv\/"},"magazine_blocks_comment":0,"magazine_blocks_author_image":"https:\/\/secure.gravatar.com\/avatar\/8fadbca458d4cb68b1dd399ae9a40618d747bb1af65ac9fad21c89220a143eb4?s=96&d=mm&r=g","magazine_blocks_category":"<a href=\"#\" class=\"category-link category-link-6\">pol\u00edtica<\/a>","yoast_head":"<!-- This site is optimized with the Yoast SEO plugin v27.4 - https:\/\/yoast.com\/product\/yoast-seo-wordpress\/ -->\n<title>Rafael Neves solta o verbo: \u2018vereador de Pa\u00e7o do Lumiar \u00e9 cachorro!\u2019 - NOT\u00cdCIAS EM TEMPO REAL<\/title>\n<meta name=\"robots\" content=\"index, follow, max-snippet:-1, max-image-preview:large, max-video-preview:-1\" \/>\n<link rel=\"canonical\" href=\"https:\/\/maranhaotv.com.br\/index.php\/2021\/03\/30\/rafael-neves-solta-o-verbo-vereador-de-paco-do-lumiar-e-cachorro\/\" \/>\n<meta property=\"og:locale\" content=\"pt_BR\" \/>\n<meta property=\"og:type\" content=\"article\" \/>\n<meta property=\"og:title\" content=\"Rafael Neves solta o verbo: \u2018vereador de Pa\u00e7o do Lumiar \u00e9 cachorro!\u2019 - NOT\u00cdCIAS EM TEMPO REAL\" \/>\n<meta property=\"og:description\" content=\"Vereador tamb\u00e9m chama de \u201ccachorro\u201dum funcion\u00e1rio p\u00fablico da Secretaria Municipal de Infraestrutura A sess\u00e3o remota desta ter\u00e7a-feira (30) da C\u00e2mara\" \/>\n<meta property=\"og:url\" content=\"https:\/\/maranhaotv.com.br\/index.php\/2021\/03\/30\/rafael-neves-solta-o-verbo-vereador-de-paco-do-lumiar-e-cachorro\/\" \/>\n<meta property=\"og:site_name\" content=\"NOT\u00cdCIAS EM TEMPO REAL\" \/>\n<meta property=\"article:publisher\" content=\"https:\/\/www.facebook.com\/maiobaotv\" \/>\n<meta property=\"article:published_time\" content=\"2021-03-30T15:11:43+00:00\" \/>\n<meta name=\"author\" content=\"maranhaotv\" \/>\n<meta name=\"twitter:card\" content=\"summary_large_image\" \/>\n<meta name=\"twitter:creator\" content=\"@sitemaranhaotv\" \/>\n<meta name=\"twitter:site\" content=\"@sitemaranhaotv\" \/>\n<meta name=\"twitter:label1\" content=\"Escrito por\" \/>\n\t<meta name=\"twitter:data1\" content=\"maranhaotv\" \/>\n\t<meta name=\"twitter:label2\" content=\"Est. tempo de leitura\" \/>\n\t<meta name=\"twitter:data2\" content=\"2 minutos\" \/>\n<script type=\"application\/ld+json\" class=\"yoast-schema-graph\">{\"@context\":\"https:\\\/\\\/schema.org\",\"@graph\":[{\"@type\":\"Article\",\"@id\":\"https:\\\/\\\/maranhaotv.com.br\\\/index.php\\\/2021\\\/03\\\/30\\\/rafael-neves-solta-o-verbo-vereador-de-paco-do-lumiar-e-cachorro\\\/#article\",\"isPartOf\":{\"@id\":\"https:\\\/\\\/maranhaotv.com.br\\\/index.php\\\/2021\\\/03\\\/30\\\/rafael-neves-solta-o-verbo-vereador-de-paco-do-lumiar-e-cachorro\\\/\"},\"author\":{\"name\":\"maranhaotv\",\"@id\":\"https:\\\/\\\/maranhaotv.com.br\\\/#\\\/schema\\\/person\\\/3d54238e86b20bb5c89ab2fdb8f8829a\"},\"headline\":\"Rafael Neves solta o verbo: \u2018vereador de Pa\u00e7o do Lumiar \u00e9 cachorro!\u2019\",\"datePublished\":\"2021-03-30T15:11:43+00:00\",\"mainEntityOfPage\":{\"@id\":\"https:\\\/\\\/maranhaotv.com.br\\\/index.php\\\/2021\\\/03\\\/30\\\/rafael-neves-solta-o-verbo-vereador-de-paco-do-lumiar-e-cachorro\\\/\"},\"wordCount\":185,\"commentCount\":0,\"publisher\":{\"@id\":\"https:\\\/\\\/maranhaotv.com.br\\\/#organization\"},\"image\":{\"@id\":\"https:\\\/\\\/maranhaotv.com.br\\\/index.php\\\/2021\\\/03\\\/30\\\/rafael-neves-solta-o-verbo-vereador-de-paco-do-lumiar-e-cachorro\\\/#primaryimage\"},\"thumbnailUrl\":\"\",\"articleSection\":[\"pol\u00edtica\"],\"inLanguage\":\"pt-BR\",\"potentialAction\":[{\"@type\":\"CommentAction\",\"name\":\"Comment\",\"target\":[\"https:\\\/\\\/maranhaotv.com.br\\\/index.php\\\/2021\\\/03\\\/30\\\/rafael-neves-solta-o-verbo-vereador-de-paco-do-lumiar-e-cachorro\\\/#respond\"]}]},{\"@type\":\"WebPage\",\"@id\":\"https:\\\/\\\/maranhaotv.com.br\\\/index.php\\\/2021\\\/03\\\/30\\\/rafael-neves-solta-o-verbo-vereador-de-paco-do-lumiar-e-cachorro\\\/\",\"url\":\"https:\\\/\\\/maranhaotv.com.br\\\/index.php\\\/2021\\\/03\\\/30\\\/rafael-neves-solta-o-verbo-vereador-de-paco-do-lumiar-e-cachorro\\\/\",\"name\":\"Rafael Neves solta o verbo: \u2018vereador de Pa\u00e7o do Lumiar \u00e9 cachorro!\u2019 - NOT\u00cdCIAS EM TEMPO REAL\",\"isPartOf\":{\"@id\":\"https:\\\/\\\/maranhaotv.com.br\\\/#website\"},\"primaryImageOfPage\":{\"@id\":\"https:\\\/\\\/maranhaotv.com.br\\\/index.php\\\/2021\\\/03\\\/30\\\/rafael-neves-solta-o-verbo-vereador-de-paco-do-lumiar-e-cachorro\\\/#primaryimage\"},\"image\":{\"@id\":\"https:\\\/\\\/maranhaotv.com.br\\\/index.php\\\/2021\\\/03\\\/30\\\/rafael-neves-solta-o-verbo-vereador-de-paco-do-lumiar-e-cachorro\\\/#primaryimage\"},\"thumbnailUrl\":\"\",\"datePublished\":\"2021-03-30T15:11:43+00:00\",\"breadcrumb\":{\"@id\":\"https:\\\/\\\/maranhaotv.com.br\\\/index.php\\\/2021\\\/03\\\/30\\\/rafael-neves-solta-o-verbo-vereador-de-paco-do-lumiar-e-cachorro\\\/#breadcrumb\"},\"inLanguage\":\"pt-BR\",\"potentialAction\":[{\"@type\":\"ReadAction\",\"target\":[\"https:\\\/\\\/maranhaotv.com.br\\\/index.php\\\/2021\\\/03\\\/30\\\/rafael-neves-solta-o-verbo-vereador-de-paco-do-lumiar-e-cachorro\\\/\"]}]},{\"@type\":\"ImageObject\",\"inLanguage\":\"pt-BR\",\"@id\":\"https:\\\/\\\/maranhaotv.com.br\\\/index.php\\\/2021\\\/03\\\/30\\\/rafael-neves-solta-o-verbo-vereador-de-paco-do-lumiar-e-cachorro\\\/#primaryimage\",\"url\":\"\",\"contentUrl\":\"\"},{\"@type\":\"BreadcrumbList\",\"@id\":\"https:\\\/\\\/maranhaotv.com.br\\\/index.php\\\/2021\\\/03\\\/30\\\/rafael-neves-solta-o-verbo-vereador-de-paco-do-lumiar-e-cachorro\\\/#breadcrumb\",\"itemListElement\":[{\"@type\":\"ListItem\",\"position\":1,\"name\":\"In\u00edcio\",\"item\":\"https:\\\/\\\/maranhaotv.com.br\\\/\"},{\"@type\":\"ListItem\",\"position\":2,\"name\":\"Rafael Neves solta o verbo: \u2018vereador de Pa\u00e7o do Lumiar \u00e9 cachorro!\u2019\"}]},{\"@type\":\"WebSite\",\"@id\":\"https:\\\/\\\/maranhaotv.com.br\\\/#website\",\"url\":\"https:\\\/\\\/maranhaotv.com.br\\\/\",\"name\":\"Maranh\u00e3oTV\",\"description\":\"\",\"publisher\":{\"@id\":\"https:\\\/\\\/maranhaotv.com.br\\\/#organization\"},\"potentialAction\":[{\"@type\":\"SearchAction\",\"target\":{\"@type\":\"EntryPoint\",\"urlTemplate\":\"https:\\\/\\\/maranhaotv.com.br\\\/?s={search_term_string}\"},\"query-input\":{\"@type\":\"PropertyValueSpecification\",\"valueRequired\":true,\"valueName\":\"search_term_string\"}}],\"inLanguage\":\"pt-BR\"},{\"@type\":\"Organization\",\"@id\":\"https:\\\/\\\/maranhaotv.com.br\\\/#organization\",\"name\":\"Portal de Not\u00edcias\",\"url\":\"https:\\\/\\\/maranhaotv.com.br\\\/\",\"logo\":{\"@type\":\"ImageObject\",\"inLanguage\":\"pt-BR\",\"@id\":\"https:\\\/\\\/maranhaotv.com.br\\\/#\\\/schema\\\/logo\\\/image\\\/\",\"url\":\"https:\\\/\\\/maranhaotv.com.br\\\/wp-content\\\/uploads\\\/2024\\\/05\\\/cropped-cropped-avatar-1.png\",\"contentUrl\":\"https:\\\/\\\/maranhaotv.com.br\\\/wp-content\\\/uploads\\\/2024\\\/05\\\/cropped-cropped-avatar-1.png\",\"width\":792,\"height\":428,\"caption\":\"Portal de Not\u00edcias\"},\"image\":{\"@id\":\"https:\\\/\\\/maranhaotv.com.br\\\/#\\\/schema\\\/logo\\\/image\\\/\"},\"sameAs\":[\"https:\\\/\\\/www.facebook.com\\\/maiobaotv\",\"https:\\\/\\\/x.com\\\/sitemaranhaotv\",\"https:\\\/\\\/www.instagram.com\\\/maranhao.tv\",\"https:\\\/\\\/www.threads.net\\\/@maranhao.tv\"]},{\"@type\":\"Person\",\"@id\":\"https:\\\/\\\/maranhaotv.com.br\\\/#\\\/schema\\\/person\\\/3d54238e86b20bb5c89ab2fdb8f8829a\",\"name\":\"maranhaotv\",\"image\":{\"@type\":\"ImageObject\",\"inLanguage\":\"pt-BR\",\"@id\":\"https:\\\/\\\/secure.gravatar.com\\\/avatar\\\/8fadbca458d4cb68b1dd399ae9a40618d747bb1af65ac9fad21c89220a143eb4?s=96&d=mm&r=g\",\"url\":\"https:\\\/\\\/secure.gravatar.com\\\/avatar\\\/8fadbca458d4cb68b1dd399ae9a40618d747bb1af65ac9fad21c89220a143eb4?s=96&d=mm&r=g\",\"contentUrl\":\"https:\\\/\\\/secure.gravatar.com\\\/avatar\\\/8fadbca458d4cb68b1dd399ae9a40618d747bb1af65ac9fad21c89220a143eb4?s=96&d=mm&r=g\",\"caption\":\"maranhaotv\"},\"sameAs\":[\"https:\\\/\\\/maranhaotv.com.br\\\/\"],\"url\":\"https:\\\/\\\/maranhaotv.com.br\\\/index.php\\\/author\\\/maranhaotv\\\/\"}]}<\/script>\n<!-- \/ Yoast SEO plugin. -->","yoast_head_json":{"title":"Rafael Neves solta o verbo: \u2018vereador de Pa\u00e7o do Lumiar \u00e9 cachorro!\u2019 - NOT\u00cdCIAS EM TEMPO REAL","robots":{"index":"index","follow":"follow","max-snippet":"max-snippet:-1","max-image-preview":"max-image-preview:large","max-video-preview":"max-video-preview:-1"},"canonical":"https:\/\/maranhaotv.com.br\/index.php\/2021\/03\/30\/rafael-neves-solta-o-verbo-vereador-de-paco-do-lumiar-e-cachorro\/","og_locale":"pt_BR","og_type":"article","og_title":"Rafael Neves solta o verbo: \u2018vereador de Pa\u00e7o do Lumiar \u00e9 cachorro!\u2019 - NOT\u00cdCIAS EM TEMPO REAL","og_description":"Vereador tamb\u00e9m chama de \u201ccachorro\u201dum funcion\u00e1rio p\u00fablico da Secretaria Municipal de Infraestrutura A sess\u00e3o remota desta ter\u00e7a-feira (30) da C\u00e2mara","og_url":"https:\/\/maranhaotv.com.br\/index.php\/2021\/03\/30\/rafael-neves-solta-o-verbo-vereador-de-paco-do-lumiar-e-cachorro\/","og_site_name":"NOT\u00cdCIAS EM TEMPO REAL","article_publisher":"https:\/\/www.facebook.com\/maiobaotv","article_published_time":"2021-03-30T15:11:43+00:00","author":"maranhaotv","twitter_card":"summary_large_image","twitter_creator":"@sitemaranhaotv","twitter_site":"@sitemaranhaotv","twitter_misc":{"Escrito por":"maranhaotv","Est. tempo de leitura":"2 minutos"},"schema":{"@context":"https:\/\/schema.org","@graph":[{"@type":"Article","@id":"https:\/\/maranhaotv.com.br\/index.php\/2021\/03\/30\/rafael-neves-solta-o-verbo-vereador-de-paco-do-lumiar-e-cachorro\/#article","isPartOf":{"@id":"https:\/\/maranhaotv.com.br\/index.php\/2021\/03\/30\/rafael-neves-solta-o-verbo-vereador-de-paco-do-lumiar-e-cachorro\/"},"author":{"name":"maranhaotv","@id":"https:\/\/maranhaotv.com.br\/#\/schema\/person\/3d54238e86b20bb5c89ab2fdb8f8829a"},"headline":"Rafael Neves solta o verbo: \u2018vereador de Pa\u00e7o do Lumiar \u00e9 cachorro!\u2019","datePublished":"2021-03-30T15:11:43+00:00","mainEntityOfPage":{"@id":"https:\/\/maranhaotv.com.br\/index.php\/2021\/03\/30\/rafael-neves-solta-o-verbo-vereador-de-paco-do-lumiar-e-cachorro\/"},"wordCount":185,"commentCount":0,"publisher":{"@id":"https:\/\/maranhaotv.com.br\/#organization"},"image":{"@id":"https:\/\/maranhaotv.com.br\/index.php\/2021\/03\/30\/rafael-neves-solta-o-verbo-vereador-de-paco-do-lumiar-e-cachorro\/#primaryimage"},"thumbnailUrl":"","articleSection":["pol\u00edtica"],"inLanguage":"pt-BR","potentialAction":[{"@type":"CommentAction","name":"Comment","target":["https:\/\/maranhaotv.com.br\/index.php\/2021\/03\/30\/rafael-neves-solta-o-verbo-vereador-de-paco-do-lumiar-e-cachorro\/#respond"]}]},{"@type":"WebPage","@id":"https:\/\/maranhaotv.com.br\/index.php\/2021\/03\/30\/rafael-neves-solta-o-verbo-vereador-de-paco-do-lumiar-e-cachorro\/","url":"https:\/\/maranhaotv.com.br\/index.php\/2021\/03\/30\/rafael-neves-solta-o-verbo-vereador-de-paco-do-lumiar-e-cachorro\/","name":"Rafael Neves solta o verbo: \u2018vereador de Pa\u00e7o do Lumiar \u00e9 cachorro!\u2019 - NOT\u00cdCIAS EM TEMPO REAL","isPartOf":{"@id":"https:\/\/maranhaotv.com.br\/#website"},"primaryImageOfPage":{"@id":"https:\/\/maranhaotv.com.br\/index.php\/2021\/03\/30\/rafael-neves-solta-o-verbo-vereador-de-paco-do-lumiar-e-cachorro\/#primaryimage"},"image":{"@id":"https:\/\/maranhaotv.com.br\/index.php\/2021\/03\/30\/rafael-neves-solta-o-verbo-vereador-de-paco-do-lumiar-e-cachorro\/#primaryimage"},"thumbnailUrl":"","datePublished":"2021-03-30T15:11:43+00:00","breadcrumb":{"@id":"https:\/\/maranhaotv.com.br\/index.php\/2021\/03\/30\/rafael-neves-solta-o-verbo-vereador-de-paco-do-lumiar-e-cachorro\/#breadcrumb"},"inLanguage":"pt-BR","potentialAction":[{"@type":"ReadAction","target":["https:\/\/maranhaotv.com.br\/index.php\/2021\/03\/30\/rafael-neves-solta-o-verbo-vereador-de-paco-do-lumiar-e-cachorro\/"]}]},{"@type":"ImageObject","inLanguage":"pt-BR","@id":"https:\/\/maranhaotv.com.br\/index.php\/2021\/03\/30\/rafael-neves-solta-o-verbo-vereador-de-paco-do-lumiar-e-cachorro\/#primaryimage","url":"","contentUrl":""},{"@type":"BreadcrumbList","@id":"https:\/\/maranhaotv.com.br\/index.php\/2021\/03\/30\/rafael-neves-solta-o-verbo-vereador-de-paco-do-lumiar-e-cachorro\/#breadcrumb","itemListElement":[{"@type":"ListItem","position":1,"name":"In\u00edcio","item":"https:\/\/maranhaotv.com.br\/"},{"@type":"ListItem","position":2,"name":"Rafael Neves solta o verbo: \u2018vereador de Pa\u00e7o do Lumiar \u00e9 cachorro!\u2019"}]},{"@type":"WebSite","@id":"https:\/\/maranhaotv.com.br\/#website","url":"https:\/\/maranhaotv.com.br\/","name":"Maranh\u00e3oTV","description":"","publisher":{"@id":"https:\/\/maranhaotv.com.br\/#organization"},"potentialAction":[{"@type":"SearchAction","target":{"@type":"EntryPoint","urlTemplate":"https:\/\/maranhaotv.com.br\/?s={search_term_string}"},"query-input":{"@type":"PropertyValueSpecification","valueRequired":true,"valueName":"search_term_string"}}],"inLanguage":"pt-BR"},{"@type":"Organization","@id":"https:\/\/maranhaotv.com.br\/#organization","name":"Portal de Not\u00edcias","url":"https:\/\/maranhaotv.com.br\/","logo":{"@type":"ImageObject","inLanguage":"pt-BR","@id":"https:\/\/maranhaotv.com.br\/#\/schema\/logo\/image\/","url":"https:\/\/maranhaotv.com.br\/wp-content\/uploads\/2024\/05\/cropped-cropped-avatar-1.png","contentUrl":"https:\/\/maranhaotv.com.br\/wp-content\/uploads\/2024\/05\/cropped-cropped-avatar-1.png","width":792,"height":428,"caption":"Portal de Not\u00edcias"},"image":{"@id":"https:\/\/maranhaotv.com.br\/#\/schema\/logo\/image\/"},"sameAs":["https:\/\/www.facebook.com\/maiobaotv","https:\/\/x.com\/sitemaranhaotv","https:\/\/www.instagram.com\/maranhao.tv","https:\/\/www.threads.net\/@maranhao.tv"]},{"@type":"Person","@id":"https:\/\/maranhaotv.com.br\/#\/schema\/person\/3d54238e86b20bb5c89ab2fdb8f8829a","name":"maranhaotv","image":{"@type":"ImageObject","inLanguage":"pt-BR","@id":"https:\/\/secure.gravatar.com\/avatar\/8fadbca458d4cb68b1dd399ae9a40618d747bb1af65ac9fad21c89220a143eb4?s=96&d=mm&r=g","url":"https:\/\/secure.gravatar.com\/avatar\/8fadbca458d4cb68b1dd399ae9a40618d747bb1af65ac9fad21c89220a143eb4?s=96&d=mm&r=g","contentUrl":"https:\/\/secure.gravatar.com\/avatar\/8fadbca458d4cb68b1dd399ae9a40618d747bb1af65ac9fad21c89220a143eb4?s=96&d=mm&r=g","caption":"maranhaotv"},"sameAs":["https:\/\/maranhaotv.com.br\/"],"url":"https:\/\/maranhaotv.com.br\/index.php\/author\/maranhaotv\/"}]}},"jetpack_featured_media_url":"","jetpack_sharing_enabled":true,"_links":{"self":[{"href":"https:\/\/maranhaotv.com.br\/index.php\/wp-json\/wp\/v2\/posts\/20122","targetHints":{"allow":["GET"]}}],"collection":[{"href":"https:\/\/maranhaotv.com.br\/index.php\/wp-json\/wp\/v2\/posts"}],"about":[{"href":"https:\/\/maranhaotv.com.br\/index.php\/wp-json\/wp\/v2\/types\/post"}],"author":[{"embeddable":true,"href":"https:\/\/maranhaotv.com.br\/index.php\/wp-json\/wp\/v2\/users\/2"}],"replies":[{"embeddable":true,"href":"https:\/\/maranhaotv.com.br\/index.php\/wp-json\/wp\/v2\/comments?post=20122"}],"version-history":[{"count":0,"href":"https:\/\/maranhaotv.com.br\/index.php\/wp-json\/wp\/v2\/posts\/20122\/revisions"}],"wp:featuredmedia":[{"embeddable":true,"href":"https:\/\/maranhaotv.com.br\/index.php\/wp-json\/"}],"wp:attachment":[{"href":"https:\/\/maranhaotv.com.br\/index.php\/wp-json\/wp\/v2\/media?parent=20122"}],"wp:term":[{"taxonomy":"category","embeddable":true,"href":"https:\/\/maranhaotv.com.br\/index.php\/wp-json\/wp\/v2\/categories?post=20122"},{"taxonomy":"post_tag","embeddable":true,"href":"https:\/\/maranhaotv.com.br\/index.php\/wp-json\/wp\/v2\/tags?post=20122"}],"curies":[{"name":"wp","href":"https:\/\/api.w.org\/{rel}","templated":true}]}}