{"id":20222,"date":"2021-04-05T15:58:08","date_gmt":"2021-04-05T18:58:08","guid":{"rendered":"https:\/\/maranhaotv.com.br\/?p=20222"},"modified":"2021-04-05T15:58:08","modified_gmt":"2021-04-05T18:58:08","slug":"camara-prorroga-suspencao-das-atividades-legislativas-presenciais","status":"publish","type":"post","link":"https:\/\/maranhaotv.com.br\/index.php\/2021\/04\/05\/camara-prorroga-suspencao-das-atividades-legislativas-presenciais\/","title":{"rendered":"C\u00e2mara prorroga suspen\u00e7\u00e3o das atividades legislativas presenciais"},"content":{"rendered":"\n<p>Durante reuni\u00e3o dos vereadores, realizada na manh\u00e3 desta segunda-feira (5), a C\u00e2mara Municipal de Pa\u00e7o do Lumiar decidiu por continuar com as medidas restritivas, adotas com o objetivo de conter a propaga\u00e7\u00e3o do coronav\u00edrus. Entre essas medidas, est\u00e1 a realiza\u00e7\u00e3o das sess\u00f5es legislativas de forma remota e as atividades administrativas est\u00e3o sendo feitas com escala dos servidores, para evitar aglomera\u00e7\u00f5es.<\/p>\n\n\n\n<p>A C\u00e2mara permanece com as sess\u00f5es remotas, sendo transmitidas pelo canal no Youtube e quanto \u00e0s atividades administrativas permanecem em regime de escala at\u00e9 o dia 11 de abril. O presidente da casa, vereador Fernando Muniz, ressaltou que nesse momento \u00e9 importante preservar e resguardar a vida de cada parlamentar, servidor e principalmente a popula\u00e7\u00e3o luminense, evitando ao m\u00e1ximo se aglomerar.<\/p>\n\n\n\n<p><em>&#8220;Vamos avaliar a cada semana, de acordo com decretos estaduais a possibilidade de retomada das atividades presenciais, mas de qualquer forma continuaremos com nosso trabalho, mesmo de forma remota, para ajudar os luminenses, nesse momento t\u00e3o dif\u00edcil de pandemia&#8221;, disse Fernando Muniz.<\/em><\/p>\n\n\n\n<p>Seguindo decreto do Governo do Estado, a C\u00e2mara adotou medidas mais restritivas no m\u00eas de mar\u00e7o, quando as infec\u00e7\u00f5es pelo covid-19 voltaram a se agravar em todo o estado. <\/p>\n\n\n\n<p>Desde ent\u00e3o, as sess\u00f5es est\u00e3o sendo realizadas virtualmente e a casa legislativa recebeu sanitiza\u00e7\u00e3o e desinfec\u00e7\u00e3o em todo o ambiente interno.<\/p>\n","protected":false},"excerpt":{"rendered":"<p>Durante reuni\u00e3o dos vereadores, realizada na manh\u00e3 desta segunda-feira (5), a C\u00e2mara Municipal de Pa\u00e7o do Lumiar decidiu por continuar<\/p>\n","protected":false},"author":2,"featured_media":20223,"comment_status":"open","ping_status":"open","sticky":false,"template":"","format":"standard","meta":{"colormag_page_container_layout":"default_layout","colormag_page_sidebar_layout":"default_layout","_jetpack_memberships_contains_paid_content":false,"footnotes":""},"categories":[2],"tags":[76,15],"class_list":["post-20222","post","type-post","status-publish","format-standard","has-post-thumbnail","hentry","category-noticias","tag-camara-de-vereadores-de-paco-do-lumiar","tag-paco-do-lumiar"],"magazineBlocksPostFeaturedMedia":{"thumbnail":false,"medium":false,"medium_large":false,"large":false,"1536x1536":false,"2048x2048":false,"colormag-highlighted-post":false,"colormag-featured-post-medium":false,"colormag-featured-post-small":false,"colormag-featured-image":false,"colormag-default-news":false,"colormag-featured-image-large":false},"magazineBlocksPostAuthor":{"name":"maranhaotv","avatar":"https:\/\/secure.gravatar.com\/avatar\/8fadbca458d4cb68b1dd399ae9a40618d747bb1af65ac9fad21c89220a143eb4?s=96&d=mm&r=g"},"magazineBlocksPostCommentsNumber":"0","magazineBlocksPostExcerpt":"Durante reuni\u00e3o dos vereadores, realizada na manh\u00e3 desta segunda-feira (5), a C\u00e2mara Municipal de Pa\u00e7o do Lumiar decidiu por continuar","magazineBlocksPostCategories":["not\u00edcias"],"magazineBlocksPostViewCount":218,"magazineBlocksPostReadTime":2,"magazine_blocks_featured_image_url":{"full":false,"medium":false,"thumbnail":false},"magazine_blocks_author":{"display_name":"maranhaotv","author_link":"https:\/\/maranhaotv.com.br\/index.php\/author\/maranhaotv\/"},"magazine_blocks_comment":0,"magazine_blocks_author_image":"https:\/\/secure.gravatar.com\/avatar\/8fadbca458d4cb68b1dd399ae9a40618d747bb1af65ac9fad21c89220a143eb4?s=96&d=mm&r=g","magazine_blocks_category":"<a href=\"#\" class=\"category-link category-link-2\">not\u00edcias<\/a>","yoast_head":"<!-- This site is optimized with the Yoast SEO plugin v27.4 - https:\/\/yoast.com\/product\/yoast-seo-wordpress\/ -->\n<title>C\u00e2mara prorroga suspen\u00e7\u00e3o das atividades legislativas presenciais - NOT\u00cdCIAS EM TEMPO REAL<\/title>\n<meta name=\"robots\" content=\"index, follow, max-snippet:-1, max-image-preview:large, max-video-preview:-1\" \/>\n<link rel=\"canonical\" href=\"https:\/\/maranhaotv.com.br\/index.php\/2021\/04\/05\/camara-prorroga-suspencao-das-atividades-legislativas-presenciais\/\" \/>\n<meta property=\"og:locale\" content=\"pt_BR\" \/>\n<meta property=\"og:type\" content=\"article\" \/>\n<meta property=\"og:title\" content=\"C\u00e2mara prorroga suspen\u00e7\u00e3o das atividades legislativas presenciais - NOT\u00cdCIAS EM TEMPO REAL\" \/>\n<meta property=\"og:description\" content=\"Durante reuni\u00e3o dos vereadores, realizada na manh\u00e3 desta segunda-feira (5), a C\u00e2mara Municipal de Pa\u00e7o do Lumiar decidiu por continuar\" \/>\n<meta property=\"og:url\" content=\"https:\/\/maranhaotv.com.br\/index.php\/2021\/04\/05\/camara-prorroga-suspencao-das-atividades-legislativas-presenciais\/\" \/>\n<meta property=\"og:site_name\" content=\"NOT\u00cdCIAS EM TEMPO REAL\" \/>\n<meta property=\"article:publisher\" content=\"https:\/\/www.facebook.com\/maiobaotv\" \/>\n<meta property=\"article:published_time\" content=\"2021-04-05T18:58:08+00:00\" \/>\n<meta name=\"author\" content=\"maranhaotv\" \/>\n<meta name=\"twitter:card\" content=\"summary_large_image\" \/>\n<meta name=\"twitter:creator\" content=\"@sitemaranhaotv\" \/>\n<meta name=\"twitter:site\" content=\"@sitemaranhaotv\" \/>\n<meta name=\"twitter:label1\" content=\"Escrito por\" \/>\n\t<meta name=\"twitter:data1\" content=\"maranhaotv\" \/>\n\t<meta name=\"twitter:label2\" content=\"Est. tempo de leitura\" \/>\n\t<meta name=\"twitter:data2\" content=\"1 minuto\" \/>\n<script type=\"application\/ld+json\" class=\"yoast-schema-graph\">{\"@context\":\"https:\\\/\\\/schema.org\",\"@graph\":[{\"@type\":\"Article\",\"@id\":\"https:\\\/\\\/maranhaotv.com.br\\\/index.php\\\/2021\\\/04\\\/05\\\/camara-prorroga-suspencao-das-atividades-legislativas-presenciais\\\/#article\",\"isPartOf\":{\"@id\":\"https:\\\/\\\/maranhaotv.com.br\\\/index.php\\\/2021\\\/04\\\/05\\\/camara-prorroga-suspencao-das-atividades-legislativas-presenciais\\\/\"},\"author\":{\"name\":\"maranhaotv\",\"@id\":\"https:\\\/\\\/maranhaotv.com.br\\\/#\\\/schema\\\/person\\\/3d54238e86b20bb5c89ab2fdb8f8829a\"},\"headline\":\"C\u00e2mara prorroga suspen\u00e7\u00e3o das atividades legislativas presenciais\",\"datePublished\":\"2021-04-05T18:58:08+00:00\",\"mainEntityOfPage\":{\"@id\":\"https:\\\/\\\/maranhaotv.com.br\\\/index.php\\\/2021\\\/04\\\/05\\\/camara-prorroga-suspencao-das-atividades-legislativas-presenciais\\\/\"},\"wordCount\":243,\"commentCount\":0,\"publisher\":{\"@id\":\"https:\\\/\\\/maranhaotv.com.br\\\/#organization\"},\"image\":{\"@id\":\"https:\\\/\\\/maranhaotv.com.br\\\/index.php\\\/2021\\\/04\\\/05\\\/camara-prorroga-suspencao-das-atividades-legislativas-presenciais\\\/#primaryimage\"},\"thumbnailUrl\":\"\",\"keywords\":[\"C\u00e2mara de Vereadores de Pa\u00e7o do Lumiar\",\"Pa\u00e7o do Lumiar\"],\"articleSection\":[\"not\u00edcias\"],\"inLanguage\":\"pt-BR\",\"potentialAction\":[{\"@type\":\"CommentAction\",\"name\":\"Comment\",\"target\":[\"https:\\\/\\\/maranhaotv.com.br\\\/index.php\\\/2021\\\/04\\\/05\\\/camara-prorroga-suspencao-das-atividades-legislativas-presenciais\\\/#respond\"]}]},{\"@type\":\"WebPage\",\"@id\":\"https:\\\/\\\/maranhaotv.com.br\\\/index.php\\\/2021\\\/04\\\/05\\\/camara-prorroga-suspencao-das-atividades-legislativas-presenciais\\\/\",\"url\":\"https:\\\/\\\/maranhaotv.com.br\\\/index.php\\\/2021\\\/04\\\/05\\\/camara-prorroga-suspencao-das-atividades-legislativas-presenciais\\\/\",\"name\":\"C\u00e2mara prorroga suspen\u00e7\u00e3o das atividades legislativas presenciais - NOT\u00cdCIAS EM TEMPO REAL\",\"isPartOf\":{\"@id\":\"https:\\\/\\\/maranhaotv.com.br\\\/#website\"},\"primaryImageOfPage\":{\"@id\":\"https:\\\/\\\/maranhaotv.com.br\\\/index.php\\\/2021\\\/04\\\/05\\\/camara-prorroga-suspencao-das-atividades-legislativas-presenciais\\\/#primaryimage\"},\"image\":{\"@id\":\"https:\\\/\\\/maranhaotv.com.br\\\/index.php\\\/2021\\\/04\\\/05\\\/camara-prorroga-suspencao-das-atividades-legislativas-presenciais\\\/#primaryimage\"},\"thumbnailUrl\":\"\",\"datePublished\":\"2021-04-05T18:58:08+00:00\",\"breadcrumb\":{\"@id\":\"https:\\\/\\\/maranhaotv.com.br\\\/index.php\\\/2021\\\/04\\\/05\\\/camara-prorroga-suspencao-das-atividades-legislativas-presenciais\\\/#breadcrumb\"},\"inLanguage\":\"pt-BR\",\"potentialAction\":[{\"@type\":\"ReadAction\",\"target\":[\"https:\\\/\\\/maranhaotv.com.br\\\/index.php\\\/2021\\\/04\\\/05\\\/camara-prorroga-suspencao-das-atividades-legislativas-presenciais\\\/\"]}]},{\"@type\":\"ImageObject\",\"inLanguage\":\"pt-BR\",\"@id\":\"https:\\\/\\\/maranhaotv.com.br\\\/index.php\\\/2021\\\/04\\\/05\\\/camara-prorroga-suspencao-das-atividades-legislativas-presenciais\\\/#primaryimage\",\"url\":\"\",\"contentUrl\":\"\"},{\"@type\":\"BreadcrumbList\",\"@id\":\"https:\\\/\\\/maranhaotv.com.br\\\/index.php\\\/2021\\\/04\\\/05\\\/camara-prorroga-suspencao-das-atividades-legislativas-presenciais\\\/#breadcrumb\",\"itemListElement\":[{\"@type\":\"ListItem\",\"position\":1,\"name\":\"In\u00edcio\",\"item\":\"https:\\\/\\\/maranhaotv.com.br\\\/\"},{\"@type\":\"ListItem\",\"position\":2,\"name\":\"C\u00e2mara prorroga suspen\u00e7\u00e3o das atividades legislativas presenciais\"}]},{\"@type\":\"WebSite\",\"@id\":\"https:\\\/\\\/maranhaotv.com.br\\\/#website\",\"url\":\"https:\\\/\\\/maranhaotv.com.br\\\/\",\"name\":\"Maranh\u00e3oTV\",\"description\":\"\",\"publisher\":{\"@id\":\"https:\\\/\\\/maranhaotv.com.br\\\/#organization\"},\"potentialAction\":[{\"@type\":\"SearchAction\",\"target\":{\"@type\":\"EntryPoint\",\"urlTemplate\":\"https:\\\/\\\/maranhaotv.com.br\\\/?s={search_term_string}\"},\"query-input\":{\"@type\":\"PropertyValueSpecification\",\"valueRequired\":true,\"valueName\":\"search_term_string\"}}],\"inLanguage\":\"pt-BR\"},{\"@type\":\"Organization\",\"@id\":\"https:\\\/\\\/maranhaotv.com.br\\\/#organization\",\"name\":\"Portal de Not\u00edcias\",\"url\":\"https:\\\/\\\/maranhaotv.com.br\\\/\",\"logo\":{\"@type\":\"ImageObject\",\"inLanguage\":\"pt-BR\",\"@id\":\"https:\\\/\\\/maranhaotv.com.br\\\/#\\\/schema\\\/logo\\\/image\\\/\",\"url\":\"https:\\\/\\\/maranhaotv.com.br\\\/wp-content\\\/uploads\\\/2024\\\/05\\\/cropped-cropped-avatar-1.png\",\"contentUrl\":\"https:\\\/\\\/maranhaotv.com.br\\\/wp-content\\\/uploads\\\/2024\\\/05\\\/cropped-cropped-avatar-1.png\",\"width\":792,\"height\":428,\"caption\":\"Portal de Not\u00edcias\"},\"image\":{\"@id\":\"https:\\\/\\\/maranhaotv.com.br\\\/#\\\/schema\\\/logo\\\/image\\\/\"},\"sameAs\":[\"https:\\\/\\\/www.facebook.com\\\/maiobaotv\",\"https:\\\/\\\/x.com\\\/sitemaranhaotv\",\"https:\\\/\\\/www.instagram.com\\\/maranhao.tv\",\"https:\\\/\\\/www.threads.net\\\/@maranhao.tv\"]},{\"@type\":\"Person\",\"@id\":\"https:\\\/\\\/maranhaotv.com.br\\\/#\\\/schema\\\/person\\\/3d54238e86b20bb5c89ab2fdb8f8829a\",\"name\":\"maranhaotv\",\"image\":{\"@type\":\"ImageObject\",\"inLanguage\":\"pt-BR\",\"@id\":\"https:\\\/\\\/secure.gravatar.com\\\/avatar\\\/8fadbca458d4cb68b1dd399ae9a40618d747bb1af65ac9fad21c89220a143eb4?s=96&d=mm&r=g\",\"url\":\"https:\\\/\\\/secure.gravatar.com\\\/avatar\\\/8fadbca458d4cb68b1dd399ae9a40618d747bb1af65ac9fad21c89220a143eb4?s=96&d=mm&r=g\",\"contentUrl\":\"https:\\\/\\\/secure.gravatar.com\\\/avatar\\\/8fadbca458d4cb68b1dd399ae9a40618d747bb1af65ac9fad21c89220a143eb4?s=96&d=mm&r=g\",\"caption\":\"maranhaotv\"},\"sameAs\":[\"https:\\\/\\\/maranhaotv.com.br\\\/\"],\"url\":\"https:\\\/\\\/maranhaotv.com.br\\\/index.php\\\/author\\\/maranhaotv\\\/\"}]}<\/script>\n<!-- \/ Yoast SEO plugin. -->","yoast_head_json":{"title":"C\u00e2mara prorroga suspen\u00e7\u00e3o das atividades legislativas presenciais - NOT\u00cdCIAS EM TEMPO REAL","robots":{"index":"index","follow":"follow","max-snippet":"max-snippet:-1","max-image-preview":"max-image-preview:large","max-video-preview":"max-video-preview:-1"},"canonical":"https:\/\/maranhaotv.com.br\/index.php\/2021\/04\/05\/camara-prorroga-suspencao-das-atividades-legislativas-presenciais\/","og_locale":"pt_BR","og_type":"article","og_title":"C\u00e2mara prorroga suspen\u00e7\u00e3o das atividades legislativas presenciais - NOT\u00cdCIAS EM TEMPO REAL","og_description":"Durante reuni\u00e3o dos vereadores, realizada na manh\u00e3 desta segunda-feira (5), a C\u00e2mara Municipal de Pa\u00e7o do Lumiar decidiu por continuar","og_url":"https:\/\/maranhaotv.com.br\/index.php\/2021\/04\/05\/camara-prorroga-suspencao-das-atividades-legislativas-presenciais\/","og_site_name":"NOT\u00cdCIAS EM TEMPO REAL","article_publisher":"https:\/\/www.facebook.com\/maiobaotv","article_published_time":"2021-04-05T18:58:08+00:00","author":"maranhaotv","twitter_card":"summary_large_image","twitter_creator":"@sitemaranhaotv","twitter_site":"@sitemaranhaotv","twitter_misc":{"Escrito por":"maranhaotv","Est. tempo de leitura":"1 minuto"},"schema":{"@context":"https:\/\/schema.org","@graph":[{"@type":"Article","@id":"https:\/\/maranhaotv.com.br\/index.php\/2021\/04\/05\/camara-prorroga-suspencao-das-atividades-legislativas-presenciais\/#article","isPartOf":{"@id":"https:\/\/maranhaotv.com.br\/index.php\/2021\/04\/05\/camara-prorroga-suspencao-das-atividades-legislativas-presenciais\/"},"author":{"name":"maranhaotv","@id":"https:\/\/maranhaotv.com.br\/#\/schema\/person\/3d54238e86b20bb5c89ab2fdb8f8829a"},"headline":"C\u00e2mara prorroga suspen\u00e7\u00e3o das atividades legislativas presenciais","datePublished":"2021-04-05T18:58:08+00:00","mainEntityOfPage":{"@id":"https:\/\/maranhaotv.com.br\/index.php\/2021\/04\/05\/camara-prorroga-suspencao-das-atividades-legislativas-presenciais\/"},"wordCount":243,"commentCount":0,"publisher":{"@id":"https:\/\/maranhaotv.com.br\/#organization"},"image":{"@id":"https:\/\/maranhaotv.com.br\/index.php\/2021\/04\/05\/camara-prorroga-suspencao-das-atividades-legislativas-presenciais\/#primaryimage"},"thumbnailUrl":"","keywords":["C\u00e2mara de Vereadores de Pa\u00e7o do Lumiar","Pa\u00e7o do Lumiar"],"articleSection":["not\u00edcias"],"inLanguage":"pt-BR","potentialAction":[{"@type":"CommentAction","name":"Comment","target":["https:\/\/maranhaotv.com.br\/index.php\/2021\/04\/05\/camara-prorroga-suspencao-das-atividades-legislativas-presenciais\/#respond"]}]},{"@type":"WebPage","@id":"https:\/\/maranhaotv.com.br\/index.php\/2021\/04\/05\/camara-prorroga-suspencao-das-atividades-legislativas-presenciais\/","url":"https:\/\/maranhaotv.com.br\/index.php\/2021\/04\/05\/camara-prorroga-suspencao-das-atividades-legislativas-presenciais\/","name":"C\u00e2mara prorroga suspen\u00e7\u00e3o das atividades legislativas presenciais - NOT\u00cdCIAS EM TEMPO REAL","isPartOf":{"@id":"https:\/\/maranhaotv.com.br\/#website"},"primaryImageOfPage":{"@id":"https:\/\/maranhaotv.com.br\/index.php\/2021\/04\/05\/camara-prorroga-suspencao-das-atividades-legislativas-presenciais\/#primaryimage"},"image":{"@id":"https:\/\/maranhaotv.com.br\/index.php\/2021\/04\/05\/camara-prorroga-suspencao-das-atividades-legislativas-presenciais\/#primaryimage"},"thumbnailUrl":"","datePublished":"2021-04-05T18:58:08+00:00","breadcrumb":{"@id":"https:\/\/maranhaotv.com.br\/index.php\/2021\/04\/05\/camara-prorroga-suspencao-das-atividades-legislativas-presenciais\/#breadcrumb"},"inLanguage":"pt-BR","potentialAction":[{"@type":"ReadAction","target":["https:\/\/maranhaotv.com.br\/index.php\/2021\/04\/05\/camara-prorroga-suspencao-das-atividades-legislativas-presenciais\/"]}]},{"@type":"ImageObject","inLanguage":"pt-BR","@id":"https:\/\/maranhaotv.com.br\/index.php\/2021\/04\/05\/camara-prorroga-suspencao-das-atividades-legislativas-presenciais\/#primaryimage","url":"","contentUrl":""},{"@type":"BreadcrumbList","@id":"https:\/\/maranhaotv.com.br\/index.php\/2021\/04\/05\/camara-prorroga-suspencao-das-atividades-legislativas-presenciais\/#breadcrumb","itemListElement":[{"@type":"ListItem","position":1,"name":"In\u00edcio","item":"https:\/\/maranhaotv.com.br\/"},{"@type":"ListItem","position":2,"name":"C\u00e2mara prorroga suspen\u00e7\u00e3o das atividades legislativas presenciais"}]},{"@type":"WebSite","@id":"https:\/\/maranhaotv.com.br\/#website","url":"https:\/\/maranhaotv.com.br\/","name":"Maranh\u00e3oTV","description":"","publisher":{"@id":"https:\/\/maranhaotv.com.br\/#organization"},"potentialAction":[{"@type":"SearchAction","target":{"@type":"EntryPoint","urlTemplate":"https:\/\/maranhaotv.com.br\/?s={search_term_string}"},"query-input":{"@type":"PropertyValueSpecification","valueRequired":true,"valueName":"search_term_string"}}],"inLanguage":"pt-BR"},{"@type":"Organization","@id":"https:\/\/maranhaotv.com.br\/#organization","name":"Portal de Not\u00edcias","url":"https:\/\/maranhaotv.com.br\/","logo":{"@type":"ImageObject","inLanguage":"pt-BR","@id":"https:\/\/maranhaotv.com.br\/#\/schema\/logo\/image\/","url":"https:\/\/maranhaotv.com.br\/wp-content\/uploads\/2024\/05\/cropped-cropped-avatar-1.png","contentUrl":"https:\/\/maranhaotv.com.br\/wp-content\/uploads\/2024\/05\/cropped-cropped-avatar-1.png","width":792,"height":428,"caption":"Portal de Not\u00edcias"},"image":{"@id":"https:\/\/maranhaotv.com.br\/#\/schema\/logo\/image\/"},"sameAs":["https:\/\/www.facebook.com\/maiobaotv","https:\/\/x.com\/sitemaranhaotv","https:\/\/www.instagram.com\/maranhao.tv","https:\/\/www.threads.net\/@maranhao.tv"]},{"@type":"Person","@id":"https:\/\/maranhaotv.com.br\/#\/schema\/person\/3d54238e86b20bb5c89ab2fdb8f8829a","name":"maranhaotv","image":{"@type":"ImageObject","inLanguage":"pt-BR","@id":"https:\/\/secure.gravatar.com\/avatar\/8fadbca458d4cb68b1dd399ae9a40618d747bb1af65ac9fad21c89220a143eb4?s=96&d=mm&r=g","url":"https:\/\/secure.gravatar.com\/avatar\/8fadbca458d4cb68b1dd399ae9a40618d747bb1af65ac9fad21c89220a143eb4?s=96&d=mm&r=g","contentUrl":"https:\/\/secure.gravatar.com\/avatar\/8fadbca458d4cb68b1dd399ae9a40618d747bb1af65ac9fad21c89220a143eb4?s=96&d=mm&r=g","caption":"maranhaotv"},"sameAs":["https:\/\/maranhaotv.com.br\/"],"url":"https:\/\/maranhaotv.com.br\/index.php\/author\/maranhaotv\/"}]}},"jetpack_featured_media_url":"","jetpack_sharing_enabled":true,"_links":{"self":[{"href":"https:\/\/maranhaotv.com.br\/index.php\/wp-json\/wp\/v2\/posts\/20222","targetHints":{"allow":["GET"]}}],"collection":[{"href":"https:\/\/maranhaotv.com.br\/index.php\/wp-json\/wp\/v2\/posts"}],"about":[{"href":"https:\/\/maranhaotv.com.br\/index.php\/wp-json\/wp\/v2\/types\/post"}],"author":[{"embeddable":true,"href":"https:\/\/maranhaotv.com.br\/index.php\/wp-json\/wp\/v2\/users\/2"}],"replies":[{"embeddable":true,"href":"https:\/\/maranhaotv.com.br\/index.php\/wp-json\/wp\/v2\/comments?post=20222"}],"version-history":[{"count":0,"href":"https:\/\/maranhaotv.com.br\/index.php\/wp-json\/wp\/v2\/posts\/20222\/revisions"}],"wp:featuredmedia":[{"embeddable":true,"href":"https:\/\/maranhaotv.com.br\/index.php\/wp-json\/"}],"wp:attachment":[{"href":"https:\/\/maranhaotv.com.br\/index.php\/wp-json\/wp\/v2\/media?parent=20222"}],"wp:term":[{"taxonomy":"category","embeddable":true,"href":"https:\/\/maranhaotv.com.br\/index.php\/wp-json\/wp\/v2\/categories?post=20222"},{"taxonomy":"post_tag","embeddable":true,"href":"https:\/\/maranhaotv.com.br\/index.php\/wp-json\/wp\/v2\/tags?post=20222"}],"curies":[{"name":"wp","href":"https:\/\/api.w.org\/{rel}","templated":true}]}}