{"id":20403,"date":"2021-04-10T13:06:01","date_gmt":"2021-04-10T16:06:01","guid":{"rendered":"https:\/\/maranhaotv.com.br\/?p=20403"},"modified":"2021-04-10T13:06:01","modified_gmt":"2021-04-10T16:06:01","slug":"em-100-dias-de-governo-maura-jorge-entrega-tres-onibus-escolares-em-lago-da-pedra","status":"publish","type":"post","link":"https:\/\/maranhaotv.com.br\/index.php\/2021\/04\/10\/em-100-dias-de-governo-maura-jorge-entrega-tres-onibus-escolares-em-lago-da-pedra\/","title":{"rendered":"Em 100 dias de governo, Maura Jorge entrega tr\u00eas \u00f4nibus escolares em Lago da Pedra"},"content":{"rendered":"<p>A Prefeita de Lago da Pedra entregou na manh\u00e3 de ontem, 09, tr\u00eas \u00f4nibus escolares para a comunidade.<br \/>\nNa ocasi\u00e3o, Maura relembrou j\u00e1 ter entregue, em suas gest\u00f5es anteriores um total de 14 \u00f4nibus.<\/p>\n<p>Administrando Lago da Pedra pela terceira vez, Maura mostra total dom\u00ednio e maturidade, j\u00e1 que em menos de 100 dias consegue uma entrega t\u00e3o importante.<\/p>\n<p>Disse Maura na solenidade:<\/p>\n<blockquote><p>&#8220;Tenho satisfa\u00e7\u00e3o e alegria de relembrar que consegui 14 \u00f4nibus escolares nas minhas gest\u00f5es em Lago da Pedra.<br \/>\nAgora, em menos de 100 dias do nosso terceiro mandato, entregamos mais 3 \u00f4nibus escolares para os alunos da minha terra natal.<br \/>\nO pol\u00edtico \u00e9 apenas um instrumento para trazer benef\u00edcios e melhorias para popula\u00e7\u00e3o, para isso precisamos ter iniciativa, coragem, responsabilidade e compromisso com aquilo que assumimos.<br \/>\nSigo com minha miss\u00e3o de vida, que \u00e9 fazer a diferen\u00e7a na vida das pessoas, em qualquer lugar que Deus me coloque.&#8221;<\/p><\/blockquote>\n<p>Maura tem realizado uma gest\u00e3o moderna, organizada. Recebeu a Prefeitura sucateada, com sal\u00e1rios atrasados e sem transi\u00e7\u00e3o. Em pouco tempo colocou sal\u00e1rios em dias, e j\u00e1 vem, inclusive, antecipando sal\u00e1rios.<\/p>\n<div class=\"jetpack-video-wrapper\"><iframe loading=\"lazy\" title=\"Maura Jorge entrega tr\u00eas \u00f4nibus escolares\" width=\"800\" height=\"450\" src=\"https:\/\/www.youtube.com\/embed\/vJqz1evwbM4?feature=oembed\" frameborder=\"0\" allow=\"accelerometer; autoplay; clipboard-write; encrypted-media; gyroscope; picture-in-picture; web-share\" referrerpolicy=\"strict-origin-when-cross-origin\" allowfullscreen><\/iframe><\/div>\n","protected":false},"excerpt":{"rendered":"<p>A Prefeita de Lago da Pedra entregou na manh\u00e3 de ontem, 09, tr\u00eas \u00f4nibus escolares para a comunidade. Na ocasi\u00e3o,<\/p>\n","protected":false},"author":2,"featured_media":20405,"comment_status":"open","ping_status":"open","sticky":false,"template":"","format":"standard","meta":{"colormag_page_container_layout":"default_layout","colormag_page_sidebar_layout":"default_layout","_jetpack_memberships_contains_paid_content":false,"footnotes":""},"categories":[2],"tags":[],"class_list":["post-20403","post","type-post","status-publish","format-standard","has-post-thumbnail","hentry","category-noticias"],"magazineBlocksPostFeaturedMedia":{"thumbnail":false,"medium":false,"medium_large":false,"large":false,"1536x1536":false,"2048x2048":false,"colormag-highlighted-post":false,"colormag-featured-post-medium":false,"colormag-featured-post-small":false,"colormag-featured-image":false,"colormag-default-news":false,"colormag-featured-image-large":false},"magazineBlocksPostAuthor":{"name":"maranhaotv","avatar":"https:\/\/secure.gravatar.com\/avatar\/8fadbca458d4cb68b1dd399ae9a40618d747bb1af65ac9fad21c89220a143eb4?s=96&d=mm&r=g"},"magazineBlocksPostCommentsNumber":"0","magazineBlocksPostExcerpt":"A Prefeita de Lago da Pedra entregou na manh\u00e3 de ontem, 09, tr\u00eas \u00f4nibus escolares para a comunidade. Na ocasi\u00e3o,","magazineBlocksPostCategories":["not\u00edcias"],"magazineBlocksPostViewCount":276,"magazineBlocksPostReadTime":1,"magazine_blocks_featured_image_url":{"full":false,"medium":false,"thumbnail":false},"magazine_blocks_author":{"display_name":"maranhaotv","author_link":"https:\/\/maranhaotv.com.br\/index.php\/author\/maranhaotv\/"},"magazine_blocks_comment":0,"magazine_blocks_author_image":"https:\/\/secure.gravatar.com\/avatar\/8fadbca458d4cb68b1dd399ae9a40618d747bb1af65ac9fad21c89220a143eb4?s=96&d=mm&r=g","magazine_blocks_category":"<a href=\"#\" class=\"category-link category-link-2\">not\u00edcias<\/a>","jetpack_featured_media_url":"","jetpack_sharing_enabled":true,"_links":{"self":[{"href":"https:\/\/maranhaotv.com.br\/index.php\/wp-json\/wp\/v2\/posts\/20403","targetHints":{"allow":["GET"]}}],"collection":[{"href":"https:\/\/maranhaotv.com.br\/index.php\/wp-json\/wp\/v2\/posts"}],"about":[{"href":"https:\/\/maranhaotv.com.br\/index.php\/wp-json\/wp\/v2\/types\/post"}],"author":[{"embeddable":true,"href":"https:\/\/maranhaotv.com.br\/index.php\/wp-json\/wp\/v2\/users\/2"}],"replies":[{"embeddable":true,"href":"https:\/\/maranhaotv.com.br\/index.php\/wp-json\/wp\/v2\/comments?post=20403"}],"version-history":[{"count":0,"href":"https:\/\/maranhaotv.com.br\/index.php\/wp-json\/wp\/v2\/posts\/20403\/revisions"}],"wp:featuredmedia":[{"embeddable":true,"href":"https:\/\/maranhaotv.com.br\/index.php\/wp-json\/"}],"wp:attachment":[{"href":"https:\/\/maranhaotv.com.br\/index.php\/wp-json\/wp\/v2\/media?parent=20403"}],"wp:term":[{"taxonomy":"category","embeddable":true,"href":"https:\/\/maranhaotv.com.br\/index.php\/wp-json\/wp\/v2\/categories?post=20403"},{"taxonomy":"post_tag","embeddable":true,"href":"https:\/\/maranhaotv.com.br\/index.php\/wp-json\/wp\/v2\/tags?post=20403"}],"curies":[{"name":"wp","href":"https:\/\/api.w.org\/{rel}","templated":true}]}}