{"id":20418,"date":"2021-04-11T08:05:43","date_gmt":"2021-04-11T11:05:43","guid":{"rendered":"https:\/\/maranhaotv.com.br\/?p=20418"},"modified":"2021-04-11T08:05:43","modified_gmt":"2021-04-11T11:05:43","slug":"prefeito-de-ribamar-anuncia-auxilio-de-r-105-reais-e-diz-que-cabos-eleitorais-serao-responsaveis-por-cadastrar-familias","status":"publish","type":"post","link":"https:\/\/maranhaotv.com.br\/index.php\/2021\/04\/11\/prefeito-de-ribamar-anuncia-auxilio-de-r-105-reais-e-diz-que-cabos-eleitorais-serao-responsaveis-por-cadastrar-familias\/","title":{"rendered":"Prefeito de Ribamar anuncia Aux\u00edlio de R$ 105 reais e diz que cabos-eleitorais ser\u00e3o respons\u00e1veis por cadastrar fam\u00edlias"},"content":{"rendered":"<p>O prefeito do munic\u00edpio de S\u00e3o Jos\u00e9 de Ribamar anunciou neste s\u00e1bado (10), durante reuni\u00e3o na comunidade Cidade Alta, que criar\u00e1 um programa municipal no valor de R$ 105 reais, com dura\u00e7\u00e3o de seis meses, podendo ser estendido at\u00e9 um ano.<\/p>\n<p>Ao anunciar o programa, Julinho disse que dois cabos-eleitorais seus ficar\u00e3o respons\u00e1veis por escolher as fam\u00edlias que dever\u00e3o receber o benef\u00edcio. \u201cCom esse valor voc\u00eas poder\u00e3o comprar o g\u00e1s e ainda sobra um restante para outras coisinhas. Aqui na Cidade Alta, voc\u00eas dever\u00e3o procurar a Neta, que \u00e9 minha amiga e o Fernando da Matinha, eles dois que ficar\u00e3o respons\u00e1veis por fazer o cadastro das fam\u00edlias\u201d, disse o prefeito, que estava acompanhado de seu filho, J\u00falio Filho, pr\u00e9-candidato a deputado estadual.<\/p>\n<p>Ap\u00f3s revelar a inten\u00e7\u00e3o em cometer crime contra a administra\u00e7\u00e3o p\u00fablica, o jornalista Guilherme Mulato, que mant\u00e9m forte atua\u00e7\u00e3o pol\u00edtica em S\u00e3o Jos\u00e9 de Ribamar, e estava no local junto com os moradores, alertou o prefeito para o il\u00edcito.<\/p>\n<p>\u201cPrefeito, o senhor est\u00e1 indicando dois cabos-eleitorais seus para cadastrar fam\u00edlias que receber\u00e3o um benef\u00edcio da Prefeitura. Eles s\u00e3o servidores p\u00fablicos? Est\u00e3o capacitados para essa fun\u00e7\u00e3o? Como todos n\u00f3s aqui da comunidade sabemos que eles s\u00e3o apenas seus cabos-eleitorais, preciso alert\u00e1-lo que isso \u00e9 crime e est\u00e1 tipificado no artigo 328 do C\u00f3digo Penal, com pena prevista de deten\u00e7\u00e3o de tr\u00eas meses a dois anos. Minha sugest\u00e3o \u00e9 que no edital, a prefeitura use o Cad\u00danico como refer\u00eancia ou crie mecanismos atrav\u00e9s da Secretaria de Assist\u00eancia Social, comandado por esposa, para que o ribamarense possa pleitear esse beneficio sem se sujeitar aos seus cabos-eleitorais.\u201d Disse Guilherme Mulato.<\/p>\n<p>Nas redes sociais, Guilherme Mulato voltou a falar do epis\u00f3dio e alertou a sociedade ribamarense para ficar atenta com essa situa\u00e7\u00e3o em outros bairros.<\/p>\n<p>\u201cAlerto os cidad\u00e3os a denunciarem ao Minist\u00e9rio P\u00fablico caso o prefeito insista em colocar cabos-eleitorais que n\u00e3o s\u00e3o servidores da administra\u00e7\u00e3o p\u00fablica para realizar tal cadastro\u201d, disse.<\/p>\n<p><strong>Pr\u00e9-campanha com cestas b\u00e1sicas do Governo do Estado<\/strong><\/p>\n<p>Ap\u00f3s a reuni\u00e3o, o prefeito e seu filho, J\u00falio Filho (PL), junto com os dois cabos-eleitorais e a presidente da C\u00e2mara, Francimar Jacintho, distribu\u00edram cerca de 100 cestas b\u00e1sicas, todas com a logomarca do Governo do Estado do Maranh\u00e3o. N\u00e3o houve qualquer crit\u00e9rio para a distribui\u00e7\u00e3o das cestas.<\/p>\n<p><img loading=\"lazy\" decoding=\"async\" class=\"wp-image-20417 alignnone size-full\" src=\"https:\/\/maranhaotv.com.br\/wp-content\/uploads\/2021\/04\/IMG-20210411-WA0020.jpg\" width=\"828\" height=\"581\"><\/p>\n<p><em>Na foto, a presidente da C\u00e2mara, Francimar, os dois cabos eleitorais do prefeito, o prefeito e J\u00falio Filho, pr\u00e9-candidato a deputado<\/em><\/p>\n<p><img loading=\"lazy\" decoding=\"async\" class=\"wp-image-20420 alignnone size-full\" src=\"https:\/\/maranhaotv.com.br\/wp-content\/uploads\/2021\/04\/IMG-20210411-WA0019.jpg\" width=\"1280\" height=\"958\"><\/p>\n","protected":false},"excerpt":{"rendered":"<p>O prefeito do munic\u00edpio de S\u00e3o Jos\u00e9 de Ribamar anunciou neste s\u00e1bado (10), durante reuni\u00e3o na comunidade Cidade Alta, que<\/p>\n","protected":false},"author":2,"featured_media":20422,"comment_status":"open","ping_status":"open","sticky":false,"template":"","format":"standard","meta":{"colormag_page_container_layout":"default_layout","colormag_page_sidebar_layout":"default_layout","_jetpack_memberships_contains_paid_content":false,"footnotes":""},"categories":[2],"tags":[47],"class_list":["post-20418","post","type-post","status-publish","format-standard","has-post-thumbnail","hentry","category-noticias","tag-eudes-sampaio"],"magazineBlocksPostFeaturedMedia":{"thumbnail":false,"medium":false,"medium_large":false,"large":false,"1536x1536":false,"2048x2048":false,"colormag-highlighted-post":false,"colormag-featured-post-medium":false,"colormag-featured-post-small":false,"colormag-featured-image":false,"colormag-default-news":false,"colormag-featured-image-large":false},"magazineBlocksPostAuthor":{"name":"maranhaotv","avatar":"https:\/\/secure.gravatar.com\/avatar\/8fadbca458d4cb68b1dd399ae9a40618d747bb1af65ac9fad21c89220a143eb4?s=96&d=mm&r=g"},"magazineBlocksPostCommentsNumber":"0","magazineBlocksPostExcerpt":"O prefeito do munic\u00edpio de S\u00e3o Jos\u00e9 de Ribamar anunciou neste s\u00e1bado (10), durante reuni\u00e3o na comunidade Cidade Alta, que","magazineBlocksPostCategories":["not\u00edcias"],"magazineBlocksPostViewCount":213,"magazineBlocksPostReadTime":3,"magazine_blocks_featured_image_url":{"full":false,"medium":false,"thumbnail":false},"magazine_blocks_author":{"display_name":"maranhaotv","author_link":"https:\/\/maranhaotv.com.br\/index.php\/author\/maranhaotv\/"},"magazine_blocks_comment":0,"magazine_blocks_author_image":"https:\/\/secure.gravatar.com\/avatar\/8fadbca458d4cb68b1dd399ae9a40618d747bb1af65ac9fad21c89220a143eb4?s=96&d=mm&r=g","magazine_blocks_category":"<a href=\"#\" class=\"category-link category-link-2\">not\u00edcias<\/a>","jetpack_featured_media_url":"","jetpack_sharing_enabled":true,"_links":{"self":[{"href":"https:\/\/maranhaotv.com.br\/index.php\/wp-json\/wp\/v2\/posts\/20418","targetHints":{"allow":["GET"]}}],"collection":[{"href":"https:\/\/maranhaotv.com.br\/index.php\/wp-json\/wp\/v2\/posts"}],"about":[{"href":"https:\/\/maranhaotv.com.br\/index.php\/wp-json\/wp\/v2\/types\/post"}],"author":[{"embeddable":true,"href":"https:\/\/maranhaotv.com.br\/index.php\/wp-json\/wp\/v2\/users\/2"}],"replies":[{"embeddable":true,"href":"https:\/\/maranhaotv.com.br\/index.php\/wp-json\/wp\/v2\/comments?post=20418"}],"version-history":[{"count":0,"href":"https:\/\/maranhaotv.com.br\/index.php\/wp-json\/wp\/v2\/posts\/20418\/revisions"}],"wp:featuredmedia":[{"embeddable":true,"href":"https:\/\/maranhaotv.com.br\/index.php\/wp-json\/"}],"wp:attachment":[{"href":"https:\/\/maranhaotv.com.br\/index.php\/wp-json\/wp\/v2\/media?parent=20418"}],"wp:term":[{"taxonomy":"category","embeddable":true,"href":"https:\/\/maranhaotv.com.br\/index.php\/wp-json\/wp\/v2\/categories?post=20418"},{"taxonomy":"post_tag","embeddable":true,"href":"https:\/\/maranhaotv.com.br\/index.php\/wp-json\/wp\/v2\/tags?post=20418"}],"curies":[{"name":"wp","href":"https:\/\/api.w.org\/{rel}","templated":true}]}}