{"id":21004,"date":"2021-05-07T08:35:51","date_gmt":"2021-05-07T11:35:51","guid":{"rendered":"https:\/\/maranhaotv.com.br\/?p=21004"},"modified":"2021-05-07T08:35:51","modified_gmt":"2021-05-07T11:35:51","slug":"paula-da-pindoba-nomeia-arsenia-formiga-como-secretaria-de-educacao-de-paco-do-lumiar","status":"publish","type":"post","link":"https:\/\/maranhaotv.com.br\/index.php\/2021\/05\/07\/paula-da-pindoba-nomeia-arsenia-formiga-como-secretaria-de-educacao-de-paco-do-lumiar\/","title":{"rendered":"Paula da Pindoba nomeia Arsenia Formiga como secret\u00e1ria de Educa\u00e7\u00e3o de Pa\u00e7o do Lumiar"},"content":{"rendered":"\n<p>A prefeita de Pa\u00e7o do Lumiar, Paula da Pindoba (PCdoB), nomeou nesta \u00faltima quinta-feira (06) a nova secret\u00e1ria municipal de Educa\u00e7\u00e3o, Arsenia Formiga. Arsenia, \u00e9 mestra em Gest\u00e3o e Avalia\u00e7\u00e3o da Escola P\u00fablica, e antes ocupava a fun\u00e7\u00e3o de superintendente de ensino fundamental &#8211; SAEF, em S\u00e3o Lu\u00eds. Ela substitui no cargo o advogado Levi Pinheiro que respondeu interinamente \u00e0 frente da pasta com muita responsabilidade desde o m\u00eas de mar\u00e7o. <br><br>A prefeita tamb\u00e9m nomeou Hilberlene Rodrigues para exercer o cargo de secret\u00e1ria adjunta da Educa\u00e7\u00e3o, professora da rede a mais de dez anos, Hilberlene j\u00e1 vem contribuindo com o desenvolvimento educacional do munic\u00edpio por algum tempo.<br><\/p>\n\n\n\n<figure class=\"wp-block-gallery columns-1 is-cropped wp-block-gallery-1 is-layout-flex wp-block-gallery-is-layout-flex\"><ul class=\"blocks-gallery-grid\"><li class=\"blocks-gallery-item\"><figure><img decoding=\"async\" src=\"https:\/\/maranhaotv.com.br\/wp-content\/uploads\/2021\/05\/IMG-20210507-WA0076.jpg\" data-id=\"21002\" class=\"wp-image-21002\"\/><\/figure><\/li><\/ul><\/figure>\n","protected":false},"excerpt":{"rendered":"<p>A prefeita de Pa\u00e7o do Lumiar, Paula da Pindoba (PCdoB), nomeou nesta \u00faltima quinta-feira (06) a nova secret\u00e1ria municipal de<\/p>\n","protected":false},"author":2,"featured_media":21003,"comment_status":"open","ping_status":"open","sticky":false,"template":"","format":"standard","meta":{"colormag_page_container_layout":"default_layout","colormag_page_sidebar_layout":"default_layout","_jetpack_memberships_contains_paid_content":false,"footnotes":""},"categories":[2],"tags":[],"class_list":["post-21004","post","type-post","status-publish","format-standard","has-post-thumbnail","hentry","category-noticias"],"magazineBlocksPostFeaturedMedia":{"thumbnail":false,"medium":false,"medium_large":false,"large":false,"1536x1536":false,"2048x2048":false,"colormag-highlighted-post":false,"colormag-featured-post-medium":false,"colormag-featured-post-small":false,"colormag-featured-image":false,"colormag-default-news":false,"colormag-featured-image-large":false},"magazineBlocksPostAuthor":{"name":"maranhaotv","avatar":"https:\/\/secure.gravatar.com\/avatar\/8fadbca458d4cb68b1dd399ae9a40618d747bb1af65ac9fad21c89220a143eb4?s=96&d=mm&r=g"},"magazineBlocksPostCommentsNumber":"0","magazineBlocksPostExcerpt":"A prefeita de Pa\u00e7o do Lumiar, Paula da Pindoba (PCdoB), nomeou nesta \u00faltima quinta-feira (06) a nova secret\u00e1ria municipal de","magazineBlocksPostCategories":["not\u00edcias"],"magazineBlocksPostViewCount":230,"magazineBlocksPostReadTime":1,"magazine_blocks_featured_image_url":{"full":false,"medium":false,"thumbnail":false},"magazine_blocks_author":{"display_name":"maranhaotv","author_link":"https:\/\/maranhaotv.com.br\/index.php\/author\/maranhaotv\/"},"magazine_blocks_comment":0,"magazine_blocks_author_image":"https:\/\/secure.gravatar.com\/avatar\/8fadbca458d4cb68b1dd399ae9a40618d747bb1af65ac9fad21c89220a143eb4?s=96&d=mm&r=g","magazine_blocks_category":"<a href=\"#\" class=\"category-link category-link-2\">not\u00edcias<\/a>","jetpack_featured_media_url":"","jetpack_sharing_enabled":true,"_links":{"self":[{"href":"https:\/\/maranhaotv.com.br\/index.php\/wp-json\/wp\/v2\/posts\/21004","targetHints":{"allow":["GET"]}}],"collection":[{"href":"https:\/\/maranhaotv.com.br\/index.php\/wp-json\/wp\/v2\/posts"}],"about":[{"href":"https:\/\/maranhaotv.com.br\/index.php\/wp-json\/wp\/v2\/types\/post"}],"author":[{"embeddable":true,"href":"https:\/\/maranhaotv.com.br\/index.php\/wp-json\/wp\/v2\/users\/2"}],"replies":[{"embeddable":true,"href":"https:\/\/maranhaotv.com.br\/index.php\/wp-json\/wp\/v2\/comments?post=21004"}],"version-history":[{"count":0,"href":"https:\/\/maranhaotv.com.br\/index.php\/wp-json\/wp\/v2\/posts\/21004\/revisions"}],"wp:featuredmedia":[{"embeddable":true,"href":"https:\/\/maranhaotv.com.br\/index.php\/wp-json\/"}],"wp:attachment":[{"href":"https:\/\/maranhaotv.com.br\/index.php\/wp-json\/wp\/v2\/media?parent=21004"}],"wp:term":[{"taxonomy":"category","embeddable":true,"href":"https:\/\/maranhaotv.com.br\/index.php\/wp-json\/wp\/v2\/categories?post=21004"},{"taxonomy":"post_tag","embeddable":true,"href":"https:\/\/maranhaotv.com.br\/index.php\/wp-json\/wp\/v2\/tags?post=21004"}],"curies":[{"name":"wp","href":"https:\/\/api.w.org\/{rel}","templated":true}]}}