{"id":21900,"date":"2021-06-18T14:47:37","date_gmt":"2021-06-18T17:47:37","guid":{"rendered":"https:\/\/maranhaotv.com.br\/?p=21900"},"modified":"2021-06-18T14:47:37","modified_gmt":"2021-06-18T17:47:37","slug":"governo-do-estado-vistoria-equipamentos-educacionais-e-anuncia-novas-obras-no-municipio-de-arari","status":"publish","type":"post","link":"https:\/\/maranhaotv.com.br\/index.php\/2021\/06\/18\/governo-do-estado-vistoria-equipamentos-educacionais-e-anuncia-novas-obras-no-municipio-de-arari\/","title":{"rendered":"Governo do Estado vistoria equipamentos educacionais e anuncia novas obras no munic\u00edpio de Arari"},"content":{"rendered":"\n<p>Na ocasi\u00e3o, o secret\u00e1rio vistoriou as obras em execu\u00e7\u00e3o do Farol do Saber Raimunda Ramos e do Centro Educa Mais Cidade de Arari, que tem previs\u00e3o para ser entregue em 6 meses.<\/p>\n\n\n\n<p>Felipe Camar\u00e3o afirmou que as obras seguem avan\u00e7adas e a equipe pedag\u00f3gica da Seduc far\u00e1 um estudo para avaliar a possibilidade de transformar o Centro Educa Mais em uma Unidade Plena do Instituto Estadual de Educa\u00e7\u00e3o, Ci\u00eancia e Tecnologia do Maranh\u00e3o (IEMA).<\/p>\n\n\n\n<p>\u201cPara mim \u00e9 uma imensa satisfa\u00e7\u00e3o estar aqui em Arari, pois essa \u00e9 a primeira agenda institucional que fa\u00e7o na cidade. Na segunda-feira, o Governo Fl\u00e1vio Dino entregou kits de leitura para os alunos do munic\u00edpio, que foi um dos primeiros a receber e, hoje, estou aqui vistoriando obras e, em breve, voltarei para inaugur\u00e1-las. Conheci, tamb\u00e9m, o bel\u00edssimo centro de forma\u00e7\u00e3o que est\u00e1 sendo constru\u00eddo pelo munic\u00edpio, que vai ser inaugurado nos pr\u00f3ximos dias, onde ofertaremos cursos profissionalizantes, em parceria com o IEMA. S\u00e3o benef\u00edcios para a popula\u00e7\u00e3o que s\u00f3 tem a ganhar com essas obras e trabalho em parceria entre prefeitura e governo do Estado\u201d, destacou o secret\u00e1rio.<\/p>\n\n\n\n<figure class=\"wp-block-gallery columns-2 is-cropped wp-block-gallery-1 is-layout-flex wp-block-gallery-is-layout-flex\"><ul class=\"blocks-gallery-grid\"><li class=\"blocks-gallery-item\"><figure><img decoding=\"async\" src=\"https:\/\/maranhaotv.com.br\/wp-content\/uploads\/2021\/06\/30497_governo_vistoria_equipamentos_educacionais_e_anuncia_novas_obras_no_municipio_de_arari_611178077615024533.jpeg.jpg\" data-id=\"21897\" class=\"wp-image-21897\"\/><\/figure><\/li><li class=\"blocks-gallery-item\"><figure><img decoding=\"async\" src=\"https:\/\/maranhaotv.com.br\/wp-content\/uploads\/2021\/06\/30497_secretario_felipe_camarao_participa_de_aula_inaugural_de_pre_universitario_em_sao_mateus_1900146874036978212.jpeg.jpg\" data-id=\"21896\" class=\"wp-image-21896\"\/><\/figure><\/li><\/ul><\/figure>\n\n\n\n<p>\u201cGeralmente os secret\u00e1rios v\u00eam inaugurar, nunca antes vi um secret\u00e1rio vir vistoriar, conhecer a situa\u00e7\u00e3o das escolas. Felipe Camar\u00e3o est\u00e1 de parab\u00e9ns por essa postura. S\u00f3 quem ganhou, hoje, foi Arari, porque o povo ter\u00e1 acomoda\u00e7\u00f5es dignas para o aprendizado e os professores ter\u00e3o mais conforto e vontade para vir trabalhar\u201d, disse Simplesmente Maria, lideran\u00e7a pol\u00edtica do munic\u00edpio.<\/p>\n\n\n\n<p>Na oportunidade, o secret\u00e1rio tamb\u00e9m anunciou a reforma do CE Arimateia Cisne que, h\u00e1 70 anos, espera por uma reforma, e a revitaliza\u00e7\u00e3o do CE Le\u00e3o Santos, escolas da rede estadual.<\/p>\n\n\n\n<p>O prefeito Rui Filho refor\u00e7ou a import\u00e2ncia o trabalho conjunto entre Governo do Estado e o munic\u00edpio. \u201cA parceria Governo do Estado com o munic\u00edpio \u00e9 muito boa e presente em Arari\u201d, disse.<\/p>\n\n\n\n<p>Outra obra visitada, a convite do prefeito foi o Centro de Capacita\u00e7\u00e3o do munic\u00edpio, que ser\u00e1 inaugurado no pr\u00f3ximo m\u00eas e, tamb\u00e9m, contar\u00e1 com a parceria do estado, com equipamentos e na oferta de cursos vocacionais do IEMA.<\/p>\n\n\n\n<p>\u201cNosso centro de capacita\u00e7\u00e3o profissional tem 8 salas, laborat\u00f3rio de inform\u00e1tica, biblioteca, entre outros espa\u00e7os que nos possibilitar\u00e1 ofertar diversos cursos profissionalizantes, entre eles, cursos ofertados por meio do IEMA Vocacional\u201d, refor\u00e7ou o secret\u00e1rio de Educa\u00e7\u00e3o de Arari, Marcelo Santana.<\/p>\n\n\n\n<figure class=\"wp-block-gallery columns-1 is-cropped wp-block-gallery-2 is-layout-flex wp-block-gallery-is-layout-flex\"><ul class=\"blocks-gallery-grid\"><li class=\"blocks-gallery-item\"><figure><img decoding=\"async\" src=\"https:\/\/maranhaotv.com.br\/wp-content\/uploads\/2021\/06\/30497_governo_vistoria_equipamentos_educacionais_e_anuncia_novas_obras_no_municipio_de_arari_escola_digna_5316885440921115364.jpeg.jpg\" data-id=\"21898\" class=\"wp-image-21898\"\/><\/figure><\/li><\/ul><\/figure>\n\n\n\n<p><strong>Pr\u00e9-universit\u00e1rio em S\u00e3o Mateus<\/strong><\/p>\n\n\n\n<p>No munic\u00edpio de S\u00e3o Mateus, o secret\u00e1rio acompanhou a aula inaugural do Pr\u00e9-Universit\u00e1rio 2021, que atender\u00e1, neste ano, 150 estudantes, e ao longo de 6 anos j\u00e1 atendeu cerca de 1.400 estudantes.<\/p>\n\n\n\n<p>O prefeito de S\u00e3o Mateus, Ivo Rezende, agradeceu a ida do secret\u00e1rio \u00e0 aula inaugural, para estimular os jovens a continuarem com seus sonhos e estudos.<\/p>\n\n\n\n<p>\u201cAgrade\u00e7o a vinda do secret\u00e1rio, que \u00e9 esse jovem que muito estimula a todos por sua trajet\u00f3ria de vida. Agrade\u00e7o, tamb\u00e9m, muito por todos esses jovens que est\u00e3o aqui, que continuam acreditando no pr\u00e9-universit\u00e1rio. Esse momento n\u00e3o \u00e9 f\u00e1cil, mas, com responsabilidade, podemos fazer uma educa\u00e7\u00e3o com seguran\u00e7a. N\u00f3s acreditamos em voc\u00eas, confiamos na responsabilidade de cada um. Estamos juntos e juntos continuaremos a transformar a realidade de S\u00e3o Mateus por meio da educa\u00e7\u00e3o.<\/p>\n\n\n\n<p><em>\u201cFico muito feliz em vir a S\u00e3o Mateus conversar com esses jovens que acreditam na educa\u00e7\u00e3o e, por meio dela, est\u00e3o buscando melhorias para suas vidas. N\u00e3o enxergo somente 150 estudantes aqui. Enxergo 150 sonhos de jovens que acreditam em uma vida melhor atrav\u00e9s da educa\u00e7\u00e3o. Sigam firme nesse prop\u00f3sito\u201d, afirmou Felipe Camar\u00e3o.<\/em><\/p>\n\n\n\n<p>Na ocasi\u00e3o, o secret\u00e1rio anunciou a constru\u00e7\u00e3o de um espa\u00e7o para funcionamento do pr\u00e9-universit\u00e1rio no munic\u00edpio.<\/p>\n\n\n\n<p><\/p>\n","protected":false},"excerpt":{"rendered":"<p>Na ocasi\u00e3o, o secret\u00e1rio vistoriou as obras em execu\u00e7\u00e3o do Farol do Saber Raimunda Ramos e do Centro Educa Mais<\/p>\n","protected":false},"author":2,"featured_media":21899,"comment_status":"open","ping_status":"open","sticky":false,"template":"","format":"standard","meta":{"colormag_page_container_layout":"default_layout","colormag_page_sidebar_layout":"default_layout","_jetpack_memberships_contains_paid_content":false,"footnotes":""},"categories":[2,6],"tags":[352],"class_list":["post-21900","post","type-post","status-publish","format-standard","has-post-thumbnail","hentry","category-noticias","category-politica","tag-felipe-camarao"],"magazineBlocksPostFeaturedMedia":{"thumbnail":false,"medium":false,"medium_large":false,"large":false,"1536x1536":false,"2048x2048":false,"colormag-highlighted-post":false,"colormag-featured-post-medium":false,"colormag-featured-post-small":false,"colormag-featured-image":false,"colormag-default-news":false,"colormag-featured-image-large":false},"magazineBlocksPostAuthor":{"name":"maranhaotv","avatar":"https:\/\/secure.gravatar.com\/avatar\/8fadbca458d4cb68b1dd399ae9a40618d747bb1af65ac9fad21c89220a143eb4?s=96&d=mm&r=g"},"magazineBlocksPostCommentsNumber":"0","magazineBlocksPostExcerpt":"Na ocasi\u00e3o, o secret\u00e1rio vistoriou as obras em execu\u00e7\u00e3o do Farol do Saber Raimunda Ramos e do Centro Educa Mais","magazineBlocksPostCategories":["not\u00edcias","pol\u00edtica"],"magazineBlocksPostViewCount":273,"magazineBlocksPostReadTime":4,"magazine_blocks_featured_image_url":{"full":false,"medium":false,"thumbnail":false},"magazine_blocks_author":{"display_name":"maranhaotv","author_link":"https:\/\/maranhaotv.com.br\/index.php\/author\/maranhaotv\/"},"magazine_blocks_comment":0,"magazine_blocks_author_image":"https:\/\/secure.gravatar.com\/avatar\/8fadbca458d4cb68b1dd399ae9a40618d747bb1af65ac9fad21c89220a143eb4?s=96&d=mm&r=g","magazine_blocks_category":"<a href=\"#\" class=\"category-link category-link-2\">not\u00edcias<\/a> <a href=\"#\" class=\"category-link category-link-6\">pol\u00edtica<\/a>","jetpack_featured_media_url":"","jetpack_sharing_enabled":true,"_links":{"self":[{"href":"https:\/\/maranhaotv.com.br\/index.php\/wp-json\/wp\/v2\/posts\/21900","targetHints":{"allow":["GET"]}}],"collection":[{"href":"https:\/\/maranhaotv.com.br\/index.php\/wp-json\/wp\/v2\/posts"}],"about":[{"href":"https:\/\/maranhaotv.com.br\/index.php\/wp-json\/wp\/v2\/types\/post"}],"author":[{"embeddable":true,"href":"https:\/\/maranhaotv.com.br\/index.php\/wp-json\/wp\/v2\/users\/2"}],"replies":[{"embeddable":true,"href":"https:\/\/maranhaotv.com.br\/index.php\/wp-json\/wp\/v2\/comments?post=21900"}],"version-history":[{"count":0,"href":"https:\/\/maranhaotv.com.br\/index.php\/wp-json\/wp\/v2\/posts\/21900\/revisions"}],"wp:featuredmedia":[{"embeddable":true,"href":"https:\/\/maranhaotv.com.br\/index.php\/wp-json\/"}],"wp:attachment":[{"href":"https:\/\/maranhaotv.com.br\/index.php\/wp-json\/wp\/v2\/media?parent=21900"}],"wp:term":[{"taxonomy":"category","embeddable":true,"href":"https:\/\/maranhaotv.com.br\/index.php\/wp-json\/wp\/v2\/categories?post=21900"},{"taxonomy":"post_tag","embeddable":true,"href":"https:\/\/maranhaotv.com.br\/index.php\/wp-json\/wp\/v2\/tags?post=21900"}],"curies":[{"name":"wp","href":"https:\/\/api.w.org\/{rel}","templated":true}]}}