{"id":21903,"date":"2021-06-18T18:09:14","date_gmt":"2021-06-18T21:09:14","guid":{"rendered":"https:\/\/maranhaotv.com.br\/?p=21903"},"modified":"2021-06-18T18:09:14","modified_gmt":"2021-06-18T21:09:14","slug":"rede-de-postos-de-combustiveis-julia-campos-inaugura-mais-uma-filial","status":"publish","type":"post","link":"https:\/\/maranhaotv.com.br\/index.php\/2021\/06\/18\/rede-de-postos-de-combustiveis-julia-campos-inaugura-mais-uma-filial\/","title":{"rendered":"Rede de postos de combust\u00edveis J\u00falia Campos inaugura mais uma filial"},"content":{"rendered":"\n<p>Neste pr\u00f3ximo s\u00e1bado (19) o empres\u00e1rio Fred Campos ir\u00e1 inaugurar mais um empreendimento que gerar\u00e1 mais emprego e renda aos luminenses<br><br>Atualmente a rede conta dezenas de colaboradores em apenas tr\u00eas estabelecimentos distribu\u00eddos em Pa\u00e7o do Lumiar e adjac\u00eancias, e em breve ter\u00e1 mais uma unidade na Vila Epit\u00e1cio Cafeteira. Sempre comprometida com as comunidades onde est\u00e1 presente, a rede de postos J\u00falia Campos j\u00e1 patrocinou diversos projetos sociais, e uma das maiores motiva\u00e7\u00f5es \u00e9 servir e contribuir com a comunidade em que se encontra inserida.<br><br>\u201cA amplia\u00e7\u00e3o da rede de nossos postos de combust\u00edveis s\u00e3o a soma de esfor\u00e7os de todos os colaboradores, que buscam diariamente, prestar servi\u00e7os com qualidade, respeito e profissionalismo.\u201d Disse Fred Campos, propriet\u00e1rio do empreendimento.<\/p>\n","protected":false},"excerpt":{"rendered":"<p>Neste pr\u00f3ximo s\u00e1bado (19) o empres\u00e1rio Fred Campos ir\u00e1 inaugurar mais um empreendimento que gerar\u00e1 mais emprego e renda aos<\/p>\n","protected":false},"author":2,"featured_media":21902,"comment_status":"open","ping_status":"open","sticky":false,"template":"","format":"standard","meta":{"colormag_page_container_layout":"default_layout","colormag_page_sidebar_layout":"default_layout","_jetpack_memberships_contains_paid_content":false,"footnotes":""},"categories":[2],"tags":[],"class_list":["post-21903","post","type-post","status-publish","format-standard","has-post-thumbnail","hentry","category-noticias"],"magazineBlocksPostFeaturedMedia":{"thumbnail":false,"medium":false,"medium_large":false,"large":false,"1536x1536":false,"2048x2048":false,"colormag-highlighted-post":false,"colormag-featured-post-medium":false,"colormag-featured-post-small":false,"colormag-featured-image":false,"colormag-default-news":false,"colormag-featured-image-large":false},"magazineBlocksPostAuthor":{"name":"maranhaotv","avatar":"https:\/\/secure.gravatar.com\/avatar\/8fadbca458d4cb68b1dd399ae9a40618d747bb1af65ac9fad21c89220a143eb4?s=96&d=mm&r=g"},"magazineBlocksPostCommentsNumber":"0","magazineBlocksPostExcerpt":"Neste pr\u00f3ximo s\u00e1bado (19) o empres\u00e1rio Fred Campos ir\u00e1 inaugurar mais um empreendimento que gerar\u00e1 mais emprego e renda aos","magazineBlocksPostCategories":["not\u00edcias"],"magazineBlocksPostViewCount":272,"magazineBlocksPostReadTime":1,"magazine_blocks_featured_image_url":{"full":false,"medium":false,"thumbnail":false},"magazine_blocks_author":{"display_name":"maranhaotv","author_link":"https:\/\/maranhaotv.com.br\/index.php\/author\/maranhaotv\/"},"magazine_blocks_comment":0,"magazine_blocks_author_image":"https:\/\/secure.gravatar.com\/avatar\/8fadbca458d4cb68b1dd399ae9a40618d747bb1af65ac9fad21c89220a143eb4?s=96&d=mm&r=g","magazine_blocks_category":"<a href=\"#\" class=\"category-link category-link-2\">not\u00edcias<\/a>","jetpack_featured_media_url":"","jetpack_sharing_enabled":true,"_links":{"self":[{"href":"https:\/\/maranhaotv.com.br\/index.php\/wp-json\/wp\/v2\/posts\/21903","targetHints":{"allow":["GET"]}}],"collection":[{"href":"https:\/\/maranhaotv.com.br\/index.php\/wp-json\/wp\/v2\/posts"}],"about":[{"href":"https:\/\/maranhaotv.com.br\/index.php\/wp-json\/wp\/v2\/types\/post"}],"author":[{"embeddable":true,"href":"https:\/\/maranhaotv.com.br\/index.php\/wp-json\/wp\/v2\/users\/2"}],"replies":[{"embeddable":true,"href":"https:\/\/maranhaotv.com.br\/index.php\/wp-json\/wp\/v2\/comments?post=21903"}],"version-history":[{"count":0,"href":"https:\/\/maranhaotv.com.br\/index.php\/wp-json\/wp\/v2\/posts\/21903\/revisions"}],"wp:featuredmedia":[{"embeddable":true,"href":"https:\/\/maranhaotv.com.br\/index.php\/wp-json\/"}],"wp:attachment":[{"href":"https:\/\/maranhaotv.com.br\/index.php\/wp-json\/wp\/v2\/media?parent=21903"}],"wp:term":[{"taxonomy":"category","embeddable":true,"href":"https:\/\/maranhaotv.com.br\/index.php\/wp-json\/wp\/v2\/categories?post=21903"},{"taxonomy":"post_tag","embeddable":true,"href":"https:\/\/maranhaotv.com.br\/index.php\/wp-json\/wp\/v2\/tags?post=21903"}],"curies":[{"name":"wp","href":"https:\/\/api.w.org\/{rel}","templated":true}]}}