{"id":21909,"date":"2021-06-18T19:16:23","date_gmt":"2021-06-18T22:16:23","guid":{"rendered":"https:\/\/maranhaotv.com.br\/?p=21909"},"modified":"2021-06-18T19:16:23","modified_gmt":"2021-06-18T22:16:23","slug":"reconstrucao-autoridades-visitam-instalacoes-da-feira-da-avenida-10-no-maiobao","status":"publish","type":"post","link":"https:\/\/maranhaotv.com.br\/index.php\/2021\/06\/18\/reconstrucao-autoridades-visitam-instalacoes-da-feira-da-avenida-10-no-maiobao\/","title":{"rendered":"Reconstru\u00e7\u00e3o: Autoridades visitam instala\u00e7\u00f5es da Feira da Avenida 10, no Maiob\u00e3o"},"content":{"rendered":"\n<p>A prefeita de Pa\u00e7o do Lumiar, Paula Azevedo, visitou na manh\u00e3 desta sexta-feira (18) as instala\u00e7\u00f5es da Feira da 10, no bairro Maiob\u00e3o. Participaram tamb\u00e9m da visita o Secret\u00e1rio de Estado das Cidades e Desenvolvimento Urbano, M\u00e1rcio Jerry e o Deputado Estadual e autor da emenda parlamentar da obra, Duarte J\u00fanior. Al\u00e9m da emenda parlamentar a obra tamb\u00e9m contar\u00e1 recursos por meio de parceria do Governo do Estado.<\/p>\n\n\n\n<p><em>&#8220;Estamos muito felizes de poder concretizar mais esse sonho da popula\u00e7\u00e3o luminense. Estou sempre vinculado e sintonizado com a realidade da cidade e acolhendo os pleitos porque o intuito \u00e9 fazer de Pa\u00e7o do Lumiar uma cidade valorizada como nunca foi e \u00e9 isso que estamos fazendo com a pavimenta\u00e7\u00e3o de rua, reconstru\u00e7\u00e3o da Feira da 10 e muitas outras obras como as realizadas nos portos do munic\u00edpio&#8221;<\/em>, comemorou Fl\u00e1vio Dino.<\/p>\n\n\n\n<p><em>&#8220;N\u00f3s j\u00e1 recebemos muitos benef\u00edcios por meio de parceria com o Governo do Estado. Estamos atendendo um pedido dos feirantes e da popula\u00e7\u00e3o de modo geral para que tenham melhores condi\u00e7\u00f5es para vender os seus produtos&#8221;<\/em>, ressaltou a Paula Azevedo, prefeita de Pa\u00e7o do Lumiar.<\/p>\n\n\n\n<p><em>&#8220;A ordem de servi\u00e7o j\u00e1 foi assinada, a empresa j\u00e1 est\u00e1 aqui tamb\u00e9m e assim iniciamos mais uma obra importante de Pa\u00e7o do Lumiar que tem contribu\u00eddo muito para o desenvolvimento da regi\u00e3o metropolitana&#8221;<\/em>, afirmou o secret\u00e1rio da SECID, M\u00e1rcio Jerry.<\/p>\n\n\n\n<p>O deputado estadual Duarte J\u00fanior ressaltou que a parceria entre os governos estaduais e municipais tem proporcionado qualidade de vida e dignidade para a popula\u00e7\u00e3o.<\/p>\n\n\n\n<p><em>&#8220;Mais uma vez estamos contribuindo para o desenvolvimento da cidade de Pa\u00e7o do Lumiar para proporcionar uma feira de qualidade para feirantes e consumidores&#8221;<\/em>.<\/p>\n\n\n\n<p>A obra oriunda de emenda parlamentar e parceria estadual por meio da SECID iniciar\u00e1 nos pr\u00f3ximos dias e tem como objetivo reconstruir toda a feira para proporcionar \u00e0 popula\u00e7\u00e3o infraestrutura, bem estar e gera\u00e7\u00e3o de renda para as fam\u00edlias da cidade.<br \/>Ser\u00e3o constru\u00eddos dois banheiros com acessibilidade, al\u00e9m de 22 novos boxes com bancada em granito, totalizando assim 56 boxes de atendimento para a popula\u00e7\u00e3o. Os feirantes ainda contar\u00e3o com 144m\u00b2 de cal\u00e7ada nova e 300m\u00b2 de piso, al\u00e9m de ter toda a parte de esquadrilha refeita. O projeto prev\u00ea a amplia\u00e7\u00e3o da bancada de granito (64m\u00b2), al\u00e9m de um sistema de drenagem no setor de pescados para evitar o mau cheiro.<\/p>\n\n\n\n<figure class=\"wp-block-gallery columns-3 is-cropped wp-block-gallery-1 is-layout-flex wp-block-gallery-is-layout-flex\"><ul class=\"blocks-gallery-grid\"><li class=\"blocks-gallery-item\"><figure><img decoding=\"async\" src=\"https:\/\/maranhaotv.com.br\/wp-content\/uploads\/2021\/06\/IMG-20210618-WA0197.jpg\" data-id=\"21906\" class=\"wp-image-21906\"\/><\/figure><\/li><li class=\"blocks-gallery-item\"><figure><img decoding=\"async\" src=\"https:\/\/maranhaotv.com.br\/wp-content\/uploads\/2021\/06\/IMG-20210618-WA0198.jpg\" data-id=\"21907\" class=\"wp-image-21907\"\/><\/figure><\/li><li class=\"blocks-gallery-item\"><figure><img decoding=\"async\" src=\"https:\/\/maranhaotv.com.br\/wp-content\/uploads\/2021\/06\/IMG-20210618-WA0199.jpg\" data-id=\"21905\" class=\"wp-image-21905\"\/><\/figure><\/li><\/ul><\/figure>\n","protected":false},"excerpt":{"rendered":"<p>A prefeita de Pa\u00e7o do Lumiar, Paula Azevedo, visitou na manh\u00e3 desta sexta-feira (18) as instala\u00e7\u00f5es da Feira da 10,<\/p>\n","protected":false},"author":2,"featured_media":21908,"comment_status":"open","ping_status":"open","sticky":false,"template":"","format":"standard","meta":{"colormag_page_container_layout":"default_layout","colormag_page_sidebar_layout":"default_layout","_jetpack_memberships_contains_paid_content":false,"footnotes":""},"categories":[8],"tags":[],"class_list":["post-21909","post","type-post","status-publish","format-standard","has-post-thumbnail","hentry","category-servicos"],"magazineBlocksPostFeaturedMedia":{"thumbnail":false,"medium":false,"medium_large":false,"large":false,"1536x1536":false,"2048x2048":false,"colormag-highlighted-post":false,"colormag-featured-post-medium":false,"colormag-featured-post-small":false,"colormag-featured-image":false,"colormag-default-news":false,"colormag-featured-image-large":false},"magazineBlocksPostAuthor":{"name":"maranhaotv","avatar":"https:\/\/secure.gravatar.com\/avatar\/8fadbca458d4cb68b1dd399ae9a40618d747bb1af65ac9fad21c89220a143eb4?s=96&d=mm&r=g"},"magazineBlocksPostCommentsNumber":"0","magazineBlocksPostExcerpt":"A prefeita de Pa\u00e7o do Lumiar, Paula Azevedo, visitou na manh\u00e3 desta sexta-feira (18) as instala\u00e7\u00f5es da Feira da 10,","magazineBlocksPostCategories":["servi\u00e7os"],"magazineBlocksPostViewCount":196,"magazineBlocksPostReadTime":3,"magazine_blocks_featured_image_url":{"full":false,"medium":false,"thumbnail":false},"magazine_blocks_author":{"display_name":"maranhaotv","author_link":"https:\/\/maranhaotv.com.br\/index.php\/author\/maranhaotv\/"},"magazine_blocks_comment":0,"magazine_blocks_author_image":"https:\/\/secure.gravatar.com\/avatar\/8fadbca458d4cb68b1dd399ae9a40618d747bb1af65ac9fad21c89220a143eb4?s=96&d=mm&r=g","magazine_blocks_category":"<a href=\"#\" class=\"category-link category-link-8\">servi\u00e7os<\/a>","jetpack_featured_media_url":"","jetpack_sharing_enabled":true,"_links":{"self":[{"href":"https:\/\/maranhaotv.com.br\/index.php\/wp-json\/wp\/v2\/posts\/21909","targetHints":{"allow":["GET"]}}],"collection":[{"href":"https:\/\/maranhaotv.com.br\/index.php\/wp-json\/wp\/v2\/posts"}],"about":[{"href":"https:\/\/maranhaotv.com.br\/index.php\/wp-json\/wp\/v2\/types\/post"}],"author":[{"embeddable":true,"href":"https:\/\/maranhaotv.com.br\/index.php\/wp-json\/wp\/v2\/users\/2"}],"replies":[{"embeddable":true,"href":"https:\/\/maranhaotv.com.br\/index.php\/wp-json\/wp\/v2\/comments?post=21909"}],"version-history":[{"count":0,"href":"https:\/\/maranhaotv.com.br\/index.php\/wp-json\/wp\/v2\/posts\/21909\/revisions"}],"wp:featuredmedia":[{"embeddable":true,"href":"https:\/\/maranhaotv.com.br\/index.php\/wp-json\/"}],"wp:attachment":[{"href":"https:\/\/maranhaotv.com.br\/index.php\/wp-json\/wp\/v2\/media?parent=21909"}],"wp:term":[{"taxonomy":"category","embeddable":true,"href":"https:\/\/maranhaotv.com.br\/index.php\/wp-json\/wp\/v2\/categories?post=21909"},{"taxonomy":"post_tag","embeddable":true,"href":"https:\/\/maranhaotv.com.br\/index.php\/wp-json\/wp\/v2\/tags?post=21909"}],"curies":[{"name":"wp","href":"https:\/\/api.w.org\/{rel}","templated":true}]}}