{"id":22498,"date":"2021-07-15T11:45:43","date_gmt":"2021-07-15T14:45:43","guid":{"rendered":"https:\/\/maranhaotv.com.br\/?p=22498"},"modified":"2021-07-15T11:45:43","modified_gmt":"2021-07-15T14:45:43","slug":"lucyana-genesio-usa-estrutura-do-governo-do-estado-para-promover-pre-candidatura-na-baixada-maranhense","status":"publish","type":"post","link":"https:\/\/maranhaotv.com.br\/index.php\/2021\/07\/15\/lucyana-genesio-usa-estrutura-do-governo-do-estado-para-promover-pre-candidatura-na-baixada-maranhense\/","title":{"rendered":"Lucyana Gen\u00e9sio usa estrutura do governo do Estado para promover pr\u00e9-candidatura na baixada maranhense"},"content":{"rendered":"\n<p><em>Secret\u00e1ria de Estado e irm\u00e3 do prefeito de Pinheiro pode estar abusando de duas m\u00e1quinas administrativas para autopromo\u00e7\u00e3o<\/em><br><br>Irm\u00e3 de Luciano Gen\u00e9sio e secret\u00e1ria adjunta de Desenvolvimento Sustent\u00e1vel da SEMA, Lucyana Gen\u00e9sio, at\u00e9 a alguns meses vivia \u00e0s sombras das estruturas governamentais e sem aparecer na baixada, hoje \u00e9 uma figura pol\u00edtica bastante presente nas cidades. Somente nesta semana em Pinheiro, Lucyana participou da entrega de cestas b\u00e1sicas, aos moradores do povoado Pericum\u00e3 dos Ara\u00fajos, Ref\u00fagio e Santo Ant\u00f4nio dos Carvalhos, as cestas b\u00e1sicas \u00e9 iniciativa do Governo do Estado para combater a fome neste per\u00edodo de pandemia que vivemos.<br>Nesta \u00faltima ter\u00e7a-feira (13), Lucyana esteve em S\u00e3o Bento participando da entrega dos 100 cart\u00f5es aos benefici\u00e1rios do programa Maranh\u00e3o Verde \u2013 Pr\u00f3 Campos no munic\u00edpio de Palmer\u00e2ndia, junto com o vice-governador Carlos Brand\u00e3o, o secret\u00e1rio Estadual de Meio Ambiente e Recursos Naturais, Diego Rolin, o deputado federal, Andr\u00e9 Fufuca, o prefeito Edilson, e o seu pai e mentor de sua pr\u00e9-candidatura, Z\u00e9 Gen\u00e9sio. O cart\u00e3o do programa Maranh\u00e3o Verde garante assist\u00eancia financeira aos benefici\u00e1rios no valor de R$ 300,00 a cada dois meses aos seus benefici\u00e1rios. <\/p>\n\n\n\n<p>O Minist\u00e9rio P\u00fablico Eleitoral deve fica atento a essas caminhadas da pr\u00e9-candidata a deputada estadual nessas elei\u00e7\u00f5es futuras.<\/p>\n\n\n\n<figure class=\"wp-block-gallery columns-1 is-cropped wp-block-gallery-1 is-layout-flex wp-block-gallery-is-layout-flex\"><ul class=\"blocks-gallery-grid\"><li class=\"blocks-gallery-item\"><figure><img decoding=\"async\" src=\"https:\/\/maranhaotv.com.br\/wp-content\/uploads\/2021\/07\/IMG-20210715-WA0321.jpg\" data-id=\"22495\" class=\"wp-image-22495\"\/><\/figure><\/li><\/ul><\/figure>\n\n\n\n<figure class=\"wp-block-gallery columns-1 is-cropped wp-block-gallery-2 is-layout-flex wp-block-gallery-is-layout-flex\"><ul class=\"blocks-gallery-grid\"><li class=\"blocks-gallery-item\"><figure><img decoding=\"async\" src=\"https:\/\/maranhaotv.com.br\/wp-content\/uploads\/2021\/07\/IMG-20210715-WA0314.jpg\" data-id=\"22496\" class=\"wp-image-22496\"\/><\/figure><\/li><\/ul><\/figure>\n","protected":false},"excerpt":{"rendered":"<p>Secret\u00e1ria de Estado e irm\u00e3 do prefeito de Pinheiro pode estar abusando de duas m\u00e1quinas administrativas para autopromo\u00e7\u00e3o Irm\u00e3 de<\/p>\n","protected":false},"author":2,"featured_media":22497,"comment_status":"open","ping_status":"open","sticky":false,"template":"","format":"standard","meta":{"colormag_page_container_layout":"default_layout","colormag_page_sidebar_layout":"default_layout","_jetpack_memberships_contains_paid_content":false,"footnotes":""},"categories":[2],"tags":[],"class_list":["post-22498","post","type-post","status-publish","format-standard","has-post-thumbnail","hentry","category-noticias"],"magazineBlocksPostFeaturedMedia":{"thumbnail":false,"medium":false,"medium_large":false,"large":false,"1536x1536":false,"2048x2048":false,"colormag-highlighted-post":false,"colormag-featured-post-medium":false,"colormag-featured-post-small":false,"colormag-featured-image":false,"colormag-default-news":false,"colormag-featured-image-large":false},"magazineBlocksPostAuthor":{"name":"maranhaotv","avatar":"https:\/\/secure.gravatar.com\/avatar\/8fadbca458d4cb68b1dd399ae9a40618d747bb1af65ac9fad21c89220a143eb4?s=96&d=mm&r=g"},"magazineBlocksPostCommentsNumber":"0","magazineBlocksPostExcerpt":"Secret\u00e1ria de Estado e irm\u00e3 do prefeito de Pinheiro pode estar abusando de duas m\u00e1quinas administrativas para autopromo\u00e7\u00e3o Irm\u00e3 de","magazineBlocksPostCategories":["not\u00edcias"],"magazineBlocksPostViewCount":195,"magazineBlocksPostReadTime":2,"magazine_blocks_featured_image_url":{"full":false,"medium":false,"thumbnail":false},"magazine_blocks_author":{"display_name":"maranhaotv","author_link":"https:\/\/maranhaotv.com.br\/index.php\/author\/maranhaotv\/"},"magazine_blocks_comment":0,"magazine_blocks_author_image":"https:\/\/secure.gravatar.com\/avatar\/8fadbca458d4cb68b1dd399ae9a40618d747bb1af65ac9fad21c89220a143eb4?s=96&d=mm&r=g","magazine_blocks_category":"<a href=\"#\" class=\"category-link category-link-2\">not\u00edcias<\/a>","yoast_head":"<!-- This site is optimized with the Yoast SEO plugin v27.4 - https:\/\/yoast.com\/product\/yoast-seo-wordpress\/ -->\n<title>Lucyana Gen\u00e9sio usa estrutura do governo do Estado para promover pr\u00e9-candidatura na baixada maranhense - NOT\u00cdCIAS EM TEMPO REAL<\/title>\n<meta name=\"robots\" content=\"index, follow, max-snippet:-1, max-image-preview:large, max-video-preview:-1\" \/>\n<link rel=\"canonical\" href=\"https:\/\/maranhaotv.com.br\/index.php\/2021\/07\/15\/lucyana-genesio-usa-estrutura-do-governo-do-estado-para-promover-pre-candidatura-na-baixada-maranhense\/\" \/>\n<meta property=\"og:locale\" content=\"pt_BR\" \/>\n<meta property=\"og:type\" content=\"article\" \/>\n<meta property=\"og:title\" content=\"Lucyana Gen\u00e9sio usa estrutura do governo do Estado para promover pr\u00e9-candidatura na baixada maranhense - NOT\u00cdCIAS EM TEMPO REAL\" \/>\n<meta property=\"og:description\" content=\"Secret\u00e1ria de Estado e irm\u00e3 do prefeito de Pinheiro pode estar abusando de duas m\u00e1quinas administrativas para autopromo\u00e7\u00e3o Irm\u00e3 de\" \/>\n<meta property=\"og:url\" content=\"https:\/\/maranhaotv.com.br\/index.php\/2021\/07\/15\/lucyana-genesio-usa-estrutura-do-governo-do-estado-para-promover-pre-candidatura-na-baixada-maranhense\/\" \/>\n<meta property=\"og:site_name\" content=\"NOT\u00cdCIAS EM TEMPO REAL\" \/>\n<meta property=\"article:publisher\" content=\"https:\/\/www.facebook.com\/maiobaotv\" \/>\n<meta property=\"article:published_time\" content=\"2021-07-15T14:45:43+00:00\" \/>\n<meta name=\"author\" content=\"maranhaotv\" \/>\n<meta name=\"twitter:card\" content=\"summary_large_image\" \/>\n<meta name=\"twitter:creator\" content=\"@sitemaranhaotv\" \/>\n<meta name=\"twitter:site\" content=\"@sitemaranhaotv\" \/>\n<meta name=\"twitter:label1\" content=\"Escrito por\" \/>\n\t<meta name=\"twitter:data1\" content=\"maranhaotv\" \/>\n\t<meta name=\"twitter:label2\" content=\"Est. tempo de leitura\" \/>\n\t<meta name=\"twitter:data2\" content=\"1 minuto\" \/>\n<script type=\"application\/ld+json\" class=\"yoast-schema-graph\">{\"@context\":\"https:\\\/\\\/schema.org\",\"@graph\":[{\"@type\":\"Article\",\"@id\":\"https:\\\/\\\/maranhaotv.com.br\\\/index.php\\\/2021\\\/07\\\/15\\\/lucyana-genesio-usa-estrutura-do-governo-do-estado-para-promover-pre-candidatura-na-baixada-maranhense\\\/#article\",\"isPartOf\":{\"@id\":\"https:\\\/\\\/maranhaotv.com.br\\\/index.php\\\/2021\\\/07\\\/15\\\/lucyana-genesio-usa-estrutura-do-governo-do-estado-para-promover-pre-candidatura-na-baixada-maranhense\\\/\"},\"author\":{\"name\":\"maranhaotv\",\"@id\":\"https:\\\/\\\/maranhaotv.com.br\\\/#\\\/schema\\\/person\\\/3d54238e86b20bb5c89ab2fdb8f8829a\"},\"headline\":\"Lucyana Gen\u00e9sio usa estrutura do governo do Estado para promover pr\u00e9-candidatura na baixada maranhense\",\"datePublished\":\"2021-07-15T14:45:43+00:00\",\"mainEntityOfPage\":{\"@id\":\"https:\\\/\\\/maranhaotv.com.br\\\/index.php\\\/2021\\\/07\\\/15\\\/lucyana-genesio-usa-estrutura-do-governo-do-estado-para-promover-pre-candidatura-na-baixada-maranhense\\\/\"},\"wordCount\":249,\"commentCount\":0,\"publisher\":{\"@id\":\"https:\\\/\\\/maranhaotv.com.br\\\/#organization\"},\"image\":{\"@id\":\"https:\\\/\\\/maranhaotv.com.br\\\/index.php\\\/2021\\\/07\\\/15\\\/lucyana-genesio-usa-estrutura-do-governo-do-estado-para-promover-pre-candidatura-na-baixada-maranhense\\\/#primaryimage\"},\"thumbnailUrl\":\"\",\"articleSection\":[\"not\u00edcias\"],\"inLanguage\":\"pt-BR\",\"potentialAction\":[{\"@type\":\"CommentAction\",\"name\":\"Comment\",\"target\":[\"https:\\\/\\\/maranhaotv.com.br\\\/index.php\\\/2021\\\/07\\\/15\\\/lucyana-genesio-usa-estrutura-do-governo-do-estado-para-promover-pre-candidatura-na-baixada-maranhense\\\/#respond\"]}]},{\"@type\":\"WebPage\",\"@id\":\"https:\\\/\\\/maranhaotv.com.br\\\/index.php\\\/2021\\\/07\\\/15\\\/lucyana-genesio-usa-estrutura-do-governo-do-estado-para-promover-pre-candidatura-na-baixada-maranhense\\\/\",\"url\":\"https:\\\/\\\/maranhaotv.com.br\\\/index.php\\\/2021\\\/07\\\/15\\\/lucyana-genesio-usa-estrutura-do-governo-do-estado-para-promover-pre-candidatura-na-baixada-maranhense\\\/\",\"name\":\"Lucyana Gen\u00e9sio usa estrutura do governo do Estado para promover pr\u00e9-candidatura na baixada maranhense - NOT\u00cdCIAS EM TEMPO REAL\",\"isPartOf\":{\"@id\":\"https:\\\/\\\/maranhaotv.com.br\\\/#website\"},\"primaryImageOfPage\":{\"@id\":\"https:\\\/\\\/maranhaotv.com.br\\\/index.php\\\/2021\\\/07\\\/15\\\/lucyana-genesio-usa-estrutura-do-governo-do-estado-para-promover-pre-candidatura-na-baixada-maranhense\\\/#primaryimage\"},\"image\":{\"@id\":\"https:\\\/\\\/maranhaotv.com.br\\\/index.php\\\/2021\\\/07\\\/15\\\/lucyana-genesio-usa-estrutura-do-governo-do-estado-para-promover-pre-candidatura-na-baixada-maranhense\\\/#primaryimage\"},\"thumbnailUrl\":\"\",\"datePublished\":\"2021-07-15T14:45:43+00:00\",\"breadcrumb\":{\"@id\":\"https:\\\/\\\/maranhaotv.com.br\\\/index.php\\\/2021\\\/07\\\/15\\\/lucyana-genesio-usa-estrutura-do-governo-do-estado-para-promover-pre-candidatura-na-baixada-maranhense\\\/#breadcrumb\"},\"inLanguage\":\"pt-BR\",\"potentialAction\":[{\"@type\":\"ReadAction\",\"target\":[\"https:\\\/\\\/maranhaotv.com.br\\\/index.php\\\/2021\\\/07\\\/15\\\/lucyana-genesio-usa-estrutura-do-governo-do-estado-para-promover-pre-candidatura-na-baixada-maranhense\\\/\"]}]},{\"@type\":\"ImageObject\",\"inLanguage\":\"pt-BR\",\"@id\":\"https:\\\/\\\/maranhaotv.com.br\\\/index.php\\\/2021\\\/07\\\/15\\\/lucyana-genesio-usa-estrutura-do-governo-do-estado-para-promover-pre-candidatura-na-baixada-maranhense\\\/#primaryimage\",\"url\":\"\",\"contentUrl\":\"\"},{\"@type\":\"BreadcrumbList\",\"@id\":\"https:\\\/\\\/maranhaotv.com.br\\\/index.php\\\/2021\\\/07\\\/15\\\/lucyana-genesio-usa-estrutura-do-governo-do-estado-para-promover-pre-candidatura-na-baixada-maranhense\\\/#breadcrumb\",\"itemListElement\":[{\"@type\":\"ListItem\",\"position\":1,\"name\":\"In\u00edcio\",\"item\":\"https:\\\/\\\/maranhaotv.com.br\\\/\"},{\"@type\":\"ListItem\",\"position\":2,\"name\":\"Lucyana Gen\u00e9sio usa estrutura do governo do Estado para promover pr\u00e9-candidatura na baixada maranhense\"}]},{\"@type\":\"WebSite\",\"@id\":\"https:\\\/\\\/maranhaotv.com.br\\\/#website\",\"url\":\"https:\\\/\\\/maranhaotv.com.br\\\/\",\"name\":\"Maranh\u00e3oTV\",\"description\":\"\",\"publisher\":{\"@id\":\"https:\\\/\\\/maranhaotv.com.br\\\/#organization\"},\"potentialAction\":[{\"@type\":\"SearchAction\",\"target\":{\"@type\":\"EntryPoint\",\"urlTemplate\":\"https:\\\/\\\/maranhaotv.com.br\\\/?s={search_term_string}\"},\"query-input\":{\"@type\":\"PropertyValueSpecification\",\"valueRequired\":true,\"valueName\":\"search_term_string\"}}],\"inLanguage\":\"pt-BR\"},{\"@type\":\"Organization\",\"@id\":\"https:\\\/\\\/maranhaotv.com.br\\\/#organization\",\"name\":\"Portal de Not\u00edcias\",\"url\":\"https:\\\/\\\/maranhaotv.com.br\\\/\",\"logo\":{\"@type\":\"ImageObject\",\"inLanguage\":\"pt-BR\",\"@id\":\"https:\\\/\\\/maranhaotv.com.br\\\/#\\\/schema\\\/logo\\\/image\\\/\",\"url\":\"https:\\\/\\\/maranhaotv.com.br\\\/wp-content\\\/uploads\\\/2024\\\/05\\\/cropped-cropped-avatar-1.png\",\"contentUrl\":\"https:\\\/\\\/maranhaotv.com.br\\\/wp-content\\\/uploads\\\/2024\\\/05\\\/cropped-cropped-avatar-1.png\",\"width\":792,\"height\":428,\"caption\":\"Portal de Not\u00edcias\"},\"image\":{\"@id\":\"https:\\\/\\\/maranhaotv.com.br\\\/#\\\/schema\\\/logo\\\/image\\\/\"},\"sameAs\":[\"https:\\\/\\\/www.facebook.com\\\/maiobaotv\",\"https:\\\/\\\/x.com\\\/sitemaranhaotv\",\"https:\\\/\\\/www.instagram.com\\\/maranhao.tv\",\"https:\\\/\\\/www.threads.net\\\/@maranhao.tv\"]},{\"@type\":\"Person\",\"@id\":\"https:\\\/\\\/maranhaotv.com.br\\\/#\\\/schema\\\/person\\\/3d54238e86b20bb5c89ab2fdb8f8829a\",\"name\":\"maranhaotv\",\"image\":{\"@type\":\"ImageObject\",\"inLanguage\":\"pt-BR\",\"@id\":\"https:\\\/\\\/secure.gravatar.com\\\/avatar\\\/8fadbca458d4cb68b1dd399ae9a40618d747bb1af65ac9fad21c89220a143eb4?s=96&d=mm&r=g\",\"url\":\"https:\\\/\\\/secure.gravatar.com\\\/avatar\\\/8fadbca458d4cb68b1dd399ae9a40618d747bb1af65ac9fad21c89220a143eb4?s=96&d=mm&r=g\",\"contentUrl\":\"https:\\\/\\\/secure.gravatar.com\\\/avatar\\\/8fadbca458d4cb68b1dd399ae9a40618d747bb1af65ac9fad21c89220a143eb4?s=96&d=mm&r=g\",\"caption\":\"maranhaotv\"},\"sameAs\":[\"https:\\\/\\\/maranhaotv.com.br\\\/\"],\"url\":\"https:\\\/\\\/maranhaotv.com.br\\\/index.php\\\/author\\\/maranhaotv\\\/\"}]}<\/script>\n<!-- \/ Yoast SEO plugin. -->","yoast_head_json":{"title":"Lucyana Gen\u00e9sio usa estrutura do governo do Estado para promover pr\u00e9-candidatura na baixada maranhense - NOT\u00cdCIAS EM TEMPO REAL","robots":{"index":"index","follow":"follow","max-snippet":"max-snippet:-1","max-image-preview":"max-image-preview:large","max-video-preview":"max-video-preview:-1"},"canonical":"https:\/\/maranhaotv.com.br\/index.php\/2021\/07\/15\/lucyana-genesio-usa-estrutura-do-governo-do-estado-para-promover-pre-candidatura-na-baixada-maranhense\/","og_locale":"pt_BR","og_type":"article","og_title":"Lucyana Gen\u00e9sio usa estrutura do governo do Estado para promover pr\u00e9-candidatura na baixada maranhense - NOT\u00cdCIAS EM TEMPO REAL","og_description":"Secret\u00e1ria de Estado e irm\u00e3 do prefeito de Pinheiro pode estar abusando de duas m\u00e1quinas administrativas para autopromo\u00e7\u00e3o Irm\u00e3 de","og_url":"https:\/\/maranhaotv.com.br\/index.php\/2021\/07\/15\/lucyana-genesio-usa-estrutura-do-governo-do-estado-para-promover-pre-candidatura-na-baixada-maranhense\/","og_site_name":"NOT\u00cdCIAS EM TEMPO REAL","article_publisher":"https:\/\/www.facebook.com\/maiobaotv","article_published_time":"2021-07-15T14:45:43+00:00","author":"maranhaotv","twitter_card":"summary_large_image","twitter_creator":"@sitemaranhaotv","twitter_site":"@sitemaranhaotv","twitter_misc":{"Escrito por":"maranhaotv","Est. tempo de leitura":"1 minuto"},"schema":{"@context":"https:\/\/schema.org","@graph":[{"@type":"Article","@id":"https:\/\/maranhaotv.com.br\/index.php\/2021\/07\/15\/lucyana-genesio-usa-estrutura-do-governo-do-estado-para-promover-pre-candidatura-na-baixada-maranhense\/#article","isPartOf":{"@id":"https:\/\/maranhaotv.com.br\/index.php\/2021\/07\/15\/lucyana-genesio-usa-estrutura-do-governo-do-estado-para-promover-pre-candidatura-na-baixada-maranhense\/"},"author":{"name":"maranhaotv","@id":"https:\/\/maranhaotv.com.br\/#\/schema\/person\/3d54238e86b20bb5c89ab2fdb8f8829a"},"headline":"Lucyana Gen\u00e9sio usa estrutura do governo do Estado para promover pr\u00e9-candidatura na baixada maranhense","datePublished":"2021-07-15T14:45:43+00:00","mainEntityOfPage":{"@id":"https:\/\/maranhaotv.com.br\/index.php\/2021\/07\/15\/lucyana-genesio-usa-estrutura-do-governo-do-estado-para-promover-pre-candidatura-na-baixada-maranhense\/"},"wordCount":249,"commentCount":0,"publisher":{"@id":"https:\/\/maranhaotv.com.br\/#organization"},"image":{"@id":"https:\/\/maranhaotv.com.br\/index.php\/2021\/07\/15\/lucyana-genesio-usa-estrutura-do-governo-do-estado-para-promover-pre-candidatura-na-baixada-maranhense\/#primaryimage"},"thumbnailUrl":"","articleSection":["not\u00edcias"],"inLanguage":"pt-BR","potentialAction":[{"@type":"CommentAction","name":"Comment","target":["https:\/\/maranhaotv.com.br\/index.php\/2021\/07\/15\/lucyana-genesio-usa-estrutura-do-governo-do-estado-para-promover-pre-candidatura-na-baixada-maranhense\/#respond"]}]},{"@type":"WebPage","@id":"https:\/\/maranhaotv.com.br\/index.php\/2021\/07\/15\/lucyana-genesio-usa-estrutura-do-governo-do-estado-para-promover-pre-candidatura-na-baixada-maranhense\/","url":"https:\/\/maranhaotv.com.br\/index.php\/2021\/07\/15\/lucyana-genesio-usa-estrutura-do-governo-do-estado-para-promover-pre-candidatura-na-baixada-maranhense\/","name":"Lucyana Gen\u00e9sio usa estrutura do governo do Estado para promover pr\u00e9-candidatura na baixada maranhense - NOT\u00cdCIAS EM TEMPO REAL","isPartOf":{"@id":"https:\/\/maranhaotv.com.br\/#website"},"primaryImageOfPage":{"@id":"https:\/\/maranhaotv.com.br\/index.php\/2021\/07\/15\/lucyana-genesio-usa-estrutura-do-governo-do-estado-para-promover-pre-candidatura-na-baixada-maranhense\/#primaryimage"},"image":{"@id":"https:\/\/maranhaotv.com.br\/index.php\/2021\/07\/15\/lucyana-genesio-usa-estrutura-do-governo-do-estado-para-promover-pre-candidatura-na-baixada-maranhense\/#primaryimage"},"thumbnailUrl":"","datePublished":"2021-07-15T14:45:43+00:00","breadcrumb":{"@id":"https:\/\/maranhaotv.com.br\/index.php\/2021\/07\/15\/lucyana-genesio-usa-estrutura-do-governo-do-estado-para-promover-pre-candidatura-na-baixada-maranhense\/#breadcrumb"},"inLanguage":"pt-BR","potentialAction":[{"@type":"ReadAction","target":["https:\/\/maranhaotv.com.br\/index.php\/2021\/07\/15\/lucyana-genesio-usa-estrutura-do-governo-do-estado-para-promover-pre-candidatura-na-baixada-maranhense\/"]}]},{"@type":"ImageObject","inLanguage":"pt-BR","@id":"https:\/\/maranhaotv.com.br\/index.php\/2021\/07\/15\/lucyana-genesio-usa-estrutura-do-governo-do-estado-para-promover-pre-candidatura-na-baixada-maranhense\/#primaryimage","url":"","contentUrl":""},{"@type":"BreadcrumbList","@id":"https:\/\/maranhaotv.com.br\/index.php\/2021\/07\/15\/lucyana-genesio-usa-estrutura-do-governo-do-estado-para-promover-pre-candidatura-na-baixada-maranhense\/#breadcrumb","itemListElement":[{"@type":"ListItem","position":1,"name":"In\u00edcio","item":"https:\/\/maranhaotv.com.br\/"},{"@type":"ListItem","position":2,"name":"Lucyana Gen\u00e9sio usa estrutura do governo do Estado para promover pr\u00e9-candidatura na baixada maranhense"}]},{"@type":"WebSite","@id":"https:\/\/maranhaotv.com.br\/#website","url":"https:\/\/maranhaotv.com.br\/","name":"Maranh\u00e3oTV","description":"","publisher":{"@id":"https:\/\/maranhaotv.com.br\/#organization"},"potentialAction":[{"@type":"SearchAction","target":{"@type":"EntryPoint","urlTemplate":"https:\/\/maranhaotv.com.br\/?s={search_term_string}"},"query-input":{"@type":"PropertyValueSpecification","valueRequired":true,"valueName":"search_term_string"}}],"inLanguage":"pt-BR"},{"@type":"Organization","@id":"https:\/\/maranhaotv.com.br\/#organization","name":"Portal de Not\u00edcias","url":"https:\/\/maranhaotv.com.br\/","logo":{"@type":"ImageObject","inLanguage":"pt-BR","@id":"https:\/\/maranhaotv.com.br\/#\/schema\/logo\/image\/","url":"https:\/\/maranhaotv.com.br\/wp-content\/uploads\/2024\/05\/cropped-cropped-avatar-1.png","contentUrl":"https:\/\/maranhaotv.com.br\/wp-content\/uploads\/2024\/05\/cropped-cropped-avatar-1.png","width":792,"height":428,"caption":"Portal de Not\u00edcias"},"image":{"@id":"https:\/\/maranhaotv.com.br\/#\/schema\/logo\/image\/"},"sameAs":["https:\/\/www.facebook.com\/maiobaotv","https:\/\/x.com\/sitemaranhaotv","https:\/\/www.instagram.com\/maranhao.tv","https:\/\/www.threads.net\/@maranhao.tv"]},{"@type":"Person","@id":"https:\/\/maranhaotv.com.br\/#\/schema\/person\/3d54238e86b20bb5c89ab2fdb8f8829a","name":"maranhaotv","image":{"@type":"ImageObject","inLanguage":"pt-BR","@id":"https:\/\/secure.gravatar.com\/avatar\/8fadbca458d4cb68b1dd399ae9a40618d747bb1af65ac9fad21c89220a143eb4?s=96&d=mm&r=g","url":"https:\/\/secure.gravatar.com\/avatar\/8fadbca458d4cb68b1dd399ae9a40618d747bb1af65ac9fad21c89220a143eb4?s=96&d=mm&r=g","contentUrl":"https:\/\/secure.gravatar.com\/avatar\/8fadbca458d4cb68b1dd399ae9a40618d747bb1af65ac9fad21c89220a143eb4?s=96&d=mm&r=g","caption":"maranhaotv"},"sameAs":["https:\/\/maranhaotv.com.br\/"],"url":"https:\/\/maranhaotv.com.br\/index.php\/author\/maranhaotv\/"}]}},"jetpack_featured_media_url":"","jetpack_sharing_enabled":true,"_links":{"self":[{"href":"https:\/\/maranhaotv.com.br\/index.php\/wp-json\/wp\/v2\/posts\/22498","targetHints":{"allow":["GET"]}}],"collection":[{"href":"https:\/\/maranhaotv.com.br\/index.php\/wp-json\/wp\/v2\/posts"}],"about":[{"href":"https:\/\/maranhaotv.com.br\/index.php\/wp-json\/wp\/v2\/types\/post"}],"author":[{"embeddable":true,"href":"https:\/\/maranhaotv.com.br\/index.php\/wp-json\/wp\/v2\/users\/2"}],"replies":[{"embeddable":true,"href":"https:\/\/maranhaotv.com.br\/index.php\/wp-json\/wp\/v2\/comments?post=22498"}],"version-history":[{"count":0,"href":"https:\/\/maranhaotv.com.br\/index.php\/wp-json\/wp\/v2\/posts\/22498\/revisions"}],"wp:featuredmedia":[{"embeddable":true,"href":"https:\/\/maranhaotv.com.br\/index.php\/wp-json\/"}],"wp:attachment":[{"href":"https:\/\/maranhaotv.com.br\/index.php\/wp-json\/wp\/v2\/media?parent=22498"}],"wp:term":[{"taxonomy":"category","embeddable":true,"href":"https:\/\/maranhaotv.com.br\/index.php\/wp-json\/wp\/v2\/categories?post=22498"},{"taxonomy":"post_tag","embeddable":true,"href":"https:\/\/maranhaotv.com.br\/index.php\/wp-json\/wp\/v2\/tags?post=22498"}],"curies":[{"name":"wp","href":"https:\/\/api.w.org\/{rel}","templated":true}]}}