{"id":22503,"date":"2021-07-15T18:38:14","date_gmt":"2021-07-15T21:38:14","guid":{"rendered":"https:\/\/maranhaotv.com.br\/?p=22503"},"modified":"2021-07-15T18:38:14","modified_gmt":"2021-07-15T21:38:14","slug":"deputado-wellington-se-reune-com-membros-do-coren-ma-e-apresenta-projetos-em-defesa-da-enfermagem","status":"publish","type":"post","link":"https:\/\/maranhaotv.com.br\/index.php\/2021\/07\/15\/deputado-wellington-se-reune-com-membros-do-coren-ma-e-apresenta-projetos-em-defesa-da-enfermagem\/","title":{"rendered":"Deputado Wellington se re\u00fane com membros do COREN\/MA e apresenta projetos em defesa da enfermagem"},"content":{"rendered":"\n<p><br>Na manh\u00e3 desta quinta-feira (15), o deputado estadual Wellington do Curso se reuniu com o presidente do Conselho Regional de Enfermagem do Maranh\u00e3o &#8211; COREN\/MA, Jos\u00e9 Carlos J\u00fanior e com membros do conselho do COREN, Beatriz Gomes e conselheira diretora Kelly Inaiane. Entre as pautas da reuni\u00e3o, foram tratados de temas importantes para a categoria, com destaque para a implanta\u00e7\u00e3o do piso salarial digno e a regulamenta\u00e7\u00e3o da jornada de trabalho de 30h.<br><br>Durante a reuni\u00e3o, o parlamentar apresentou ainda aos membros do COREN\/MA, o projeto de lei n\u00ba 345\/2021 de sua autoria, que estabelece o piso m\u00ednimo para os profissionais de enfermagem do Maranh\u00e3o. Na oportunidade tamb\u00e9m ficou definido a realiza\u00e7\u00e3o de uma audi\u00eancia p\u00fablica e cria\u00e7\u00e3o de uma frente parlamentar em defesa da enfermagem.<br><br>\u201cEstivemos reunidos com os membros do COREN\/MA, presidente Jos\u00e9 Carlos J\u00fanior, conselheira diretora Kelly Inaiane e conselheira Beatriz Gomes, onde tratamos de importantes demandas da categoria, com destaque para implanta\u00e7\u00e3o do piso salarial estadual e regulamenta\u00e7\u00e3o da jornada de trabalho de 30h. Na oportunidade apresentei o projeto de lei 345\/2021 de minha autoria que estabelece o piso m\u00ednimo para os enfermeiros, t\u00e9cnicos de enfermagem e auxiliares de enfermagem no \u00e2mbito do Estado do Maranh\u00e3o. A luta pela valoriza\u00e7\u00e3o dos profissionais da sa\u00fade sempre foi pauta desde o in\u00edcio do nosso mandato em 2015 e a regulamenta\u00e7\u00e3o da jornada de trabalho de 30h e institui\u00e7\u00e3o do piso salarial digno \u00e9 uma das lutas mais antigas e merecidas desses profissionais que se dedicam para salvar vidas e que t\u00eam atuado de forma incans\u00e1vel na pandemia. Tamb\u00e9m nos colocamos \u00e0 disposi\u00e7\u00e3o do COREN\/MA para realiza\u00e7\u00e3o de uma audi\u00eancia p\u00fablica e cria\u00e7\u00e3o de uma frente parlamentar em defesa da enfermagem. Nossa luta \u00e9 permanente em defesa da valoriza\u00e7\u00e3o desses profissionais. Enfermeiros, t\u00e9cnicos e auxiliares de enfermagem, contem comigo! \u201c, disse Wellington.<\/p>\n\n\n\n<figure class=\"wp-block-gallery columns-1 is-cropped wp-block-gallery-1 is-layout-flex wp-block-gallery-is-layout-flex\"><ul class=\"blocks-gallery-grid\"><li class=\"blocks-gallery-item\"><figure><img decoding=\"async\" src=\"https:\/\/maranhaotv.com.br\/wp-content\/uploads\/2021\/07\/IMG-20210715-WA0855.jpg\" data-id=\"22501\" class=\"wp-image-22501\"\/><\/figure><\/li><\/ul><\/figure>\n","protected":false},"excerpt":{"rendered":"<p>Na manh\u00e3 desta quinta-feira (15), o deputado estadual Wellington do Curso se reuniu com o presidente do Conselho Regional de<\/p>\n","protected":false},"author":2,"featured_media":22502,"comment_status":"open","ping_status":"open","sticky":false,"template":"","format":"standard","meta":{"colormag_page_container_layout":"default_layout","colormag_page_sidebar_layout":"default_layout","_jetpack_memberships_contains_paid_content":false,"footnotes":""},"categories":[6],"tags":[],"class_list":["post-22503","post","type-post","status-publish","format-standard","has-post-thumbnail","hentry","category-politica"],"magazineBlocksPostFeaturedMedia":{"thumbnail":false,"medium":false,"medium_large":false,"large":false,"1536x1536":false,"2048x2048":false,"colormag-highlighted-post":false,"colormag-featured-post-medium":false,"colormag-featured-post-small":false,"colormag-featured-image":false,"colormag-default-news":false,"colormag-featured-image-large":false},"magazineBlocksPostAuthor":{"name":"maranhaotv","avatar":"https:\/\/secure.gravatar.com\/avatar\/8fadbca458d4cb68b1dd399ae9a40618d747bb1af65ac9fad21c89220a143eb4?s=96&d=mm&r=g"},"magazineBlocksPostCommentsNumber":"0","magazineBlocksPostExcerpt":"Na manh\u00e3 desta quinta-feira (15), o deputado estadual Wellington do Curso se reuniu com o presidente do Conselho Regional de","magazineBlocksPostCategories":["pol\u00edtica"],"magazineBlocksPostViewCount":323,"magazineBlocksPostReadTime":2,"magazine_blocks_featured_image_url":{"full":false,"medium":false,"thumbnail":false},"magazine_blocks_author":{"display_name":"maranhaotv","author_link":"https:\/\/maranhaotv.com.br\/index.php\/author\/maranhaotv\/"},"magazine_blocks_comment":0,"magazine_blocks_author_image":"https:\/\/secure.gravatar.com\/avatar\/8fadbca458d4cb68b1dd399ae9a40618d747bb1af65ac9fad21c89220a143eb4?s=96&d=mm&r=g","magazine_blocks_category":"<a href=\"#\" class=\"category-link category-link-6\">pol\u00edtica<\/a>","yoast_head":"<!-- This site is optimized with the Yoast SEO plugin v27.4 - https:\/\/yoast.com\/product\/yoast-seo-wordpress\/ -->\n<title>Deputado Wellington se re\u00fane com membros do COREN\/MA e apresenta projetos em defesa da enfermagem - NOT\u00cdCIAS EM TEMPO REAL<\/title>\n<meta name=\"robots\" content=\"index, follow, max-snippet:-1, max-image-preview:large, max-video-preview:-1\" \/>\n<link rel=\"canonical\" href=\"https:\/\/maranhaotv.com.br\/index.php\/2021\/07\/15\/deputado-wellington-se-reune-com-membros-do-coren-ma-e-apresenta-projetos-em-defesa-da-enfermagem\/\" \/>\n<meta property=\"og:locale\" content=\"pt_BR\" \/>\n<meta property=\"og:type\" content=\"article\" \/>\n<meta property=\"og:title\" content=\"Deputado Wellington se re\u00fane com membros do COREN\/MA e apresenta projetos em defesa da enfermagem - NOT\u00cdCIAS EM TEMPO REAL\" \/>\n<meta property=\"og:description\" content=\"Na manh\u00e3 desta quinta-feira (15), o deputado estadual Wellington do Curso se reuniu com o presidente do Conselho Regional de\" \/>\n<meta property=\"og:url\" content=\"https:\/\/maranhaotv.com.br\/index.php\/2021\/07\/15\/deputado-wellington-se-reune-com-membros-do-coren-ma-e-apresenta-projetos-em-defesa-da-enfermagem\/\" \/>\n<meta property=\"og:site_name\" content=\"NOT\u00cdCIAS EM TEMPO REAL\" \/>\n<meta property=\"article:publisher\" content=\"https:\/\/www.facebook.com\/maiobaotv\" \/>\n<meta property=\"article:published_time\" content=\"2021-07-15T21:38:14+00:00\" \/>\n<meta name=\"author\" content=\"maranhaotv\" \/>\n<meta name=\"twitter:card\" content=\"summary_large_image\" \/>\n<meta name=\"twitter:creator\" content=\"@sitemaranhaotv\" \/>\n<meta name=\"twitter:site\" content=\"@sitemaranhaotv\" \/>\n<meta name=\"twitter:label1\" content=\"Escrito por\" \/>\n\t<meta name=\"twitter:data1\" content=\"maranhaotv\" \/>\n\t<meta name=\"twitter:label2\" content=\"Est. tempo de leitura\" \/>\n\t<meta name=\"twitter:data2\" content=\"2 minutos\" \/>\n<script type=\"application\/ld+json\" class=\"yoast-schema-graph\">{\"@context\":\"https:\\\/\\\/schema.org\",\"@graph\":[{\"@type\":\"Article\",\"@id\":\"https:\\\/\\\/maranhaotv.com.br\\\/index.php\\\/2021\\\/07\\\/15\\\/deputado-wellington-se-reune-com-membros-do-coren-ma-e-apresenta-projetos-em-defesa-da-enfermagem\\\/#article\",\"isPartOf\":{\"@id\":\"https:\\\/\\\/maranhaotv.com.br\\\/index.php\\\/2021\\\/07\\\/15\\\/deputado-wellington-se-reune-com-membros-do-coren-ma-e-apresenta-projetos-em-defesa-da-enfermagem\\\/\"},\"author\":{\"name\":\"maranhaotv\",\"@id\":\"https:\\\/\\\/maranhaotv.com.br\\\/#\\\/schema\\\/person\\\/3d54238e86b20bb5c89ab2fdb8f8829a\"},\"headline\":\"Deputado Wellington se re\u00fane com membros do COREN\\\/MA e apresenta projetos em defesa da enfermagem\",\"datePublished\":\"2021-07-15T21:38:14+00:00\",\"mainEntityOfPage\":{\"@id\":\"https:\\\/\\\/maranhaotv.com.br\\\/index.php\\\/2021\\\/07\\\/15\\\/deputado-wellington-se-reune-com-membros-do-coren-ma-e-apresenta-projetos-em-defesa-da-enfermagem\\\/\"},\"wordCount\":350,\"commentCount\":0,\"publisher\":{\"@id\":\"https:\\\/\\\/maranhaotv.com.br\\\/#organization\"},\"image\":{\"@id\":\"https:\\\/\\\/maranhaotv.com.br\\\/index.php\\\/2021\\\/07\\\/15\\\/deputado-wellington-se-reune-com-membros-do-coren-ma-e-apresenta-projetos-em-defesa-da-enfermagem\\\/#primaryimage\"},\"thumbnailUrl\":\"\",\"articleSection\":[\"pol\u00edtica\"],\"inLanguage\":\"pt-BR\",\"potentialAction\":[{\"@type\":\"CommentAction\",\"name\":\"Comment\",\"target\":[\"https:\\\/\\\/maranhaotv.com.br\\\/index.php\\\/2021\\\/07\\\/15\\\/deputado-wellington-se-reune-com-membros-do-coren-ma-e-apresenta-projetos-em-defesa-da-enfermagem\\\/#respond\"]}]},{\"@type\":\"WebPage\",\"@id\":\"https:\\\/\\\/maranhaotv.com.br\\\/index.php\\\/2021\\\/07\\\/15\\\/deputado-wellington-se-reune-com-membros-do-coren-ma-e-apresenta-projetos-em-defesa-da-enfermagem\\\/\",\"url\":\"https:\\\/\\\/maranhaotv.com.br\\\/index.php\\\/2021\\\/07\\\/15\\\/deputado-wellington-se-reune-com-membros-do-coren-ma-e-apresenta-projetos-em-defesa-da-enfermagem\\\/\",\"name\":\"Deputado Wellington se re\u00fane com membros do COREN\\\/MA e apresenta projetos em defesa da enfermagem - NOT\u00cdCIAS EM TEMPO REAL\",\"isPartOf\":{\"@id\":\"https:\\\/\\\/maranhaotv.com.br\\\/#website\"},\"primaryImageOfPage\":{\"@id\":\"https:\\\/\\\/maranhaotv.com.br\\\/index.php\\\/2021\\\/07\\\/15\\\/deputado-wellington-se-reune-com-membros-do-coren-ma-e-apresenta-projetos-em-defesa-da-enfermagem\\\/#primaryimage\"},\"image\":{\"@id\":\"https:\\\/\\\/maranhaotv.com.br\\\/index.php\\\/2021\\\/07\\\/15\\\/deputado-wellington-se-reune-com-membros-do-coren-ma-e-apresenta-projetos-em-defesa-da-enfermagem\\\/#primaryimage\"},\"thumbnailUrl\":\"\",\"datePublished\":\"2021-07-15T21:38:14+00:00\",\"breadcrumb\":{\"@id\":\"https:\\\/\\\/maranhaotv.com.br\\\/index.php\\\/2021\\\/07\\\/15\\\/deputado-wellington-se-reune-com-membros-do-coren-ma-e-apresenta-projetos-em-defesa-da-enfermagem\\\/#breadcrumb\"},\"inLanguage\":\"pt-BR\",\"potentialAction\":[{\"@type\":\"ReadAction\",\"target\":[\"https:\\\/\\\/maranhaotv.com.br\\\/index.php\\\/2021\\\/07\\\/15\\\/deputado-wellington-se-reune-com-membros-do-coren-ma-e-apresenta-projetos-em-defesa-da-enfermagem\\\/\"]}]},{\"@type\":\"ImageObject\",\"inLanguage\":\"pt-BR\",\"@id\":\"https:\\\/\\\/maranhaotv.com.br\\\/index.php\\\/2021\\\/07\\\/15\\\/deputado-wellington-se-reune-com-membros-do-coren-ma-e-apresenta-projetos-em-defesa-da-enfermagem\\\/#primaryimage\",\"url\":\"\",\"contentUrl\":\"\"},{\"@type\":\"BreadcrumbList\",\"@id\":\"https:\\\/\\\/maranhaotv.com.br\\\/index.php\\\/2021\\\/07\\\/15\\\/deputado-wellington-se-reune-com-membros-do-coren-ma-e-apresenta-projetos-em-defesa-da-enfermagem\\\/#breadcrumb\",\"itemListElement\":[{\"@type\":\"ListItem\",\"position\":1,\"name\":\"In\u00edcio\",\"item\":\"https:\\\/\\\/maranhaotv.com.br\\\/\"},{\"@type\":\"ListItem\",\"position\":2,\"name\":\"Deputado Wellington se re\u00fane com membros do COREN\\\/MA e apresenta projetos em defesa da enfermagem\"}]},{\"@type\":\"WebSite\",\"@id\":\"https:\\\/\\\/maranhaotv.com.br\\\/#website\",\"url\":\"https:\\\/\\\/maranhaotv.com.br\\\/\",\"name\":\"Maranh\u00e3oTV\",\"description\":\"\",\"publisher\":{\"@id\":\"https:\\\/\\\/maranhaotv.com.br\\\/#organization\"},\"potentialAction\":[{\"@type\":\"SearchAction\",\"target\":{\"@type\":\"EntryPoint\",\"urlTemplate\":\"https:\\\/\\\/maranhaotv.com.br\\\/?s={search_term_string}\"},\"query-input\":{\"@type\":\"PropertyValueSpecification\",\"valueRequired\":true,\"valueName\":\"search_term_string\"}}],\"inLanguage\":\"pt-BR\"},{\"@type\":\"Organization\",\"@id\":\"https:\\\/\\\/maranhaotv.com.br\\\/#organization\",\"name\":\"Portal de Not\u00edcias\",\"url\":\"https:\\\/\\\/maranhaotv.com.br\\\/\",\"logo\":{\"@type\":\"ImageObject\",\"inLanguage\":\"pt-BR\",\"@id\":\"https:\\\/\\\/maranhaotv.com.br\\\/#\\\/schema\\\/logo\\\/image\\\/\",\"url\":\"https:\\\/\\\/maranhaotv.com.br\\\/wp-content\\\/uploads\\\/2024\\\/05\\\/cropped-cropped-avatar-1.png\",\"contentUrl\":\"https:\\\/\\\/maranhaotv.com.br\\\/wp-content\\\/uploads\\\/2024\\\/05\\\/cropped-cropped-avatar-1.png\",\"width\":792,\"height\":428,\"caption\":\"Portal de Not\u00edcias\"},\"image\":{\"@id\":\"https:\\\/\\\/maranhaotv.com.br\\\/#\\\/schema\\\/logo\\\/image\\\/\"},\"sameAs\":[\"https:\\\/\\\/www.facebook.com\\\/maiobaotv\",\"https:\\\/\\\/x.com\\\/sitemaranhaotv\",\"https:\\\/\\\/www.instagram.com\\\/maranhao.tv\",\"https:\\\/\\\/www.threads.net\\\/@maranhao.tv\"]},{\"@type\":\"Person\",\"@id\":\"https:\\\/\\\/maranhaotv.com.br\\\/#\\\/schema\\\/person\\\/3d54238e86b20bb5c89ab2fdb8f8829a\",\"name\":\"maranhaotv\",\"image\":{\"@type\":\"ImageObject\",\"inLanguage\":\"pt-BR\",\"@id\":\"https:\\\/\\\/secure.gravatar.com\\\/avatar\\\/8fadbca458d4cb68b1dd399ae9a40618d747bb1af65ac9fad21c89220a143eb4?s=96&d=mm&r=g\",\"url\":\"https:\\\/\\\/secure.gravatar.com\\\/avatar\\\/8fadbca458d4cb68b1dd399ae9a40618d747bb1af65ac9fad21c89220a143eb4?s=96&d=mm&r=g\",\"contentUrl\":\"https:\\\/\\\/secure.gravatar.com\\\/avatar\\\/8fadbca458d4cb68b1dd399ae9a40618d747bb1af65ac9fad21c89220a143eb4?s=96&d=mm&r=g\",\"caption\":\"maranhaotv\"},\"sameAs\":[\"https:\\\/\\\/maranhaotv.com.br\\\/\"],\"url\":\"https:\\\/\\\/maranhaotv.com.br\\\/index.php\\\/author\\\/maranhaotv\\\/\"}]}<\/script>\n<!-- \/ Yoast SEO plugin. -->","yoast_head_json":{"title":"Deputado Wellington se re\u00fane com membros do COREN\/MA e apresenta projetos em defesa da enfermagem - NOT\u00cdCIAS EM TEMPO REAL","robots":{"index":"index","follow":"follow","max-snippet":"max-snippet:-1","max-image-preview":"max-image-preview:large","max-video-preview":"max-video-preview:-1"},"canonical":"https:\/\/maranhaotv.com.br\/index.php\/2021\/07\/15\/deputado-wellington-se-reune-com-membros-do-coren-ma-e-apresenta-projetos-em-defesa-da-enfermagem\/","og_locale":"pt_BR","og_type":"article","og_title":"Deputado Wellington se re\u00fane com membros do COREN\/MA e apresenta projetos em defesa da enfermagem - NOT\u00cdCIAS EM TEMPO REAL","og_description":"Na manh\u00e3 desta quinta-feira (15), o deputado estadual Wellington do Curso se reuniu com o presidente do Conselho Regional de","og_url":"https:\/\/maranhaotv.com.br\/index.php\/2021\/07\/15\/deputado-wellington-se-reune-com-membros-do-coren-ma-e-apresenta-projetos-em-defesa-da-enfermagem\/","og_site_name":"NOT\u00cdCIAS EM TEMPO REAL","article_publisher":"https:\/\/www.facebook.com\/maiobaotv","article_published_time":"2021-07-15T21:38:14+00:00","author":"maranhaotv","twitter_card":"summary_large_image","twitter_creator":"@sitemaranhaotv","twitter_site":"@sitemaranhaotv","twitter_misc":{"Escrito por":"maranhaotv","Est. tempo de leitura":"2 minutos"},"schema":{"@context":"https:\/\/schema.org","@graph":[{"@type":"Article","@id":"https:\/\/maranhaotv.com.br\/index.php\/2021\/07\/15\/deputado-wellington-se-reune-com-membros-do-coren-ma-e-apresenta-projetos-em-defesa-da-enfermagem\/#article","isPartOf":{"@id":"https:\/\/maranhaotv.com.br\/index.php\/2021\/07\/15\/deputado-wellington-se-reune-com-membros-do-coren-ma-e-apresenta-projetos-em-defesa-da-enfermagem\/"},"author":{"name":"maranhaotv","@id":"https:\/\/maranhaotv.com.br\/#\/schema\/person\/3d54238e86b20bb5c89ab2fdb8f8829a"},"headline":"Deputado Wellington se re\u00fane com membros do COREN\/MA e apresenta projetos em defesa da enfermagem","datePublished":"2021-07-15T21:38:14+00:00","mainEntityOfPage":{"@id":"https:\/\/maranhaotv.com.br\/index.php\/2021\/07\/15\/deputado-wellington-se-reune-com-membros-do-coren-ma-e-apresenta-projetos-em-defesa-da-enfermagem\/"},"wordCount":350,"commentCount":0,"publisher":{"@id":"https:\/\/maranhaotv.com.br\/#organization"},"image":{"@id":"https:\/\/maranhaotv.com.br\/index.php\/2021\/07\/15\/deputado-wellington-se-reune-com-membros-do-coren-ma-e-apresenta-projetos-em-defesa-da-enfermagem\/#primaryimage"},"thumbnailUrl":"","articleSection":["pol\u00edtica"],"inLanguage":"pt-BR","potentialAction":[{"@type":"CommentAction","name":"Comment","target":["https:\/\/maranhaotv.com.br\/index.php\/2021\/07\/15\/deputado-wellington-se-reune-com-membros-do-coren-ma-e-apresenta-projetos-em-defesa-da-enfermagem\/#respond"]}]},{"@type":"WebPage","@id":"https:\/\/maranhaotv.com.br\/index.php\/2021\/07\/15\/deputado-wellington-se-reune-com-membros-do-coren-ma-e-apresenta-projetos-em-defesa-da-enfermagem\/","url":"https:\/\/maranhaotv.com.br\/index.php\/2021\/07\/15\/deputado-wellington-se-reune-com-membros-do-coren-ma-e-apresenta-projetos-em-defesa-da-enfermagem\/","name":"Deputado Wellington se re\u00fane com membros do COREN\/MA e apresenta projetos em defesa da enfermagem - NOT\u00cdCIAS EM TEMPO REAL","isPartOf":{"@id":"https:\/\/maranhaotv.com.br\/#website"},"primaryImageOfPage":{"@id":"https:\/\/maranhaotv.com.br\/index.php\/2021\/07\/15\/deputado-wellington-se-reune-com-membros-do-coren-ma-e-apresenta-projetos-em-defesa-da-enfermagem\/#primaryimage"},"image":{"@id":"https:\/\/maranhaotv.com.br\/index.php\/2021\/07\/15\/deputado-wellington-se-reune-com-membros-do-coren-ma-e-apresenta-projetos-em-defesa-da-enfermagem\/#primaryimage"},"thumbnailUrl":"","datePublished":"2021-07-15T21:38:14+00:00","breadcrumb":{"@id":"https:\/\/maranhaotv.com.br\/index.php\/2021\/07\/15\/deputado-wellington-se-reune-com-membros-do-coren-ma-e-apresenta-projetos-em-defesa-da-enfermagem\/#breadcrumb"},"inLanguage":"pt-BR","potentialAction":[{"@type":"ReadAction","target":["https:\/\/maranhaotv.com.br\/index.php\/2021\/07\/15\/deputado-wellington-se-reune-com-membros-do-coren-ma-e-apresenta-projetos-em-defesa-da-enfermagem\/"]}]},{"@type":"ImageObject","inLanguage":"pt-BR","@id":"https:\/\/maranhaotv.com.br\/index.php\/2021\/07\/15\/deputado-wellington-se-reune-com-membros-do-coren-ma-e-apresenta-projetos-em-defesa-da-enfermagem\/#primaryimage","url":"","contentUrl":""},{"@type":"BreadcrumbList","@id":"https:\/\/maranhaotv.com.br\/index.php\/2021\/07\/15\/deputado-wellington-se-reune-com-membros-do-coren-ma-e-apresenta-projetos-em-defesa-da-enfermagem\/#breadcrumb","itemListElement":[{"@type":"ListItem","position":1,"name":"In\u00edcio","item":"https:\/\/maranhaotv.com.br\/"},{"@type":"ListItem","position":2,"name":"Deputado Wellington se re\u00fane com membros do COREN\/MA e apresenta projetos em defesa da enfermagem"}]},{"@type":"WebSite","@id":"https:\/\/maranhaotv.com.br\/#website","url":"https:\/\/maranhaotv.com.br\/","name":"Maranh\u00e3oTV","description":"","publisher":{"@id":"https:\/\/maranhaotv.com.br\/#organization"},"potentialAction":[{"@type":"SearchAction","target":{"@type":"EntryPoint","urlTemplate":"https:\/\/maranhaotv.com.br\/?s={search_term_string}"},"query-input":{"@type":"PropertyValueSpecification","valueRequired":true,"valueName":"search_term_string"}}],"inLanguage":"pt-BR"},{"@type":"Organization","@id":"https:\/\/maranhaotv.com.br\/#organization","name":"Portal de Not\u00edcias","url":"https:\/\/maranhaotv.com.br\/","logo":{"@type":"ImageObject","inLanguage":"pt-BR","@id":"https:\/\/maranhaotv.com.br\/#\/schema\/logo\/image\/","url":"https:\/\/maranhaotv.com.br\/wp-content\/uploads\/2024\/05\/cropped-cropped-avatar-1.png","contentUrl":"https:\/\/maranhaotv.com.br\/wp-content\/uploads\/2024\/05\/cropped-cropped-avatar-1.png","width":792,"height":428,"caption":"Portal de Not\u00edcias"},"image":{"@id":"https:\/\/maranhaotv.com.br\/#\/schema\/logo\/image\/"},"sameAs":["https:\/\/www.facebook.com\/maiobaotv","https:\/\/x.com\/sitemaranhaotv","https:\/\/www.instagram.com\/maranhao.tv","https:\/\/www.threads.net\/@maranhao.tv"]},{"@type":"Person","@id":"https:\/\/maranhaotv.com.br\/#\/schema\/person\/3d54238e86b20bb5c89ab2fdb8f8829a","name":"maranhaotv","image":{"@type":"ImageObject","inLanguage":"pt-BR","@id":"https:\/\/secure.gravatar.com\/avatar\/8fadbca458d4cb68b1dd399ae9a40618d747bb1af65ac9fad21c89220a143eb4?s=96&d=mm&r=g","url":"https:\/\/secure.gravatar.com\/avatar\/8fadbca458d4cb68b1dd399ae9a40618d747bb1af65ac9fad21c89220a143eb4?s=96&d=mm&r=g","contentUrl":"https:\/\/secure.gravatar.com\/avatar\/8fadbca458d4cb68b1dd399ae9a40618d747bb1af65ac9fad21c89220a143eb4?s=96&d=mm&r=g","caption":"maranhaotv"},"sameAs":["https:\/\/maranhaotv.com.br\/"],"url":"https:\/\/maranhaotv.com.br\/index.php\/author\/maranhaotv\/"}]}},"jetpack_featured_media_url":"","jetpack_sharing_enabled":true,"_links":{"self":[{"href":"https:\/\/maranhaotv.com.br\/index.php\/wp-json\/wp\/v2\/posts\/22503","targetHints":{"allow":["GET"]}}],"collection":[{"href":"https:\/\/maranhaotv.com.br\/index.php\/wp-json\/wp\/v2\/posts"}],"about":[{"href":"https:\/\/maranhaotv.com.br\/index.php\/wp-json\/wp\/v2\/types\/post"}],"author":[{"embeddable":true,"href":"https:\/\/maranhaotv.com.br\/index.php\/wp-json\/wp\/v2\/users\/2"}],"replies":[{"embeddable":true,"href":"https:\/\/maranhaotv.com.br\/index.php\/wp-json\/wp\/v2\/comments?post=22503"}],"version-history":[{"count":0,"href":"https:\/\/maranhaotv.com.br\/index.php\/wp-json\/wp\/v2\/posts\/22503\/revisions"}],"wp:featuredmedia":[{"embeddable":true,"href":"https:\/\/maranhaotv.com.br\/index.php\/wp-json\/"}],"wp:attachment":[{"href":"https:\/\/maranhaotv.com.br\/index.php\/wp-json\/wp\/v2\/media?parent=22503"}],"wp:term":[{"taxonomy":"category","embeddable":true,"href":"https:\/\/maranhaotv.com.br\/index.php\/wp-json\/wp\/v2\/categories?post=22503"},{"taxonomy":"post_tag","embeddable":true,"href":"https:\/\/maranhaotv.com.br\/index.php\/wp-json\/wp\/v2\/tags?post=22503"}],"curies":[{"name":"wp","href":"https:\/\/api.w.org\/{rel}","templated":true}]}}