{"id":22529,"date":"2021-07-16T11:57:13","date_gmt":"2021-07-16T14:57:13","guid":{"rendered":"https:\/\/maranhaotv.com.br\/?p=22529"},"modified":"2021-07-16T11:57:13","modified_gmt":"2021-07-16T14:57:13","slug":"viana-prefeito-carrinho-contrata-empresa-de-sao-luis-para-fornecer-pecas-de-veiculos-por-r-600-mil","status":"publish","type":"post","link":"https:\/\/maranhaotv.com.br\/index.php\/2021\/07\/16\/viana-prefeito-carrinho-contrata-empresa-de-sao-luis-para-fornecer-pecas-de-veiculos-por-r-600-mil\/","title":{"rendered":"Viana: Prefeito Carrinho contrata empresa de S\u00e3o Lu\u00eds para fornecer pe\u00e7as de ve\u00edculos por R$ 600 mil"},"content":{"rendered":"\n<p><strong><em>O contrato \u00e9 no m\u00ednimo suspeito devido ao valor ser bastante elevado em compara\u00e7\u00e3o \u00e0 quantidade de ve\u00edculos oficiais que operam na administra\u00e7\u00e3o vianense<\/em><\/strong><br><br>O prefeito de Viana, Carlos Augusto Furtado Cidreira, mais conhecido como Carrinho, anda com muita \u201csede no pote da prefeitura\u201d, e a cada vez que se consulta o Di\u00e1rio Oficial do Munic\u00edpio podemos nos deparar diariamente com um contrato esquisito e de valores milion\u00e1rios. Desta vez contratou a empresa DISTRIBUIDORA NORDESTINA DE PE\u00c7AS LTDA, para o fornecimento de pe\u00e7as e manuten\u00e7\u00e3o dos ve\u00edculos da prefeitura. O valor total dos contratos \u00e9 de R$ 592.718,26 e todos t\u00eam vig\u00eancia de apenas seis meses. <\/p>\n\n\n\n<p>Para tentar mascarar o contrato com a mesma empresa, Carrinho distribuiu em tr\u00eas contratos (185, 186 e 187\/2021) com as suas respectivas Secretarias ordenadoras de despesas.<br>A loja de pe\u00e7as, localizada na Avenida Guajajaras, segundo fontes, t\u00eam como s\u00f3cio um amigo de um servidor do alto escal\u00e3o de Carrinho, que trabalha diretamente no gabinete com o prefeito.<\/p>\n\n\n\n<p>A empresa, considerada de pequeno porte j\u00e1 chegou a faturar anualmente o valor do contrato. O que se torna ainda mais estranho. Muitas empresas de S\u00e3o Lu\u00eds, pequenas, est\u00e3o ganhando licita\u00e7\u00f5es no governo de Carrinho.<\/p>\n\n\n\n<figure class=\"wp-block-gallery columns-1 is-cropped wp-block-gallery-1 is-layout-flex wp-block-gallery-is-layout-flex\"><ul class=\"blocks-gallery-grid\"><li class=\"blocks-gallery-item\"><figure><img decoding=\"async\" src=\"https:\/\/maranhaotv.com.br\/wp-content\/uploads\/2021\/07\/IMG-20210716-WA0195.jpg\" data-id=\"22524\" class=\"wp-image-22524\"\/><\/figure><\/li><\/ul><\/figure>\n\n\n\n<p><\/p>\n\n\n\n<figure class=\"wp-block-gallery columns-1 is-cropped wp-block-gallery-2 is-layout-flex wp-block-gallery-is-layout-flex\"><ul class=\"blocks-gallery-grid\"><li class=\"blocks-gallery-item\"><figure><img decoding=\"async\" src=\"https:\/\/maranhaotv.com.br\/wp-content\/uploads\/2021\/07\/IMG_20210716_112208.jpg\" data-id=\"22525\" class=\"wp-image-22525\"\/><figcaption class=\"blocks-gallery-item__caption\">Empresa de pequeno porte, na Avenida Guajajaras<\/figcaption><\/figure><\/li><\/ul><\/figure>\n\n\n\n<figure class=\"wp-block-gallery columns-1 is-cropped wp-block-gallery-3 is-layout-flex wp-block-gallery-is-layout-flex\"><ul class=\"blocks-gallery-grid\"><li class=\"blocks-gallery-item\"><figure><img decoding=\"async\" src=\"https:\/\/maranhaotv.com.br\/wp-content\/uploads\/2021\/07\/IMG_20210716_112501.jpg\" data-id=\"22526\" class=\"wp-image-22526\"\/><\/figure><\/li><\/ul><figcaption class=\"blocks-gallery-caption\">S\u00f3cios da empresa tem liga\u00e7\u00e3o com servidor do alto escal\u00e3o<\/figcaption><\/figure>\n\n\n\n<figure class=\"wp-block-gallery columns-1 is-cropped wp-block-gallery-4 is-layout-flex wp-block-gallery-is-layout-flex\"><ul class=\"blocks-gallery-grid\"><li class=\"blocks-gallery-item\"><figure><img decoding=\"async\" src=\"https:\/\/maranhaotv.com.br\/wp-content\/uploads\/2021\/07\/IMG_20210716_111125.jpg\" data-id=\"22527\" class=\"wp-image-22527\"\/><\/figure><\/li><\/ul><\/figure>\n","protected":false},"excerpt":{"rendered":"<p>O contrato \u00e9 no m\u00ednimo suspeito devido ao valor ser bastante elevado em compara\u00e7\u00e3o \u00e0 quantidade de ve\u00edculos oficiais que<\/p>\n","protected":false},"author":2,"featured_media":22528,"comment_status":"open","ping_status":"open","sticky":false,"template":"","format":"standard","meta":{"colormag_page_container_layout":"default_layout","colormag_page_sidebar_layout":"default_layout","_jetpack_memberships_contains_paid_content":false,"footnotes":""},"categories":[2],"tags":[4,5],"class_list":["post-22529","post","type-post","status-publish","format-standard","has-post-thumbnail","hentry","category-noticias","tag-carrinho-cidreira","tag-viana"],"magazineBlocksPostFeaturedMedia":{"thumbnail":false,"medium":false,"medium_large":false,"large":false,"1536x1536":false,"2048x2048":false,"colormag-highlighted-post":false,"colormag-featured-post-medium":false,"colormag-featured-post-small":false,"colormag-featured-image":false,"colormag-default-news":false,"colormag-featured-image-large":false},"magazineBlocksPostAuthor":{"name":"maranhaotv","avatar":"https:\/\/secure.gravatar.com\/avatar\/8fadbca458d4cb68b1dd399ae9a40618d747bb1af65ac9fad21c89220a143eb4?s=96&d=mm&r=g"},"magazineBlocksPostCommentsNumber":"0","magazineBlocksPostExcerpt":"O contrato \u00e9 no m\u00ednimo suspeito devido ao valor ser bastante elevado em compara\u00e7\u00e3o \u00e0 quantidade de ve\u00edculos oficiais que","magazineBlocksPostCategories":["not\u00edcias"],"magazineBlocksPostViewCount":238,"magazineBlocksPostReadTime":2,"magazine_blocks_featured_image_url":{"full":false,"medium":false,"thumbnail":false},"magazine_blocks_author":{"display_name":"maranhaotv","author_link":"https:\/\/maranhaotv.com.br\/index.php\/author\/maranhaotv\/"},"magazine_blocks_comment":0,"magazine_blocks_author_image":"https:\/\/secure.gravatar.com\/avatar\/8fadbca458d4cb68b1dd399ae9a40618d747bb1af65ac9fad21c89220a143eb4?s=96&d=mm&r=g","magazine_blocks_category":"<a href=\"#\" class=\"category-link category-link-2\">not\u00edcias<\/a>","yoast_head":"<!-- This site is optimized with the Yoast SEO plugin v27.4 - https:\/\/yoast.com\/product\/yoast-seo-wordpress\/ -->\n<title>Viana: Prefeito Carrinho contrata empresa de S\u00e3o Lu\u00eds para fornecer pe\u00e7as de ve\u00edculos por R$ 600 mil - NOT\u00cdCIAS EM TEMPO REAL<\/title>\n<meta name=\"robots\" content=\"index, follow, max-snippet:-1, max-image-preview:large, max-video-preview:-1\" \/>\n<link rel=\"canonical\" href=\"https:\/\/maranhaotv.com.br\/index.php\/2021\/07\/16\/viana-prefeito-carrinho-contrata-empresa-de-sao-luis-para-fornecer-pecas-de-veiculos-por-r-600-mil\/\" \/>\n<meta property=\"og:locale\" content=\"pt_BR\" \/>\n<meta property=\"og:type\" content=\"article\" \/>\n<meta property=\"og:title\" content=\"Viana: Prefeito Carrinho contrata empresa de S\u00e3o Lu\u00eds para fornecer pe\u00e7as de ve\u00edculos por R$ 600 mil - NOT\u00cdCIAS EM TEMPO REAL\" \/>\n<meta property=\"og:description\" content=\"O contrato \u00e9 no m\u00ednimo suspeito devido ao valor ser bastante elevado em compara\u00e7\u00e3o \u00e0 quantidade de ve\u00edculos oficiais que\" \/>\n<meta property=\"og:url\" content=\"https:\/\/maranhaotv.com.br\/index.php\/2021\/07\/16\/viana-prefeito-carrinho-contrata-empresa-de-sao-luis-para-fornecer-pecas-de-veiculos-por-r-600-mil\/\" \/>\n<meta property=\"og:site_name\" content=\"NOT\u00cdCIAS EM TEMPO REAL\" \/>\n<meta property=\"article:publisher\" content=\"https:\/\/www.facebook.com\/maiobaotv\" \/>\n<meta property=\"article:published_time\" content=\"2021-07-16T14:57:13+00:00\" \/>\n<meta name=\"author\" content=\"maranhaotv\" \/>\n<meta name=\"twitter:card\" content=\"summary_large_image\" \/>\n<meta name=\"twitter:creator\" content=\"@sitemaranhaotv\" \/>\n<meta name=\"twitter:site\" content=\"@sitemaranhaotv\" \/>\n<meta name=\"twitter:label1\" content=\"Escrito por\" \/>\n\t<meta name=\"twitter:data1\" content=\"maranhaotv\" \/>\n\t<meta name=\"twitter:label2\" content=\"Est. tempo de leitura\" \/>\n\t<meta name=\"twitter:data2\" content=\"1 minuto\" \/>\n<script type=\"application\/ld+json\" class=\"yoast-schema-graph\">{\"@context\":\"https:\\\/\\\/schema.org\",\"@graph\":[{\"@type\":\"Article\",\"@id\":\"https:\\\/\\\/maranhaotv.com.br\\\/index.php\\\/2021\\\/07\\\/16\\\/viana-prefeito-carrinho-contrata-empresa-de-sao-luis-para-fornecer-pecas-de-veiculos-por-r-600-mil\\\/#article\",\"isPartOf\":{\"@id\":\"https:\\\/\\\/maranhaotv.com.br\\\/index.php\\\/2021\\\/07\\\/16\\\/viana-prefeito-carrinho-contrata-empresa-de-sao-luis-para-fornecer-pecas-de-veiculos-por-r-600-mil\\\/\"},\"author\":{\"name\":\"maranhaotv\",\"@id\":\"https:\\\/\\\/maranhaotv.com.br\\\/#\\\/schema\\\/person\\\/3d54238e86b20bb5c89ab2fdb8f8829a\"},\"headline\":\"Viana: Prefeito Carrinho contrata empresa de S\u00e3o Lu\u00eds para fornecer pe\u00e7as de ve\u00edculos por R$ 600 mil\",\"datePublished\":\"2021-07-16T14:57:13+00:00\",\"mainEntityOfPage\":{\"@id\":\"https:\\\/\\\/maranhaotv.com.br\\\/index.php\\\/2021\\\/07\\\/16\\\/viana-prefeito-carrinho-contrata-empresa-de-sao-luis-para-fornecer-pecas-de-veiculos-por-r-600-mil\\\/\"},\"wordCount\":253,\"commentCount\":0,\"publisher\":{\"@id\":\"https:\\\/\\\/maranhaotv.com.br\\\/#organization\"},\"image\":{\"@id\":\"https:\\\/\\\/maranhaotv.com.br\\\/index.php\\\/2021\\\/07\\\/16\\\/viana-prefeito-carrinho-contrata-empresa-de-sao-luis-para-fornecer-pecas-de-veiculos-por-r-600-mil\\\/#primaryimage\"},\"thumbnailUrl\":\"\",\"keywords\":[\"Carrinho Cidreira\",\"Viana\"],\"articleSection\":[\"not\u00edcias\"],\"inLanguage\":\"pt-BR\",\"potentialAction\":[{\"@type\":\"CommentAction\",\"name\":\"Comment\",\"target\":[\"https:\\\/\\\/maranhaotv.com.br\\\/index.php\\\/2021\\\/07\\\/16\\\/viana-prefeito-carrinho-contrata-empresa-de-sao-luis-para-fornecer-pecas-de-veiculos-por-r-600-mil\\\/#respond\"]}]},{\"@type\":\"WebPage\",\"@id\":\"https:\\\/\\\/maranhaotv.com.br\\\/index.php\\\/2021\\\/07\\\/16\\\/viana-prefeito-carrinho-contrata-empresa-de-sao-luis-para-fornecer-pecas-de-veiculos-por-r-600-mil\\\/\",\"url\":\"https:\\\/\\\/maranhaotv.com.br\\\/index.php\\\/2021\\\/07\\\/16\\\/viana-prefeito-carrinho-contrata-empresa-de-sao-luis-para-fornecer-pecas-de-veiculos-por-r-600-mil\\\/\",\"name\":\"Viana: Prefeito Carrinho contrata empresa de S\u00e3o Lu\u00eds para fornecer pe\u00e7as de ve\u00edculos por R$ 600 mil - NOT\u00cdCIAS EM TEMPO REAL\",\"isPartOf\":{\"@id\":\"https:\\\/\\\/maranhaotv.com.br\\\/#website\"},\"primaryImageOfPage\":{\"@id\":\"https:\\\/\\\/maranhaotv.com.br\\\/index.php\\\/2021\\\/07\\\/16\\\/viana-prefeito-carrinho-contrata-empresa-de-sao-luis-para-fornecer-pecas-de-veiculos-por-r-600-mil\\\/#primaryimage\"},\"image\":{\"@id\":\"https:\\\/\\\/maranhaotv.com.br\\\/index.php\\\/2021\\\/07\\\/16\\\/viana-prefeito-carrinho-contrata-empresa-de-sao-luis-para-fornecer-pecas-de-veiculos-por-r-600-mil\\\/#primaryimage\"},\"thumbnailUrl\":\"\",\"datePublished\":\"2021-07-16T14:57:13+00:00\",\"breadcrumb\":{\"@id\":\"https:\\\/\\\/maranhaotv.com.br\\\/index.php\\\/2021\\\/07\\\/16\\\/viana-prefeito-carrinho-contrata-empresa-de-sao-luis-para-fornecer-pecas-de-veiculos-por-r-600-mil\\\/#breadcrumb\"},\"inLanguage\":\"pt-BR\",\"potentialAction\":[{\"@type\":\"ReadAction\",\"target\":[\"https:\\\/\\\/maranhaotv.com.br\\\/index.php\\\/2021\\\/07\\\/16\\\/viana-prefeito-carrinho-contrata-empresa-de-sao-luis-para-fornecer-pecas-de-veiculos-por-r-600-mil\\\/\"]}]},{\"@type\":\"ImageObject\",\"inLanguage\":\"pt-BR\",\"@id\":\"https:\\\/\\\/maranhaotv.com.br\\\/index.php\\\/2021\\\/07\\\/16\\\/viana-prefeito-carrinho-contrata-empresa-de-sao-luis-para-fornecer-pecas-de-veiculos-por-r-600-mil\\\/#primaryimage\",\"url\":\"\",\"contentUrl\":\"\"},{\"@type\":\"BreadcrumbList\",\"@id\":\"https:\\\/\\\/maranhaotv.com.br\\\/index.php\\\/2021\\\/07\\\/16\\\/viana-prefeito-carrinho-contrata-empresa-de-sao-luis-para-fornecer-pecas-de-veiculos-por-r-600-mil\\\/#breadcrumb\",\"itemListElement\":[{\"@type\":\"ListItem\",\"position\":1,\"name\":\"In\u00edcio\",\"item\":\"https:\\\/\\\/maranhaotv.com.br\\\/\"},{\"@type\":\"ListItem\",\"position\":2,\"name\":\"Viana: Prefeito Carrinho contrata empresa de S\u00e3o Lu\u00eds para fornecer pe\u00e7as de ve\u00edculos por R$ 600 mil\"}]},{\"@type\":\"WebSite\",\"@id\":\"https:\\\/\\\/maranhaotv.com.br\\\/#website\",\"url\":\"https:\\\/\\\/maranhaotv.com.br\\\/\",\"name\":\"Maranh\u00e3oTV\",\"description\":\"\",\"publisher\":{\"@id\":\"https:\\\/\\\/maranhaotv.com.br\\\/#organization\"},\"potentialAction\":[{\"@type\":\"SearchAction\",\"target\":{\"@type\":\"EntryPoint\",\"urlTemplate\":\"https:\\\/\\\/maranhaotv.com.br\\\/?s={search_term_string}\"},\"query-input\":{\"@type\":\"PropertyValueSpecification\",\"valueRequired\":true,\"valueName\":\"search_term_string\"}}],\"inLanguage\":\"pt-BR\"},{\"@type\":\"Organization\",\"@id\":\"https:\\\/\\\/maranhaotv.com.br\\\/#organization\",\"name\":\"Portal de Not\u00edcias\",\"url\":\"https:\\\/\\\/maranhaotv.com.br\\\/\",\"logo\":{\"@type\":\"ImageObject\",\"inLanguage\":\"pt-BR\",\"@id\":\"https:\\\/\\\/maranhaotv.com.br\\\/#\\\/schema\\\/logo\\\/image\\\/\",\"url\":\"https:\\\/\\\/maranhaotv.com.br\\\/wp-content\\\/uploads\\\/2024\\\/05\\\/cropped-cropped-avatar-1.png\",\"contentUrl\":\"https:\\\/\\\/maranhaotv.com.br\\\/wp-content\\\/uploads\\\/2024\\\/05\\\/cropped-cropped-avatar-1.png\",\"width\":792,\"height\":428,\"caption\":\"Portal de Not\u00edcias\"},\"image\":{\"@id\":\"https:\\\/\\\/maranhaotv.com.br\\\/#\\\/schema\\\/logo\\\/image\\\/\"},\"sameAs\":[\"https:\\\/\\\/www.facebook.com\\\/maiobaotv\",\"https:\\\/\\\/x.com\\\/sitemaranhaotv\",\"https:\\\/\\\/www.instagram.com\\\/maranhao.tv\",\"https:\\\/\\\/www.threads.net\\\/@maranhao.tv\"]},{\"@type\":\"Person\",\"@id\":\"https:\\\/\\\/maranhaotv.com.br\\\/#\\\/schema\\\/person\\\/3d54238e86b20bb5c89ab2fdb8f8829a\",\"name\":\"maranhaotv\",\"image\":{\"@type\":\"ImageObject\",\"inLanguage\":\"pt-BR\",\"@id\":\"https:\\\/\\\/secure.gravatar.com\\\/avatar\\\/8fadbca458d4cb68b1dd399ae9a40618d747bb1af65ac9fad21c89220a143eb4?s=96&d=mm&r=g\",\"url\":\"https:\\\/\\\/secure.gravatar.com\\\/avatar\\\/8fadbca458d4cb68b1dd399ae9a40618d747bb1af65ac9fad21c89220a143eb4?s=96&d=mm&r=g\",\"contentUrl\":\"https:\\\/\\\/secure.gravatar.com\\\/avatar\\\/8fadbca458d4cb68b1dd399ae9a40618d747bb1af65ac9fad21c89220a143eb4?s=96&d=mm&r=g\",\"caption\":\"maranhaotv\"},\"sameAs\":[\"https:\\\/\\\/maranhaotv.com.br\\\/\"],\"url\":\"https:\\\/\\\/maranhaotv.com.br\\\/index.php\\\/author\\\/maranhaotv\\\/\"}]}<\/script>\n<!-- \/ Yoast SEO plugin. -->","yoast_head_json":{"title":"Viana: Prefeito Carrinho contrata empresa de S\u00e3o Lu\u00eds para fornecer pe\u00e7as de ve\u00edculos por R$ 600 mil - NOT\u00cdCIAS EM TEMPO REAL","robots":{"index":"index","follow":"follow","max-snippet":"max-snippet:-1","max-image-preview":"max-image-preview:large","max-video-preview":"max-video-preview:-1"},"canonical":"https:\/\/maranhaotv.com.br\/index.php\/2021\/07\/16\/viana-prefeito-carrinho-contrata-empresa-de-sao-luis-para-fornecer-pecas-de-veiculos-por-r-600-mil\/","og_locale":"pt_BR","og_type":"article","og_title":"Viana: Prefeito Carrinho contrata empresa de S\u00e3o Lu\u00eds para fornecer pe\u00e7as de ve\u00edculos por R$ 600 mil - NOT\u00cdCIAS EM TEMPO REAL","og_description":"O contrato \u00e9 no m\u00ednimo suspeito devido ao valor ser bastante elevado em compara\u00e7\u00e3o \u00e0 quantidade de ve\u00edculos oficiais que","og_url":"https:\/\/maranhaotv.com.br\/index.php\/2021\/07\/16\/viana-prefeito-carrinho-contrata-empresa-de-sao-luis-para-fornecer-pecas-de-veiculos-por-r-600-mil\/","og_site_name":"NOT\u00cdCIAS EM TEMPO REAL","article_publisher":"https:\/\/www.facebook.com\/maiobaotv","article_published_time":"2021-07-16T14:57:13+00:00","author":"maranhaotv","twitter_card":"summary_large_image","twitter_creator":"@sitemaranhaotv","twitter_site":"@sitemaranhaotv","twitter_misc":{"Escrito por":"maranhaotv","Est. tempo de leitura":"1 minuto"},"schema":{"@context":"https:\/\/schema.org","@graph":[{"@type":"Article","@id":"https:\/\/maranhaotv.com.br\/index.php\/2021\/07\/16\/viana-prefeito-carrinho-contrata-empresa-de-sao-luis-para-fornecer-pecas-de-veiculos-por-r-600-mil\/#article","isPartOf":{"@id":"https:\/\/maranhaotv.com.br\/index.php\/2021\/07\/16\/viana-prefeito-carrinho-contrata-empresa-de-sao-luis-para-fornecer-pecas-de-veiculos-por-r-600-mil\/"},"author":{"name":"maranhaotv","@id":"https:\/\/maranhaotv.com.br\/#\/schema\/person\/3d54238e86b20bb5c89ab2fdb8f8829a"},"headline":"Viana: Prefeito Carrinho contrata empresa de S\u00e3o Lu\u00eds para fornecer pe\u00e7as de ve\u00edculos por R$ 600 mil","datePublished":"2021-07-16T14:57:13+00:00","mainEntityOfPage":{"@id":"https:\/\/maranhaotv.com.br\/index.php\/2021\/07\/16\/viana-prefeito-carrinho-contrata-empresa-de-sao-luis-para-fornecer-pecas-de-veiculos-por-r-600-mil\/"},"wordCount":253,"commentCount":0,"publisher":{"@id":"https:\/\/maranhaotv.com.br\/#organization"},"image":{"@id":"https:\/\/maranhaotv.com.br\/index.php\/2021\/07\/16\/viana-prefeito-carrinho-contrata-empresa-de-sao-luis-para-fornecer-pecas-de-veiculos-por-r-600-mil\/#primaryimage"},"thumbnailUrl":"","keywords":["Carrinho Cidreira","Viana"],"articleSection":["not\u00edcias"],"inLanguage":"pt-BR","potentialAction":[{"@type":"CommentAction","name":"Comment","target":["https:\/\/maranhaotv.com.br\/index.php\/2021\/07\/16\/viana-prefeito-carrinho-contrata-empresa-de-sao-luis-para-fornecer-pecas-de-veiculos-por-r-600-mil\/#respond"]}]},{"@type":"WebPage","@id":"https:\/\/maranhaotv.com.br\/index.php\/2021\/07\/16\/viana-prefeito-carrinho-contrata-empresa-de-sao-luis-para-fornecer-pecas-de-veiculos-por-r-600-mil\/","url":"https:\/\/maranhaotv.com.br\/index.php\/2021\/07\/16\/viana-prefeito-carrinho-contrata-empresa-de-sao-luis-para-fornecer-pecas-de-veiculos-por-r-600-mil\/","name":"Viana: Prefeito Carrinho contrata empresa de S\u00e3o Lu\u00eds para fornecer pe\u00e7as de ve\u00edculos por R$ 600 mil - NOT\u00cdCIAS EM TEMPO REAL","isPartOf":{"@id":"https:\/\/maranhaotv.com.br\/#website"},"primaryImageOfPage":{"@id":"https:\/\/maranhaotv.com.br\/index.php\/2021\/07\/16\/viana-prefeito-carrinho-contrata-empresa-de-sao-luis-para-fornecer-pecas-de-veiculos-por-r-600-mil\/#primaryimage"},"image":{"@id":"https:\/\/maranhaotv.com.br\/index.php\/2021\/07\/16\/viana-prefeito-carrinho-contrata-empresa-de-sao-luis-para-fornecer-pecas-de-veiculos-por-r-600-mil\/#primaryimage"},"thumbnailUrl":"","datePublished":"2021-07-16T14:57:13+00:00","breadcrumb":{"@id":"https:\/\/maranhaotv.com.br\/index.php\/2021\/07\/16\/viana-prefeito-carrinho-contrata-empresa-de-sao-luis-para-fornecer-pecas-de-veiculos-por-r-600-mil\/#breadcrumb"},"inLanguage":"pt-BR","potentialAction":[{"@type":"ReadAction","target":["https:\/\/maranhaotv.com.br\/index.php\/2021\/07\/16\/viana-prefeito-carrinho-contrata-empresa-de-sao-luis-para-fornecer-pecas-de-veiculos-por-r-600-mil\/"]}]},{"@type":"ImageObject","inLanguage":"pt-BR","@id":"https:\/\/maranhaotv.com.br\/index.php\/2021\/07\/16\/viana-prefeito-carrinho-contrata-empresa-de-sao-luis-para-fornecer-pecas-de-veiculos-por-r-600-mil\/#primaryimage","url":"","contentUrl":""},{"@type":"BreadcrumbList","@id":"https:\/\/maranhaotv.com.br\/index.php\/2021\/07\/16\/viana-prefeito-carrinho-contrata-empresa-de-sao-luis-para-fornecer-pecas-de-veiculos-por-r-600-mil\/#breadcrumb","itemListElement":[{"@type":"ListItem","position":1,"name":"In\u00edcio","item":"https:\/\/maranhaotv.com.br\/"},{"@type":"ListItem","position":2,"name":"Viana: Prefeito Carrinho contrata empresa de S\u00e3o Lu\u00eds para fornecer pe\u00e7as de ve\u00edculos por R$ 600 mil"}]},{"@type":"WebSite","@id":"https:\/\/maranhaotv.com.br\/#website","url":"https:\/\/maranhaotv.com.br\/","name":"Maranh\u00e3oTV","description":"","publisher":{"@id":"https:\/\/maranhaotv.com.br\/#organization"},"potentialAction":[{"@type":"SearchAction","target":{"@type":"EntryPoint","urlTemplate":"https:\/\/maranhaotv.com.br\/?s={search_term_string}"},"query-input":{"@type":"PropertyValueSpecification","valueRequired":true,"valueName":"search_term_string"}}],"inLanguage":"pt-BR"},{"@type":"Organization","@id":"https:\/\/maranhaotv.com.br\/#organization","name":"Portal de Not\u00edcias","url":"https:\/\/maranhaotv.com.br\/","logo":{"@type":"ImageObject","inLanguage":"pt-BR","@id":"https:\/\/maranhaotv.com.br\/#\/schema\/logo\/image\/","url":"https:\/\/maranhaotv.com.br\/wp-content\/uploads\/2024\/05\/cropped-cropped-avatar-1.png","contentUrl":"https:\/\/maranhaotv.com.br\/wp-content\/uploads\/2024\/05\/cropped-cropped-avatar-1.png","width":792,"height":428,"caption":"Portal de Not\u00edcias"},"image":{"@id":"https:\/\/maranhaotv.com.br\/#\/schema\/logo\/image\/"},"sameAs":["https:\/\/www.facebook.com\/maiobaotv","https:\/\/x.com\/sitemaranhaotv","https:\/\/www.instagram.com\/maranhao.tv","https:\/\/www.threads.net\/@maranhao.tv"]},{"@type":"Person","@id":"https:\/\/maranhaotv.com.br\/#\/schema\/person\/3d54238e86b20bb5c89ab2fdb8f8829a","name":"maranhaotv","image":{"@type":"ImageObject","inLanguage":"pt-BR","@id":"https:\/\/secure.gravatar.com\/avatar\/8fadbca458d4cb68b1dd399ae9a40618d747bb1af65ac9fad21c89220a143eb4?s=96&d=mm&r=g","url":"https:\/\/secure.gravatar.com\/avatar\/8fadbca458d4cb68b1dd399ae9a40618d747bb1af65ac9fad21c89220a143eb4?s=96&d=mm&r=g","contentUrl":"https:\/\/secure.gravatar.com\/avatar\/8fadbca458d4cb68b1dd399ae9a40618d747bb1af65ac9fad21c89220a143eb4?s=96&d=mm&r=g","caption":"maranhaotv"},"sameAs":["https:\/\/maranhaotv.com.br\/"],"url":"https:\/\/maranhaotv.com.br\/index.php\/author\/maranhaotv\/"}]}},"jetpack_featured_media_url":"","jetpack_sharing_enabled":true,"_links":{"self":[{"href":"https:\/\/maranhaotv.com.br\/index.php\/wp-json\/wp\/v2\/posts\/22529","targetHints":{"allow":["GET"]}}],"collection":[{"href":"https:\/\/maranhaotv.com.br\/index.php\/wp-json\/wp\/v2\/posts"}],"about":[{"href":"https:\/\/maranhaotv.com.br\/index.php\/wp-json\/wp\/v2\/types\/post"}],"author":[{"embeddable":true,"href":"https:\/\/maranhaotv.com.br\/index.php\/wp-json\/wp\/v2\/users\/2"}],"replies":[{"embeddable":true,"href":"https:\/\/maranhaotv.com.br\/index.php\/wp-json\/wp\/v2\/comments?post=22529"}],"version-history":[{"count":0,"href":"https:\/\/maranhaotv.com.br\/index.php\/wp-json\/wp\/v2\/posts\/22529\/revisions"}],"wp:featuredmedia":[{"embeddable":true,"href":"https:\/\/maranhaotv.com.br\/index.php\/wp-json\/"}],"wp:attachment":[{"href":"https:\/\/maranhaotv.com.br\/index.php\/wp-json\/wp\/v2\/media?parent=22529"}],"wp:term":[{"taxonomy":"category","embeddable":true,"href":"https:\/\/maranhaotv.com.br\/index.php\/wp-json\/wp\/v2\/categories?post=22529"},{"taxonomy":"post_tag","embeddable":true,"href":"https:\/\/maranhaotv.com.br\/index.php\/wp-json\/wp\/v2\/tags?post=22529"}],"curies":[{"name":"wp","href":"https:\/\/api.w.org\/{rel}","templated":true}]}}