{"id":22560,"date":"2021-07-18T14:59:58","date_gmt":"2021-07-18T17:59:58","guid":{"rendered":"https:\/\/maranhaotv.com.br\/?p=22560"},"modified":"2021-07-18T14:59:58","modified_gmt":"2021-07-18T17:59:58","slug":"felipe-camarao-fala-sobre-possibilidades-de-candidatura-em-2020-veja","status":"publish","type":"post","link":"https:\/\/maranhaotv.com.br\/index.php\/2021\/07\/18\/felipe-camarao-fala-sobre-possibilidades-de-candidatura-em-2020-veja\/","title":{"rendered":"Felipe Camar\u00e3o fala sobre possibilidades de candidatura em 2022. Veja!"},"content":{"rendered":"\n<p><strong>&#8220;Deputado, vice-governador ou governador? Felipe Camar\u00e3o abre o jogo sobre candidatura em 2022<\/strong><br \/> <br \/><br \/>Conhecido como o \u2018Homem das Escolas Dignas\u2019, e um dos mais fortes auxiliares do governador Fl\u00e1vio Dino, o atual secret\u00e1rio de Educa\u00e7\u00e3o Felipe Camar\u00e3o tem como certo um novo projeto a partir do ano que vem: a candidatura a um cargo eletivo pela primeira vez na sua trajet\u00f3ria p\u00fablica.<br \/><br \/>Com a filia\u00e7\u00e3o ao PT aceita na semana passada, Felipe tem sinalizado por diversas vezes que pretende disputar uma vaga na C\u00e2mara Federal. Por\u00e9m h\u00e1 quem o coloque como poss\u00edvel candidato a vice-governador na chapa do candidato apoiado por Fl\u00e1vio Dino, seja ele o senador Weverton (PDT) ou o atual vice-governador, Carlos Brand\u00e3o (PSDB). E h\u00e1 ainda algumas pessoas que o coloque at\u00e9 como candidato a governador.<br \/><br \/>Ent\u00e3o? Deputado federal, vice-governador ou governador? A que cargo o Felipe Camar\u00e3o ser\u00e1 candidato?<br \/><br \/>Em entrevista concedida ao jornalista Vin\u00edcius Praseres e que foi ao ar neste s\u00e1bado (17) no programa Hora dos Munic\u00edpios, da R\u00e1dio Educadora AM, o \u2018Homem das Escolas Dignas\u2019 abriu o jogo e disse a que cargo pretende concorrer nas elei\u00e7\u00f5es de 2022.<br \/><br \/>Felipe Camar\u00e3o disse que inicialmente, pretende candidatar-se a uma vaga na C\u00e2mara Federal, entretanto n\u00e3o descarta as demais possibilidades, j\u00e1 que, segundo ele, \u00e9 \u201cum homem de grupo\u201d.<br \/><br \/>\u201cA minha pretens\u00e3o \u00e9 ser candidato a deputado federal, mas sou homem de partido, homem de grupo e sou acima de tudo, dinista. Ent\u00e3o aquela decis\u00e3o que o governador Fl\u00e1vio Dino tomar, eu estarei sempre a disposi\u00e7\u00e3o para honrar a decis\u00e3o que for do grupo. Sou soldado de trincheira que bota a faca na boca e vai pra frente da luta\u201d, revelou.<br \/><br \/>Camar\u00e3o tamb\u00e9m opinou sobre como deve ser o pr\u00f3ximo governo do Maranh\u00e3o ap\u00f3s os dois mandatos de Fl\u00e1vio Dino. \u201cO projeto do novo governo p\u00f3s Fl\u00e1vio Dino deve ser um projeto n\u00e3o de continuismo, mas de continuidade. Continuidade das pol\u00edticas p\u00fablicas que est\u00e3o sendo efetivas no estado do Maranh\u00e3o, como o Escola Digna por exemplo, al\u00e9m das a\u00e7\u00f5es na \u00e1rea da sa\u00fade, da infraestrutura e os programas sociais todos que o governador Fl\u00e1vio Dino desenvolveu\u201d, destacou.<\/p>\n\n\n\n<p>Fonte: Gildean Farias<\/p>\n","protected":false},"excerpt":{"rendered":"<p>&#8220;Deputado, vice-governador ou governador? Felipe Camar\u00e3o abre o jogo sobre candidatura em 2022 Conhecido como o \u2018Homem das Escolas Dignas\u2019,<\/p>\n","protected":false},"author":2,"featured_media":22559,"comment_status":"open","ping_status":"open","sticky":false,"template":"","format":"standard","meta":{"colormag_page_container_layout":"default_layout","colormag_page_sidebar_layout":"default_layout","_jetpack_memberships_contains_paid_content":false,"footnotes":""},"categories":[6],"tags":[352],"class_list":["post-22560","post","type-post","status-publish","format-standard","has-post-thumbnail","hentry","category-politica","tag-felipe-camarao"],"magazineBlocksPostFeaturedMedia":{"thumbnail":false,"medium":false,"medium_large":false,"large":false,"1536x1536":false,"2048x2048":false,"colormag-highlighted-post":false,"colormag-featured-post-medium":false,"colormag-featured-post-small":false,"colormag-featured-image":false,"colormag-default-news":false,"colormag-featured-image-large":false},"magazineBlocksPostAuthor":{"name":"maranhaotv","avatar":"https:\/\/secure.gravatar.com\/avatar\/8fadbca458d4cb68b1dd399ae9a40618d747bb1af65ac9fad21c89220a143eb4?s=96&d=mm&r=g"},"magazineBlocksPostCommentsNumber":"0","magazineBlocksPostExcerpt":"&#8220;Deputado, vice-governador ou governador? Felipe Camar\u00e3o abre o jogo sobre candidatura em 2022 Conhecido como o \u2018Homem das Escolas Dignas\u2019,","magazineBlocksPostCategories":["pol\u00edtica"],"magazineBlocksPostViewCount":128,"magazineBlocksPostReadTime":2,"magazine_blocks_featured_image_url":{"full":false,"medium":false,"thumbnail":false},"magazine_blocks_author":{"display_name":"maranhaotv","author_link":"https:\/\/maranhaotv.com.br\/index.php\/author\/maranhaotv\/"},"magazine_blocks_comment":0,"magazine_blocks_author_image":"https:\/\/secure.gravatar.com\/avatar\/8fadbca458d4cb68b1dd399ae9a40618d747bb1af65ac9fad21c89220a143eb4?s=96&d=mm&r=g","magazine_blocks_category":"<a href=\"#\" class=\"category-link category-link-6\">pol\u00edtica<\/a>","yoast_head":"<!-- This site is optimized with the Yoast SEO plugin v27.4 - https:\/\/yoast.com\/product\/yoast-seo-wordpress\/ -->\n<title>Felipe Camar\u00e3o fala sobre possibilidades de candidatura em 2022. Veja! - NOT\u00cdCIAS EM TEMPO REAL<\/title>\n<meta name=\"robots\" content=\"index, follow, max-snippet:-1, max-image-preview:large, max-video-preview:-1\" \/>\n<link rel=\"canonical\" href=\"https:\/\/maranhaotv.com.br\/index.php\/2021\/07\/18\/felipe-camarao-fala-sobre-possibilidades-de-candidatura-em-2020-veja\/\" \/>\n<meta property=\"og:locale\" content=\"pt_BR\" \/>\n<meta property=\"og:type\" content=\"article\" \/>\n<meta property=\"og:title\" content=\"Felipe Camar\u00e3o fala sobre possibilidades de candidatura em 2022. Veja! - NOT\u00cdCIAS EM TEMPO REAL\" \/>\n<meta property=\"og:description\" content=\"&#8220;Deputado, vice-governador ou governador? Felipe Camar\u00e3o abre o jogo sobre candidatura em 2022 Conhecido como o \u2018Homem das Escolas Dignas\u2019,\" \/>\n<meta property=\"og:url\" content=\"https:\/\/maranhaotv.com.br\/index.php\/2021\/07\/18\/felipe-camarao-fala-sobre-possibilidades-de-candidatura-em-2020-veja\/\" \/>\n<meta property=\"og:site_name\" content=\"NOT\u00cdCIAS EM TEMPO REAL\" \/>\n<meta property=\"article:publisher\" content=\"https:\/\/www.facebook.com\/maiobaotv\" \/>\n<meta property=\"article:published_time\" content=\"2021-07-18T17:59:58+00:00\" \/>\n<meta name=\"author\" content=\"maranhaotv\" \/>\n<meta name=\"twitter:card\" content=\"summary_large_image\" \/>\n<meta name=\"twitter:creator\" content=\"@sitemaranhaotv\" \/>\n<meta name=\"twitter:site\" content=\"@sitemaranhaotv\" \/>\n<meta name=\"twitter:label1\" content=\"Escrito por\" \/>\n\t<meta name=\"twitter:data1\" content=\"maranhaotv\" \/>\n\t<meta name=\"twitter:label2\" content=\"Est. tempo de leitura\" \/>\n\t<meta name=\"twitter:data2\" content=\"2 minutos\" \/>\n<script type=\"application\/ld+json\" class=\"yoast-schema-graph\">{\"@context\":\"https:\\\/\\\/schema.org\",\"@graph\":[{\"@type\":\"Article\",\"@id\":\"https:\\\/\\\/maranhaotv.com.br\\\/index.php\\\/2021\\\/07\\\/18\\\/felipe-camarao-fala-sobre-possibilidades-de-candidatura-em-2020-veja\\\/#article\",\"isPartOf\":{\"@id\":\"https:\\\/\\\/maranhaotv.com.br\\\/index.php\\\/2021\\\/07\\\/18\\\/felipe-camarao-fala-sobre-possibilidades-de-candidatura-em-2020-veja\\\/\"},\"author\":{\"name\":\"maranhaotv\",\"@id\":\"https:\\\/\\\/maranhaotv.com.br\\\/#\\\/schema\\\/person\\\/3d54238e86b20bb5c89ab2fdb8f8829a\"},\"headline\":\"Felipe Camar\u00e3o fala sobre possibilidades de candidatura em 2022. Veja!\",\"datePublished\":\"2021-07-18T17:59:58+00:00\",\"mainEntityOfPage\":{\"@id\":\"https:\\\/\\\/maranhaotv.com.br\\\/index.php\\\/2021\\\/07\\\/18\\\/felipe-camarao-fala-sobre-possibilidades-de-candidatura-em-2020-veja\\\/\"},\"wordCount\":406,\"commentCount\":0,\"publisher\":{\"@id\":\"https:\\\/\\\/maranhaotv.com.br\\\/#organization\"},\"image\":{\"@id\":\"https:\\\/\\\/maranhaotv.com.br\\\/index.php\\\/2021\\\/07\\\/18\\\/felipe-camarao-fala-sobre-possibilidades-de-candidatura-em-2020-veja\\\/#primaryimage\"},\"thumbnailUrl\":\"\",\"keywords\":[\"Felipe Camar\u00e3o\"],\"articleSection\":[\"pol\u00edtica\"],\"inLanguage\":\"pt-BR\",\"potentialAction\":[{\"@type\":\"CommentAction\",\"name\":\"Comment\",\"target\":[\"https:\\\/\\\/maranhaotv.com.br\\\/index.php\\\/2021\\\/07\\\/18\\\/felipe-camarao-fala-sobre-possibilidades-de-candidatura-em-2020-veja\\\/#respond\"]}]},{\"@type\":\"WebPage\",\"@id\":\"https:\\\/\\\/maranhaotv.com.br\\\/index.php\\\/2021\\\/07\\\/18\\\/felipe-camarao-fala-sobre-possibilidades-de-candidatura-em-2020-veja\\\/\",\"url\":\"https:\\\/\\\/maranhaotv.com.br\\\/index.php\\\/2021\\\/07\\\/18\\\/felipe-camarao-fala-sobre-possibilidades-de-candidatura-em-2020-veja\\\/\",\"name\":\"Felipe Camar\u00e3o fala sobre possibilidades de candidatura em 2022. Veja! - NOT\u00cdCIAS EM TEMPO REAL\",\"isPartOf\":{\"@id\":\"https:\\\/\\\/maranhaotv.com.br\\\/#website\"},\"primaryImageOfPage\":{\"@id\":\"https:\\\/\\\/maranhaotv.com.br\\\/index.php\\\/2021\\\/07\\\/18\\\/felipe-camarao-fala-sobre-possibilidades-de-candidatura-em-2020-veja\\\/#primaryimage\"},\"image\":{\"@id\":\"https:\\\/\\\/maranhaotv.com.br\\\/index.php\\\/2021\\\/07\\\/18\\\/felipe-camarao-fala-sobre-possibilidades-de-candidatura-em-2020-veja\\\/#primaryimage\"},\"thumbnailUrl\":\"\",\"datePublished\":\"2021-07-18T17:59:58+00:00\",\"breadcrumb\":{\"@id\":\"https:\\\/\\\/maranhaotv.com.br\\\/index.php\\\/2021\\\/07\\\/18\\\/felipe-camarao-fala-sobre-possibilidades-de-candidatura-em-2020-veja\\\/#breadcrumb\"},\"inLanguage\":\"pt-BR\",\"potentialAction\":[{\"@type\":\"ReadAction\",\"target\":[\"https:\\\/\\\/maranhaotv.com.br\\\/index.php\\\/2021\\\/07\\\/18\\\/felipe-camarao-fala-sobre-possibilidades-de-candidatura-em-2020-veja\\\/\"]}]},{\"@type\":\"ImageObject\",\"inLanguage\":\"pt-BR\",\"@id\":\"https:\\\/\\\/maranhaotv.com.br\\\/index.php\\\/2021\\\/07\\\/18\\\/felipe-camarao-fala-sobre-possibilidades-de-candidatura-em-2020-veja\\\/#primaryimage\",\"url\":\"\",\"contentUrl\":\"\"},{\"@type\":\"BreadcrumbList\",\"@id\":\"https:\\\/\\\/maranhaotv.com.br\\\/index.php\\\/2021\\\/07\\\/18\\\/felipe-camarao-fala-sobre-possibilidades-de-candidatura-em-2020-veja\\\/#breadcrumb\",\"itemListElement\":[{\"@type\":\"ListItem\",\"position\":1,\"name\":\"In\u00edcio\",\"item\":\"https:\\\/\\\/maranhaotv.com.br\\\/\"},{\"@type\":\"ListItem\",\"position\":2,\"name\":\"Felipe Camar\u00e3o fala sobre possibilidades de candidatura em 2022. Veja!\"}]},{\"@type\":\"WebSite\",\"@id\":\"https:\\\/\\\/maranhaotv.com.br\\\/#website\",\"url\":\"https:\\\/\\\/maranhaotv.com.br\\\/\",\"name\":\"Maranh\u00e3oTV\",\"description\":\"\",\"publisher\":{\"@id\":\"https:\\\/\\\/maranhaotv.com.br\\\/#organization\"},\"potentialAction\":[{\"@type\":\"SearchAction\",\"target\":{\"@type\":\"EntryPoint\",\"urlTemplate\":\"https:\\\/\\\/maranhaotv.com.br\\\/?s={search_term_string}\"},\"query-input\":{\"@type\":\"PropertyValueSpecification\",\"valueRequired\":true,\"valueName\":\"search_term_string\"}}],\"inLanguage\":\"pt-BR\"},{\"@type\":\"Organization\",\"@id\":\"https:\\\/\\\/maranhaotv.com.br\\\/#organization\",\"name\":\"Portal de Not\u00edcias\",\"url\":\"https:\\\/\\\/maranhaotv.com.br\\\/\",\"logo\":{\"@type\":\"ImageObject\",\"inLanguage\":\"pt-BR\",\"@id\":\"https:\\\/\\\/maranhaotv.com.br\\\/#\\\/schema\\\/logo\\\/image\\\/\",\"url\":\"https:\\\/\\\/maranhaotv.com.br\\\/wp-content\\\/uploads\\\/2024\\\/05\\\/cropped-cropped-avatar-1.png\",\"contentUrl\":\"https:\\\/\\\/maranhaotv.com.br\\\/wp-content\\\/uploads\\\/2024\\\/05\\\/cropped-cropped-avatar-1.png\",\"width\":792,\"height\":428,\"caption\":\"Portal de Not\u00edcias\"},\"image\":{\"@id\":\"https:\\\/\\\/maranhaotv.com.br\\\/#\\\/schema\\\/logo\\\/image\\\/\"},\"sameAs\":[\"https:\\\/\\\/www.facebook.com\\\/maiobaotv\",\"https:\\\/\\\/x.com\\\/sitemaranhaotv\",\"https:\\\/\\\/www.instagram.com\\\/maranhao.tv\",\"https:\\\/\\\/www.threads.net\\\/@maranhao.tv\"]},{\"@type\":\"Person\",\"@id\":\"https:\\\/\\\/maranhaotv.com.br\\\/#\\\/schema\\\/person\\\/3d54238e86b20bb5c89ab2fdb8f8829a\",\"name\":\"maranhaotv\",\"image\":{\"@type\":\"ImageObject\",\"inLanguage\":\"pt-BR\",\"@id\":\"https:\\\/\\\/secure.gravatar.com\\\/avatar\\\/8fadbca458d4cb68b1dd399ae9a40618d747bb1af65ac9fad21c89220a143eb4?s=96&d=mm&r=g\",\"url\":\"https:\\\/\\\/secure.gravatar.com\\\/avatar\\\/8fadbca458d4cb68b1dd399ae9a40618d747bb1af65ac9fad21c89220a143eb4?s=96&d=mm&r=g\",\"contentUrl\":\"https:\\\/\\\/secure.gravatar.com\\\/avatar\\\/8fadbca458d4cb68b1dd399ae9a40618d747bb1af65ac9fad21c89220a143eb4?s=96&d=mm&r=g\",\"caption\":\"maranhaotv\"},\"sameAs\":[\"https:\\\/\\\/maranhaotv.com.br\\\/\"],\"url\":\"https:\\\/\\\/maranhaotv.com.br\\\/index.php\\\/author\\\/maranhaotv\\\/\"}]}<\/script>\n<!-- \/ Yoast SEO plugin. -->","yoast_head_json":{"title":"Felipe Camar\u00e3o fala sobre possibilidades de candidatura em 2022. Veja! - NOT\u00cdCIAS EM TEMPO REAL","robots":{"index":"index","follow":"follow","max-snippet":"max-snippet:-1","max-image-preview":"max-image-preview:large","max-video-preview":"max-video-preview:-1"},"canonical":"https:\/\/maranhaotv.com.br\/index.php\/2021\/07\/18\/felipe-camarao-fala-sobre-possibilidades-de-candidatura-em-2020-veja\/","og_locale":"pt_BR","og_type":"article","og_title":"Felipe Camar\u00e3o fala sobre possibilidades de candidatura em 2022. Veja! - NOT\u00cdCIAS EM TEMPO REAL","og_description":"&#8220;Deputado, vice-governador ou governador? Felipe Camar\u00e3o abre o jogo sobre candidatura em 2022 Conhecido como o \u2018Homem das Escolas Dignas\u2019,","og_url":"https:\/\/maranhaotv.com.br\/index.php\/2021\/07\/18\/felipe-camarao-fala-sobre-possibilidades-de-candidatura-em-2020-veja\/","og_site_name":"NOT\u00cdCIAS EM TEMPO REAL","article_publisher":"https:\/\/www.facebook.com\/maiobaotv","article_published_time":"2021-07-18T17:59:58+00:00","author":"maranhaotv","twitter_card":"summary_large_image","twitter_creator":"@sitemaranhaotv","twitter_site":"@sitemaranhaotv","twitter_misc":{"Escrito por":"maranhaotv","Est. tempo de leitura":"2 minutos"},"schema":{"@context":"https:\/\/schema.org","@graph":[{"@type":"Article","@id":"https:\/\/maranhaotv.com.br\/index.php\/2021\/07\/18\/felipe-camarao-fala-sobre-possibilidades-de-candidatura-em-2020-veja\/#article","isPartOf":{"@id":"https:\/\/maranhaotv.com.br\/index.php\/2021\/07\/18\/felipe-camarao-fala-sobre-possibilidades-de-candidatura-em-2020-veja\/"},"author":{"name":"maranhaotv","@id":"https:\/\/maranhaotv.com.br\/#\/schema\/person\/3d54238e86b20bb5c89ab2fdb8f8829a"},"headline":"Felipe Camar\u00e3o fala sobre possibilidades de candidatura em 2022. Veja!","datePublished":"2021-07-18T17:59:58+00:00","mainEntityOfPage":{"@id":"https:\/\/maranhaotv.com.br\/index.php\/2021\/07\/18\/felipe-camarao-fala-sobre-possibilidades-de-candidatura-em-2020-veja\/"},"wordCount":406,"commentCount":0,"publisher":{"@id":"https:\/\/maranhaotv.com.br\/#organization"},"image":{"@id":"https:\/\/maranhaotv.com.br\/index.php\/2021\/07\/18\/felipe-camarao-fala-sobre-possibilidades-de-candidatura-em-2020-veja\/#primaryimage"},"thumbnailUrl":"","keywords":["Felipe Camar\u00e3o"],"articleSection":["pol\u00edtica"],"inLanguage":"pt-BR","potentialAction":[{"@type":"CommentAction","name":"Comment","target":["https:\/\/maranhaotv.com.br\/index.php\/2021\/07\/18\/felipe-camarao-fala-sobre-possibilidades-de-candidatura-em-2020-veja\/#respond"]}]},{"@type":"WebPage","@id":"https:\/\/maranhaotv.com.br\/index.php\/2021\/07\/18\/felipe-camarao-fala-sobre-possibilidades-de-candidatura-em-2020-veja\/","url":"https:\/\/maranhaotv.com.br\/index.php\/2021\/07\/18\/felipe-camarao-fala-sobre-possibilidades-de-candidatura-em-2020-veja\/","name":"Felipe Camar\u00e3o fala sobre possibilidades de candidatura em 2022. Veja! - NOT\u00cdCIAS EM TEMPO REAL","isPartOf":{"@id":"https:\/\/maranhaotv.com.br\/#website"},"primaryImageOfPage":{"@id":"https:\/\/maranhaotv.com.br\/index.php\/2021\/07\/18\/felipe-camarao-fala-sobre-possibilidades-de-candidatura-em-2020-veja\/#primaryimage"},"image":{"@id":"https:\/\/maranhaotv.com.br\/index.php\/2021\/07\/18\/felipe-camarao-fala-sobre-possibilidades-de-candidatura-em-2020-veja\/#primaryimage"},"thumbnailUrl":"","datePublished":"2021-07-18T17:59:58+00:00","breadcrumb":{"@id":"https:\/\/maranhaotv.com.br\/index.php\/2021\/07\/18\/felipe-camarao-fala-sobre-possibilidades-de-candidatura-em-2020-veja\/#breadcrumb"},"inLanguage":"pt-BR","potentialAction":[{"@type":"ReadAction","target":["https:\/\/maranhaotv.com.br\/index.php\/2021\/07\/18\/felipe-camarao-fala-sobre-possibilidades-de-candidatura-em-2020-veja\/"]}]},{"@type":"ImageObject","inLanguage":"pt-BR","@id":"https:\/\/maranhaotv.com.br\/index.php\/2021\/07\/18\/felipe-camarao-fala-sobre-possibilidades-de-candidatura-em-2020-veja\/#primaryimage","url":"","contentUrl":""},{"@type":"BreadcrumbList","@id":"https:\/\/maranhaotv.com.br\/index.php\/2021\/07\/18\/felipe-camarao-fala-sobre-possibilidades-de-candidatura-em-2020-veja\/#breadcrumb","itemListElement":[{"@type":"ListItem","position":1,"name":"In\u00edcio","item":"https:\/\/maranhaotv.com.br\/"},{"@type":"ListItem","position":2,"name":"Felipe Camar\u00e3o fala sobre possibilidades de candidatura em 2022. Veja!"}]},{"@type":"WebSite","@id":"https:\/\/maranhaotv.com.br\/#website","url":"https:\/\/maranhaotv.com.br\/","name":"Maranh\u00e3oTV","description":"","publisher":{"@id":"https:\/\/maranhaotv.com.br\/#organization"},"potentialAction":[{"@type":"SearchAction","target":{"@type":"EntryPoint","urlTemplate":"https:\/\/maranhaotv.com.br\/?s={search_term_string}"},"query-input":{"@type":"PropertyValueSpecification","valueRequired":true,"valueName":"search_term_string"}}],"inLanguage":"pt-BR"},{"@type":"Organization","@id":"https:\/\/maranhaotv.com.br\/#organization","name":"Portal de Not\u00edcias","url":"https:\/\/maranhaotv.com.br\/","logo":{"@type":"ImageObject","inLanguage":"pt-BR","@id":"https:\/\/maranhaotv.com.br\/#\/schema\/logo\/image\/","url":"https:\/\/maranhaotv.com.br\/wp-content\/uploads\/2024\/05\/cropped-cropped-avatar-1.png","contentUrl":"https:\/\/maranhaotv.com.br\/wp-content\/uploads\/2024\/05\/cropped-cropped-avatar-1.png","width":792,"height":428,"caption":"Portal de Not\u00edcias"},"image":{"@id":"https:\/\/maranhaotv.com.br\/#\/schema\/logo\/image\/"},"sameAs":["https:\/\/www.facebook.com\/maiobaotv","https:\/\/x.com\/sitemaranhaotv","https:\/\/www.instagram.com\/maranhao.tv","https:\/\/www.threads.net\/@maranhao.tv"]},{"@type":"Person","@id":"https:\/\/maranhaotv.com.br\/#\/schema\/person\/3d54238e86b20bb5c89ab2fdb8f8829a","name":"maranhaotv","image":{"@type":"ImageObject","inLanguage":"pt-BR","@id":"https:\/\/secure.gravatar.com\/avatar\/8fadbca458d4cb68b1dd399ae9a40618d747bb1af65ac9fad21c89220a143eb4?s=96&d=mm&r=g","url":"https:\/\/secure.gravatar.com\/avatar\/8fadbca458d4cb68b1dd399ae9a40618d747bb1af65ac9fad21c89220a143eb4?s=96&d=mm&r=g","contentUrl":"https:\/\/secure.gravatar.com\/avatar\/8fadbca458d4cb68b1dd399ae9a40618d747bb1af65ac9fad21c89220a143eb4?s=96&d=mm&r=g","caption":"maranhaotv"},"sameAs":["https:\/\/maranhaotv.com.br\/"],"url":"https:\/\/maranhaotv.com.br\/index.php\/author\/maranhaotv\/"}]}},"jetpack_featured_media_url":"","jetpack_sharing_enabled":true,"_links":{"self":[{"href":"https:\/\/maranhaotv.com.br\/index.php\/wp-json\/wp\/v2\/posts\/22560","targetHints":{"allow":["GET"]}}],"collection":[{"href":"https:\/\/maranhaotv.com.br\/index.php\/wp-json\/wp\/v2\/posts"}],"about":[{"href":"https:\/\/maranhaotv.com.br\/index.php\/wp-json\/wp\/v2\/types\/post"}],"author":[{"embeddable":true,"href":"https:\/\/maranhaotv.com.br\/index.php\/wp-json\/wp\/v2\/users\/2"}],"replies":[{"embeddable":true,"href":"https:\/\/maranhaotv.com.br\/index.php\/wp-json\/wp\/v2\/comments?post=22560"}],"version-history":[{"count":0,"href":"https:\/\/maranhaotv.com.br\/index.php\/wp-json\/wp\/v2\/posts\/22560\/revisions"}],"wp:featuredmedia":[{"embeddable":true,"href":"https:\/\/maranhaotv.com.br\/index.php\/wp-json\/"}],"wp:attachment":[{"href":"https:\/\/maranhaotv.com.br\/index.php\/wp-json\/wp\/v2\/media?parent=22560"}],"wp:term":[{"taxonomy":"category","embeddable":true,"href":"https:\/\/maranhaotv.com.br\/index.php\/wp-json\/wp\/v2\/categories?post=22560"},{"taxonomy":"post_tag","embeddable":true,"href":"https:\/\/maranhaotv.com.br\/index.php\/wp-json\/wp\/v2\/tags?post=22560"}],"curies":[{"name":"wp","href":"https:\/\/api.w.org\/{rel}","templated":true}]}}