{"id":22582,"date":"2021-07-19T17:20:37","date_gmt":"2021-07-19T20:20:37","guid":{"rendered":"https:\/\/maranhaotv.com.br\/?p=22582"},"modified":"2021-07-19T17:20:37","modified_gmt":"2021-07-19T20:20:37","slug":"grupo-rilva-fecha-com-osmar-filho-e-proximas-eleicoes-serao-termometro-para-prefeitura-de-viana","status":"publish","type":"post","link":"https:\/\/maranhaotv.com.br\/index.php\/2021\/07\/19\/grupo-rilva-fecha-com-osmar-filho-e-proximas-eleicoes-serao-termometro-para-prefeitura-de-viana\/","title":{"rendered":"Grupo Rilva fecha com Osmar Filho e pr\u00f3ximas elei\u00e7\u00f5es ser\u00e3o term\u00f4metro para prefeitura de Viana"},"content":{"rendered":"\n<p>O ex prefeito de Viana, Rilva Lu\u00eds, declarou neste fim de semana, apoio a pr\u00e9 candidatura a Deputado Estadual de Osmar Filho. Osmar que \u00e9 vereador em S\u00e3o Lu\u00eds Presidente da C\u00e2mara, tamb\u00e9m \u00e9 filho da prefeita de Cajari. <br>Rilva, \u00e9 hoje a maior lideran\u00e7a pol\u00edtica de Viana. Carism\u00e1tico, pol\u00edtico de fato, costuma arrastar multid\u00f5es e votos por onde passa. A prova disso foi a vota\u00e7\u00e3o expressiva de Lucimar Gon\u00e7alves nas \u00faltimas elei\u00e7\u00f5es para prefeito de Viana.<br>A elei\u00e7\u00e3o de 2022 \u00e9 considerada um espelho e pesquisa eleitoral para as de prefeito e vereador, j\u00e1 que se mede a for\u00e7a dos apoios a deputados federais e estaduais nos munic\u00edpios.<\/p>\n\n\n\n<p>Em Viana, Carrinho, atual prefeito, deve apoiar Julinho, um nome sem a menor express\u00e3o pol\u00edtica da cidade. Julinho vem &#8216;for\u00e7ando&#8217; a barra e aparecendo a todo custo em eventos p\u00fablicos da prefeitura, na busca desesperada de se tornar um homem conhecido na cidade, com boa aceita\u00e7\u00e3o, algo bem dif\u00edcil.<\/p>\n\n\n\n<p>E Magrado, despretigiado, falido politicamente, embora n\u00e3o tenha declarado abertamente, deve apoiar Carlos Lula, Secret\u00e1rio de Sa\u00fade do governo Fl\u00e1vio Dino. Certamente, Lula deve ser bem votado, at\u00e9 porque t\u00eam realizado um trabalho expressivo no governo, o que j\u00e1 rende destaque. Se bem soubesse, despensaria at\u00e9 esse apoio de Magrado. <\/p>\n\n\n\n<p>No \u00faltimo fim de semana, ao lado de Rilva, Lucimar, Rilvalgenia e outras lideran\u00e7as, Osmar visitou comunidades quilombolas da cidade, e o vereador de S\u00e3o Lu\u00eds j\u00e1 deve ter percebido a for\u00e7a do grupo de Rilva, principalmente na regi\u00e3o da zona rural.<\/p>\n\n\n\n<p>Assim, ficar\u00e1 a Rilva, a capacidade de surpreender, mais uma vez, com sua for\u00e7a e esp\u00f3lio pol\u00edtico na cidade. J\u00e1 que Osmar n\u00e3o tem um nome forte na cidade. Rilva deve apoiar para Deputado Federal, Fufuca. E a dobradinha promete ser forte! <br \/>A movimenta\u00e7\u00e3o pol\u00edtica da fam\u00edlia Gon\u00e7alves, parece j\u00e1 ter incomodado o ap\u00e1tico Carrinho e o derrotado Magrado.<\/p>\n\n\n\n<figure class=\"wp-block-gallery columns-1 is-cropped wp-block-gallery-1 is-layout-flex wp-block-gallery-is-layout-flex\"><ul class=\"blocks-gallery-grid\"><li class=\"blocks-gallery-item\"><figure><img decoding=\"async\" src=\"https:\/\/maranhaotv.com.br\/wp-content\/uploads\/2021\/07\/IMG-20210719-WA0564.jpg\" data-id=\"22579\" class=\"wp-image-22579\"\/><\/figure><\/li><\/ul><\/figure>\n\n\n\n<figure class=\"wp-block-gallery columns-1 is-cropped wp-block-gallery-2 is-layout-flex wp-block-gallery-is-layout-flex\"><ul class=\"blocks-gallery-grid\"><li class=\"blocks-gallery-item\"><figure><img decoding=\"async\" src=\"https:\/\/maranhaotv.com.br\/wp-content\/uploads\/2021\/07\/IMG-20210719-WA0565-1.jpg\" data-id=\"22580\" class=\"wp-image-22580\"\/><\/figure><\/li><\/ul><\/figure>\n","protected":false},"excerpt":{"rendered":"<p>O ex prefeito de Viana, Rilva Lu\u00eds, declarou neste fim de semana, apoio a pr\u00e9 candidatura a Deputado Estadual de<\/p>\n","protected":false},"author":2,"featured_media":22581,"comment_status":"open","ping_status":"open","sticky":false,"template":"","format":"standard","meta":{"colormag_page_container_layout":"default_layout","colormag_page_sidebar_layout":"default_layout","_jetpack_memberships_contains_paid_content":false,"footnotes":""},"categories":[6],"tags":[357,278,55,5],"class_list":["post-22582","post","type-post","status-publish","format-standard","has-post-thumbnail","hentry","category-politica","tag-lucimar-goncalves","tag-osmar-filho","tag-rilva-luis","tag-viana"],"magazineBlocksPostFeaturedMedia":{"thumbnail":false,"medium":false,"medium_large":false,"large":false,"1536x1536":false,"2048x2048":false,"colormag-highlighted-post":false,"colormag-featured-post-medium":false,"colormag-featured-post-small":false,"colormag-featured-image":false,"colormag-default-news":false,"colormag-featured-image-large":false},"magazineBlocksPostAuthor":{"name":"maranhaotv","avatar":"https:\/\/secure.gravatar.com\/avatar\/8fadbca458d4cb68b1dd399ae9a40618d747bb1af65ac9fad21c89220a143eb4?s=96&d=mm&r=g"},"magazineBlocksPostCommentsNumber":"0","magazineBlocksPostExcerpt":"O ex prefeito de Viana, Rilva Lu\u00eds, declarou neste fim de semana, apoio a pr\u00e9 candidatura a Deputado Estadual de","magazineBlocksPostCategories":["pol\u00edtica"],"magazineBlocksPostViewCount":265,"magazineBlocksPostReadTime":2,"magazine_blocks_featured_image_url":{"full":false,"medium":false,"thumbnail":false},"magazine_blocks_author":{"display_name":"maranhaotv","author_link":"https:\/\/maranhaotv.com.br\/index.php\/author\/maranhaotv\/"},"magazine_blocks_comment":0,"magazine_blocks_author_image":"https:\/\/secure.gravatar.com\/avatar\/8fadbca458d4cb68b1dd399ae9a40618d747bb1af65ac9fad21c89220a143eb4?s=96&d=mm&r=g","magazine_blocks_category":"<a href=\"#\" class=\"category-link category-link-6\">pol\u00edtica<\/a>","yoast_head":"<!-- This site is optimized with the Yoast SEO plugin v27.4 - https:\/\/yoast.com\/product\/yoast-seo-wordpress\/ -->\n<title>Grupo Rilva fecha com Osmar Filho e pr\u00f3ximas elei\u00e7\u00f5es ser\u00e3o term\u00f4metro para prefeitura de Viana - NOT\u00cdCIAS EM TEMPO REAL<\/title>\n<meta name=\"robots\" content=\"index, follow, max-snippet:-1, max-image-preview:large, max-video-preview:-1\" \/>\n<link rel=\"canonical\" href=\"https:\/\/maranhaotv.com.br\/index.php\/2021\/07\/19\/grupo-rilva-fecha-com-osmar-filho-e-proximas-eleicoes-serao-termometro-para-prefeitura-de-viana\/\" \/>\n<meta property=\"og:locale\" content=\"pt_BR\" \/>\n<meta property=\"og:type\" content=\"article\" \/>\n<meta property=\"og:title\" content=\"Grupo Rilva fecha com Osmar Filho e pr\u00f3ximas elei\u00e7\u00f5es ser\u00e3o term\u00f4metro para prefeitura de Viana - NOT\u00cdCIAS EM TEMPO REAL\" \/>\n<meta property=\"og:description\" content=\"O ex prefeito de Viana, Rilva Lu\u00eds, declarou neste fim de semana, apoio a pr\u00e9 candidatura a Deputado Estadual de\" \/>\n<meta property=\"og:url\" content=\"https:\/\/maranhaotv.com.br\/index.php\/2021\/07\/19\/grupo-rilva-fecha-com-osmar-filho-e-proximas-eleicoes-serao-termometro-para-prefeitura-de-viana\/\" \/>\n<meta property=\"og:site_name\" content=\"NOT\u00cdCIAS EM TEMPO REAL\" \/>\n<meta property=\"article:publisher\" content=\"https:\/\/www.facebook.com\/maiobaotv\" \/>\n<meta property=\"article:published_time\" content=\"2021-07-19T20:20:37+00:00\" \/>\n<meta name=\"author\" content=\"maranhaotv\" \/>\n<meta name=\"twitter:card\" content=\"summary_large_image\" \/>\n<meta name=\"twitter:creator\" content=\"@sitemaranhaotv\" \/>\n<meta name=\"twitter:site\" content=\"@sitemaranhaotv\" \/>\n<meta name=\"twitter:label1\" content=\"Escrito por\" \/>\n\t<meta name=\"twitter:data1\" content=\"maranhaotv\" \/>\n\t<meta name=\"twitter:label2\" content=\"Est. tempo de leitura\" \/>\n\t<meta name=\"twitter:data2\" content=\"2 minutos\" \/>\n<script type=\"application\/ld+json\" class=\"yoast-schema-graph\">{\"@context\":\"https:\\\/\\\/schema.org\",\"@graph\":[{\"@type\":\"Article\",\"@id\":\"https:\\\/\\\/maranhaotv.com.br\\\/index.php\\\/2021\\\/07\\\/19\\\/grupo-rilva-fecha-com-osmar-filho-e-proximas-eleicoes-serao-termometro-para-prefeitura-de-viana\\\/#article\",\"isPartOf\":{\"@id\":\"https:\\\/\\\/maranhaotv.com.br\\\/index.php\\\/2021\\\/07\\\/19\\\/grupo-rilva-fecha-com-osmar-filho-e-proximas-eleicoes-serao-termometro-para-prefeitura-de-viana\\\/\"},\"author\":{\"name\":\"maranhaotv\",\"@id\":\"https:\\\/\\\/maranhaotv.com.br\\\/#\\\/schema\\\/person\\\/3d54238e86b20bb5c89ab2fdb8f8829a\"},\"headline\":\"Grupo Rilva fecha com Osmar Filho e pr\u00f3ximas elei\u00e7\u00f5es ser\u00e3o term\u00f4metro para prefeitura de Viana\",\"datePublished\":\"2021-07-19T20:20:37+00:00\",\"mainEntityOfPage\":{\"@id\":\"https:\\\/\\\/maranhaotv.com.br\\\/index.php\\\/2021\\\/07\\\/19\\\/grupo-rilva-fecha-com-osmar-filho-e-proximas-eleicoes-serao-termometro-para-prefeitura-de-viana\\\/\"},\"wordCount\":364,\"commentCount\":0,\"publisher\":{\"@id\":\"https:\\\/\\\/maranhaotv.com.br\\\/#organization\"},\"image\":{\"@id\":\"https:\\\/\\\/maranhaotv.com.br\\\/index.php\\\/2021\\\/07\\\/19\\\/grupo-rilva-fecha-com-osmar-filho-e-proximas-eleicoes-serao-termometro-para-prefeitura-de-viana\\\/#primaryimage\"},\"thumbnailUrl\":\"\",\"keywords\":[\"Lucimar Gon\u00e7alves\",\"Osmar Filho\",\"Rilva Lu\u00eds\",\"Viana\"],\"articleSection\":[\"pol\u00edtica\"],\"inLanguage\":\"pt-BR\",\"potentialAction\":[{\"@type\":\"CommentAction\",\"name\":\"Comment\",\"target\":[\"https:\\\/\\\/maranhaotv.com.br\\\/index.php\\\/2021\\\/07\\\/19\\\/grupo-rilva-fecha-com-osmar-filho-e-proximas-eleicoes-serao-termometro-para-prefeitura-de-viana\\\/#respond\"]}]},{\"@type\":\"WebPage\",\"@id\":\"https:\\\/\\\/maranhaotv.com.br\\\/index.php\\\/2021\\\/07\\\/19\\\/grupo-rilva-fecha-com-osmar-filho-e-proximas-eleicoes-serao-termometro-para-prefeitura-de-viana\\\/\",\"url\":\"https:\\\/\\\/maranhaotv.com.br\\\/index.php\\\/2021\\\/07\\\/19\\\/grupo-rilva-fecha-com-osmar-filho-e-proximas-eleicoes-serao-termometro-para-prefeitura-de-viana\\\/\",\"name\":\"Grupo Rilva fecha com Osmar Filho e pr\u00f3ximas elei\u00e7\u00f5es ser\u00e3o term\u00f4metro para prefeitura de Viana - NOT\u00cdCIAS EM TEMPO REAL\",\"isPartOf\":{\"@id\":\"https:\\\/\\\/maranhaotv.com.br\\\/#website\"},\"primaryImageOfPage\":{\"@id\":\"https:\\\/\\\/maranhaotv.com.br\\\/index.php\\\/2021\\\/07\\\/19\\\/grupo-rilva-fecha-com-osmar-filho-e-proximas-eleicoes-serao-termometro-para-prefeitura-de-viana\\\/#primaryimage\"},\"image\":{\"@id\":\"https:\\\/\\\/maranhaotv.com.br\\\/index.php\\\/2021\\\/07\\\/19\\\/grupo-rilva-fecha-com-osmar-filho-e-proximas-eleicoes-serao-termometro-para-prefeitura-de-viana\\\/#primaryimage\"},\"thumbnailUrl\":\"\",\"datePublished\":\"2021-07-19T20:20:37+00:00\",\"breadcrumb\":{\"@id\":\"https:\\\/\\\/maranhaotv.com.br\\\/index.php\\\/2021\\\/07\\\/19\\\/grupo-rilva-fecha-com-osmar-filho-e-proximas-eleicoes-serao-termometro-para-prefeitura-de-viana\\\/#breadcrumb\"},\"inLanguage\":\"pt-BR\",\"potentialAction\":[{\"@type\":\"ReadAction\",\"target\":[\"https:\\\/\\\/maranhaotv.com.br\\\/index.php\\\/2021\\\/07\\\/19\\\/grupo-rilva-fecha-com-osmar-filho-e-proximas-eleicoes-serao-termometro-para-prefeitura-de-viana\\\/\"]}]},{\"@type\":\"ImageObject\",\"inLanguage\":\"pt-BR\",\"@id\":\"https:\\\/\\\/maranhaotv.com.br\\\/index.php\\\/2021\\\/07\\\/19\\\/grupo-rilva-fecha-com-osmar-filho-e-proximas-eleicoes-serao-termometro-para-prefeitura-de-viana\\\/#primaryimage\",\"url\":\"\",\"contentUrl\":\"\"},{\"@type\":\"BreadcrumbList\",\"@id\":\"https:\\\/\\\/maranhaotv.com.br\\\/index.php\\\/2021\\\/07\\\/19\\\/grupo-rilva-fecha-com-osmar-filho-e-proximas-eleicoes-serao-termometro-para-prefeitura-de-viana\\\/#breadcrumb\",\"itemListElement\":[{\"@type\":\"ListItem\",\"position\":1,\"name\":\"In\u00edcio\",\"item\":\"https:\\\/\\\/maranhaotv.com.br\\\/\"},{\"@type\":\"ListItem\",\"position\":2,\"name\":\"Grupo Rilva fecha com Osmar Filho e pr\u00f3ximas elei\u00e7\u00f5es ser\u00e3o term\u00f4metro para prefeitura de Viana\"}]},{\"@type\":\"WebSite\",\"@id\":\"https:\\\/\\\/maranhaotv.com.br\\\/#website\",\"url\":\"https:\\\/\\\/maranhaotv.com.br\\\/\",\"name\":\"Maranh\u00e3oTV\",\"description\":\"\",\"publisher\":{\"@id\":\"https:\\\/\\\/maranhaotv.com.br\\\/#organization\"},\"potentialAction\":[{\"@type\":\"SearchAction\",\"target\":{\"@type\":\"EntryPoint\",\"urlTemplate\":\"https:\\\/\\\/maranhaotv.com.br\\\/?s={search_term_string}\"},\"query-input\":{\"@type\":\"PropertyValueSpecification\",\"valueRequired\":true,\"valueName\":\"search_term_string\"}}],\"inLanguage\":\"pt-BR\"},{\"@type\":\"Organization\",\"@id\":\"https:\\\/\\\/maranhaotv.com.br\\\/#organization\",\"name\":\"Portal de Not\u00edcias\",\"url\":\"https:\\\/\\\/maranhaotv.com.br\\\/\",\"logo\":{\"@type\":\"ImageObject\",\"inLanguage\":\"pt-BR\",\"@id\":\"https:\\\/\\\/maranhaotv.com.br\\\/#\\\/schema\\\/logo\\\/image\\\/\",\"url\":\"https:\\\/\\\/maranhaotv.com.br\\\/wp-content\\\/uploads\\\/2024\\\/05\\\/cropped-cropped-avatar-1.png\",\"contentUrl\":\"https:\\\/\\\/maranhaotv.com.br\\\/wp-content\\\/uploads\\\/2024\\\/05\\\/cropped-cropped-avatar-1.png\",\"width\":792,\"height\":428,\"caption\":\"Portal de Not\u00edcias\"},\"image\":{\"@id\":\"https:\\\/\\\/maranhaotv.com.br\\\/#\\\/schema\\\/logo\\\/image\\\/\"},\"sameAs\":[\"https:\\\/\\\/www.facebook.com\\\/maiobaotv\",\"https:\\\/\\\/x.com\\\/sitemaranhaotv\",\"https:\\\/\\\/www.instagram.com\\\/maranhao.tv\",\"https:\\\/\\\/www.threads.net\\\/@maranhao.tv\"]},{\"@type\":\"Person\",\"@id\":\"https:\\\/\\\/maranhaotv.com.br\\\/#\\\/schema\\\/person\\\/3d54238e86b20bb5c89ab2fdb8f8829a\",\"name\":\"maranhaotv\",\"image\":{\"@type\":\"ImageObject\",\"inLanguage\":\"pt-BR\",\"@id\":\"https:\\\/\\\/secure.gravatar.com\\\/avatar\\\/8fadbca458d4cb68b1dd399ae9a40618d747bb1af65ac9fad21c89220a143eb4?s=96&d=mm&r=g\",\"url\":\"https:\\\/\\\/secure.gravatar.com\\\/avatar\\\/8fadbca458d4cb68b1dd399ae9a40618d747bb1af65ac9fad21c89220a143eb4?s=96&d=mm&r=g\",\"contentUrl\":\"https:\\\/\\\/secure.gravatar.com\\\/avatar\\\/8fadbca458d4cb68b1dd399ae9a40618d747bb1af65ac9fad21c89220a143eb4?s=96&d=mm&r=g\",\"caption\":\"maranhaotv\"},\"sameAs\":[\"https:\\\/\\\/maranhaotv.com.br\\\/\"],\"url\":\"https:\\\/\\\/maranhaotv.com.br\\\/index.php\\\/author\\\/maranhaotv\\\/\"}]}<\/script>\n<!-- \/ Yoast SEO plugin. -->","yoast_head_json":{"title":"Grupo Rilva fecha com Osmar Filho e pr\u00f3ximas elei\u00e7\u00f5es ser\u00e3o term\u00f4metro para prefeitura de Viana - NOT\u00cdCIAS EM TEMPO REAL","robots":{"index":"index","follow":"follow","max-snippet":"max-snippet:-1","max-image-preview":"max-image-preview:large","max-video-preview":"max-video-preview:-1"},"canonical":"https:\/\/maranhaotv.com.br\/index.php\/2021\/07\/19\/grupo-rilva-fecha-com-osmar-filho-e-proximas-eleicoes-serao-termometro-para-prefeitura-de-viana\/","og_locale":"pt_BR","og_type":"article","og_title":"Grupo Rilva fecha com Osmar Filho e pr\u00f3ximas elei\u00e7\u00f5es ser\u00e3o term\u00f4metro para prefeitura de Viana - NOT\u00cdCIAS EM TEMPO REAL","og_description":"O ex prefeito de Viana, Rilva Lu\u00eds, declarou neste fim de semana, apoio a pr\u00e9 candidatura a Deputado Estadual de","og_url":"https:\/\/maranhaotv.com.br\/index.php\/2021\/07\/19\/grupo-rilva-fecha-com-osmar-filho-e-proximas-eleicoes-serao-termometro-para-prefeitura-de-viana\/","og_site_name":"NOT\u00cdCIAS EM TEMPO REAL","article_publisher":"https:\/\/www.facebook.com\/maiobaotv","article_published_time":"2021-07-19T20:20:37+00:00","author":"maranhaotv","twitter_card":"summary_large_image","twitter_creator":"@sitemaranhaotv","twitter_site":"@sitemaranhaotv","twitter_misc":{"Escrito por":"maranhaotv","Est. tempo de leitura":"2 minutos"},"schema":{"@context":"https:\/\/schema.org","@graph":[{"@type":"Article","@id":"https:\/\/maranhaotv.com.br\/index.php\/2021\/07\/19\/grupo-rilva-fecha-com-osmar-filho-e-proximas-eleicoes-serao-termometro-para-prefeitura-de-viana\/#article","isPartOf":{"@id":"https:\/\/maranhaotv.com.br\/index.php\/2021\/07\/19\/grupo-rilva-fecha-com-osmar-filho-e-proximas-eleicoes-serao-termometro-para-prefeitura-de-viana\/"},"author":{"name":"maranhaotv","@id":"https:\/\/maranhaotv.com.br\/#\/schema\/person\/3d54238e86b20bb5c89ab2fdb8f8829a"},"headline":"Grupo Rilva fecha com Osmar Filho e pr\u00f3ximas elei\u00e7\u00f5es ser\u00e3o term\u00f4metro para prefeitura de Viana","datePublished":"2021-07-19T20:20:37+00:00","mainEntityOfPage":{"@id":"https:\/\/maranhaotv.com.br\/index.php\/2021\/07\/19\/grupo-rilva-fecha-com-osmar-filho-e-proximas-eleicoes-serao-termometro-para-prefeitura-de-viana\/"},"wordCount":364,"commentCount":0,"publisher":{"@id":"https:\/\/maranhaotv.com.br\/#organization"},"image":{"@id":"https:\/\/maranhaotv.com.br\/index.php\/2021\/07\/19\/grupo-rilva-fecha-com-osmar-filho-e-proximas-eleicoes-serao-termometro-para-prefeitura-de-viana\/#primaryimage"},"thumbnailUrl":"","keywords":["Lucimar Gon\u00e7alves","Osmar Filho","Rilva Lu\u00eds","Viana"],"articleSection":["pol\u00edtica"],"inLanguage":"pt-BR","potentialAction":[{"@type":"CommentAction","name":"Comment","target":["https:\/\/maranhaotv.com.br\/index.php\/2021\/07\/19\/grupo-rilva-fecha-com-osmar-filho-e-proximas-eleicoes-serao-termometro-para-prefeitura-de-viana\/#respond"]}]},{"@type":"WebPage","@id":"https:\/\/maranhaotv.com.br\/index.php\/2021\/07\/19\/grupo-rilva-fecha-com-osmar-filho-e-proximas-eleicoes-serao-termometro-para-prefeitura-de-viana\/","url":"https:\/\/maranhaotv.com.br\/index.php\/2021\/07\/19\/grupo-rilva-fecha-com-osmar-filho-e-proximas-eleicoes-serao-termometro-para-prefeitura-de-viana\/","name":"Grupo Rilva fecha com Osmar Filho e pr\u00f3ximas elei\u00e7\u00f5es ser\u00e3o term\u00f4metro para prefeitura de Viana - NOT\u00cdCIAS EM TEMPO REAL","isPartOf":{"@id":"https:\/\/maranhaotv.com.br\/#website"},"primaryImageOfPage":{"@id":"https:\/\/maranhaotv.com.br\/index.php\/2021\/07\/19\/grupo-rilva-fecha-com-osmar-filho-e-proximas-eleicoes-serao-termometro-para-prefeitura-de-viana\/#primaryimage"},"image":{"@id":"https:\/\/maranhaotv.com.br\/index.php\/2021\/07\/19\/grupo-rilva-fecha-com-osmar-filho-e-proximas-eleicoes-serao-termometro-para-prefeitura-de-viana\/#primaryimage"},"thumbnailUrl":"","datePublished":"2021-07-19T20:20:37+00:00","breadcrumb":{"@id":"https:\/\/maranhaotv.com.br\/index.php\/2021\/07\/19\/grupo-rilva-fecha-com-osmar-filho-e-proximas-eleicoes-serao-termometro-para-prefeitura-de-viana\/#breadcrumb"},"inLanguage":"pt-BR","potentialAction":[{"@type":"ReadAction","target":["https:\/\/maranhaotv.com.br\/index.php\/2021\/07\/19\/grupo-rilva-fecha-com-osmar-filho-e-proximas-eleicoes-serao-termometro-para-prefeitura-de-viana\/"]}]},{"@type":"ImageObject","inLanguage":"pt-BR","@id":"https:\/\/maranhaotv.com.br\/index.php\/2021\/07\/19\/grupo-rilva-fecha-com-osmar-filho-e-proximas-eleicoes-serao-termometro-para-prefeitura-de-viana\/#primaryimage","url":"","contentUrl":""},{"@type":"BreadcrumbList","@id":"https:\/\/maranhaotv.com.br\/index.php\/2021\/07\/19\/grupo-rilva-fecha-com-osmar-filho-e-proximas-eleicoes-serao-termometro-para-prefeitura-de-viana\/#breadcrumb","itemListElement":[{"@type":"ListItem","position":1,"name":"In\u00edcio","item":"https:\/\/maranhaotv.com.br\/"},{"@type":"ListItem","position":2,"name":"Grupo Rilva fecha com Osmar Filho e pr\u00f3ximas elei\u00e7\u00f5es ser\u00e3o term\u00f4metro para prefeitura de Viana"}]},{"@type":"WebSite","@id":"https:\/\/maranhaotv.com.br\/#website","url":"https:\/\/maranhaotv.com.br\/","name":"Maranh\u00e3oTV","description":"","publisher":{"@id":"https:\/\/maranhaotv.com.br\/#organization"},"potentialAction":[{"@type":"SearchAction","target":{"@type":"EntryPoint","urlTemplate":"https:\/\/maranhaotv.com.br\/?s={search_term_string}"},"query-input":{"@type":"PropertyValueSpecification","valueRequired":true,"valueName":"search_term_string"}}],"inLanguage":"pt-BR"},{"@type":"Organization","@id":"https:\/\/maranhaotv.com.br\/#organization","name":"Portal de Not\u00edcias","url":"https:\/\/maranhaotv.com.br\/","logo":{"@type":"ImageObject","inLanguage":"pt-BR","@id":"https:\/\/maranhaotv.com.br\/#\/schema\/logo\/image\/","url":"https:\/\/maranhaotv.com.br\/wp-content\/uploads\/2024\/05\/cropped-cropped-avatar-1.png","contentUrl":"https:\/\/maranhaotv.com.br\/wp-content\/uploads\/2024\/05\/cropped-cropped-avatar-1.png","width":792,"height":428,"caption":"Portal de Not\u00edcias"},"image":{"@id":"https:\/\/maranhaotv.com.br\/#\/schema\/logo\/image\/"},"sameAs":["https:\/\/www.facebook.com\/maiobaotv","https:\/\/x.com\/sitemaranhaotv","https:\/\/www.instagram.com\/maranhao.tv","https:\/\/www.threads.net\/@maranhao.tv"]},{"@type":"Person","@id":"https:\/\/maranhaotv.com.br\/#\/schema\/person\/3d54238e86b20bb5c89ab2fdb8f8829a","name":"maranhaotv","image":{"@type":"ImageObject","inLanguage":"pt-BR","@id":"https:\/\/secure.gravatar.com\/avatar\/8fadbca458d4cb68b1dd399ae9a40618d747bb1af65ac9fad21c89220a143eb4?s=96&d=mm&r=g","url":"https:\/\/secure.gravatar.com\/avatar\/8fadbca458d4cb68b1dd399ae9a40618d747bb1af65ac9fad21c89220a143eb4?s=96&d=mm&r=g","contentUrl":"https:\/\/secure.gravatar.com\/avatar\/8fadbca458d4cb68b1dd399ae9a40618d747bb1af65ac9fad21c89220a143eb4?s=96&d=mm&r=g","caption":"maranhaotv"},"sameAs":["https:\/\/maranhaotv.com.br\/"],"url":"https:\/\/maranhaotv.com.br\/index.php\/author\/maranhaotv\/"}]}},"jetpack_featured_media_url":"","jetpack_sharing_enabled":true,"_links":{"self":[{"href":"https:\/\/maranhaotv.com.br\/index.php\/wp-json\/wp\/v2\/posts\/22582","targetHints":{"allow":["GET"]}}],"collection":[{"href":"https:\/\/maranhaotv.com.br\/index.php\/wp-json\/wp\/v2\/posts"}],"about":[{"href":"https:\/\/maranhaotv.com.br\/index.php\/wp-json\/wp\/v2\/types\/post"}],"author":[{"embeddable":true,"href":"https:\/\/maranhaotv.com.br\/index.php\/wp-json\/wp\/v2\/users\/2"}],"replies":[{"embeddable":true,"href":"https:\/\/maranhaotv.com.br\/index.php\/wp-json\/wp\/v2\/comments?post=22582"}],"version-history":[{"count":0,"href":"https:\/\/maranhaotv.com.br\/index.php\/wp-json\/wp\/v2\/posts\/22582\/revisions"}],"wp:featuredmedia":[{"embeddable":true,"href":"https:\/\/maranhaotv.com.br\/index.php\/wp-json\/"}],"wp:attachment":[{"href":"https:\/\/maranhaotv.com.br\/index.php\/wp-json\/wp\/v2\/media?parent=22582"}],"wp:term":[{"taxonomy":"category","embeddable":true,"href":"https:\/\/maranhaotv.com.br\/index.php\/wp-json\/wp\/v2\/categories?post=22582"},{"taxonomy":"post_tag","embeddable":true,"href":"https:\/\/maranhaotv.com.br\/index.php\/wp-json\/wp\/v2\/tags?post=22582"}],"curies":[{"name":"wp","href":"https:\/\/api.w.org\/{rel}","templated":true}]}}